{"id":4041,"date":"2024-06-20T18:32:24","date_gmt":"2024-06-20T21:32:24","guid":{"rendered":"http:\/\/www.cenedcursos.com.br\/?p=4041"},"modified":"2024-06-21T11:09:40","modified_gmt":"2024-06-21T14:09:40","slug":"incendios-florestais","status":"publish","type":"post","link":"https:\/\/cenedcursos.com.br\/meio-ambiente\/incendios-florestais\/","title":{"rendered":"Inc\u00eandios Florestais"},"content":{"rendered":"<p style=\"text-align: justify;\" data-sourcepos=\"3:1-3:24\"><em><strong>Inc\u00eandios florestais:<\/strong> uma amea\u00e7a crescente que consome a vida, a biodiversidade e o futuro do nosso planeta.<\/em><\/p>\n<p style=\"text-align: justify;\" data-sourcepos=\"3:1-3:24\"><strong>O que \u00e9 um inc\u00eandio?<\/strong><\/p>\n<p style=\"text-align: justify;\" data-sourcepos=\"5:1-5:294\">Um inc\u00eandio \u00e9 definido como a ocorr\u00eancia de fogo em um local indesejado, capaz de causar danos materiais e, em casos mais graves, ferimentos e fatalidades. As consequ\u00eancias podem incluir quedas, queimaduras e intoxica\u00e7\u00e3o por fuma\u00e7a. Para que um inc\u00eandio ocorra, quatro elementos s\u00e3o essenciais:<\/p>\n<ol style=\"text-align: justify;\" data-sourcepos=\"7:1-8:31\">\n<li data-sourcepos=\"7:1-7:91\"><strong>Combust\u00edvel:<\/strong> Qualquer material capaz de queimar, como madeira, papel, tecido ou g\u00e1s.<\/li>\n<li data-sourcepos=\"8:1-8:31\"><strong>Oxig\u00eanio:<\/strong> Presente no ar, \u00e9 necess\u00e1rio para alimentar a combust\u00e3o.<\/li>\n<li data-sourcepos=\"9:1-9:66\"><strong>Calor:<\/strong> A energia que inicia e mant\u00e9m a rea\u00e7\u00e3o de combust\u00e3o.<\/li>\n<li data-sourcepos=\"10:1-11:0\"><strong>Rea\u00e7\u00e3o em Cadeia:<\/strong> A continuidade da combust\u00e3o, que se propaga enquanto os tr\u00eas elementos anteriores estiverem presentes.<\/li>\n<\/ol>\n<p style=\"text-align: justify;\" data-sourcepos=\"12:1-12:43\"><strong>Inc\u00eandios Florestais: Uma Amea\u00e7a Global<\/strong><\/p>\n<p style=\"text-align: justify;\" data-sourcepos=\"14:1-14:253\">Os inc\u00eandios florestais s\u00e3o eventos devastadores que ocorrem em \u00e1reas de floresta, savana ou vegeta\u00e7\u00e3o rasteira. Eles s\u00e3o particularmente comuns em regi\u00f5es tropicais e subtropicais, onde a esta\u00e7\u00e3o seca propicia condi\u00e7\u00f5es favor\u00e1veis \u00e0 propaga\u00e7\u00e3o do fogo.<\/p>\n<p data-sourcepos=\"14:1-14:253\"><img data-recalc-dims=\"1\" loading=\"lazy\" decoding=\"async\" data-attachment-id=\"13084\" data-permalink=\"https:\/\/cenedcursos.com.br\/meio-ambiente\/incendios-florestais\/incendio-florestal\/\" data-orig-file=\"https:\/\/i0.wp.com\/cenedcursos.com.br\/meio-ambiente\/wp-content\/uploads\/2015\/06\/incendio-florestal.jpg?fit=1200%2C783&amp;ssl=1\" data-orig-size=\"1200,783\" data-comments-opened=\"1\" data-image-meta=\"{&quot;aperture&quot;:&quot;0&quot;,&quot;credit&quot;:&quot;&quot;,&quot;camera&quot;:&quot;&quot;,&quot;caption&quot;:&quot;&quot;,&quot;created_timestamp&quot;:&quot;0&quot;,&quot;copyright&quot;:&quot;&quot;,&quot;focal_length&quot;:&quot;0&quot;,&quot;iso&quot;:&quot;0&quot;,&quot;shutter_speed&quot;:&quot;0&quot;,&quot;title&quot;:&quot;&quot;,&quot;orientation&quot;:&quot;1&quot;}\" data-image-title=\"inc\u00eandio florestal\" data-image-description=\"\" data-image-caption=\"\" data-medium-file=\"https:\/\/i0.wp.com\/cenedcursos.com.br\/meio-ambiente\/wp-content\/uploads\/2015\/06\/incendio-florestal.jpg?fit=300%2C196&amp;ssl=1\" data-large-file=\"https:\/\/i0.wp.com\/cenedcursos.com.br\/meio-ambiente\/wp-content\/uploads\/2015\/06\/incendio-florestal.jpg?fit=696%2C454&amp;ssl=1\" class=\"alignnone wp-image-13084 size-large\" src=\"https:\/\/i0.wp.com\/cenedcursos.com.br\/meio-ambiente\/wp-content\/uploads\/2015\/06\/incendio-florestal.jpg?resize=696%2C454&#038;ssl=1\" alt=\"inc\u00eandios florestais\" width=\"696\" height=\"454\" srcset=\"https:\/\/i0.wp.com\/cenedcursos.com.br\/meio-ambiente\/wp-content\/uploads\/2015\/06\/incendio-florestal.jpg?resize=1024%2C668&amp;ssl=1 1024w, https:\/\/i0.wp.com\/cenedcursos.com.br\/meio-ambiente\/wp-content\/uploads\/2015\/06\/incendio-florestal.jpg?resize=300%2C196&amp;ssl=1 300w, https:\/\/i0.wp.com\/cenedcursos.com.br\/meio-ambiente\/wp-content\/uploads\/2015\/06\/incendio-florestal.jpg?resize=768%2C501&amp;ssl=1 768w, https:\/\/i0.wp.com\/cenedcursos.com.br\/meio-ambiente\/wp-content\/uploads\/2015\/06\/incendio-florestal.jpg?resize=696%2C454&amp;ssl=1 696w, https:\/\/i0.wp.com\/cenedcursos.com.br\/meio-ambiente\/wp-content\/uploads\/2015\/06\/incendio-florestal.jpg?resize=1068%2C697&amp;ssl=1 1068w, https:\/\/i0.wp.com\/cenedcursos.com.br\/meio-ambiente\/wp-content\/uploads\/2015\/06\/incendio-florestal.jpg?resize=644%2C420&amp;ssl=1 644w, https:\/\/i0.wp.com\/cenedcursos.com.br\/meio-ambiente\/wp-content\/uploads\/2015\/06\/incendio-florestal.jpg?w=1200&amp;ssl=1 1200w\" sizes=\"auto, (max-width: 696px) 100vw, 696px\" \/><\/p>\n<p style=\"text-align: justify;\" data-sourcepos=\"16:1-16:133\"><strong>Onde ocorrem:<\/strong> \u00c1reas tropicais e subtropicais com esta\u00e7\u00f5es secas, como a Amaz\u00f4nia, Cerrado, \u00c1frica Subsaariana e Sudeste Asi\u00e1tico.<\/p>\n<p style=\"text-align: justify;\" data-sourcepos=\"18:1-18:190\"><strong>Ocorr\u00eancias por ano:<\/strong> Estimativas precisas s\u00e3o dif\u00edceis, pois muitos inc\u00eandios s\u00e3o intencionais. Anualmente, cerca de 150.000 km\u00b2 de florestas s\u00e3o destru\u00eddos por inc\u00eandios e desmatamento.<\/p>\n<p style=\"text-align: justify;\" data-sourcepos=\"20:1-20:154\"><strong>V\u00edtimas fatais:<\/strong> In\u00fameras esp\u00e9cies de plantas e animais s\u00e3o afetadas, com perda de biodiversidade e desequil\u00edbrio ecol\u00f3gico. Comunidades humanas tamb\u00e9m podem sofrer perdas de vidas e bens.<\/p>\n<p style=\"text-align: justify;\" data-sourcepos=\"22:1-22:38\"><strong>Impactos dos inc\u00eandios florestais:<\/strong><\/p>\n<ul style=\"text-align: justify;\" data-sourcepos=\"24:1-26:158\">\n<li data-sourcepos=\"24:1-24:182\"><strong>Destrui\u00e7\u00e3o da flora:<\/strong> \u00c1rvores grandes podem ser mortalmente feridas pelas chamas, morrendo posteriormente. A vegeta\u00e7\u00e3o rasteira \u00e9 consumida rapidamente, alterando o ecossistema.<\/li>\n<li data-sourcepos=\"25:1-25:124\"><strong>Impacto na fauna:<\/strong> Animais podem morrer queimados, asfixiados pela fuma\u00e7a ou perder seus habitats e fontes de alimento.<\/li>\n<li data-sourcepos=\"26:1-26:158\"><strong>Emiss\u00f5es de carbono:<\/strong> Inc\u00eandios florestais liberam grandes quantidades de di\u00f3xido de carbono (CO2) na atmosfera, contribuindo para o aquecimento global e mudan\u00e7as clim\u00e1ticas.<\/li>\n<li data-sourcepos=\"27:1-27:175\"><strong>Polui\u00e7\u00e3o do ar:<\/strong> A fuma\u00e7a dos inc\u00eandios cont\u00e9m part\u00edculas finas e gases t\u00f3xicos que prejudicam a sa\u00fade humana e animal, causando problemas respirat\u00f3rios e outras doen\u00e7as.<\/li>\n<li data-sourcepos=\"28:1-29:0\"><strong>Perda de biodiversidade:<\/strong> A <a href=\"https:\/\/cenedcursos.com.br\/meio-ambiente\/biodiversidade-planeta\/\">destrui\u00e7\u00e3o de habitats<\/a> e a morte de animais e plantas levam \u00e0 perda de biodiversidade, com consequ\u00eancias imprevis\u00edveis para o ecossistema.<\/li>\n<\/ul>\n<p style=\"text-align: justify;\" data-sourcepos=\"30:1-30:36\"><strong>Causas dos inc\u00eandios florestais:<\/strong><\/p>\n<ul style=\"text-align: justify;\" data-sourcepos=\"32:1-33:66\">\n<li data-sourcepos=\"32:1-32:73\"><strong>Causas naturais:<\/strong> Raios, erup\u00e7\u00f5es vulc\u00e2nicas e combust\u00e3o espont\u00e2nea.<\/li>\n<li data-sourcepos=\"33:1-33:66\"><strong>Causas humanas:<\/strong> Queimadas para limpar \u00e1reas para agricultura ou pecu\u00e1ria, fogueiras mal apagadas, descarte de cigarros e atividades industriais.<\/li>\n<\/ul>\n<p style=\"text-align: justify;\" data-sourcepos=\"35:1-35:49\"><strong>Preven\u00e7\u00e3o e combate aos inc\u00eandios florestais:<\/strong><\/p>\n<ul style=\"text-align: justify;\" data-sourcepos=\"37:1-40:52\">\n<li data-sourcepos=\"37:1-37:125\"><strong>Educa\u00e7\u00e3o e conscientiza\u00e7\u00e3o:<\/strong> Informar a popula\u00e7\u00e3o sobre os riscos e perigos dos inc\u00eandios florestais e como preveni-los.<\/li>\n<li data-sourcepos=\"38:1-38:125\"><strong>Monitoramento e alerta:<\/strong> Utilizar tecnologias de sat\u00e9lite e sensores para detectar focos de inc\u00eandio e agir rapidamente.<\/li>\n<li data-sourcepos=\"39:1-39:122\"><strong>Combate eficiente:<\/strong> Investir em equipes e equipamentos de combate a inc\u00eandios, como brigadas de inc\u00eandio e aeronaves.<\/li>\n<li data-sourcepos=\"40:1-40:52\"><strong>Pol\u00edticas p\u00fablicas:<\/strong> Criar e implementar leis e regulamentos que visem a preven\u00e7\u00e3o e o combate aos inc\u00eandios florestais, incluindo puni\u00e7\u00f5es para atividades ilegais.<\/li>\n<\/ul>\n<p style=\"text-align: justify;\" data-sourcepos=\"42:1-42:14\"><strong>Conclus\u00e3o:<\/strong><\/p>\n<p style=\"text-align: justify;\" data-sourcepos=\"44:1-44:327\">Os inc\u00eandios florestais s\u00e3o uma amea\u00e7a global com graves consequ\u00eancias para o meio ambiente, a biodiversidade e a sa\u00fade humana. \u00c9 fundamental unir esfor\u00e7os para prevenir e combater esses eventos, adotando medidas eficazes e investindo em educa\u00e7\u00e3o, tecnologia e pol\u00edticas p\u00fablicas. A preserva\u00e7\u00e3o das florestas \u00e9 essencial para o equil\u00edbrio do planeta e a qualidade de vida de todos os seres vivos.<\/p>\n","protected":false},"excerpt":{"rendered":"<p>Inc\u00eandios florestais: uma amea\u00e7a crescente que consome a vida, a biodiversidade e o futuro do nosso planeta. O que \u00e9 um inc\u00eandio? Um inc\u00eandio \u00e9 definido como a ocorr\u00eancia de fogo em um local indesejado, capaz de causar danos materiais e, em casos mais graves, ferimentos e fatalidades. As consequ\u00eancias podem incluir quedas, queimaduras e [&hellip;]<\/p>\n","protected":false},"author":1,"featured_media":13084,"comment_status":"open","ping_status":"open","sticky":false,"template":"","format":"standard","meta":{"_jetpack_memberships_contains_paid_content":false,"footnotes":""},"categories":[493],"tags":[346],"class_list":{"0":"post-4041","1":"post","2":"type-post","3":"status-publish","4":"format-standard","5":"has-post-thumbnail","7":"category-florestas-textos","8":"tag-incendios-florestais"},"yoast_head":"<!-- This site is optimized with the Yoast SEO plugin v25.1 - https:\/\/yoast.com\/wordpress\/plugins\/seo\/ -->\n<title>Inc\u00eandios Florestais - CENED Cursos Ambientais<\/title>\n<meta name=\"description\" content=\"Os inc\u00eandios florestais se movem relativamente devagar por entre densos arbustos tropicais. Muitas \u00e1rvores grandes s\u00e3o feridas mortalmente\" \/>\n<meta name=\"robots\" content=\"index, follow, max-snippet:-1, max-image-preview:large, max-video-preview:-1\" \/>\n<link rel=\"canonical\" href=\"https:\/\/cenedcursos.com.br\/meio-ambiente\/incendios-florestais\/\" \/>\n<meta property=\"og:locale\" content=\"pt_BR\" \/>\n<meta property=\"og:type\" content=\"article\" \/>\n<meta property=\"og:title\" content=\"Inc\u00eandios Florestais - CENED Cursos Ambientais\" \/>\n<meta property=\"og:description\" content=\"Os inc\u00eandios florestais se movem relativamente devagar por entre densos arbustos tropicais. Muitas \u00e1rvores grandes s\u00e3o feridas mortalmente\" \/>\n<meta property=\"og:url\" content=\"https:\/\/cenedcursos.com.br\/meio-ambiente\/incendios-florestais\/\" \/>\n<meta property=\"og:site_name\" content=\"CENED Cursos Online\" \/>\n<meta property=\"article:published_time\" content=\"2024-06-20T21:32:24+00:00\" \/>\n<meta property=\"article:modified_time\" content=\"2024-06-21T14:09:40+00:00\" \/>\n<meta property=\"og:image\" content=\"https:\/\/cenedcursos.com.br\/meio-ambiente\/wp-content\/uploads\/2015\/06\/incendio-florestal.jpg\" \/>\n\t<meta property=\"og:image:width\" content=\"1200\" \/>\n\t<meta property=\"og:image:height\" content=\"783\" \/>\n\t<meta property=\"og:image:type\" content=\"image\/jpeg\" \/>\n<meta name=\"author\" content=\"Amarildo R. Ferrari\" \/>\n<meta name=\"twitter:card\" content=\"summary_large_image\" \/>\n<meta name=\"twitter:label1\" content=\"Escrito por\" \/>\n\t<meta name=\"twitter:data1\" content=\"Amarildo R. Ferrari\" \/>\n\t<meta name=\"twitter:label2\" content=\"Est. tempo de leitura\" \/>\n\t<meta name=\"twitter:data2\" content=\"4 minutos\" \/>\n<script type=\"application\/ld+json\" class=\"yoast-schema-graph\">{\"@context\":\"https:\/\/schema.org\",\"@graph\":[{\"@type\":\"WebPage\",\"@id\":\"https:\/\/cenedcursos.com.br\/meio-ambiente\/incendios-florestais\/\",\"url\":\"https:\/\/cenedcursos.com.br\/meio-ambiente\/incendios-florestais\/\",\"name\":\"Inc\u00eandios Florestais - CENED Cursos Ambientais\",\"isPartOf\":{\"@id\":\"https:\/\/cenedcursos.com.br\/meio-ambiente\/#website\"},\"primaryImageOfPage\":{\"@id\":\"https:\/\/cenedcursos.com.br\/meio-ambiente\/incendios-florestais\/#primaryimage\"},\"image\":{\"@id\":\"https:\/\/cenedcursos.com.br\/meio-ambiente\/incendios-florestais\/#primaryimage\"},\"thumbnailUrl\":\"https:\/\/i0.wp.com\/cenedcursos.com.br\/meio-ambiente\/wp-content\/uploads\/2015\/06\/incendio-florestal.jpg?fit=1200%2C783&ssl=1\",\"datePublished\":\"2024-06-20T21:32:24+00:00\",\"dateModified\":\"2024-06-21T14:09:40+00:00\",\"author\":{\"@id\":\"https:\/\/cenedcursos.com.br\/meio-ambiente\/#\/schema\/person\/64377d24cdc16779a1eb6229894af388\"},\"description\":\"Os inc\u00eandios florestais se movem relativamente devagar por entre densos arbustos tropicais. Muitas \u00e1rvores grandes s\u00e3o feridas mortalmente\",\"breadcrumb\":{\"@id\":\"https:\/\/cenedcursos.com.br\/meio-ambiente\/incendios-florestais\/#breadcrumb\"},\"inLanguage\":\"pt-BR\",\"potentialAction\":[{\"@type\":\"ReadAction\",\"target\":[\"https:\/\/cenedcursos.com.br\/meio-ambiente\/incendios-florestais\/\"]}]},{\"@type\":\"ImageObject\",\"inLanguage\":\"pt-BR\",\"@id\":\"https:\/\/cenedcursos.com.br\/meio-ambiente\/incendios-florestais\/#primaryimage\",\"url\":\"https:\/\/i0.wp.com\/cenedcursos.com.br\/meio-ambiente\/wp-content\/uploads\/2015\/06\/incendio-florestal.jpg?fit=1200%2C783&ssl=1\",\"contentUrl\":\"https:\/\/i0.wp.com\/cenedcursos.com.br\/meio-ambiente\/wp-content\/uploads\/2015\/06\/incendio-florestal.jpg?fit=1200%2C783&ssl=1\",\"width\":1200,\"height\":783,\"caption\":\"inc\u00eandios florestais\"},{\"@type\":\"BreadcrumbList\",\"@id\":\"https:\/\/cenedcursos.com.br\/meio-ambiente\/incendios-florestais\/#breadcrumb\",\"itemListElement\":[{\"@type\":\"ListItem\",\"position\":1,\"name\":\"In\u00edcio\",\"item\":\"https:\/\/cenedcursos.com.br\/meio-ambiente\/\"},{\"@type\":\"ListItem\",\"position\":2,\"name\":\"Inc\u00eandios Florestais\"}]},{\"@type\":\"WebSite\",\"@id\":\"https:\/\/cenedcursos.com.br\/meio-ambiente\/#website\",\"url\":\"https:\/\/cenedcursos.com.br\/meio-ambiente\/\",\"name\":\"CENED Cursos Online\",\"description\":\"Aqui voc\u00ea encontra artigos em diversas \u00e1reas do conhecimento: meio ambiente, educa\u00e7\u00e3o, marketing digital, neg\u00f3cios online e muito mais.\",\"potentialAction\":[{\"@type\":\"SearchAction\",\"target\":{\"@type\":\"EntryPoint\",\"urlTemplate\":\"https:\/\/cenedcursos.com.br\/meio-ambiente\/?s={search_term_string}\"},\"query-input\":{\"@type\":\"PropertyValueSpecification\",\"valueRequired\":true,\"valueName\":\"search_term_string\"}}],\"inLanguage\":\"pt-BR\"},{\"@type\":\"Person\",\"@id\":\"https:\/\/cenedcursos.com.br\/meio-ambiente\/#\/schema\/person\/64377d24cdc16779a1eb6229894af388\",\"name\":\"Amarildo R. Ferrari\",\"image\":{\"@type\":\"ImageObject\",\"inLanguage\":\"pt-BR\",\"@id\":\"https:\/\/cenedcursos.com.br\/meio-ambiente\/#\/schema\/person\/image\/\",\"url\":\"https:\/\/secure.gravatar.com\/avatar\/6ea4248ca9f295c93f1b72f8398232f0fbbffe30349e6ec3839cfa5e09b0de3c?s=96&d=mm&r=g\",\"contentUrl\":\"https:\/\/secure.gravatar.com\/avatar\/6ea4248ca9f295c93f1b72f8398232f0fbbffe30349e6ec3839cfa5e09b0de3c?s=96&d=mm&r=g\",\"caption\":\"Amarildo R. Ferrari\"},\"sameAs\":[\"https:\/\/cenedcursos.com.br\/meio-ambiente\"],\"url\":\"https:\/\/cenedcursos.com.br\/meio-ambiente\/author\/admin\/\"}]}<\/script>\n<!-- \/ Yoast SEO plugin. -->","yoast_head_json":{"title":"Inc\u00eandios Florestais - CENED Cursos Ambientais","description":"Os inc\u00eandios florestais se movem relativamente devagar por entre densos arbustos tropicais. Muitas \u00e1rvores grandes s\u00e3o feridas mortalmente","robots":{"index":"index","follow":"follow","max-snippet":"max-snippet:-1","max-image-preview":"max-image-preview:large","max-video-preview":"max-video-preview:-1"},"canonical":"https:\/\/cenedcursos.com.br\/meio-ambiente\/incendios-florestais\/","og_locale":"pt_BR","og_type":"article","og_title":"Inc\u00eandios Florestais - CENED Cursos Ambientais","og_description":"Os inc\u00eandios florestais se movem relativamente devagar por entre densos arbustos tropicais. Muitas \u00e1rvores grandes s\u00e3o feridas mortalmente","og_url":"https:\/\/cenedcursos.com.br\/meio-ambiente\/incendios-florestais\/","og_site_name":"CENED Cursos Online","article_published_time":"2024-06-20T21:32:24+00:00","article_modified_time":"2024-06-21T14:09:40+00:00","og_image":[{"width":1200,"height":783,"url":"https:\/\/cenedcursos.com.br\/meio-ambiente\/wp-content\/uploads\/2015\/06\/incendio-florestal.jpg","type":"image\/jpeg"}],"author":"Amarildo R. Ferrari","twitter_card":"summary_large_image","twitter_misc":{"Escrito por":"Amarildo R. Ferrari","Est. tempo de leitura":"4 minutos"},"schema":{"@context":"https:\/\/schema.org","@graph":[{"@type":"WebPage","@id":"https:\/\/cenedcursos.com.br\/meio-ambiente\/incendios-florestais\/","url":"https:\/\/cenedcursos.com.br\/meio-ambiente\/incendios-florestais\/","name":"Inc\u00eandios Florestais - CENED Cursos Ambientais","isPartOf":{"@id":"https:\/\/cenedcursos.com.br\/meio-ambiente\/#website"},"primaryImageOfPage":{"@id":"https:\/\/cenedcursos.com.br\/meio-ambiente\/incendios-florestais\/#primaryimage"},"image":{"@id":"https:\/\/cenedcursos.com.br\/meio-ambiente\/incendios-florestais\/#primaryimage"},"thumbnailUrl":"https:\/\/i0.wp.com\/cenedcursos.com.br\/meio-ambiente\/wp-content\/uploads\/2015\/06\/incendio-florestal.jpg?fit=1200%2C783&ssl=1","datePublished":"2024-06-20T21:32:24+00:00","dateModified":"2024-06-21T14:09:40+00:00","author":{"@id":"https:\/\/cenedcursos.com.br\/meio-ambiente\/#\/schema\/person\/64377d24cdc16779a1eb6229894af388"},"description":"Os inc\u00eandios florestais se movem relativamente devagar por entre densos arbustos tropicais. Muitas \u00e1rvores grandes s\u00e3o feridas mortalmente","breadcrumb":{"@id":"https:\/\/cenedcursos.com.br\/meio-ambiente\/incendios-florestais\/#breadcrumb"},"inLanguage":"pt-BR","potentialAction":[{"@type":"ReadAction","target":["https:\/\/cenedcursos.com.br\/meio-ambiente\/incendios-florestais\/"]}]},{"@type":"ImageObject","inLanguage":"pt-BR","@id":"https:\/\/cenedcursos.com.br\/meio-ambiente\/incendios-florestais\/#primaryimage","url":"https:\/\/i0.wp.com\/cenedcursos.com.br\/meio-ambiente\/wp-content\/uploads\/2015\/06\/incendio-florestal.jpg?fit=1200%2C783&ssl=1","contentUrl":"https:\/\/i0.wp.com\/cenedcursos.com.br\/meio-ambiente\/wp-content\/uploads\/2015\/06\/incendio-florestal.jpg?fit=1200%2C783&ssl=1","width":1200,"height":783,"caption":"inc\u00eandios florestais"},{"@type":"BreadcrumbList","@id":"https:\/\/cenedcursos.com.br\/meio-ambiente\/incendios-florestais\/#breadcrumb","itemListElement":[{"@type":"ListItem","position":1,"name":"In\u00edcio","item":"https:\/\/cenedcursos.com.br\/meio-ambiente\/"},{"@type":"ListItem","position":2,"name":"Inc\u00eandios Florestais"}]},{"@type":"WebSite","@id":"https:\/\/cenedcursos.com.br\/meio-ambiente\/#website","url":"https:\/\/cenedcursos.com.br\/meio-ambiente\/","name":"CENED Cursos Online","description":"Aqui voc\u00ea encontra artigos em diversas \u00e1reas do conhecimento: meio ambiente, educa\u00e7\u00e3o, marketing digital, neg\u00f3cios online e muito mais.","potentialAction":[{"@type":"SearchAction","target":{"@type":"EntryPoint","urlTemplate":"https:\/\/cenedcursos.com.br\/meio-ambiente\/?s={search_term_string}"},"query-input":{"@type":"PropertyValueSpecification","valueRequired":true,"valueName":"search_term_string"}}],"inLanguage":"pt-BR"},{"@type":"Person","@id":"https:\/\/cenedcursos.com.br\/meio-ambiente\/#\/schema\/person\/64377d24cdc16779a1eb6229894af388","name":"Amarildo R. Ferrari","image":{"@type":"ImageObject","inLanguage":"pt-BR","@id":"https:\/\/cenedcursos.com.br\/meio-ambiente\/#\/schema\/person\/image\/","url":"https:\/\/secure.gravatar.com\/avatar\/6ea4248ca9f295c93f1b72f8398232f0fbbffe30349e6ec3839cfa5e09b0de3c?s=96&d=mm&r=g","contentUrl":"https:\/\/secure.gravatar.com\/avatar\/6ea4248ca9f295c93f1b72f8398232f0fbbffe30349e6ec3839cfa5e09b0de3c?s=96&d=mm&r=g","caption":"Amarildo R. Ferrari"},"sameAs":["https:\/\/cenedcursos.com.br\/meio-ambiente"],"url":"https:\/\/cenedcursos.com.br\/meio-ambiente\/author\/admin\/"}]}},"jetpack_featured_media_url":"https:\/\/i0.wp.com\/cenedcursos.com.br\/meio-ambiente\/wp-content\/uploads\/2015\/06\/incendio-florestal.jpg?fit=1200%2C783&ssl=1","jetpack_sharing_enabled":true,"_links":{"self":[{"href":"https:\/\/cenedcursos.com.br\/meio-ambiente\/wp-json\/wp\/v2\/posts\/4041","targetHints":{"allow":["GET"]}}],"collection":[{"href":"https:\/\/cenedcursos.com.br\/meio-ambiente\/wp-json\/wp\/v2\/posts"}],"about":[{"href":"https:\/\/cenedcursos.com.br\/meio-ambiente\/wp-json\/wp\/v2\/types\/post"}],"author":[{"embeddable":true,"href":"https:\/\/cenedcursos.com.br\/meio-ambiente\/wp-json\/wp\/v2\/users\/1"}],"replies":[{"embeddable":true,"href":"https:\/\/cenedcursos.com.br\/meio-ambiente\/wp-json\/wp\/v2\/comments?post=4041"}],"version-history":[{"count":0,"href":"https:\/\/cenedcursos.com.br\/meio-ambiente\/wp-json\/wp\/v2\/posts\/4041\/revisions"}],"wp:featuredmedia":[{"embeddable":true,"href":"https:\/\/cenedcursos.com.br\/meio-ambiente\/wp-json\/wp\/v2\/media\/13084"}],"wp:attachment":[{"href":"https:\/\/cenedcursos.com.br\/meio-ambiente\/wp-json\/wp\/v2\/media?parent=4041"}],"wp:term":[{"taxonomy":"category","embeddable":true,"href":"https:\/\/cenedcursos.com.br\/meio-ambiente\/wp-json\/wp\/v2\/categories?post=4041"},{"taxonomy":"post_tag","embeddable":true,"href":"https:\/\/cenedcursos.com.br\/meio-ambiente\/wp-json\/wp\/v2\/tags?post=4041"}],"curies":[{"name":"wp","href":"https:\/\/api.w.org\/{rel}","templated":true}]}}