{"id":43,"date":"2006-06-23T21:20:37","date_gmt":"2006-06-23T21:20:37","guid":{"rendered":"http:\/\/www.cenedcursos.com.br\/?p=43"},"modified":"2023-05-21T18:29:25","modified_gmt":"2023-05-21T21:29:25","slug":"que-planeta-queremos-deixar-para-as-geracoes-futuras","status":"publish","type":"post","link":"https:\/\/cenedcursos.com.br\/meio-ambiente\/que-planeta-queremos-deixar-para-as-geracoes-futuras\/","title":{"rendered":"Que planeta queremos deixar para as gera\u00e7\u00f5es futuras"},"content":{"rendered":"<p style=\"text-align: justify;\"><span style=\"font-family: arial,helvetica,sans-serif;\"><span style=\"font-size: 10pt;\">O s\u00e9culo XX, basicamente a partir da d\u00e9cada de 60, com o movimento <em>hippie<\/em>, parte da humanidade come\u00e7ou, atrav\u00e9s do bin\u00f4mio paz e amor, a usar a l\u00f3gica n\u00e3o-linear, o agir com o cora\u00e7\u00e3o, aprimorando a intui\u00e7\u00e3o (essencialmente feminina), desenvolvendo um sentimento de perten\u00e7a, de integra\u00e7\u00e3o \u00e0 natureza.<br \/>\n<\/span><\/span><\/p>\n<p style=\"text-align: justify;\"><span style=\"font-family: arial,helvetica,sans-serif;\"><span style=\"font-size: 10pt;\">A partir da\u00ed, foi dado in\u00edcio a um novo movimento, a um culto ao amor, um culto ao verde. O homem se aproximando do natural. Com base nessa viv\u00eancia refor\u00e7a Leonardo Boff (1): Como bem dizia Santo Agostinho na esteira de Plat\u00e3o: &#8220;n\u00f3s conhecemos \u00e0 medida que amamos&#8221;. No mundo v\u00e1rios movimentos, tais como organiza\u00e7\u00f5es n\u00e3o-governamentais, come\u00e7aram a surgir voltados para o fortalecimento de um equil\u00edbrio harm\u00f4nico entre economia, meio ambiente e social.<br \/>\n<\/span><\/span><\/p>\n<p style=\"text-align: justify;\"><span style=\"font-family: arial,helvetica,sans-serif;\"><span style=\"font-size: 10pt;\">A Constitui\u00e7\u00e3o Federal de 1988, ao legislar sobre a Ordem Social, positivou um cap\u00edtulo direcionado ao Meio Ambiente, e, com o maior primor, estabeleceu como base o art. 225 &#8220;Todos t\u00eam direito ao meio ambiente ecologicamente equilibrado, bem de uso comum do povo e essencial \u00e0 sadia qualidade de vida, impondo-se ao Poder P\u00fablico e \u00e0 coletividade o dever de defend\u00ea-lo e preserv\u00e1-lo para as presentes e futuras gera\u00e7\u00f5es&#8221;.<strong><br \/>\n<\/strong>Destarte foi atribu\u00eddo a todos um direito-dever. N\u00f3s, os filhos da terra, a generosa <em>Pacha-mama<\/em>, temos o dever de preserv\u00e1-la n\u00e3o somente para garantirmos uma vida digna, saud\u00e1vel para n\u00f3s todos como tamb\u00e9m para as gera\u00e7\u00f5es vindouras. Da\u00ed extrai-se v\u00e1rios princ\u00edpios basilares tais como: obrigatoriedade da interven\u00e7\u00e3o estatal, meio ambiente ecologicamente equilibrado, responsabilidade, participa\u00e7\u00e3o comunit\u00e1ria, coopera\u00e7\u00e3o entre os povos entre outros.<br \/>\n<\/span><\/span><\/p>\n<p style=\"text-align: justify;\"><span style=\"font-family: arial,helvetica,sans-serif;\"><span style=\"font-size: 10pt;\">Com o surgimento de in\u00fameras confer\u00eancias ambientais e normatiza\u00e7\u00f5es a respeito, pode-se dizer que, em raz\u00e3o de uma crise que vem despontando e crescendo vorazmente, produto da tens\u00e3o entre desenvolvimento e preserva\u00e7\u00e3o do Meio Ambiente, est\u00e1 nascendo um novo paradigma, uma mudan\u00e7a de conduta, uma nova \u00e9tica. O homem est\u00e1 num processo de re-liga\u00e7\u00e3o \u00e0 natureza, percebendo que aquilo que ele supunha ser inesgot\u00e1vel n\u00e3o o \u00e9.<br \/>\nQuando se fala em gera\u00e7\u00f5es futuras devemos nos questionar: &#8211; \u00c9 justo destruirmos o que tomamos emprestado dos nossos descendentes?\u00a0A Terra que nossos ascendentes nos deixaram merecia ser tratada da forma como vem sendo tratada? Estamos extrapolando nossos direitos e descumprindo nossos deveres!<br \/>\n<\/span><\/span><\/p>\n<p style=\"text-align: justify;\"><span style=\"font-family: arial,helvetica,sans-serif;\"><span style=\"font-size: 10pt;\">A Terra, a dignidade da pessoa humana \u00e9 direito que todos deveriam poder aceder. \u00c9 preciso um pensar global, de forma hol\u00edstica, e um agir local. \u00c9 o todo em tudo e \u00e9 o tudo em uma parte. \u00c9 o agir com responsabilidade, com solidariedade.<br \/>\nO Planeta a ser deixado precisa ser explorado de forma criteriosa, sem antropocentrismo, na rota de um grande sistema homeost\u00e1tico.<br \/>\nEntretanto, percebe-se que a Terra est\u00e1 doente. E, na opini\u00e3o de Leonardo Boff (2) &#8220;se o mundo est\u00e1 doente \u00e9 ind\u00edcio de que nossa psique tamb\u00e9m est\u00e1 doente&#8221;. A deteriora\u00e7\u00e3o da natureza provocada pelo homem, em muitas situa\u00e7\u00f5es j\u00e1 n\u00e3o d\u00e1 mais para voltar ao <em>status quo ante<\/em>. Com essa atitude, negou-se \u00e0s futuras gera\u00e7\u00f5es o direito \u00e0 Terra que elas nos emprestaram. Usurpamos do poder. Olvidamos-nos do dever.<br \/>\n<\/span><\/span><\/p>\n<p style=\"text-align: justify;\"><span style=\"font-family: arial,helvetica,sans-serif;\"><span style=\"font-size: 10pt;\">Diante de tantas cat\u00e1strofes ambientais que v\u00eam ocorrendo, em decorr\u00eancia de desmatamento, de polui\u00e7\u00f5es diversas,\u00a0acarretando aquecimento global, altera\u00e7\u00f5es clim\u00e1ticas diversificadas, desaparecimento de esp\u00e9cies, e etc.. Conclui-se que ganhamos liberdade que foi invocada e conquistada paulatinamente, desde a revolu\u00e7\u00e3o francesa, mas pouco trabalhamos pela fraternidade e igualdade. Estes ideais precisam ser lapidados.<br \/>\nPortanto, se quisermos deixar um Planeta com um Meio Ambiente ecologicamente equilibrado, permitindo a todos uma sadia qualidade de vida, precisamos tirar o p\u00e9 do acelerador, termos a humildade de reconhecer que o mais importante n\u00e3o \u00e9 ter o dom\u00ednio da realidade e sim estarmos em comunh\u00e3o com ela.<br \/>\nConsoante Leonardo Boff faz-se necess\u00e1rio uma nova utiliza\u00e7\u00e3o da ci\u00eancia e tecnologia. Utiliz\u00e1-las <strong>com<\/strong> a natureza, <strong>em favor<\/strong> dela e <strong>jamais contra<\/strong><\/span> ela (4).<\/span><\/p>\n<p style=\"text-align: right;\"><span style=\"font-family: arial,helvetica,sans-serif;\"><span style=\"font-size: 10pt;\"><em>Autora: Dila Maria Bahiense Maciel<\/em><\/span><\/span><\/p>\n<p style=\"text-align: justify;\"><span style=\"font-family: arial,helvetica,sans-serif;\"><span style=\"font-size: 10pt;\"><strong>REFER\u00caNCIA BIBLIOGR\u00c1FICA<\/strong>:<\/span><\/span><\/p>\n<p style=\"text-align: justify;\"><span style=\"font-family: arial,helvetica,sans-serif;\"><span style=\"font-size: 10pt;\"><br \/>\n(1)\u00a0BOFF, Leonardo. <strong>Ecologia: grito da terra, grito dos pobres. <\/strong>Rio de Janeiro: Sextante, 2002. p. 29<\/span><\/span><\/p>\n<p style=\"text-align: justify;\"><span style=\"font-family: arial,helvetica,sans-serif;\"><span style=\"font-size: 10pt;\">(2)\u00a0<em>Op. cit. <\/em>p. 21<\/span><\/span><\/p>\n<p style=\"text-align: justify;\"><span style=\"font-family: arial,helvetica,sans-serif;\"><span style=\"font-size: 10pt;\">(3)\u00a0<em>Op.<\/em> <em>cit. <\/em>p. 26<\/span><\/span><\/p>\n<p style=\"text-align: justify;\"><span style=\"font-family: arial,helvetica,sans-serif;\"><span style=\"font-size: 10pt;\">(4)\u00a0<em>Op.<\/em> <em>cit.<\/em> p. 29<\/span><\/span><\/p>\n","protected":false},"excerpt":{"rendered":"<p>O s\u00e9culo XX, basicamente a partir da d\u00e9cada de 60, com o movimento hippie, parte da humanidade come\u00e7ou, atrav\u00e9s do bin\u00f4mio paz e amor, a usar a l\u00f3gica n\u00e3o-linear, o agir com o cora\u00e7\u00e3o, aprimorando a intui\u00e7\u00e3o (essencialmente feminina), desenvolvendo um sentimento de perten\u00e7a, de integra\u00e7\u00e3o \u00e0 natureza. A partir da\u00ed, foi dado in\u00edcio a [&hellip;]<\/p>\n","protected":false},"author":1,"featured_media":0,"comment_status":"open","ping_status":"open","sticky":false,"template":"","format":"standard","meta":{"_jetpack_memberships_contains_paid_content":false,"footnotes":""},"categories":[492],"tags":[627,52,953],"class_list":{"0":"post-43","1":"post","2":"type-post","3":"status-publish","4":"format-standard","6":"category-etica-meio-ambiente","7":"tag-constituicao-federal","8":"tag-meio-ambiente","9":"tag-planeta"},"yoast_head":"<!-- This site is optimized with the Yoast SEO plugin v25.1 - https:\/\/yoast.com\/wordpress\/plugins\/seo\/ -->\n<title>Que planeta queremos deixar para as gera\u00e7\u00f5es futuras - CENED Cursos Online<\/title>\n<meta name=\"robots\" content=\"index, follow, max-snippet:-1, max-image-preview:large, max-video-preview:-1\" \/>\n<link rel=\"canonical\" href=\"https:\/\/cenedcursos.com.br\/meio-ambiente\/que-planeta-queremos-deixar-para-as-geracoes-futuras\/\" \/>\n<meta property=\"og:locale\" content=\"pt_BR\" \/>\n<meta property=\"og:type\" content=\"article\" \/>\n<meta property=\"og:title\" content=\"Que planeta queremos deixar para as gera\u00e7\u00f5es futuras - CENED Cursos Online\" \/>\n<meta property=\"og:description\" content=\"O s\u00e9culo XX, basicamente a partir da d\u00e9cada de 60, com o movimento hippie, parte da humanidade come\u00e7ou, atrav\u00e9s do bin\u00f4mio paz e amor, a usar a l\u00f3gica n\u00e3o-linear, o agir com o cora\u00e7\u00e3o, aprimorando a intui\u00e7\u00e3o (essencialmente feminina), desenvolvendo um sentimento de perten\u00e7a, de integra\u00e7\u00e3o \u00e0 natureza. A partir da\u00ed, foi dado in\u00edcio a [&hellip;]\" \/>\n<meta property=\"og:url\" content=\"https:\/\/cenedcursos.com.br\/meio-ambiente\/que-planeta-queremos-deixar-para-as-geracoes-futuras\/\" \/>\n<meta property=\"og:site_name\" content=\"CENED Cursos Online\" \/>\n<meta property=\"article:published_time\" content=\"2006-06-23T21:20:37+00:00\" \/>\n<meta property=\"article:modified_time\" content=\"2023-05-21T21:29:25+00:00\" \/>\n<meta name=\"author\" content=\"Amarildo R. Ferrari\" \/>\n<meta name=\"twitter:card\" content=\"summary_large_image\" \/>\n<meta name=\"twitter:label1\" content=\"Escrito por\" \/>\n\t<meta name=\"twitter:data1\" content=\"Amarildo R. Ferrari\" \/>\n\t<meta name=\"twitter:label2\" content=\"Est. tempo de leitura\" \/>\n\t<meta name=\"twitter:data2\" content=\"4 minutos\" \/>\n<script type=\"application\/ld+json\" class=\"yoast-schema-graph\">{\"@context\":\"https:\/\/schema.org\",\"@graph\":[{\"@type\":\"WebPage\",\"@id\":\"https:\/\/cenedcursos.com.br\/meio-ambiente\/que-planeta-queremos-deixar-para-as-geracoes-futuras\/\",\"url\":\"https:\/\/cenedcursos.com.br\/meio-ambiente\/que-planeta-queremos-deixar-para-as-geracoes-futuras\/\",\"name\":\"Que planeta queremos deixar para as gera\u00e7\u00f5es futuras - CENED Cursos Online\",\"isPartOf\":{\"@id\":\"https:\/\/cenedcursos.com.br\/meio-ambiente\/#website\"},\"datePublished\":\"2006-06-23T21:20:37+00:00\",\"dateModified\":\"2023-05-21T21:29:25+00:00\",\"author\":{\"@id\":\"https:\/\/cenedcursos.com.br\/meio-ambiente\/#\/schema\/person\/64377d24cdc16779a1eb6229894af388\"},\"breadcrumb\":{\"@id\":\"https:\/\/cenedcursos.com.br\/meio-ambiente\/que-planeta-queremos-deixar-para-as-geracoes-futuras\/#breadcrumb\"},\"inLanguage\":\"pt-BR\",\"potentialAction\":[{\"@type\":\"ReadAction\",\"target\":[\"https:\/\/cenedcursos.com.br\/meio-ambiente\/que-planeta-queremos-deixar-para-as-geracoes-futuras\/\"]}]},{\"@type\":\"BreadcrumbList\",\"@id\":\"https:\/\/cenedcursos.com.br\/meio-ambiente\/que-planeta-queremos-deixar-para-as-geracoes-futuras\/#breadcrumb\",\"itemListElement\":[{\"@type\":\"ListItem\",\"position\":1,\"name\":\"In\u00edcio\",\"item\":\"https:\/\/cenedcursos.com.br\/meio-ambiente\/\"},{\"@type\":\"ListItem\",\"position\":2,\"name\":\"Que planeta queremos deixar para as gera\u00e7\u00f5es futuras\"}]},{\"@type\":\"WebSite\",\"@id\":\"https:\/\/cenedcursos.com.br\/meio-ambiente\/#website\",\"url\":\"https:\/\/cenedcursos.com.br\/meio-ambiente\/\",\"name\":\"CENED Cursos Online\",\"description\":\"Aqui voc\u00ea encontra artigos em diversas \u00e1reas do conhecimento: meio ambiente, educa\u00e7\u00e3o, marketing digital, neg\u00f3cios online e muito mais.\",\"potentialAction\":[{\"@type\":\"SearchAction\",\"target\":{\"@type\":\"EntryPoint\",\"urlTemplate\":\"https:\/\/cenedcursos.com.br\/meio-ambiente\/?s={search_term_string}\"},\"query-input\":{\"@type\":\"PropertyValueSpecification\",\"valueRequired\":true,\"valueName\":\"search_term_string\"}}],\"inLanguage\":\"pt-BR\"},{\"@type\":\"Person\",\"@id\":\"https:\/\/cenedcursos.com.br\/meio-ambiente\/#\/schema\/person\/64377d24cdc16779a1eb6229894af388\",\"name\":\"Amarildo R. Ferrari\",\"image\":{\"@type\":\"ImageObject\",\"inLanguage\":\"pt-BR\",\"@id\":\"https:\/\/cenedcursos.com.br\/meio-ambiente\/#\/schema\/person\/image\/\",\"url\":\"https:\/\/secure.gravatar.com\/avatar\/6ea4248ca9f295c93f1b72f8398232f0fbbffe30349e6ec3839cfa5e09b0de3c?s=96&d=mm&r=g\",\"contentUrl\":\"https:\/\/secure.gravatar.com\/avatar\/6ea4248ca9f295c93f1b72f8398232f0fbbffe30349e6ec3839cfa5e09b0de3c?s=96&d=mm&r=g\",\"caption\":\"Amarildo R. Ferrari\"},\"sameAs\":[\"https:\/\/cenedcursos.com.br\/meio-ambiente\"],\"url\":\"https:\/\/cenedcursos.com.br\/meio-ambiente\/author\/admin\/\"}]}<\/script>\n<!-- \/ Yoast SEO plugin. -->","yoast_head_json":{"title":"Que planeta queremos deixar para as gera\u00e7\u00f5es futuras - CENED Cursos Online","robots":{"index":"index","follow":"follow","max-snippet":"max-snippet:-1","max-image-preview":"max-image-preview:large","max-video-preview":"max-video-preview:-1"},"canonical":"https:\/\/cenedcursos.com.br\/meio-ambiente\/que-planeta-queremos-deixar-para-as-geracoes-futuras\/","og_locale":"pt_BR","og_type":"article","og_title":"Que planeta queremos deixar para as gera\u00e7\u00f5es futuras - CENED Cursos Online","og_description":"O s\u00e9culo XX, basicamente a partir da d\u00e9cada de 60, com o movimento hippie, parte da humanidade come\u00e7ou, atrav\u00e9s do bin\u00f4mio paz e amor, a usar a l\u00f3gica n\u00e3o-linear, o agir com o cora\u00e7\u00e3o, aprimorando a intui\u00e7\u00e3o (essencialmente feminina), desenvolvendo um sentimento de perten\u00e7a, de integra\u00e7\u00e3o \u00e0 natureza. A partir da\u00ed, foi dado in\u00edcio a [&hellip;]","og_url":"https:\/\/cenedcursos.com.br\/meio-ambiente\/que-planeta-queremos-deixar-para-as-geracoes-futuras\/","og_site_name":"CENED Cursos Online","article_published_time":"2006-06-23T21:20:37+00:00","article_modified_time":"2023-05-21T21:29:25+00:00","author":"Amarildo R. Ferrari","twitter_card":"summary_large_image","twitter_misc":{"Escrito por":"Amarildo R. Ferrari","Est. tempo de leitura":"4 minutos"},"schema":{"@context":"https:\/\/schema.org","@graph":[{"@type":"WebPage","@id":"https:\/\/cenedcursos.com.br\/meio-ambiente\/que-planeta-queremos-deixar-para-as-geracoes-futuras\/","url":"https:\/\/cenedcursos.com.br\/meio-ambiente\/que-planeta-queremos-deixar-para-as-geracoes-futuras\/","name":"Que planeta queremos deixar para as gera\u00e7\u00f5es futuras - CENED Cursos Online","isPartOf":{"@id":"https:\/\/cenedcursos.com.br\/meio-ambiente\/#website"},"datePublished":"2006-06-23T21:20:37+00:00","dateModified":"2023-05-21T21:29:25+00:00","author":{"@id":"https:\/\/cenedcursos.com.br\/meio-ambiente\/#\/schema\/person\/64377d24cdc16779a1eb6229894af388"},"breadcrumb":{"@id":"https:\/\/cenedcursos.com.br\/meio-ambiente\/que-planeta-queremos-deixar-para-as-geracoes-futuras\/#breadcrumb"},"inLanguage":"pt-BR","potentialAction":[{"@type":"ReadAction","target":["https:\/\/cenedcursos.com.br\/meio-ambiente\/que-planeta-queremos-deixar-para-as-geracoes-futuras\/"]}]},{"@type":"BreadcrumbList","@id":"https:\/\/cenedcursos.com.br\/meio-ambiente\/que-planeta-queremos-deixar-para-as-geracoes-futuras\/#breadcrumb","itemListElement":[{"@type":"ListItem","position":1,"name":"In\u00edcio","item":"https:\/\/cenedcursos.com.br\/meio-ambiente\/"},{"@type":"ListItem","position":2,"name":"Que planeta queremos deixar para as gera\u00e7\u00f5es futuras"}]},{"@type":"WebSite","@id":"https:\/\/cenedcursos.com.br\/meio-ambiente\/#website","url":"https:\/\/cenedcursos.com.br\/meio-ambiente\/","name":"CENED Cursos Online","description":"Aqui voc\u00ea encontra artigos em diversas \u00e1reas do conhecimento: meio ambiente, educa\u00e7\u00e3o, marketing digital, neg\u00f3cios online e muito mais.","potentialAction":[{"@type":"SearchAction","target":{"@type":"EntryPoint","urlTemplate":"https:\/\/cenedcursos.com.br\/meio-ambiente\/?s={search_term_string}"},"query-input":{"@type":"PropertyValueSpecification","valueRequired":true,"valueName":"search_term_string"}}],"inLanguage":"pt-BR"},{"@type":"Person","@id":"https:\/\/cenedcursos.com.br\/meio-ambiente\/#\/schema\/person\/64377d24cdc16779a1eb6229894af388","name":"Amarildo R. Ferrari","image":{"@type":"ImageObject","inLanguage":"pt-BR","@id":"https:\/\/cenedcursos.com.br\/meio-ambiente\/#\/schema\/person\/image\/","url":"https:\/\/secure.gravatar.com\/avatar\/6ea4248ca9f295c93f1b72f8398232f0fbbffe30349e6ec3839cfa5e09b0de3c?s=96&d=mm&r=g","contentUrl":"https:\/\/secure.gravatar.com\/avatar\/6ea4248ca9f295c93f1b72f8398232f0fbbffe30349e6ec3839cfa5e09b0de3c?s=96&d=mm&r=g","caption":"Amarildo R. Ferrari"},"sameAs":["https:\/\/cenedcursos.com.br\/meio-ambiente"],"url":"https:\/\/cenedcursos.com.br\/meio-ambiente\/author\/admin\/"}]}},"jetpack_featured_media_url":"","jetpack_sharing_enabled":true,"_links":{"self":[{"href":"https:\/\/cenedcursos.com.br\/meio-ambiente\/wp-json\/wp\/v2\/posts\/43","targetHints":{"allow":["GET"]}}],"collection":[{"href":"https:\/\/cenedcursos.com.br\/meio-ambiente\/wp-json\/wp\/v2\/posts"}],"about":[{"href":"https:\/\/cenedcursos.com.br\/meio-ambiente\/wp-json\/wp\/v2\/types\/post"}],"author":[{"embeddable":true,"href":"https:\/\/cenedcursos.com.br\/meio-ambiente\/wp-json\/wp\/v2\/users\/1"}],"replies":[{"embeddable":true,"href":"https:\/\/cenedcursos.com.br\/meio-ambiente\/wp-json\/wp\/v2\/comments?post=43"}],"version-history":[{"count":0,"href":"https:\/\/cenedcursos.com.br\/meio-ambiente\/wp-json\/wp\/v2\/posts\/43\/revisions"}],"wp:attachment":[{"href":"https:\/\/cenedcursos.com.br\/meio-ambiente\/wp-json\/wp\/v2\/media?parent=43"}],"wp:term":[{"taxonomy":"category","embeddable":true,"href":"https:\/\/cenedcursos.com.br\/meio-ambiente\/wp-json\/wp\/v2\/categories?post=43"},{"taxonomy":"post_tag","embeddable":true,"href":"https:\/\/cenedcursos.com.br\/meio-ambiente\/wp-json\/wp\/v2\/tags?post=43"}],"curies":[{"name":"wp","href":"https:\/\/api.w.org\/{rel}","templated":true}]}}