{"id":4522,"date":"2015-12-06T17:53:22","date_gmt":"2015-12-06T20:53:22","guid":{"rendered":"http:\/\/www.cenedcursos.com.br\/?p=4522"},"modified":"2015-12-06T17:53:22","modified_gmt":"2015-12-06T20:53:22","slug":"politicas-publicas-recuperacao-de-areas-degradadas","status":"publish","type":"post","link":"https:\/\/cenedcursos.com.br\/meio-ambiente\/politicas-publicas-recuperacao-de-areas-degradadas\/","title":{"rendered":"Pol\u00edticas P\u00fablicas para Recupera\u00e7\u00e3o de \u00c1reas Degradadas"},"content":{"rendered":"<p style=\"text-align: justify;\"><strong>Constitui\u00e7\u00e3o Federal de 1988, artigo 225, par\u00e1grafo terceiro (Machado, 1995)<\/strong><\/p>\n<p style=\"text-align: justify;\">&#8220;As condutas e atividades lesivas ao meio ambiente sujeitar\u00e3o os infratores, pessoas f\u00edsicas ou jur\u00eddicas, \u00e0s san\u00e7\u00f5es penais e administrativas, independentemente da obriga\u00e7\u00e3o de reparar os danos causados&#8221;<\/p>\n<p style=\"text-align: justify;\">Em 1999, a partir da promulga\u00e7\u00e3o da Lei n\u00ba 9.605 de 12 de fevereiro de 1998, os danos causados ao meio ambiente passaram a ser qualificados como crimes ambientais. Esta legisla\u00e7\u00e3o, conhecida como &#8220;Lei de Crimes Ambientais&#8221;\u00a0 &#8220;<em>disp\u00f5e sobre as san\u00e7\u00f5es penais e administrativas derivadas de condutas e atividades lesivas ao meio ambiente, e d\u00e1 outras provid\u00eancias<\/em>&#8220;.<\/p>\n<p style=\"text-align: justify;\">Existem tr\u00eas tipos de dispositivos legais, \u00e0 disposi\u00e7\u00e3o da sociedade, para interferir nas atividades de empreendimentos causadores de problemas ambientais (Barros &amp; Monticelli, 1998):<\/p>\n<p style=\"text-align: justify;\"><strong>A\u00e7\u00e3o Civil P\u00fablica:<\/strong> \u00e9 uma a\u00e7\u00e3o de responsabilidade por danos ao meio ambiente, institu\u00edda<a href=\"https:\/\/i0.wp.com\/www.cenedcursos.com.br\/meio-ambiente\/wp-content\/uploads\/2015\/12\/recuperacao-de-areas-degradadas.png?ssl=1\" rel=\"attachment wp-att-8000\"><img data-recalc-dims=\"1\" loading=\"lazy\" decoding=\"async\" data-attachment-id=\"8000\" data-permalink=\"https:\/\/cenedcursos.com.br\/meio-ambiente\/recuperacao-de-areas-degradadas-2\/\" data-orig-file=\"https:\/\/i0.wp.com\/cenedcursos.com.br\/meio-ambiente\/wp-content\/uploads\/2015\/12\/recuperacao-de-areas-degradadas-1.png?fit=400%2C300&amp;ssl=1\" data-orig-size=\"400,300\" data-comments-opened=\"1\" data-image-meta=\"{&quot;aperture&quot;:&quot;0&quot;,&quot;credit&quot;:&quot;&quot;,&quot;camera&quot;:&quot;&quot;,&quot;caption&quot;:&quot;&quot;,&quot;created_timestamp&quot;:&quot;0&quot;,&quot;copyright&quot;:&quot;&quot;,&quot;focal_length&quot;:&quot;0&quot;,&quot;iso&quot;:&quot;0&quot;,&quot;shutter_speed&quot;:&quot;0&quot;,&quot;title&quot;:&quot;&quot;,&quot;orientation&quot;:&quot;0&quot;}\" data-image-title=\"recuperacao de areas degradadas\" data-image-description=\"\" data-image-caption=\"\" data-medium-file=\"https:\/\/i0.wp.com\/cenedcursos.com.br\/meio-ambiente\/wp-content\/uploads\/2015\/12\/recuperacao-de-areas-degradadas-1.png?fit=300%2C225&amp;ssl=1\" data-large-file=\"https:\/\/i0.wp.com\/cenedcursos.com.br\/meio-ambiente\/wp-content\/uploads\/2015\/12\/recuperacao-de-areas-degradadas-1.png?fit=400%2C300&amp;ssl=1\" class=\"alignright size-medium wp-image-8000\" src=\"https:\/\/i0.wp.com\/www.cenedcursos.com.br\/meio-ambiente\/wp-content\/uploads\/2015\/12\/recuperacao-de-areas-degradadas-300x225.png?resize=300%2C225&#038;ssl=1\" alt=\"recuperacao de areas degradadas\" width=\"300\" height=\"225\" \/><\/a> pela Lei n\u00ba 7.347\/85, que criou um instrumento processual permitindo que as pessoas (mesmo aquelas que n\u00e3o sofreram um dano ambiental direto), possam prop\u00f4r uma A\u00e7\u00e3o Civil P\u00fablica, ou seja, possam ingressar em ju\u00edzo contra terceiros (causadores do dano ambiental). Podem mover uma A\u00e7\u00e3o Civil P\u00fablica o Minist\u00e9rio P\u00fablico, a Uni\u00e3o, Estados, Munic\u00edpios, autarquias, empresas p\u00fablicas, funda\u00e7\u00f5es, sociedades de economia mista ou associa\u00e7\u00f5es legalmente constitu\u00eddas e em funcionamento h\u00e1 pelo menos 1 ano, que apresentam em suas finalidades a prote\u00e7\u00e3o ao meio ambiente.<\/p>\n<p style=\"text-align: justify;\"><strong>A\u00e7\u00e3o Popular:<\/strong> regulamentada pela Lei n\u00ba 4.717\/65, que estabelece que qualquer cidad\u00e3o (eleitor) pode ser parte leg\u00edtima em uma a\u00e7\u00e3o judicial para conseguir a invalida\u00e7\u00e3o de atos administrativos lesivos ao meio ambiente.<\/p>\n<p style=\"text-align: justify;\"><strong>Mandado de Seguran\u00e7a:<\/strong> regulamentado pela Lei n\u00ba1.533\/51, que permite que pessoas f\u00edsicas ou jur\u00eddicas, ou entidades com capacidade processual, entrem com a\u00e7\u00f5es para proteger o direito individual ou coletivo.<\/p>\n<p style=\"text-align: justify;\"><span style=\"font-size: 12pt;\"><strong>Acontecimentos hist\u00f3ricos mais marcantes relacionados a Estudos Ambientais<\/strong><\/span><\/p>\n<table width=\"30%\">\n<tbody>\n<tr>\n<td width=\"100%\"><strong>D\u00c9CADA 60<\/strong><\/td>\n<\/tr>\n<\/tbody>\n<\/table>\n<p style=\"text-align: justify;\">V\u00e1rios pa\u00edses industrializados passam a contemplar, de maneira sistem\u00e1tica, o equacionamento de problemas ambientais em pol\u00edticas p\u00fablicas.<\/p>\n<table width=\"30%\">\n<tbody>\n<tr>\n<td width=\"98%\"><strong>D\u00c9CADA 70<\/strong><\/td>\n<\/tr>\n<\/tbody>\n<\/table>\n<p style=\"text-align: justify;\">Os pa\u00edses em desenvolvimento, \u00e0 semelhan\u00e7a dos desenvolvidos, passam a incorporar o tema em seus programas e planos de a\u00e7\u00e3o.<\/p>\n<p style=\"text-align: justify;\">1973: no Brasil foi criada a Secretaria Especial do Meio Ambiente (SEMA), que instituiu o Conselho Consultivo do Meio Ambiente, sendo extinto posteriormente (Machado, 1995).<\/p>\n<table width=\"30%\">\n<tbody>\n<tr>\n<td width=\"98%\"><strong>D\u00c9CADA 80<\/strong><\/td>\n<\/tr>\n<\/tbody>\n<\/table>\n<p style=\"text-align: justify;\">O tema adquiriu express\u00e3o mundial, passando a ser contemplado em estruturas gerenciais p\u00fablicas e privadas. V\u00e1rias exig\u00eancias ambientais s\u00e3o estabelecidas.<\/p>\n<p style=\"text-align: justify;\">A Avalia\u00e7\u00e3o de Impacto Ambiental (AIA) foi introduzida no Brasil como um dos instrumentos da Pol\u00edtica Nacional do Meio Ambiente, por meio da Lei Federal n\u00ba 6.938\/81, regulamentada pelo Decreto n\u00ba 88.351\/83. Estes dispositivos legais fundamentaram-se no quadro jur\u00eddico de outros pa\u00edses, tais como EUA, Canad\u00e1, Fran\u00e7a. A partir da promulga\u00e7\u00e3o da lei tornou-se obrigat\u00f3ria a realiza\u00e7\u00e3o de estudos pr\u00e9vios com a finalidade de fornecer par\u00e2metros a respeito do Licenciamento Ambiental de atividades modificadoras do meio ambiente.<\/p>\n<p style=\"text-align: justify;\">1981: Criado o Conselho Nacional do Meio Ambiente (Conama) com o objetivo de &#8220;assessorar, estudar e propor ao Conselho de Governo, diretrizes de pol\u00edticas governamentais para o meio ambiente e os recursos naturais e deliberar, no \u00e2mbito de sua compet\u00eancia, sobre normas e padr\u00f5es compat\u00edveis com o meio ambiente ecologicamente equilibrado e essencial \u00e0 sadia qualidade de vida&#8221; (Machado, 1995).<\/p>\n<p style=\"text-align: justify;\">1986: O Conselho Nacional do Meio Ambiente (Conama) institui a obrigatoriedade do Estudo de Impacto Ambiental (EIA) e do Relat\u00f3rio de Impacto Ambiental (RIMA) para o licenciamento de atividades modificadoras do meio ambiente (Resolu\u00e7\u00e3o 01\/86 do Conama).<\/p>\n<p style=\"text-align: justify;\">1988: A obrigatoriedade de realiza\u00e7\u00e3o pr\u00e9via do EIA\/RIMA \u00e9 inclu\u00edda na Constitui\u00e7\u00e3o da Republica Federativa do Brasil (Artigo 225 da Constitui\u00e7\u00e3o Brasileira de 1988).<\/p>\n<p style=\"text-align: justify;\">1989: Criado o Fundo Nacional do Meio Ambiente com o &#8220;objetivo de desenvolver projetos que visem o uso racional e sustent\u00e1vel de recursos naturais, incluindo a manuten\u00e7\u00e3o, melhoria ou recupera\u00e7\u00e3o da qualidade ambiental no sentido de elevar a qualidade de vida da popula\u00e7\u00e3o&#8221; (Machado, 1995).<\/p>\n<p style=\"text-align: justify;\">1989: Criado o Instituto Brasileiro do Meio Ambiente e dos Recursos Naturais Renov\u00e1veis, com a finalidade &#8220;de assessorar o Minist\u00e9rio do Meio Ambiente e da Amaz\u00f4nia Legal na formula\u00e7\u00e3o e coordena\u00e7\u00e3o da pol\u00edtica nacional do meio ambiente e da preserva\u00e7\u00e3o, conserva\u00e7\u00e3o e uso racional dos recursos naturais&#8221; (Machado, 1995).<\/p>\n<p style=\"text-align: justify;\">1989 e 1990: A obrigatoriedade de realiza\u00e7\u00e3o pr\u00e9via do EIA\/RIMA \u00e9 incorporada em Constitui\u00e7\u00f5es Estaduais (1989) e Leis Org\u00e2nicas Municipais (1990).<\/p>\n<table width=\"30%\">\n<tbody>\n<tr>\n<td width=\"98%\"><strong>D\u00c9CADA 90<\/strong><\/td>\n<\/tr>\n<\/tbody>\n<\/table>\n<p style=\"text-align: justify;\">Utiliza\u00e7\u00e3o de instrumentos de gerenciamento ambiental (sistematiza\u00e7\u00e3o de procedimentos t\u00e9cnicos e administrativos, voltados ao cont\u00ednuo aprimoramento do desempenho ambiental), visando a obten\u00e7\u00e3o de reconhecimento de conformidade das a\u00e7\u00f5es adotadas.<\/p>\n<p style=\"text-align: justify;\">1995: O Minist\u00e9rio do Meio Ambiente e da Amaz\u00f4nia Legal foi transformado no Minist\u00e9rio do Meio Ambiente, dos Recursos H\u00eddricos e da Amaz\u00f4nia Legal, que tem as seguintes compet\u00eancias: &#8220;a) planejamento, coordena\u00e7\u00e3o, supervis\u00e3o e controle das a\u00e7\u00f5es relativas ao meio ambiente e aos recursos h\u00eddricos; b) formula\u00e7\u00e3o e execu\u00e7\u00e3o da pol\u00edtica nacional do meio ambiente e dos recursos h\u00eddricos; c) preserva\u00e7\u00e3o, conserva\u00e7\u00e3o e uso racional dos recursos naturais renov\u00e1veis; d) implementa\u00e7\u00e3o de acordos internacionais na \u00e1rea ambiental.<\/p>\n<p style=\"text-align: justify;\">1995: Estabelecimento da ISO 14.000 (Qualidade Ambiental), pela Internacional Organization for Standardization, que \u00e9 representada no Brasil pela ABNT.<\/p>\n<p style=\"text-align: justify;\">1998: Regulamenta\u00e7\u00e3o da Lei Federal n\u00ba 9.605, de 12 de fevereiro de 1998, tamb\u00e9m denominada de Lei de Crimes Ambientais. Disp\u00f5e sobre as san\u00e7\u00f5es penais e administrativas derivadas de condutas e atividades lesivas ao meio ambiente.<\/p>\n","protected":false},"excerpt":{"rendered":"<p>Constitui\u00e7\u00e3o Federal de 1988, artigo 225, par\u00e1grafo terceiro (Machado, 1995) &#8220;As condutas e atividades lesivas ao meio ambiente sujeitar\u00e3o os infratores, pessoas f\u00edsicas ou jur\u00eddicas, \u00e0s san\u00e7\u00f5es penais e administrativas, independentemente da obriga\u00e7\u00e3o de reparar os danos causados&#8221; Em 1999, a partir da promulga\u00e7\u00e3o da Lei n\u00ba 9.605 de 12 de fevereiro de 1998, os [&hellip;]<\/p>\n","protected":false},"author":1,"featured_media":0,"comment_status":"open","ping_status":"open","sticky":false,"template":"","format":"standard","meta":{"_jetpack_memberships_contains_paid_content":false,"footnotes":""},"categories":[495],"tags":[351],"class_list":{"0":"post-4522","1":"post","2":"type-post","3":"status-publish","4":"format-standard","6":"category-impactos-ambientais-textos","7":"tag-recuperacao-de-areas-degradadas"},"yoast_head":"<!-- This site is optimized with the Yoast SEO plugin v25.1 - https:\/\/yoast.com\/wordpress\/plugins\/seo\/ -->\n<title>Pol\u00edticas P\u00fablicas para Recupera\u00e7\u00e3o de \u00c1reas Degradadas<\/title>\n<meta name=\"description\" content=\"Conhe\u00e7a as Pol\u00edticas P\u00fablicas necess\u00e1rias \u00e0 recupera\u00e7\u00e3o de \u00e1reas degradadas no Brasil. Acontecimentos hist\u00f3ricos mais marcantes relacionados a Estudos\" \/>\n<meta name=\"robots\" content=\"index, follow, max-snippet:-1, max-image-preview:large, max-video-preview:-1\" \/>\n<link rel=\"canonical\" href=\"https:\/\/cenedcursos.com.br\/meio-ambiente\/politicas-publicas-recuperacao-de-areas-degradadas\/\" \/>\n<meta property=\"og:locale\" content=\"pt_BR\" \/>\n<meta property=\"og:type\" content=\"article\" \/>\n<meta property=\"og:title\" content=\"Pol\u00edticas P\u00fablicas para Recupera\u00e7\u00e3o de \u00c1reas Degradadas\" \/>\n<meta property=\"og:description\" content=\"Conhe\u00e7a as Pol\u00edticas P\u00fablicas necess\u00e1rias \u00e0 recupera\u00e7\u00e3o de \u00e1reas degradadas no Brasil. Acontecimentos hist\u00f3ricos mais marcantes relacionados a Estudos\" \/>\n<meta property=\"og:url\" content=\"https:\/\/cenedcursos.com.br\/meio-ambiente\/politicas-publicas-recuperacao-de-areas-degradadas\/\" \/>\n<meta property=\"og:site_name\" content=\"CENED Cursos Online\" \/>\n<meta property=\"article:published_time\" content=\"2015-12-06T20:53:22+00:00\" \/>\n<meta property=\"og:image\" content=\"https:\/\/www.cenedcursos.com.br\/meio-ambiente\/wp-content\/uploads\/2015\/12\/recuperacao-de-areas-degradadas-300x225.png\" \/>\n<meta name=\"author\" content=\"Amarildo R. Ferrari\" \/>\n<meta name=\"twitter:card\" content=\"summary_large_image\" \/>\n<meta name=\"twitter:label1\" content=\"Escrito por\" \/>\n\t<meta name=\"twitter:data1\" content=\"Amarildo R. Ferrari\" \/>\n\t<meta name=\"twitter:label2\" content=\"Est. tempo de leitura\" \/>\n\t<meta name=\"twitter:data2\" content=\"5 minutos\" \/>\n<script type=\"application\/ld+json\" class=\"yoast-schema-graph\">{\"@context\":\"https:\/\/schema.org\",\"@graph\":[{\"@type\":\"WebPage\",\"@id\":\"https:\/\/cenedcursos.com.br\/meio-ambiente\/politicas-publicas-recuperacao-de-areas-degradadas\/\",\"url\":\"https:\/\/cenedcursos.com.br\/meio-ambiente\/politicas-publicas-recuperacao-de-areas-degradadas\/\",\"name\":\"Pol\u00edticas P\u00fablicas para Recupera\u00e7\u00e3o de \u00c1reas Degradadas\",\"isPartOf\":{\"@id\":\"https:\/\/cenedcursos.com.br\/meio-ambiente\/#website\"},\"primaryImageOfPage\":{\"@id\":\"https:\/\/cenedcursos.com.br\/meio-ambiente\/politicas-publicas-recuperacao-de-areas-degradadas\/#primaryimage\"},\"image\":{\"@id\":\"https:\/\/cenedcursos.com.br\/meio-ambiente\/politicas-publicas-recuperacao-de-areas-degradadas\/#primaryimage\"},\"thumbnailUrl\":\"https:\/\/www.cenedcursos.com.br\/meio-ambiente\/wp-content\/uploads\/2015\/12\/recuperacao-de-areas-degradadas-300x225.png\",\"datePublished\":\"2015-12-06T20:53:22+00:00\",\"author\":{\"@id\":\"https:\/\/cenedcursos.com.br\/meio-ambiente\/#\/schema\/person\/64377d24cdc16779a1eb6229894af388\"},\"description\":\"Conhe\u00e7a as Pol\u00edticas P\u00fablicas necess\u00e1rias \u00e0 recupera\u00e7\u00e3o de \u00e1reas degradadas no Brasil. Acontecimentos hist\u00f3ricos mais marcantes relacionados a Estudos\",\"breadcrumb\":{\"@id\":\"https:\/\/cenedcursos.com.br\/meio-ambiente\/politicas-publicas-recuperacao-de-areas-degradadas\/#breadcrumb\"},\"inLanguage\":\"pt-BR\",\"potentialAction\":[{\"@type\":\"ReadAction\",\"target\":[\"https:\/\/cenedcursos.com.br\/meio-ambiente\/politicas-publicas-recuperacao-de-areas-degradadas\/\"]}]},{\"@type\":\"ImageObject\",\"inLanguage\":\"pt-BR\",\"@id\":\"https:\/\/cenedcursos.com.br\/meio-ambiente\/politicas-publicas-recuperacao-de-areas-degradadas\/#primaryimage\",\"url\":\"https:\/\/www.cenedcursos.com.br\/meio-ambiente\/wp-content\/uploads\/2015\/12\/recuperacao-de-areas-degradadas-300x225.png\",\"contentUrl\":\"https:\/\/www.cenedcursos.com.br\/meio-ambiente\/wp-content\/uploads\/2015\/12\/recuperacao-de-areas-degradadas-300x225.png\"},{\"@type\":\"BreadcrumbList\",\"@id\":\"https:\/\/cenedcursos.com.br\/meio-ambiente\/politicas-publicas-recuperacao-de-areas-degradadas\/#breadcrumb\",\"itemListElement\":[{\"@type\":\"ListItem\",\"position\":1,\"name\":\"In\u00edcio\",\"item\":\"https:\/\/cenedcursos.com.br\/meio-ambiente\/\"},{\"@type\":\"ListItem\",\"position\":2,\"name\":\"Pol\u00edticas P\u00fablicas para Recupera\u00e7\u00e3o de \u00c1reas Degradadas\"}]},{\"@type\":\"WebSite\",\"@id\":\"https:\/\/cenedcursos.com.br\/meio-ambiente\/#website\",\"url\":\"https:\/\/cenedcursos.com.br\/meio-ambiente\/\",\"name\":\"CENED Cursos Online\",\"description\":\"Aqui voc\u00ea encontra artigos em diversas \u00e1reas do conhecimento: meio ambiente, educa\u00e7\u00e3o, marketing digital, neg\u00f3cios online e muito mais.\",\"potentialAction\":[{\"@type\":\"SearchAction\",\"target\":{\"@type\":\"EntryPoint\",\"urlTemplate\":\"https:\/\/cenedcursos.com.br\/meio-ambiente\/?s={search_term_string}\"},\"query-input\":{\"@type\":\"PropertyValueSpecification\",\"valueRequired\":true,\"valueName\":\"search_term_string\"}}],\"inLanguage\":\"pt-BR\"},{\"@type\":\"Person\",\"@id\":\"https:\/\/cenedcursos.com.br\/meio-ambiente\/#\/schema\/person\/64377d24cdc16779a1eb6229894af388\",\"name\":\"Amarildo R. Ferrari\",\"image\":{\"@type\":\"ImageObject\",\"inLanguage\":\"pt-BR\",\"@id\":\"https:\/\/cenedcursos.com.br\/meio-ambiente\/#\/schema\/person\/image\/\",\"url\":\"https:\/\/secure.gravatar.com\/avatar\/6ea4248ca9f295c93f1b72f8398232f0fbbffe30349e6ec3839cfa5e09b0de3c?s=96&d=mm&r=g\",\"contentUrl\":\"https:\/\/secure.gravatar.com\/avatar\/6ea4248ca9f295c93f1b72f8398232f0fbbffe30349e6ec3839cfa5e09b0de3c?s=96&d=mm&r=g\",\"caption\":\"Amarildo R. Ferrari\"},\"sameAs\":[\"https:\/\/cenedcursos.com.br\/meio-ambiente\"],\"url\":\"https:\/\/cenedcursos.com.br\/meio-ambiente\/author\/admin\/\"}]}<\/script>\n<!-- \/ Yoast SEO plugin. -->","yoast_head_json":{"title":"Pol\u00edticas P\u00fablicas para Recupera\u00e7\u00e3o de \u00c1reas Degradadas","description":"Conhe\u00e7a as Pol\u00edticas P\u00fablicas necess\u00e1rias \u00e0 recupera\u00e7\u00e3o de \u00e1reas degradadas no Brasil. Acontecimentos hist\u00f3ricos mais marcantes relacionados a Estudos","robots":{"index":"index","follow":"follow","max-snippet":"max-snippet:-1","max-image-preview":"max-image-preview:large","max-video-preview":"max-video-preview:-1"},"canonical":"https:\/\/cenedcursos.com.br\/meio-ambiente\/politicas-publicas-recuperacao-de-areas-degradadas\/","og_locale":"pt_BR","og_type":"article","og_title":"Pol\u00edticas P\u00fablicas para Recupera\u00e7\u00e3o de \u00c1reas Degradadas","og_description":"Conhe\u00e7a as Pol\u00edticas P\u00fablicas necess\u00e1rias \u00e0 recupera\u00e7\u00e3o de \u00e1reas degradadas no Brasil. Acontecimentos hist\u00f3ricos mais marcantes relacionados a Estudos","og_url":"https:\/\/cenedcursos.com.br\/meio-ambiente\/politicas-publicas-recuperacao-de-areas-degradadas\/","og_site_name":"CENED Cursos Online","article_published_time":"2015-12-06T20:53:22+00:00","og_image":[{"url":"https:\/\/www.cenedcursos.com.br\/meio-ambiente\/wp-content\/uploads\/2015\/12\/recuperacao-de-areas-degradadas-300x225.png","type":"","width":"","height":""}],"author":"Amarildo R. Ferrari","twitter_card":"summary_large_image","twitter_misc":{"Escrito por":"Amarildo R. Ferrari","Est. tempo de leitura":"5 minutos"},"schema":{"@context":"https:\/\/schema.org","@graph":[{"@type":"WebPage","@id":"https:\/\/cenedcursos.com.br\/meio-ambiente\/politicas-publicas-recuperacao-de-areas-degradadas\/","url":"https:\/\/cenedcursos.com.br\/meio-ambiente\/politicas-publicas-recuperacao-de-areas-degradadas\/","name":"Pol\u00edticas P\u00fablicas para Recupera\u00e7\u00e3o de \u00c1reas Degradadas","isPartOf":{"@id":"https:\/\/cenedcursos.com.br\/meio-ambiente\/#website"},"primaryImageOfPage":{"@id":"https:\/\/cenedcursos.com.br\/meio-ambiente\/politicas-publicas-recuperacao-de-areas-degradadas\/#primaryimage"},"image":{"@id":"https:\/\/cenedcursos.com.br\/meio-ambiente\/politicas-publicas-recuperacao-de-areas-degradadas\/#primaryimage"},"thumbnailUrl":"https:\/\/www.cenedcursos.com.br\/meio-ambiente\/wp-content\/uploads\/2015\/12\/recuperacao-de-areas-degradadas-300x225.png","datePublished":"2015-12-06T20:53:22+00:00","author":{"@id":"https:\/\/cenedcursos.com.br\/meio-ambiente\/#\/schema\/person\/64377d24cdc16779a1eb6229894af388"},"description":"Conhe\u00e7a as Pol\u00edticas P\u00fablicas necess\u00e1rias \u00e0 recupera\u00e7\u00e3o de \u00e1reas degradadas no Brasil. Acontecimentos hist\u00f3ricos mais marcantes relacionados a Estudos","breadcrumb":{"@id":"https:\/\/cenedcursos.com.br\/meio-ambiente\/politicas-publicas-recuperacao-de-areas-degradadas\/#breadcrumb"},"inLanguage":"pt-BR","potentialAction":[{"@type":"ReadAction","target":["https:\/\/cenedcursos.com.br\/meio-ambiente\/politicas-publicas-recuperacao-de-areas-degradadas\/"]}]},{"@type":"ImageObject","inLanguage":"pt-BR","@id":"https:\/\/cenedcursos.com.br\/meio-ambiente\/politicas-publicas-recuperacao-de-areas-degradadas\/#primaryimage","url":"https:\/\/www.cenedcursos.com.br\/meio-ambiente\/wp-content\/uploads\/2015\/12\/recuperacao-de-areas-degradadas-300x225.png","contentUrl":"https:\/\/www.cenedcursos.com.br\/meio-ambiente\/wp-content\/uploads\/2015\/12\/recuperacao-de-areas-degradadas-300x225.png"},{"@type":"BreadcrumbList","@id":"https:\/\/cenedcursos.com.br\/meio-ambiente\/politicas-publicas-recuperacao-de-areas-degradadas\/#breadcrumb","itemListElement":[{"@type":"ListItem","position":1,"name":"In\u00edcio","item":"https:\/\/cenedcursos.com.br\/meio-ambiente\/"},{"@type":"ListItem","position":2,"name":"Pol\u00edticas P\u00fablicas para Recupera\u00e7\u00e3o de \u00c1reas Degradadas"}]},{"@type":"WebSite","@id":"https:\/\/cenedcursos.com.br\/meio-ambiente\/#website","url":"https:\/\/cenedcursos.com.br\/meio-ambiente\/","name":"CENED Cursos Online","description":"Aqui voc\u00ea encontra artigos em diversas \u00e1reas do conhecimento: meio ambiente, educa\u00e7\u00e3o, marketing digital, neg\u00f3cios online e muito mais.","potentialAction":[{"@type":"SearchAction","target":{"@type":"EntryPoint","urlTemplate":"https:\/\/cenedcursos.com.br\/meio-ambiente\/?s={search_term_string}"},"query-input":{"@type":"PropertyValueSpecification","valueRequired":true,"valueName":"search_term_string"}}],"inLanguage":"pt-BR"},{"@type":"Person","@id":"https:\/\/cenedcursos.com.br\/meio-ambiente\/#\/schema\/person\/64377d24cdc16779a1eb6229894af388","name":"Amarildo R. Ferrari","image":{"@type":"ImageObject","inLanguage":"pt-BR","@id":"https:\/\/cenedcursos.com.br\/meio-ambiente\/#\/schema\/person\/image\/","url":"https:\/\/secure.gravatar.com\/avatar\/6ea4248ca9f295c93f1b72f8398232f0fbbffe30349e6ec3839cfa5e09b0de3c?s=96&d=mm&r=g","contentUrl":"https:\/\/secure.gravatar.com\/avatar\/6ea4248ca9f295c93f1b72f8398232f0fbbffe30349e6ec3839cfa5e09b0de3c?s=96&d=mm&r=g","caption":"Amarildo R. Ferrari"},"sameAs":["https:\/\/cenedcursos.com.br\/meio-ambiente"],"url":"https:\/\/cenedcursos.com.br\/meio-ambiente\/author\/admin\/"}]}},"jetpack_featured_media_url":"","jetpack_sharing_enabled":true,"_links":{"self":[{"href":"https:\/\/cenedcursos.com.br\/meio-ambiente\/wp-json\/wp\/v2\/posts\/4522","targetHints":{"allow":["GET"]}}],"collection":[{"href":"https:\/\/cenedcursos.com.br\/meio-ambiente\/wp-json\/wp\/v2\/posts"}],"about":[{"href":"https:\/\/cenedcursos.com.br\/meio-ambiente\/wp-json\/wp\/v2\/types\/post"}],"author":[{"embeddable":true,"href":"https:\/\/cenedcursos.com.br\/meio-ambiente\/wp-json\/wp\/v2\/users\/1"}],"replies":[{"embeddable":true,"href":"https:\/\/cenedcursos.com.br\/meio-ambiente\/wp-json\/wp\/v2\/comments?post=4522"}],"version-history":[{"count":0,"href":"https:\/\/cenedcursos.com.br\/meio-ambiente\/wp-json\/wp\/v2\/posts\/4522\/revisions"}],"wp:attachment":[{"href":"https:\/\/cenedcursos.com.br\/meio-ambiente\/wp-json\/wp\/v2\/media?parent=4522"}],"wp:term":[{"taxonomy":"category","embeddable":true,"href":"https:\/\/cenedcursos.com.br\/meio-ambiente\/wp-json\/wp\/v2\/categories?post=4522"},{"taxonomy":"post_tag","embeddable":true,"href":"https:\/\/cenedcursos.com.br\/meio-ambiente\/wp-json\/wp\/v2\/tags?post=4522"}],"curies":[{"name":"wp","href":"https:\/\/api.w.org\/{rel}","templated":true}]}}