{"id":4526,"date":"2015-12-06T18:12:48","date_gmt":"2015-12-06T21:12:48","guid":{"rendered":"http:\/\/www.cenedcursos.com.br\/?p=4526"},"modified":"2015-12-06T18:12:48","modified_gmt":"2015-12-06T21:12:48","slug":"recuperacao-e-estetica-das-areas-degradadas","status":"publish","type":"post","link":"https:\/\/cenedcursos.com.br\/meio-ambiente\/recuperacao-e-estetica-das-areas-degradadas\/","title":{"rendered":"Recupera\u00e7\u00e3o e Est\u00e9tica das \u00c1reas Degradadas"},"content":{"rendered":"<p style=\"text-align: justify;\">Atividades antr\u00f3picas, sejam elas de produ\u00e7\u00e3o agropecu\u00e1ria, imobili\u00e1ria, ou\u00a0minera\u00e7\u00e3o, que utilizam direta ou indiretamente os recursos naturais, causam\u00a0aumento da vulnerabilidade do ambiente aos fatores como inc\u00eandios florestais, explora\u00e7\u00e3o florestal entre outras atividades que podem levar \u00e0 degrada\u00e7\u00e3o do ambiente.<\/p>\n<p style=\"text-align: justify;\">Entende-se por degrada\u00e7\u00e3o a destrui\u00e7\u00e3o e\/ou remo\u00e7\u00e3o da vegeta\u00e7\u00e3o, fauna e camada superficial do solo, bem como altera\u00e7\u00f5es da qualidade e regime de vaz\u00e3o do sistema hidrol\u00f3gico (IBAMA, 1990). Portanto uma \u00e1rea degradada \u00e9 aquela que, ap\u00f3s dist\u00farbios, tem eliminado sua resili\u00eancia (capacidade de retorno ao estado anterior) ou a mesma ser <a href=\"https:\/\/i0.wp.com\/www.cenedcursos.com.br\/meio-ambiente\/wp-content\/uploads\/2015\/12\/recuperacao-areas-degradadas.jpg?ssl=1\" rel=\"attachment wp-att-7935\"><img data-recalc-dims=\"1\" loading=\"lazy\" decoding=\"async\" data-attachment-id=\"7935\" data-permalink=\"https:\/\/cenedcursos.com.br\/meio-ambiente\/recuperacao-areas-degradadas-2\/\" data-orig-file=\"https:\/\/i0.wp.com\/cenedcursos.com.br\/meio-ambiente\/wp-content\/uploads\/2015\/12\/recuperacao-areas-degradadas-1.jpg?fit=490%2C330&amp;ssl=1\" data-orig-size=\"490,330\" data-comments-opened=\"1\" data-image-meta=\"{&quot;aperture&quot;:&quot;0&quot;,&quot;credit&quot;:&quot;&quot;,&quot;camera&quot;:&quot;&quot;,&quot;caption&quot;:&quot;&quot;,&quot;created_timestamp&quot;:&quot;0&quot;,&quot;copyright&quot;:&quot;&quot;,&quot;focal_length&quot;:&quot;0&quot;,&quot;iso&quot;:&quot;0&quot;,&quot;shutter_speed&quot;:&quot;0&quot;,&quot;title&quot;:&quot;&quot;,&quot;orientation&quot;:&quot;0&quot;}\" data-image-title=\"recuperacao areas degradadas\" data-image-description=\"\" data-image-caption=\"\" data-medium-file=\"https:\/\/i0.wp.com\/cenedcursos.com.br\/meio-ambiente\/wp-content\/uploads\/2015\/12\/recuperacao-areas-degradadas-1.jpg?fit=300%2C202&amp;ssl=1\" data-large-file=\"https:\/\/i0.wp.com\/cenedcursos.com.br\/meio-ambiente\/wp-content\/uploads\/2015\/12\/recuperacao-areas-degradadas-1.jpg?fit=490%2C330&amp;ssl=1\" class=\"alignright size-medium wp-image-7935\" src=\"https:\/\/i0.wp.com\/www.cenedcursos.com.br\/meio-ambiente\/wp-content\/uploads\/2015\/12\/recuperacao-areas-degradadas-300x202.jpg?resize=300%2C202&#038;ssl=1\" alt=\"recuperacao areas degradadas\" width=\"300\" height=\"202\" \/><\/a>extremamente lenta, sendo a a\u00e7\u00e3o antr\u00f3pica necess\u00e1ria (Carpanezzi <em>et al<\/em>., 1990).<\/p>\n<p style=\"text-align: justify;\">Para entender o processo de degrada\u00e7\u00e3o de \u00e1reas \u00e9 preciso conhecer alguns conceitos b\u00e1sicos sobre o tema, a seguir descrevem-se conceitos necess\u00e1rios para interpretar laudos e diagn\u00f3sticos e promover a\u00e7\u00f5es e projetos necess\u00e1rios para a recupera\u00e7\u00e3o das \u00e1reas degradadas.<\/p>\n<table>\n<tbody>\n<tr>\n<td width=\"576\"><strong>DEGRADA\u00c7\u00c3O<br \/>\n<\/strong><em>&#8220;Conjunto de processos resultantes de danos no meio ambiente, pelos quais se perdem ou se reduzem algumas de suas propriedades, tais como, a qualidade ou capacidade produtiva dos recursos ambientais&#8221; (Decreto Federal 97.632\/89).<\/em><\/td>\n<\/tr>\n<\/tbody>\n<\/table>\n<table>\n<tbody>\n<tr>\n<td width=\"576\">\n<ul>\n<li style=\"text-align: justify;\">\u00e1reas degradadas s\u00e3o geradas por interven\u00e7\u00f5es significativas nos processos do meio f\u00edsico<\/li>\n<li style=\"text-align: justify;\">degrada\u00e7\u00e3o ambiental = impacto ambiental negativo<\/li>\n<\/ul>\n<\/td>\n<\/tr>\n<\/tbody>\n<\/table>\n<table>\n<tbody>\n<tr>\n<td width=\"576\">\n<p style=\"text-align: justify;\"><strong>DEGRADA\u00c7\u00c3O DO SOLO<em><br \/>\n<\/em><\/strong><em>&#8220;Altera\u00e7\u00f5es adversas das caracter\u00edsticas do solo em rela\u00e7\u00e3o aos seus diversos usos poss\u00edveis, tanto estabelecidos em planejamento quanto os potenciais&#8221; (ABNT, 1989).<\/em><\/p>\n<\/td>\n<\/tr>\n<\/tbody>\n<\/table>\n<table>\n<tbody>\n<tr>\n<td width=\"576\">\n<p style=\"text-align: justify;\"><strong>RESTAURA\u00c7\u00c3O (&#8220;restoration&#8221;)<br \/>\n<\/strong><em>Reprodu\u00e7\u00e3o das condi\u00e7\u00f5es exatas do local, tais como eram antes de serem alteradas pela interven\u00e7\u00e3o.<\/em><\/p>\n<\/td>\n<\/tr>\n<tr>\n<td width=\"576\">\n<p style=\"text-align: justify;\"><strong>RECUPERA\u00c7\u00c3O<\/strong><strong>\u00a0(&#8220;reclamation&#8221;)<br \/>\n<\/strong><em>Local alterado \u00e9 trabalhado de modo que as condi\u00e7\u00f5es ambientais acabem se situando pr\u00f3ximas \u00e0s condi\u00e7\u00f5es anteriores \u00e0 interven\u00e7\u00e3o; ou seja, trata-se de devolver ao local o equil\u00edbrio e a estabilidade dos processos atuantes.<\/em><\/p>\n<\/td>\n<\/tr>\n<tr>\n<td width=\"576\">\n<p style=\"text-align: justify;\"><strong>REABILITA\u00c7\u00c3O <\/strong><strong>(&#8220;reabilitation&#8221;)<br \/>\n<\/strong><em>Local alterado destinado a uma dada forma de uso de solo, de acordo com projeto pr\u00e9vio e em condi\u00e7\u00f5es compat\u00edveis com a ocupa\u00e7\u00e3o circunvizinha, ou seja, trata-se de reaproveitar a \u00e1rea para outra finalidade.<\/em><\/p>\n<\/td>\n<\/tr>\n<tr>\n<td width=\"576\">\n<p style=\"text-align: justify;\"><strong>REMEDIA\u00c7\u00c3O<\/strong>\u00a0<strong>(&#8220;remediation&#8221;)<br \/>\n<\/strong><em>A\u00e7\u00f5es e tecnologias que visam eliminar, neutralizar ou transformar contaminantes presentes em subsuperf\u00edcie (solo e \u00e1guas subterr\u00e2neas). Refere-se a \u00e1reas contaminadas. <\/em>(Box, 1976 e ABNT, 1989 apud Bitar &amp; Braga, 1995).<\/p>\n<\/td>\n<\/tr>\n<\/tbody>\n<\/table>\n<p style=\"text-align: justify;\"><strong><em><br \/>\nO termo RECUPERA\u00c7\u00c3O \u00e9 amplamente utilizado, por incorporar os sentidos de restaura\u00e7\u00e3o e reabilita\u00e7\u00e3o.<\/em><\/strong><\/p>\n","protected":false},"excerpt":{"rendered":"<p>Atividades antr\u00f3picas, sejam elas de produ\u00e7\u00e3o agropecu\u00e1ria, imobili\u00e1ria, ou\u00a0minera\u00e7\u00e3o, que utilizam direta ou indiretamente os recursos naturais, causam\u00a0aumento da vulnerabilidade do ambiente aos fatores como inc\u00eandios florestais, explora\u00e7\u00e3o florestal entre outras atividades que podem levar \u00e0 degrada\u00e7\u00e3o do ambiente. Entende-se por degrada\u00e7\u00e3o a destrui\u00e7\u00e3o e\/ou remo\u00e7\u00e3o da vegeta\u00e7\u00e3o, fauna e camada superficial do solo, bem [&hellip;]<\/p>\n","protected":false},"author":1,"featured_media":0,"comment_status":"open","ping_status":"open","sticky":false,"template":"","format":"standard","meta":{"_jetpack_memberships_contains_paid_content":false,"footnotes":""},"categories":[495],"tags":[352],"class_list":{"0":"post-4526","1":"post","2":"type-post","3":"status-publish","4":"format-standard","6":"category-impactos-ambientais-textos","7":"tag-areas-degradadas"},"yoast_head":"<!-- This site is optimized with the Yoast SEO plugin v25.1 - https:\/\/yoast.com\/wordpress\/plugins\/seo\/ -->\n<title>Recupera\u00e7\u00e3o e Est\u00e9tica das \u00c1reas Degradadas - CENED<\/title>\n<meta name=\"description\" content=\"Para entender o processo que ocorre nas \u00e1reas degradadas \u00e9 preciso conhecer alguns conceitos b\u00e1sicos sobre o tema como restaura\u00e7\u00e3o, reabilita\u00e7\u00e3o, recupera\u00e7\u00e3o\" \/>\n<meta name=\"robots\" content=\"index, follow, max-snippet:-1, max-image-preview:large, max-video-preview:-1\" \/>\n<link rel=\"canonical\" href=\"https:\/\/cenedcursos.com.br\/meio-ambiente\/recuperacao-e-estetica-das-areas-degradadas\/\" \/>\n<meta property=\"og:locale\" content=\"pt_BR\" \/>\n<meta property=\"og:type\" content=\"article\" \/>\n<meta property=\"og:title\" content=\"Recupera\u00e7\u00e3o e Est\u00e9tica das \u00c1reas Degradadas - CENED\" \/>\n<meta property=\"og:description\" content=\"Para entender o processo que ocorre nas \u00e1reas degradadas \u00e9 preciso conhecer alguns conceitos b\u00e1sicos sobre o tema como restaura\u00e7\u00e3o, reabilita\u00e7\u00e3o, recupera\u00e7\u00e3o\" \/>\n<meta property=\"og:url\" content=\"https:\/\/cenedcursos.com.br\/meio-ambiente\/recuperacao-e-estetica-das-areas-degradadas\/\" \/>\n<meta property=\"og:site_name\" content=\"CENED Cursos Online\" \/>\n<meta property=\"article:published_time\" content=\"2015-12-06T21:12:48+00:00\" \/>\n<meta property=\"og:image\" content=\"https:\/\/www.cenedcursos.com.br\/meio-ambiente\/wp-content\/uploads\/2015\/12\/recuperacao-areas-degradadas-300x202.jpg\" \/>\n<meta name=\"author\" content=\"Amarildo R. Ferrari\" \/>\n<meta name=\"twitter:card\" content=\"summary_large_image\" \/>\n<meta name=\"twitter:label1\" content=\"Escrito por\" \/>\n\t<meta name=\"twitter:data1\" content=\"Amarildo R. Ferrari\" \/>\n\t<meta name=\"twitter:label2\" content=\"Est. tempo de leitura\" \/>\n\t<meta name=\"twitter:data2\" content=\"2 minutos\" \/>\n<script type=\"application\/ld+json\" class=\"yoast-schema-graph\">{\"@context\":\"https:\/\/schema.org\",\"@graph\":[{\"@type\":\"WebPage\",\"@id\":\"https:\/\/cenedcursos.com.br\/meio-ambiente\/recuperacao-e-estetica-das-areas-degradadas\/\",\"url\":\"https:\/\/cenedcursos.com.br\/meio-ambiente\/recuperacao-e-estetica-das-areas-degradadas\/\",\"name\":\"Recupera\u00e7\u00e3o e Est\u00e9tica das \u00c1reas Degradadas - CENED\",\"isPartOf\":{\"@id\":\"https:\/\/cenedcursos.com.br\/meio-ambiente\/#website\"},\"primaryImageOfPage\":{\"@id\":\"https:\/\/cenedcursos.com.br\/meio-ambiente\/recuperacao-e-estetica-das-areas-degradadas\/#primaryimage\"},\"image\":{\"@id\":\"https:\/\/cenedcursos.com.br\/meio-ambiente\/recuperacao-e-estetica-das-areas-degradadas\/#primaryimage\"},\"thumbnailUrl\":\"https:\/\/www.cenedcursos.com.br\/meio-ambiente\/wp-content\/uploads\/2015\/12\/recuperacao-areas-degradadas-300x202.jpg\",\"datePublished\":\"2015-12-06T21:12:48+00:00\",\"author\":{\"@id\":\"https:\/\/cenedcursos.com.br\/meio-ambiente\/#\/schema\/person\/64377d24cdc16779a1eb6229894af388\"},\"description\":\"Para entender o processo que ocorre nas \u00e1reas degradadas \u00e9 preciso conhecer alguns conceitos b\u00e1sicos sobre o tema como restaura\u00e7\u00e3o, reabilita\u00e7\u00e3o, recupera\u00e7\u00e3o\",\"breadcrumb\":{\"@id\":\"https:\/\/cenedcursos.com.br\/meio-ambiente\/recuperacao-e-estetica-das-areas-degradadas\/#breadcrumb\"},\"inLanguage\":\"pt-BR\",\"potentialAction\":[{\"@type\":\"ReadAction\",\"target\":[\"https:\/\/cenedcursos.com.br\/meio-ambiente\/recuperacao-e-estetica-das-areas-degradadas\/\"]}]},{\"@type\":\"ImageObject\",\"inLanguage\":\"pt-BR\",\"@id\":\"https:\/\/cenedcursos.com.br\/meio-ambiente\/recuperacao-e-estetica-das-areas-degradadas\/#primaryimage\",\"url\":\"https:\/\/www.cenedcursos.com.br\/meio-ambiente\/wp-content\/uploads\/2015\/12\/recuperacao-areas-degradadas-300x202.jpg\",\"contentUrl\":\"https:\/\/www.cenedcursos.com.br\/meio-ambiente\/wp-content\/uploads\/2015\/12\/recuperacao-areas-degradadas-300x202.jpg\"},{\"@type\":\"BreadcrumbList\",\"@id\":\"https:\/\/cenedcursos.com.br\/meio-ambiente\/recuperacao-e-estetica-das-areas-degradadas\/#breadcrumb\",\"itemListElement\":[{\"@type\":\"ListItem\",\"position\":1,\"name\":\"In\u00edcio\",\"item\":\"https:\/\/cenedcursos.com.br\/meio-ambiente\/\"},{\"@type\":\"ListItem\",\"position\":2,\"name\":\"Recupera\u00e7\u00e3o e Est\u00e9tica das \u00c1reas Degradadas\"}]},{\"@type\":\"WebSite\",\"@id\":\"https:\/\/cenedcursos.com.br\/meio-ambiente\/#website\",\"url\":\"https:\/\/cenedcursos.com.br\/meio-ambiente\/\",\"name\":\"CENED Cursos Online\",\"description\":\"Aqui voc\u00ea encontra artigos em diversas \u00e1reas do conhecimento: meio ambiente, educa\u00e7\u00e3o, marketing digital, neg\u00f3cios online e muito mais.\",\"potentialAction\":[{\"@type\":\"SearchAction\",\"target\":{\"@type\":\"EntryPoint\",\"urlTemplate\":\"https:\/\/cenedcursos.com.br\/meio-ambiente\/?s={search_term_string}\"},\"query-input\":{\"@type\":\"PropertyValueSpecification\",\"valueRequired\":true,\"valueName\":\"search_term_string\"}}],\"inLanguage\":\"pt-BR\"},{\"@type\":\"Person\",\"@id\":\"https:\/\/cenedcursos.com.br\/meio-ambiente\/#\/schema\/person\/64377d24cdc16779a1eb6229894af388\",\"name\":\"Amarildo R. Ferrari\",\"image\":{\"@type\":\"ImageObject\",\"inLanguage\":\"pt-BR\",\"@id\":\"https:\/\/cenedcursos.com.br\/meio-ambiente\/#\/schema\/person\/image\/\",\"url\":\"https:\/\/secure.gravatar.com\/avatar\/6ea4248ca9f295c93f1b72f8398232f0fbbffe30349e6ec3839cfa5e09b0de3c?s=96&d=mm&r=g\",\"contentUrl\":\"https:\/\/secure.gravatar.com\/avatar\/6ea4248ca9f295c93f1b72f8398232f0fbbffe30349e6ec3839cfa5e09b0de3c?s=96&d=mm&r=g\",\"caption\":\"Amarildo R. Ferrari\"},\"sameAs\":[\"https:\/\/cenedcursos.com.br\/meio-ambiente\"],\"url\":\"https:\/\/cenedcursos.com.br\/meio-ambiente\/author\/admin\/\"}]}<\/script>\n<!-- \/ Yoast SEO plugin. -->","yoast_head_json":{"title":"Recupera\u00e7\u00e3o e Est\u00e9tica das \u00c1reas Degradadas - CENED","description":"Para entender o processo que ocorre nas \u00e1reas degradadas \u00e9 preciso conhecer alguns conceitos b\u00e1sicos sobre o tema como restaura\u00e7\u00e3o, reabilita\u00e7\u00e3o, recupera\u00e7\u00e3o","robots":{"index":"index","follow":"follow","max-snippet":"max-snippet:-1","max-image-preview":"max-image-preview:large","max-video-preview":"max-video-preview:-1"},"canonical":"https:\/\/cenedcursos.com.br\/meio-ambiente\/recuperacao-e-estetica-das-areas-degradadas\/","og_locale":"pt_BR","og_type":"article","og_title":"Recupera\u00e7\u00e3o e Est\u00e9tica das \u00c1reas Degradadas - CENED","og_description":"Para entender o processo que ocorre nas \u00e1reas degradadas \u00e9 preciso conhecer alguns conceitos b\u00e1sicos sobre o tema como restaura\u00e7\u00e3o, reabilita\u00e7\u00e3o, recupera\u00e7\u00e3o","og_url":"https:\/\/cenedcursos.com.br\/meio-ambiente\/recuperacao-e-estetica-das-areas-degradadas\/","og_site_name":"CENED Cursos Online","article_published_time":"2015-12-06T21:12:48+00:00","og_image":[{"url":"https:\/\/www.cenedcursos.com.br\/meio-ambiente\/wp-content\/uploads\/2015\/12\/recuperacao-areas-degradadas-300x202.jpg","type":"","width":"","height":""}],"author":"Amarildo R. Ferrari","twitter_card":"summary_large_image","twitter_misc":{"Escrito por":"Amarildo R. Ferrari","Est. tempo de leitura":"2 minutos"},"schema":{"@context":"https:\/\/schema.org","@graph":[{"@type":"WebPage","@id":"https:\/\/cenedcursos.com.br\/meio-ambiente\/recuperacao-e-estetica-das-areas-degradadas\/","url":"https:\/\/cenedcursos.com.br\/meio-ambiente\/recuperacao-e-estetica-das-areas-degradadas\/","name":"Recupera\u00e7\u00e3o e Est\u00e9tica das \u00c1reas Degradadas - CENED","isPartOf":{"@id":"https:\/\/cenedcursos.com.br\/meio-ambiente\/#website"},"primaryImageOfPage":{"@id":"https:\/\/cenedcursos.com.br\/meio-ambiente\/recuperacao-e-estetica-das-areas-degradadas\/#primaryimage"},"image":{"@id":"https:\/\/cenedcursos.com.br\/meio-ambiente\/recuperacao-e-estetica-das-areas-degradadas\/#primaryimage"},"thumbnailUrl":"https:\/\/www.cenedcursos.com.br\/meio-ambiente\/wp-content\/uploads\/2015\/12\/recuperacao-areas-degradadas-300x202.jpg","datePublished":"2015-12-06T21:12:48+00:00","author":{"@id":"https:\/\/cenedcursos.com.br\/meio-ambiente\/#\/schema\/person\/64377d24cdc16779a1eb6229894af388"},"description":"Para entender o processo que ocorre nas \u00e1reas degradadas \u00e9 preciso conhecer alguns conceitos b\u00e1sicos sobre o tema como restaura\u00e7\u00e3o, reabilita\u00e7\u00e3o, recupera\u00e7\u00e3o","breadcrumb":{"@id":"https:\/\/cenedcursos.com.br\/meio-ambiente\/recuperacao-e-estetica-das-areas-degradadas\/#breadcrumb"},"inLanguage":"pt-BR","potentialAction":[{"@type":"ReadAction","target":["https:\/\/cenedcursos.com.br\/meio-ambiente\/recuperacao-e-estetica-das-areas-degradadas\/"]}]},{"@type":"ImageObject","inLanguage":"pt-BR","@id":"https:\/\/cenedcursos.com.br\/meio-ambiente\/recuperacao-e-estetica-das-areas-degradadas\/#primaryimage","url":"https:\/\/www.cenedcursos.com.br\/meio-ambiente\/wp-content\/uploads\/2015\/12\/recuperacao-areas-degradadas-300x202.jpg","contentUrl":"https:\/\/www.cenedcursos.com.br\/meio-ambiente\/wp-content\/uploads\/2015\/12\/recuperacao-areas-degradadas-300x202.jpg"},{"@type":"BreadcrumbList","@id":"https:\/\/cenedcursos.com.br\/meio-ambiente\/recuperacao-e-estetica-das-areas-degradadas\/#breadcrumb","itemListElement":[{"@type":"ListItem","position":1,"name":"In\u00edcio","item":"https:\/\/cenedcursos.com.br\/meio-ambiente\/"},{"@type":"ListItem","position":2,"name":"Recupera\u00e7\u00e3o e Est\u00e9tica das \u00c1reas Degradadas"}]},{"@type":"WebSite","@id":"https:\/\/cenedcursos.com.br\/meio-ambiente\/#website","url":"https:\/\/cenedcursos.com.br\/meio-ambiente\/","name":"CENED Cursos Online","description":"Aqui voc\u00ea encontra artigos em diversas \u00e1reas do conhecimento: meio ambiente, educa\u00e7\u00e3o, marketing digital, neg\u00f3cios online e muito mais.","potentialAction":[{"@type":"SearchAction","target":{"@type":"EntryPoint","urlTemplate":"https:\/\/cenedcursos.com.br\/meio-ambiente\/?s={search_term_string}"},"query-input":{"@type":"PropertyValueSpecification","valueRequired":true,"valueName":"search_term_string"}}],"inLanguage":"pt-BR"},{"@type":"Person","@id":"https:\/\/cenedcursos.com.br\/meio-ambiente\/#\/schema\/person\/64377d24cdc16779a1eb6229894af388","name":"Amarildo R. Ferrari","image":{"@type":"ImageObject","inLanguage":"pt-BR","@id":"https:\/\/cenedcursos.com.br\/meio-ambiente\/#\/schema\/person\/image\/","url":"https:\/\/secure.gravatar.com\/avatar\/6ea4248ca9f295c93f1b72f8398232f0fbbffe30349e6ec3839cfa5e09b0de3c?s=96&d=mm&r=g","contentUrl":"https:\/\/secure.gravatar.com\/avatar\/6ea4248ca9f295c93f1b72f8398232f0fbbffe30349e6ec3839cfa5e09b0de3c?s=96&d=mm&r=g","caption":"Amarildo R. Ferrari"},"sameAs":["https:\/\/cenedcursos.com.br\/meio-ambiente"],"url":"https:\/\/cenedcursos.com.br\/meio-ambiente\/author\/admin\/"}]}},"jetpack_featured_media_url":"","jetpack_sharing_enabled":true,"_links":{"self":[{"href":"https:\/\/cenedcursos.com.br\/meio-ambiente\/wp-json\/wp\/v2\/posts\/4526","targetHints":{"allow":["GET"]}}],"collection":[{"href":"https:\/\/cenedcursos.com.br\/meio-ambiente\/wp-json\/wp\/v2\/posts"}],"about":[{"href":"https:\/\/cenedcursos.com.br\/meio-ambiente\/wp-json\/wp\/v2\/types\/post"}],"author":[{"embeddable":true,"href":"https:\/\/cenedcursos.com.br\/meio-ambiente\/wp-json\/wp\/v2\/users\/1"}],"replies":[{"embeddable":true,"href":"https:\/\/cenedcursos.com.br\/meio-ambiente\/wp-json\/wp\/v2\/comments?post=4526"}],"version-history":[{"count":0,"href":"https:\/\/cenedcursos.com.br\/meio-ambiente\/wp-json\/wp\/v2\/posts\/4526\/revisions"}],"wp:attachment":[{"href":"https:\/\/cenedcursos.com.br\/meio-ambiente\/wp-json\/wp\/v2\/media?parent=4526"}],"wp:term":[{"taxonomy":"category","embeddable":true,"href":"https:\/\/cenedcursos.com.br\/meio-ambiente\/wp-json\/wp\/v2\/categories?post=4526"},{"taxonomy":"post_tag","embeddable":true,"href":"https:\/\/cenedcursos.com.br\/meio-ambiente\/wp-json\/wp\/v2\/tags?post=4526"}],"curies":[{"name":"wp","href":"https:\/\/api.w.org\/{rel}","templated":true}]}}