{"id":558,"date":"2017-04-24T17:11:52","date_gmt":"2017-04-24T20:11:52","guid":{"rendered":"http:\/\/www.cenedcursos.com.br\/?p=558"},"modified":"2017-04-24T17:11:52","modified_gmt":"2017-04-24T20:11:52","slug":"agrotoxicos","status":"publish","type":"post","link":"https:\/\/cenedcursos.com.br\/meio-ambiente\/agrotoxicos\/","title":{"rendered":"Agrot\u00f3xicos e a sua utiliza\u00e7\u00e3o"},"content":{"rendered":"<p style=\"text-align: justify;\"><span style=\"font-size: 12pt; font-family: arial, helvetica, sans-serif;\">O uso adequado de agrot\u00f3xicos \u00e9 um dos temas que vem atraindo a aten\u00e7\u00e3o de v\u00e1rios segmentos do setor agr\u00edcola, uma vez que tem implica\u00e7\u00f5es em tr\u00eas \u00e1reas b\u00e1sicas de grande import\u00e2ncia no contexto global da sustentabilidade da agricultura: a preserva\u00e7\u00e3o do ambiente, a seguran\u00e7a da sa\u00fade dos usu\u00e1rios e a seguran\u00e7a alimentar.Devido a isto venho apresentar um estudo sobre este veneno que \u00e9 consumido por n\u00f3s todos os dias atrav\u00e9s das nossas alimenta\u00e7\u00e3o.<\/span><\/p>\n<p style=\"text-align: justify;\"><span style=\"font-size: 12pt; font-family: arial, helvetica, sans-serif;\"><strong>Agrot\u00f3xicos<\/strong><\/span><\/p>\n<p style=\"text-align: justify;\"><span style=\"font-size: 12pt; font-family: arial, helvetica, sans-serif;\">Os agrot\u00f3xicos foram desenvolvidos na Primeira Guerra Mundial e utilizados mais amplamente na Segunda Guerra Mundial como arma qu\u00edmica. Com o fim da guerra, o produto desenvolvido passou a ser utilizado como &#8220;defensivo agr\u00edcola&#8221;.<\/span><\/p>\n<p style=\"text-align: justify;\"><span style=\"font-size: 12pt; font-family: arial, helvetica, sans-serif;\">O primeiro veneno, o composto org\u00e2nico DDT, foi sintetizado em 1874 por Othomar Zeidler, por\u00e9m s\u00f3 em 1939 Paul Muller descobriu suas propriedades inseticidas. Pela descoberta e posterior aplica\u00e7\u00e3o do DDT no combate a insetos, Muller recebeu o pr\u00eamio Nobel de qu\u00edmica em 1948. O DDT era ent\u00e3o a grande arma para acabar com o inseto propagador da mal\u00e1ria, at\u00e9 que descobriu-se que ele \u2013 como todos os compostos organoclorados \u2013 \u00e9 cancer\u00edgeno, teratog\u00eanico e cumulativo no organismo.<\/span><\/p>\n<p style=\"text-align: justify;\"><span style=\"font-size: 12pt; font-family: arial, helvetica, sans-serif;\"><a href=\"https:\/\/i0.wp.com\/www.cenedcursos.com.br\/meio-ambiente\/wp-content\/uploads\/2009\/04\/agrot%C3%B3xicos.jpg?ssl=1\"><img data-recalc-dims=\"1\" loading=\"lazy\" decoding=\"async\" data-attachment-id=\"10065\" data-permalink=\"https:\/\/cenedcursos.com.br\/meio-ambiente\/agrotoxicos-2\/\" data-orig-file=\"https:\/\/i0.wp.com\/cenedcursos.com.br\/meio-ambiente\/wp-content\/uploads\/2009\/04\/agrotoxicos.jpg?fit=700%2C463&amp;ssl=1\" data-orig-size=\"700,463\" data-comments-opened=\"1\" data-image-meta=\"{&quot;aperture&quot;:&quot;0&quot;,&quot;credit&quot;:&quot;&quot;,&quot;camera&quot;:&quot;&quot;,&quot;caption&quot;:&quot;&quot;,&quot;created_timestamp&quot;:&quot;0&quot;,&quot;copyright&quot;:&quot;&quot;,&quot;focal_length&quot;:&quot;0&quot;,&quot;iso&quot;:&quot;0&quot;,&quot;shutter_speed&quot;:&quot;0&quot;,&quot;title&quot;:&quot;&quot;,&quot;orientation&quot;:&quot;0&quot;}\" data-image-title=\"agrot\u00f3xicos\" data-image-description=\"\" data-image-caption=\"\" data-medium-file=\"https:\/\/i0.wp.com\/cenedcursos.com.br\/meio-ambiente\/wp-content\/uploads\/2009\/04\/agrotoxicos.jpg?fit=300%2C198&amp;ssl=1\" data-large-file=\"https:\/\/i0.wp.com\/cenedcursos.com.br\/meio-ambiente\/wp-content\/uploads\/2009\/04\/agrotoxicos.jpg?fit=696%2C460&amp;ssl=1\" class=\"alignnone size-full wp-image-10065\" src=\"https:\/\/i0.wp.com\/www.cenedcursos.com.br\/meio-ambiente\/wp-content\/uploads\/2009\/04\/agrot%C3%B3xicos.jpg?resize=696%2C460&#038;ssl=1\" alt=\"agrot\u00f3xicos\" width=\"696\" height=\"460\" \/><\/a>No p\u00f3s-guerra, os vencedores articularam uma expans\u00e3o dos seus neg\u00f3cios a partir das ind\u00fastrias que haviam se desenvolvido durante o conflito, e entre elas a ind\u00fastria qu\u00edmica. Na Europa havia fome. Foi ent\u00e3o que surgiu a &#8220;revolu\u00e7\u00e3o verde&#8221;, que visava promover a agricultura, gerando comida para os famintos do mundo.<\/span><\/p>\n<p style=\"text-align: justify;\"><span style=\"font-size: 12pt; font-family: arial, helvetica, sans-serif;\">A &#8220;revolu\u00e7\u00e3o verde&#8221; chegou ao Brasil em meados da d\u00e9cada de 60. Foi implantada atrav\u00e9s de imposi\u00e7\u00e3o das ind\u00fastrias de venenos e do governo brasileiro: o financiamento banc\u00e1rio para a compra de semente s\u00f3 saia se o agricultor comprasse tamb\u00e9m o adubo e o agrot\u00f3xico.<\/span><\/p>\n<p style=\"text-align: justify;\"><span style=\"font-size: 12pt; font-family: arial, helvetica, sans-serif;\">Esta pol\u00edtica levou a uma grande contamina\u00e7\u00e3o ambiental, sem que a fome fosse extinta. Hoje, 1\/5 das crian\u00e7as n\u00e3o ingerem a quantidade suficiente de calorias e prote\u00ednas que necessitam. E cerca de 2 bilh\u00f5es de pessoas \u2013 terceira parte de humanidade \u2013 sofrem de anemia. A cada ano 30 milh\u00f5es de pesssoas morrem de fome no mundo e 800 milh\u00f5es sofrem de subalimenta\u00e7\u00e3o cr\u00f4nica.<\/span><\/p>\n<p style=\"text-align: justify;\"><span style=\"font-size: 12pt; font-family: arial, helvetica, sans-serif;\">Enquanto alguns pa\u00edses, principalmente da Europa, tentam reverter o duro quadro de degrada\u00e7\u00e3o ambiental e contamina\u00e7\u00e3o dos alimentos, no Brasil a situa\u00e7\u00e3o se agrava a cada ano. Em 1970, f\u00e1bricas obsoletas foram transferidas para o Brasil, que est\u00e1 entre os 5 maiores consumidores de venenos na agricultura no mundo.<\/span><\/p>\n<p style=\"text-align: justify;\"><span style=\"font-size: 12pt; font-family: arial, helvetica, sans-serif;\">Estima-se que no ano passado foram vendidos no pa\u00eds cerca de US$ 2 bilh\u00f5es de agrot\u00f3xicos, aproximadamente 400 mil toneladas.<\/span><\/p>\n<p style=\"text-align: justify;\"><span style=\"font-size: 12pt; font-family: arial, helvetica, sans-serif;\">A degrada\u00e7\u00e3o do meio ambiente tem conseq\u00fc\u00eancias a longo prazo e seus efeitos podem ser irrevers\u00edveis. Em escala planet\u00e1rias, existem mais de 2 trilh\u00f5es de toneladas de res\u00edduos industriais s\u00f3lidos e cerca de 350 milh\u00f5es de toneladas de detritos gerados por ano.<\/span><\/p>\n<p style=\"text-align: justify;\"><span style=\"font-size: 12pt; font-family: arial, helvetica, sans-serif;\">A utiliza\u00e7\u00e3o de agrot\u00f3xicos est\u00e1 comprometendo toda a humanidade e a vida na Terra. Os trabalhadores que manuseiam os venenos trabalham sem nenhuma prote\u00e7\u00e3o, como botas, macac\u00f5es, m\u00e1scaras, capacetes, luvas e outros equipamentos. N\u00e3o existe orienta\u00e7\u00e3o e falta conhecimento do que fazer com res\u00edduos e embalagens. O governo brasileiro nunca fez valer a lei de agrot\u00f3xicos que, entre outros aspectos, pro\u00edbem a comercializa\u00e7\u00e3o de produtos que sejam cancer\u00edgenos, mutag\u00eanicos e teratog\u00eanicos.<\/span><\/p>\n<p style=\"text-align: justify;\"><span style=\"font-size: 12pt; font-family: arial, helvetica, sans-serif;\">Atualmente, o controle dos agrot\u00f3xicos deve ser feito pelo Minist\u00e9rio da Sa\u00fade e a quest\u00e3o ambiental para o <a href=\"http:\/\/www.ibama.gov.br\/agrotoxicos\" target=\"_blank\" rel=\"noopener noreferrer\">Ibama<\/a>. O governo quer passar tudo para o Minist\u00e9rio da Agricultura.<\/span><\/p>\n<p style=\"text-align: justify;\"><span style=\"font-size: 12pt; font-family: arial, helvetica, sans-serif;\">Os agrot\u00f3xicos podem ser divididos em inseticidas e herbicidas. Os inseticidas formam 3 grandes grupos, os organoclorados, os organofosforados e carbamatos e as piretrinas. Os herbicidas t\u00eam como grupos mais importantes Paraquat, clorofenoxois e dinitrofen\u00f3is.<\/span><\/p>\n<p style=\"text-align: justify;\"><span style=\"font-size: 12pt; font-family: arial, helvetica, sans-serif;\">Os organoclorados s\u00e3o os que mais persistem no meio ambiente, chegando a permanecer por at\u00e9 30 anos. S\u00e3o absorvidos por via oral, respirat\u00f3ria e d\u00e9rmica, e atingem o sistema nervoso central e perif\u00e9rico. Provocando c\u00e2ncer e por isso foram banidos de v\u00e1rios pa\u00edses.<\/span><\/p>\n<p style=\"text-align: justify;\"><span style=\"font-size: 12pt; font-family: arial, helvetica, sans-serif;\">Os organofosforados e carbamatos s\u00e3o inseticidas mais utilizados atualmente a tamb\u00e9m s\u00e3o absorvidos pelas vias oral, respirat\u00f3ria e d\u00e9rmica. Seus efeitos s\u00e3o altera\u00e7\u00e3o do funcionamento dos m\u00fasculos c\u00e9rebro e gl\u00e2ndulas.<\/span><\/p>\n<p style=\"text-align: justify;\"><span style=\"font-size: 12pt; font-family: arial, helvetica, sans-serif;\">As piretrinas s\u00e3o inseticidas naturais ou artificiais. S\u00e3o inst\u00e1veis \u00e0 luz e por isso n\u00e3o se prestam \u00e0 agricultura. S\u00e3o usados em ambientes dom\u00e9sticos na forma de spray, espirais ou em tabletes que se dissolvem ao aquecimento. S\u00e3o subst\u00e2ncias alergizantes e desencadeiam crises de asma e bronquites em crian\u00e7as.<\/span><\/p>\n<p style=\"text-align: justify;\"><span style=\"font-size: 12pt; font-family: arial, helvetica, sans-serif;\">O herbicida Paraquat oferece grande risco. \u00c9 um herbicida que mata todos os tipos de plantas. A subst\u00e2ncia determina les\u00f5es de Rim e se concentra nos Pulm\u00f5es, causando fibrose irrevers\u00edvel.<\/span><\/p>\n<p style=\"text-align: justify;\"><span style=\"font-size: 12pt; font-family: arial, helvetica, sans-serif;\">Os principais clorofen\u00f3is s\u00e3o o 2.4-D e o 2.4.5-T, que s\u00e3o cancer\u00edgenos. O agente laranja, usado na Guerra do Vietn\u00e3, \u00e9 uma mistura do 2.4-D e do 2.4.5-T.<\/span><\/p>\n<p style=\"text-align: justify;\"><span style=\"font-size: 12pt; font-family: arial, helvetica, sans-serif;\">Al\u00e9m dos dados acima, alguns pontos merecem ser levantados. Atualmente, 6 a 8 empresas det\u00eam o oligop\u00f3lio da produ\u00e7\u00e3o de agrot\u00f3xicos no mundo. Em 1981 a Alemanha vendeu 2 f\u00e1bricas de venenos para o Iraque matar os curdos. O Tamarron matou 16 pessoas em 1 ano na Costa Rica. Milhares de jovens \u00e0s vezes com menos de 18 anos, quimicamente s\u00e3o castrados pelo DDCT (Bromocloropropano), que foi parado de fabricar nos USA em 1970.<\/span><\/p>\n<p style=\"text-align: justify;\"><span style=\"font-size: 12pt; font-family: arial, helvetica, sans-serif;\">Na U.E. uma pessoa s\u00f3 pode comprar fosforados ap\u00f3s um curso de 60 horas e receber carteira de autoriza\u00e7\u00e3o de usar o agrot\u00f3xico no munic\u00edpio. A maioria das f\u00e1bricas de agrot\u00f3xicos atualmente est\u00e3o em pa\u00edses do Terceiro mundo. Al\u00e9m disso, agrot\u00f3xico n\u00e3o paga ICMS no Brasil.<\/span><\/p>\n<p style=\"text-align: justify;\"><span style=\"font-size: 12pt; font-family: arial, helvetica, sans-serif;\"><strong>Intoxica\u00e7\u00e3o por agrot\u00f3xicos<\/strong><\/span><\/p>\n<p style=\"text-align: justify;\"><span style=\"font-size: 12pt; font-family: arial, helvetica, sans-serif;\">O Brasil encontra-se entre um dos maiores consumidores de produtos praquicidas (agrot\u00f3xicos) do mundo, tanto aqueles de uso agr\u00edcola como os dom\u00e9sticos (domissanit\u00e1rios) e os utilizados em Campanha de Sa\u00fade.<\/span><\/p>\n<p style=\"text-align: justify;\"><span style=\"font-size: 12pt; font-family: arial, helvetica, sans-serif;\">Dada a falta de controle no uso destas substancias qu\u00edmicas t\u00f3xicas e o desconhecimento da popula\u00e7\u00e3o em geral sobre os riscos e perigos \u00e0 sa\u00fade da\u00ed decorrentes, <\/span><\/p>\n<p style=\"text-align: justify;\"><span style=\"font-size: 12pt; font-family: arial, helvetica, sans-serif;\">estima-se que as taxas de intoxica\u00e7\u00f5es humanas no pais sejam altas. Deve-se levar em conta que, segundo a Organiza\u00e7\u00e3o Nacional de Sa\u00fade para cada caso notificado de intoxica\u00e7\u00e3o ter-se-ia 50 outros n\u00e3o notificados.<\/span><\/p>\n<p><iframe loading=\"lazy\" src=\"https:\/\/www.youtube.com\/embed\/_R8-xiXQSFQ\" width=\"560\" height=\"315\" frameborder=\"0\" allowfullscreen=\"allowfullscreen\"><\/iframe><\/p>\n<p style=\"text-align: justify;\"><span style=\"font-size: 12pt; font-family: arial, helvetica, sans-serif;\"><strong>Os perigos representados pelos agrot\u00f3xicos<\/strong><\/span><\/p>\n<p style=\"text-align: justify;\"><span style=\"font-size: 12pt; font-family: arial, helvetica, sans-serif;\">O perigo come\u00e7a no pr\u00f3prio campo, com os agricultores que pulverizam os agrot\u00f3xicos nas lavouras. A exposi\u00e7\u00e3o destes produtos de elevada toxidade sem a devida prote\u00e7\u00e3o pode ocasionar invalidez e at\u00e9 morte.<\/span><\/p>\n<p style=\"text-align: justify;\"><span style=\"font-size: 12pt; font-family: arial, helvetica, sans-serif;\">Em seguida, o perigo chega \u00e0 mesa do consumidor dos grandes e m\u00e9dios centros urbanos. Os vegetais e frutas dispon\u00edveis no mercado, de aspecto agrad\u00e1vel podem esconder em sua pel\u00edcula externa fragmentos de agrot\u00f3xicos utilizados na lavoura.<\/span><\/p>\n<p style=\"text-align: justify;\"><span style=\"font-size: 12pt; font-family: arial, helvetica, sans-serif;\">O consumo de alimentos cultivados com adubos org\u00e2nicos, sementes resistentes e que utilizem um controle biol\u00f3gico de pragas seria o ideal. Entretanto, este tipo de agricultura n\u00e3o \u00e9 incentivado pelo governo, o que encarece e dificulta a comercializa\u00e7\u00e3o dos produtos.<\/span><\/p>\n<p style=\"text-align: justify;\"><span style=\"font-size: 12pt; font-family: arial, helvetica, sans-serif;\">Os metais pesados atuam como agrot\u00f3xicos quando lan\u00e7ados nos rios e oceanos; acumulando na cadeia alimentar, chegam pelas descargas dos rios contaminados. As principais fontes s\u00e3o as industriais, os garimpos e as lavouras, que aplicam cobre e zinco no combate aos fungos.<\/span><\/p>\n<p style=\"text-align: justify;\"><span style=\"font-size: 12pt; font-family: arial, helvetica, sans-serif;\">Os efeitos da contamina\u00e7\u00e3o dependem n\u00e3o s\u00f3 da dose, como tamb\u00e9m do tipo de poluente. O chumbo altera a s\u00edntese de hemoglobina, provocando anemia, insufici\u00eancia renal, problemas no sistema nervoso, c\u00f3licas intestinais e convuls\u00f5es.<\/span><\/p>\n<p style=\"text-align: justify;\"><span style=\"font-size: 12pt; font-family: arial, helvetica, sans-serif;\">Outro sistema de contamina\u00e7\u00e3o ocorre por ar contaminado, onde poluentes podem acarretar em debilidade mental, tontura e enfraquecimento de pernas.<\/span><\/p>\n<p style=\"text-align: justify;\"><span style=\"font-size: 12pt; font-family: arial, helvetica, sans-serif;\"><strong>Bioacumula\u00e7\u00e3o, eutrofiza\u00e7\u00e3o e conceito<\/strong><\/span><\/p>\n<p style=\"text-align: justify;\"><span style=\"font-size: 12pt; font-family: arial, helvetica, sans-serif;\">A bioacumula\u00e7\u00e3o e o fen\u00f4meno atrav\u00e9s do qual os organismos vivos ret\u00eam, dentro de si, certas substancias t\u00f3xicas sem conseguir elimin\u00e1-las.<\/span><\/p>\n<p style=\"text-align: justify;\"><span style=\"font-size: 12pt; font-family: arial, helvetica, sans-serif;\">A eutrofiza\u00e7\u00e3o refere-se ao que poder\u00edamos chamar de &#8220;fertiliza\u00e7\u00e3o&#8221; das \u00e1guas dos rios, lagos, represas, ou mesmo do mar, e ocorre continuamente com dep\u00f3sito de v\u00e1rias substancias nutritivas que v\u00e3o alimentar as algas, os peixes e outros organismos aqu\u00e1ticos.<\/span><\/p>\n<p style=\"text-align: justify;\"><span style=\"font-size: 12pt; font-family: arial, helvetica, sans-serif;\">Quando estas &#8220;fertiliza\u00e7\u00f5es&#8221; acontecem lentamente, de modo a contribuir para o equil\u00edbrio ecol\u00f3gico do ambiente aqu\u00e1tico, \u00e9 chamada de eutrofiza\u00e7\u00e3o natural.<\/span><\/p>\n<p style=\"text-align: justify;\"><span style=\"font-size: 12pt; font-family: arial, helvetica, sans-serif;\">Certas atividades humanas, como a agricultura, fazem chegar at\u00e9 as \u00e1guas superficiais uma quantidade de nutrientes muito maior que o normal. Arrastados pelas enxurradas, os adubos agr\u00edcolas chegam at\u00e9 os rios e lagos, o que se chama de eutrofiza\u00e7\u00e3o cultural.<\/span><\/p>\n<p style=\"text-align: justify;\"><span style=\"font-size: 12pt; font-family: arial, helvetica, sans-serif;\"><strong>Conceitos de polui\u00e7\u00e3o<\/strong><\/span><\/p>\n<p style=\"text-align: justify;\"><span style=\"font-size: 12pt; font-family: arial, helvetica, sans-serif;\">De acordo com o conceito mais moderno e abrangente, polui\u00e7\u00e3o \u00e9 tudo que ocorre com o meio e que altera suas caracter\u00edsticas originais. Assim, um lago utilizado para o abastecimento de \u00e1gua ou para a pesca, estar\u00e1 polu\u00eddo quando n\u00e3o mais se prestar a essas fun\u00e7\u00f5es.<\/span><\/p>\n<p style=\"text-align: justify;\"><span style=\"font-size: 12pt; font-family: arial, helvetica, sans-serif;\"><strong>Esgotos<\/strong><\/span><\/p>\n<p style=\"text-align: justify;\"><span style=\"font-size: 12pt; font-family: arial, helvetica, sans-serif;\">Os esgotos cont\u00eam, al\u00e9m de fezes humanas, restos de alimentos, sab\u00f5es e detergentes, sendo considerados os principais fatores poluentes das \u00e1guas em regi\u00f5es densamente povoadas. Podendo citar como exemplo de \u00e1guas polu\u00eddas por esgoto o rio Gua\u00edba em Porto Alegre; o rio Tiet\u00ea em S\u00e3o Paulo; e a Ba\u00eda de Guanabara no Rio de Janeiro.<\/span><\/p>\n<p style=\"text-align: justify;\"><span style=\"font-size: 12pt; font-family: arial, helvetica, sans-serif;\"><strong>Agricultura<\/strong><\/span><\/p>\n<p style=\"text-align: justify;\"><span style=\"font-size: 12pt; font-family: arial, helvetica, sans-serif;\">A agricultura contribui drasticamente com a polui\u00e7\u00e3o das \u00e1guas, tanto superficiais como subterr\u00e2neas.<\/span><\/p>\n<p style=\"text-align: justify;\"><span style=\"font-size: 12pt; font-family: arial, helvetica, sans-serif;\">Essa contribui\u00e7\u00e3o se faz, basicamente, de duas formas: pelo aumento do despejo de subst\u00e2ncias eutrofizantes e pelo despejo de subst\u00e2ncias t\u00f3xicas.<\/span><\/p>\n<p style=\"text-align: justify;\"><span style=\"font-size: 12pt; font-family: arial, helvetica, sans-serif;\"><strong>Subst\u00e2ncias Eutrofizantes<\/strong><\/span><\/p>\n<p style=\"text-align: justify;\"><span style=\"font-size: 12pt; font-family: arial, helvetica, sans-serif;\">O aumento de subst\u00e2ncias eutrofizantes provocado pela agricultura ocorre em primeiro lugar, pelo transporte de fertilizantes qu\u00edmicos \u00e0 base de nitrog\u00eanio e f\u00f3sforo, e tamb\u00e9m de detritos animais, para os riachos e lagos, devido a a\u00e7\u00e3o das chuvas.<\/span><\/p>\n<p style=\"text-align: justify;\"><span style=\"font-size: 12pt; font-family: arial, helvetica, sans-serif;\">O pot\u00e1ssio e o c\u00e1lcio exercem pouca influ\u00eancia sobre o crescimento de microrganismos na \u00e1gua. Entretanto, o nitrog\u00eanio e, principalmente, o f\u00f3sforo s\u00e3o extremamente importantes como elementos eutrofizantes, pois os fosfatos e alguns compostos nitrogenados favorecem grandemente a prolifera\u00e7\u00e3o de algas e outros microrganismos aqu\u00e1ticos.<\/span><\/p>\n<p style=\"text-align: justify;\"><span style=\"font-size: 12pt; font-family: arial, helvetica, sans-serif;\"><strong>Conclus\u00e3o<\/strong> <\/span><\/p>\n<p style=\"text-align: justify;\"><span style=\"font-size: 12pt; font-family: arial, helvetica, sans-serif;\">O problema da intoxica\u00e7\u00e3o por causa da aplica\u00e7\u00e3o inadequada de produtos t\u00f3xicos tamb\u00e9m deve ser combatido dentro de casa. Isso porque, v\u00e1rias subst\u00e2ncias utilizadas em agrot\u00f3xicos est\u00e3o presentes em inseticidas dom\u00e9sticos. O mau-uso desses produtos pode levar a problemas imediatos como um crise respirat\u00f3ria ou uma intoxica\u00e7\u00e3o alimentar. H\u00e1 um problema de educa\u00e7\u00e3o no uso de agrot\u00f3xicos e inseticidas dom\u00e9sticos.<\/span><\/p>\n<p style=\"text-align: justify;\"><span style=\"font-size: 12pt; font-family: arial, helvetica, sans-serif;\">&#8220;Para lidar com esses produtos, a pessoa deveria ser no m\u00ednimo alfabetizada e treinada, mas ainda s\u00e3o raras as experi\u00eancias de educa\u00e7\u00e3o&#8221;.<\/span><\/p>\n<p style=\"text-align: right;\"><span style=\"font-size: 12pt; font-family: arial, helvetica, sans-serif;\">Autor:\u00a0<em><strong>Josenilson Carvalho dos Santos<\/strong><\/em><\/span><\/p>\n<hr \/>\n<p style=\"text-align: justify;\"><span style=\"font-size: 12pt; font-family: arial, helvetica, sans-serif;\"><strong>BIBLIOGRAFIA<\/strong><\/span><\/p>\n<p style=\"text-align: justify;\"><span style=\"font-size: 12pt; font-family: arial, helvetica, sans-serif;\">ADISSI, Paulo Jos\u00e9 et al. O uso de agrot\u00f3xico e os desafios da pesquisa na Para\u00edba.<\/span><\/p>\n<p style=\"text-align: justify;\"><span style=\"font-size: 12pt; font-family: arial, helvetica, sans-serif;\">ANDREI, Edmondo. Comp\u00eandio de defensivos agr\u00edcolas. Guia Pr\u00e1tico de produtos fitossanit\u00e1rios para uso agr\u00edcola<\/span><\/p>\n<p style=\"text-align: justify;\"><span style=\"font-size: 12pt; font-family: arial, helvetica, sans-serif;\">MARCHIORI, Paulo. Desenvolvimento, Ambiente e Sa\u00fade. In: NETO et al. Qualidade de vida:<\/span><\/p>\n","protected":false},"excerpt":{"rendered":"<p>O uso adequado de agrot\u00f3xicos \u00e9 um dos temas que vem atraindo a aten\u00e7\u00e3o de v\u00e1rios segmentos do setor agr\u00edcola, uma vez que tem implica\u00e7\u00f5es em tr\u00eas \u00e1reas b\u00e1sicas de grande import\u00e2ncia no contexto global da sustentabilidade da agricultura: a preserva\u00e7\u00e3o do ambiente, a seguran\u00e7a da sa\u00fade dos usu\u00e1rios e a seguran\u00e7a alimentar.Devido a isto [&hellip;]<\/p>\n","protected":false},"author":1,"featured_media":10065,"comment_status":"open","ping_status":"open","sticky":false,"template":"","format":"standard","meta":{"_jetpack_memberships_contains_paid_content":false,"footnotes":""},"categories":[495],"tags":[511,559,854],"class_list":{"0":"post-558","1":"post","2":"type-post","3":"status-publish","4":"format-standard","5":"has-post-thumbnail","7":"category-impactos-ambientais-textos","8":"tag-agrotoxicos","9":"tag-bioacumulacao","10":"tag-intoxicacao-por-agrotoxicos"},"yoast_head":"<!-- This site is optimized with the Yoast SEO plugin v25.1 - https:\/\/yoast.com\/wordpress\/plugins\/seo\/ -->\n<title>Agrot\u00f3xicos e a sua utiliza\u00e7\u00e3o - CENED - Meio Ambiente Online<\/title>\n<meta name=\"description\" content=\"Os agrot\u00f3xicos foram desenvolvidos na Primeira Guerra Mundial e utilizados mais amplamente na Segunda Guerra Mundial como arma qu\u00edmica.\" \/>\n<meta name=\"robots\" content=\"index, follow, max-snippet:-1, max-image-preview:large, max-video-preview:-1\" \/>\n<link rel=\"canonical\" href=\"https:\/\/cenedcursos.com.br\/meio-ambiente\/agrotoxicos\/\" \/>\n<meta property=\"og:locale\" content=\"pt_BR\" \/>\n<meta property=\"og:type\" content=\"article\" \/>\n<meta property=\"og:title\" content=\"Agrot\u00f3xicos e a sua utiliza\u00e7\u00e3o - CENED - Meio Ambiente Online\" \/>\n<meta property=\"og:description\" content=\"Os agrot\u00f3xicos foram desenvolvidos na Primeira Guerra Mundial e utilizados mais amplamente na Segunda Guerra Mundial como arma qu\u00edmica.\" \/>\n<meta property=\"og:url\" content=\"https:\/\/cenedcursos.com.br\/meio-ambiente\/agrotoxicos\/\" \/>\n<meta property=\"og:site_name\" content=\"CENED Cursos Online\" \/>\n<meta property=\"article:published_time\" content=\"2017-04-24T20:11:52+00:00\" \/>\n<meta property=\"og:image\" content=\"https:\/\/cenedcursos.com.br\/meio-ambiente\/wp-content\/uploads\/2009\/04\/agrotoxicos.jpg\" \/>\n\t<meta property=\"og:image:width\" content=\"700\" \/>\n\t<meta property=\"og:image:height\" content=\"463\" \/>\n\t<meta property=\"og:image:type\" content=\"image\/jpeg\" \/>\n<meta name=\"author\" content=\"Amarildo R. Ferrari\" \/>\n<meta name=\"twitter:card\" content=\"summary_large_image\" \/>\n<meta name=\"twitter:title\" content=\"Agrot\u00f3xicos e a sua utiliza\u00e7\u00e3o - CENED - Meio Ambiente Online\" \/>\n<meta name=\"twitter:description\" content=\"Os agrot\u00f3xicos foram desenvolvidos na Primeira Guerra Mundial e utilizados mais amplamente na Segunda Guerra Mundial como arma qu\u00edmica.\" \/>\n<meta name=\"twitter:image\" content=\"https:\/\/www.cenedcursos.com.br\/meio-ambiente\/wp-content\/uploads\/2009\/04\/agrot\u00f3xicos.jpg\" \/>\n<meta name=\"twitter:label1\" content=\"Escrito por\" \/>\n\t<meta name=\"twitter:data1\" content=\"Amarildo R. Ferrari\" \/>\n\t<meta name=\"twitter:label2\" content=\"Est. tempo de leitura\" \/>\n\t<meta name=\"twitter:data2\" content=\"10 minutos\" \/>\n<script type=\"application\/ld+json\" class=\"yoast-schema-graph\">{\"@context\":\"https:\/\/schema.org\",\"@graph\":[{\"@type\":\"WebPage\",\"@id\":\"https:\/\/cenedcursos.com.br\/meio-ambiente\/agrotoxicos\/\",\"url\":\"https:\/\/cenedcursos.com.br\/meio-ambiente\/agrotoxicos\/\",\"name\":\"Agrot\u00f3xicos e a sua utiliza\u00e7\u00e3o - CENED - Meio Ambiente Online\",\"isPartOf\":{\"@id\":\"https:\/\/cenedcursos.com.br\/meio-ambiente\/#website\"},\"primaryImageOfPage\":{\"@id\":\"https:\/\/cenedcursos.com.br\/meio-ambiente\/agrotoxicos\/#primaryimage\"},\"image\":{\"@id\":\"https:\/\/cenedcursos.com.br\/meio-ambiente\/agrotoxicos\/#primaryimage\"},\"thumbnailUrl\":\"https:\/\/i0.wp.com\/cenedcursos.com.br\/meio-ambiente\/wp-content\/uploads\/2009\/04\/agrotoxicos.jpg?fit=700%2C463&ssl=1\",\"datePublished\":\"2017-04-24T20:11:52+00:00\",\"author\":{\"@id\":\"https:\/\/cenedcursos.com.br\/meio-ambiente\/#\/schema\/person\/64377d24cdc16779a1eb6229894af388\"},\"description\":\"Os agrot\u00f3xicos foram desenvolvidos na Primeira Guerra Mundial e utilizados mais amplamente na Segunda Guerra Mundial como arma qu\u00edmica.\",\"breadcrumb\":{\"@id\":\"https:\/\/cenedcursos.com.br\/meio-ambiente\/agrotoxicos\/#breadcrumb\"},\"inLanguage\":\"pt-BR\",\"potentialAction\":[{\"@type\":\"ReadAction\",\"target\":[\"https:\/\/cenedcursos.com.br\/meio-ambiente\/agrotoxicos\/\"]}]},{\"@type\":\"ImageObject\",\"inLanguage\":\"pt-BR\",\"@id\":\"https:\/\/cenedcursos.com.br\/meio-ambiente\/agrotoxicos\/#primaryimage\",\"url\":\"https:\/\/i0.wp.com\/cenedcursos.com.br\/meio-ambiente\/wp-content\/uploads\/2009\/04\/agrotoxicos.jpg?fit=700%2C463&ssl=1\",\"contentUrl\":\"https:\/\/i0.wp.com\/cenedcursos.com.br\/meio-ambiente\/wp-content\/uploads\/2009\/04\/agrotoxicos.jpg?fit=700%2C463&ssl=1\",\"width\":700,\"height\":463,\"caption\":\"agrot\u00f3xicos\"},{\"@type\":\"BreadcrumbList\",\"@id\":\"https:\/\/cenedcursos.com.br\/meio-ambiente\/agrotoxicos\/#breadcrumb\",\"itemListElement\":[{\"@type\":\"ListItem\",\"position\":1,\"name\":\"In\u00edcio\",\"item\":\"https:\/\/cenedcursos.com.br\/meio-ambiente\/\"},{\"@type\":\"ListItem\",\"position\":2,\"name\":\"Agrot\u00f3xicos e a sua utiliza\u00e7\u00e3o\"}]},{\"@type\":\"WebSite\",\"@id\":\"https:\/\/cenedcursos.com.br\/meio-ambiente\/#website\",\"url\":\"https:\/\/cenedcursos.com.br\/meio-ambiente\/\",\"name\":\"CENED Cursos Online\",\"description\":\"Aqui voc\u00ea encontra artigos em diversas \u00e1reas do conhecimento: meio ambiente, educa\u00e7\u00e3o, marketing digital, neg\u00f3cios online e muito mais.\",\"potentialAction\":[{\"@type\":\"SearchAction\",\"target\":{\"@type\":\"EntryPoint\",\"urlTemplate\":\"https:\/\/cenedcursos.com.br\/meio-ambiente\/?s={search_term_string}\"},\"query-input\":{\"@type\":\"PropertyValueSpecification\",\"valueRequired\":true,\"valueName\":\"search_term_string\"}}],\"inLanguage\":\"pt-BR\"},{\"@type\":\"Person\",\"@id\":\"https:\/\/cenedcursos.com.br\/meio-ambiente\/#\/schema\/person\/64377d24cdc16779a1eb6229894af388\",\"name\":\"Amarildo R. Ferrari\",\"image\":{\"@type\":\"ImageObject\",\"inLanguage\":\"pt-BR\",\"@id\":\"https:\/\/cenedcursos.com.br\/meio-ambiente\/#\/schema\/person\/image\/\",\"url\":\"https:\/\/secure.gravatar.com\/avatar\/6ea4248ca9f295c93f1b72f8398232f0fbbffe30349e6ec3839cfa5e09b0de3c?s=96&d=mm&r=g\",\"contentUrl\":\"https:\/\/secure.gravatar.com\/avatar\/6ea4248ca9f295c93f1b72f8398232f0fbbffe30349e6ec3839cfa5e09b0de3c?s=96&d=mm&r=g\",\"caption\":\"Amarildo R. Ferrari\"},\"sameAs\":[\"https:\/\/cenedcursos.com.br\/meio-ambiente\"],\"url\":\"https:\/\/cenedcursos.com.br\/meio-ambiente\/author\/admin\/\"}]}<\/script>\n<!-- \/ Yoast SEO plugin. -->","yoast_head_json":{"title":"Agrot\u00f3xicos e a sua utiliza\u00e7\u00e3o - CENED - Meio Ambiente Online","description":"Os agrot\u00f3xicos foram desenvolvidos na Primeira Guerra Mundial e utilizados mais amplamente na Segunda Guerra Mundial como arma qu\u00edmica.","robots":{"index":"index","follow":"follow","max-snippet":"max-snippet:-1","max-image-preview":"max-image-preview:large","max-video-preview":"max-video-preview:-1"},"canonical":"https:\/\/cenedcursos.com.br\/meio-ambiente\/agrotoxicos\/","og_locale":"pt_BR","og_type":"article","og_title":"Agrot\u00f3xicos e a sua utiliza\u00e7\u00e3o - CENED - Meio Ambiente Online","og_description":"Os agrot\u00f3xicos foram desenvolvidos na Primeira Guerra Mundial e utilizados mais amplamente na Segunda Guerra Mundial como arma qu\u00edmica.","og_url":"https:\/\/cenedcursos.com.br\/meio-ambiente\/agrotoxicos\/","og_site_name":"CENED Cursos Online","article_published_time":"2017-04-24T20:11:52+00:00","og_image":[{"width":700,"height":463,"url":"https:\/\/cenedcursos.com.br\/meio-ambiente\/wp-content\/uploads\/2009\/04\/agrotoxicos.jpg","type":"image\/jpeg"}],"author":"Amarildo R. Ferrari","twitter_card":"summary_large_image","twitter_title":"Agrot\u00f3xicos e a sua utiliza\u00e7\u00e3o - CENED - Meio Ambiente Online","twitter_description":"Os agrot\u00f3xicos foram desenvolvidos na Primeira Guerra Mundial e utilizados mais amplamente na Segunda Guerra Mundial como arma qu\u00edmica.","twitter_image":"https:\/\/www.cenedcursos.com.br\/meio-ambiente\/wp-content\/uploads\/2009\/04\/agrot\u00f3xicos.jpg","twitter_misc":{"Escrito por":"Amarildo R. Ferrari","Est. tempo de leitura":"10 minutos"},"schema":{"@context":"https:\/\/schema.org","@graph":[{"@type":"WebPage","@id":"https:\/\/cenedcursos.com.br\/meio-ambiente\/agrotoxicos\/","url":"https:\/\/cenedcursos.com.br\/meio-ambiente\/agrotoxicos\/","name":"Agrot\u00f3xicos e a sua utiliza\u00e7\u00e3o - CENED - Meio Ambiente Online","isPartOf":{"@id":"https:\/\/cenedcursos.com.br\/meio-ambiente\/#website"},"primaryImageOfPage":{"@id":"https:\/\/cenedcursos.com.br\/meio-ambiente\/agrotoxicos\/#primaryimage"},"image":{"@id":"https:\/\/cenedcursos.com.br\/meio-ambiente\/agrotoxicos\/#primaryimage"},"thumbnailUrl":"https:\/\/i0.wp.com\/cenedcursos.com.br\/meio-ambiente\/wp-content\/uploads\/2009\/04\/agrotoxicos.jpg?fit=700%2C463&ssl=1","datePublished":"2017-04-24T20:11:52+00:00","author":{"@id":"https:\/\/cenedcursos.com.br\/meio-ambiente\/#\/schema\/person\/64377d24cdc16779a1eb6229894af388"},"description":"Os agrot\u00f3xicos foram desenvolvidos na Primeira Guerra Mundial e utilizados mais amplamente na Segunda Guerra Mundial como arma qu\u00edmica.","breadcrumb":{"@id":"https:\/\/cenedcursos.com.br\/meio-ambiente\/agrotoxicos\/#breadcrumb"},"inLanguage":"pt-BR","potentialAction":[{"@type":"ReadAction","target":["https:\/\/cenedcursos.com.br\/meio-ambiente\/agrotoxicos\/"]}]},{"@type":"ImageObject","inLanguage":"pt-BR","@id":"https:\/\/cenedcursos.com.br\/meio-ambiente\/agrotoxicos\/#primaryimage","url":"https:\/\/i0.wp.com\/cenedcursos.com.br\/meio-ambiente\/wp-content\/uploads\/2009\/04\/agrotoxicos.jpg?fit=700%2C463&ssl=1","contentUrl":"https:\/\/i0.wp.com\/cenedcursos.com.br\/meio-ambiente\/wp-content\/uploads\/2009\/04\/agrotoxicos.jpg?fit=700%2C463&ssl=1","width":700,"height":463,"caption":"agrot\u00f3xicos"},{"@type":"BreadcrumbList","@id":"https:\/\/cenedcursos.com.br\/meio-ambiente\/agrotoxicos\/#breadcrumb","itemListElement":[{"@type":"ListItem","position":1,"name":"In\u00edcio","item":"https:\/\/cenedcursos.com.br\/meio-ambiente\/"},{"@type":"ListItem","position":2,"name":"Agrot\u00f3xicos e a sua utiliza\u00e7\u00e3o"}]},{"@type":"WebSite","@id":"https:\/\/cenedcursos.com.br\/meio-ambiente\/#website","url":"https:\/\/cenedcursos.com.br\/meio-ambiente\/","name":"CENED Cursos Online","description":"Aqui voc\u00ea encontra artigos em diversas \u00e1reas do conhecimento: meio ambiente, educa\u00e7\u00e3o, marketing digital, neg\u00f3cios online e muito mais.","potentialAction":[{"@type":"SearchAction","target":{"@type":"EntryPoint","urlTemplate":"https:\/\/cenedcursos.com.br\/meio-ambiente\/?s={search_term_string}"},"query-input":{"@type":"PropertyValueSpecification","valueRequired":true,"valueName":"search_term_string"}}],"inLanguage":"pt-BR"},{"@type":"Person","@id":"https:\/\/cenedcursos.com.br\/meio-ambiente\/#\/schema\/person\/64377d24cdc16779a1eb6229894af388","name":"Amarildo R. Ferrari","image":{"@type":"ImageObject","inLanguage":"pt-BR","@id":"https:\/\/cenedcursos.com.br\/meio-ambiente\/#\/schema\/person\/image\/","url":"https:\/\/secure.gravatar.com\/avatar\/6ea4248ca9f295c93f1b72f8398232f0fbbffe30349e6ec3839cfa5e09b0de3c?s=96&d=mm&r=g","contentUrl":"https:\/\/secure.gravatar.com\/avatar\/6ea4248ca9f295c93f1b72f8398232f0fbbffe30349e6ec3839cfa5e09b0de3c?s=96&d=mm&r=g","caption":"Amarildo R. Ferrari"},"sameAs":["https:\/\/cenedcursos.com.br\/meio-ambiente"],"url":"https:\/\/cenedcursos.com.br\/meio-ambiente\/author\/admin\/"}]}},"jetpack_featured_media_url":"https:\/\/i0.wp.com\/cenedcursos.com.br\/meio-ambiente\/wp-content\/uploads\/2009\/04\/agrotoxicos.jpg?fit=700%2C463&ssl=1","jetpack_sharing_enabled":true,"_links":{"self":[{"href":"https:\/\/cenedcursos.com.br\/meio-ambiente\/wp-json\/wp\/v2\/posts\/558","targetHints":{"allow":["GET"]}}],"collection":[{"href":"https:\/\/cenedcursos.com.br\/meio-ambiente\/wp-json\/wp\/v2\/posts"}],"about":[{"href":"https:\/\/cenedcursos.com.br\/meio-ambiente\/wp-json\/wp\/v2\/types\/post"}],"author":[{"embeddable":true,"href":"https:\/\/cenedcursos.com.br\/meio-ambiente\/wp-json\/wp\/v2\/users\/1"}],"replies":[{"embeddable":true,"href":"https:\/\/cenedcursos.com.br\/meio-ambiente\/wp-json\/wp\/v2\/comments?post=558"}],"version-history":[{"count":0,"href":"https:\/\/cenedcursos.com.br\/meio-ambiente\/wp-json\/wp\/v2\/posts\/558\/revisions"}],"wp:featuredmedia":[{"embeddable":true,"href":"https:\/\/cenedcursos.com.br\/meio-ambiente\/wp-json\/wp\/v2\/media\/10065"}],"wp:attachment":[{"href":"https:\/\/cenedcursos.com.br\/meio-ambiente\/wp-json\/wp\/v2\/media?parent=558"}],"wp:term":[{"taxonomy":"category","embeddable":true,"href":"https:\/\/cenedcursos.com.br\/meio-ambiente\/wp-json\/wp\/v2\/categories?post=558"},{"taxonomy":"post_tag","embeddable":true,"href":"https:\/\/cenedcursos.com.br\/meio-ambiente\/wp-json\/wp\/v2\/tags?post=558"}],"curies":[{"name":"wp","href":"https:\/\/api.w.org\/{rel}","templated":true}]}}