{"id":598,"date":"2024-06-21T13:56:35","date_gmt":"2024-06-21T16:56:35","guid":{"rendered":"http:\/\/www.cenedcursos.com.br\/?p=598"},"modified":"2024-06-22T10:32:59","modified_gmt":"2024-06-22T13:32:59","slug":"gestao-ambiental-estudo-de-caso","status":"publish","type":"post","link":"https:\/\/cenedcursos.com.br\/meio-ambiente\/gestao-ambiental-estudo-de-caso\/","title":{"rendered":"Gest\u00e3o Ambiental, um estudo de caso"},"content":{"rendered":"<p style=\"text-align: justify;\">A gest\u00e3o ambiental \u00e9 uma pr\u00e1tica essencial para garantir a sustentabilidade e a preserva\u00e7\u00e3o dos recursos naturais. Com o aumento da conscientiza\u00e7\u00e3o sobre a import\u00e2ncia de preservar o meio ambiente, muitas empresas e organiza\u00e7\u00f5es t\u00eam adotado pr\u00e1ticas de gest\u00e3o ambiental para minimizar seu impacto ambiental. Neste artigo, apresentaremos um estudo de caso fict\u00edcio que ilustra a aplica\u00e7\u00e3o de pr\u00e1ticas de gest\u00e3o ambiental em uma empresa de grande porte, destacando os desafios enfrentados e os resultados alcan\u00e7ados.<\/p>\n<h2 style=\"text-align: justify;\">O Contexto da Empresa<\/h2>\n<p style=\"text-align: justify;\">A empresa em estudo \u00e9 uma multinacional do setor de manufatura, com f\u00e1bricas em diversos pa\u00edses. A organiza\u00e7\u00e3o percebeu a necessidade de adotar uma gest\u00e3o ambiental eficiente ap\u00f3s enfrentar cr\u00edticas de ONGs e da comunidade local devido ao impacto ambiental de suas opera\u00e7\u00f5es. Diante disso, a empresa decidiu implementar um sistema de gest\u00e3o ambiental (SGA) com base na norma <a href=\"https:\/\/www.dnv.com.br\/services\/iso-14001-sistema-de-gestao-ambiental-74433\/\" target=\"_blank\" rel=\"noopener\">ISO 14001<\/a>, que \u00e9 um padr\u00e3o internacionalmente reconhecido para a gest\u00e3o ambiental.<\/p>\n<h2 style=\"text-align: justify;\">Implementa\u00e7\u00e3o do Sistema de Gest\u00e3o Ambiental<\/h2>\n<p style=\"text-align: justify;\">A implementa\u00e7\u00e3o do SGA come\u00e7ou com uma an\u00e1lise detalhada das opera\u00e7\u00f5es da empresa para identificar os principais aspectos e impactos ambientais. Este processo envolveu a coleta de dados sobre o consumo de recursos naturais, gera\u00e7\u00e3o de res\u00edduos, emiss\u00f5es atmosf\u00e9ricas e efluentes l\u00edquidos. Com base nessa an\u00e1lise, foram identificadas \u00e1reas cr\u00edticas que exigiam melhorias.<\/p>\n<h3 style=\"text-align: justify;\">Pol\u00edtica Ambiental<\/h3>\n<p style=\"text-align: justify;\">A empresa elaborou uma pol\u00edtica ambiental clara, que foi comunicada a todos os funcion\u00e1rios e stakeholders. Essa pol\u00edtica destacava o compromisso da empresa com a preven\u00e7\u00e3o da polui\u00e7\u00e3o, a conformidade legal e a melhoria cont\u00ednua do desempenho ambiental. A pol\u00edtica tamb\u00e9m inclu\u00eda objetivos e metas ambientais espec\u00edficos, como a redu\u00e7\u00e3o do consumo de energia e a diminui\u00e7\u00e3o da gera\u00e7\u00e3o de res\u00edduos.<\/p>\n<h3 style=\"text-align: justify;\">Educa\u00e7\u00e3o e Treinamento<\/h3>\n<p style=\"text-align: justify;\">A empresa investiu em programas de educa\u00e7\u00e3o e treinamento para capacitar seus funcion\u00e1rios sobre pr\u00e1ticas sustent\u00e1veis e a import\u00e2ncia da gest\u00e3o ambiental. Workshops, semin\u00e1rios e cursos foram oferecidos para garantir que todos estivessem cientes de suas responsabilidades ambientais e das melhores pr\u00e1ticas a serem seguidas.<\/p>\n<p><img data-recalc-dims=\"1\" loading=\"lazy\" decoding=\"async\" data-attachment-id=\"13113\" data-permalink=\"https:\/\/cenedcursos.com.br\/meio-ambiente\/gestao-ambiental-estudo-de-caso\/gestao-ambiental-estudo-de-caso-2\/\" data-orig-file=\"https:\/\/i0.wp.com\/cenedcursos.com.br\/meio-ambiente\/wp-content\/uploads\/2009\/08\/gestao-ambiental-estudo-de-caso.webp?fit=1200%2C800&amp;ssl=1\" data-orig-size=\"1200,800\" data-comments-opened=\"1\" data-image-meta=\"{&quot;aperture&quot;:&quot;0&quot;,&quot;credit&quot;:&quot;&quot;,&quot;camera&quot;:&quot;&quot;,&quot;caption&quot;:&quot;&quot;,&quot;created_timestamp&quot;:&quot;0&quot;,&quot;copyright&quot;:&quot;&quot;,&quot;focal_length&quot;:&quot;0&quot;,&quot;iso&quot;:&quot;0&quot;,&quot;shutter_speed&quot;:&quot;0&quot;,&quot;title&quot;:&quot;&quot;,&quot;orientation&quot;:&quot;0&quot;}\" data-image-title=\"gest\u00e3o ambiental estudo de caso\" data-image-description=\"\" data-image-caption=\"\" data-medium-file=\"https:\/\/i0.wp.com\/cenedcursos.com.br\/meio-ambiente\/wp-content\/uploads\/2009\/08\/gestao-ambiental-estudo-de-caso.webp?fit=300%2C200&amp;ssl=1\" data-large-file=\"https:\/\/i0.wp.com\/cenedcursos.com.br\/meio-ambiente\/wp-content\/uploads\/2009\/08\/gestao-ambiental-estudo-de-caso.webp?fit=696%2C464&amp;ssl=1\" class=\"alignnone size-large wp-image-13113\" src=\"https:\/\/i0.wp.com\/cenedcursos.com.br\/meio-ambiente\/wp-content\/uploads\/2009\/08\/gestao-ambiental-estudo-de-caso.webp?resize=696%2C464&#038;ssl=1\" alt=\"gest\u00e3o ambiental estudo de caso\" width=\"696\" height=\"464\" srcset=\"https:\/\/i0.wp.com\/cenedcursos.com.br\/meio-ambiente\/wp-content\/uploads\/2009\/08\/gestao-ambiental-estudo-de-caso.webp?resize=1024%2C683&amp;ssl=1 1024w, https:\/\/i0.wp.com\/cenedcursos.com.br\/meio-ambiente\/wp-content\/uploads\/2009\/08\/gestao-ambiental-estudo-de-caso.webp?resize=300%2C200&amp;ssl=1 300w, https:\/\/i0.wp.com\/cenedcursos.com.br\/meio-ambiente\/wp-content\/uploads\/2009\/08\/gestao-ambiental-estudo-de-caso.webp?resize=768%2C512&amp;ssl=1 768w, https:\/\/i0.wp.com\/cenedcursos.com.br\/meio-ambiente\/wp-content\/uploads\/2009\/08\/gestao-ambiental-estudo-de-caso.webp?resize=696%2C464&amp;ssl=1 696w, https:\/\/i0.wp.com\/cenedcursos.com.br\/meio-ambiente\/wp-content\/uploads\/2009\/08\/gestao-ambiental-estudo-de-caso.webp?resize=1068%2C712&amp;ssl=1 1068w, https:\/\/i0.wp.com\/cenedcursos.com.br\/meio-ambiente\/wp-content\/uploads\/2009\/08\/gestao-ambiental-estudo-de-caso.webp?resize=630%2C420&amp;ssl=1 630w, https:\/\/i0.wp.com\/cenedcursos.com.br\/meio-ambiente\/wp-content\/uploads\/2009\/08\/gestao-ambiental-estudo-de-caso.webp?w=1200&amp;ssl=1 1200w\" sizes=\"auto, (max-width: 696px) 100vw, 696px\" \/><\/p>\n<h3 style=\"text-align: justify;\">Monitoramento e Medi\u00e7\u00e3o<\/h3>\n<p style=\"text-align: justify;\">Para acompanhar o progresso das iniciativas de gest\u00e3o ambiental, a empresa implementou sistemas de monitoramento e medi\u00e7\u00e3o. Sensores e equipamentos de medi\u00e7\u00e3o foram instalados nas f\u00e1bricas para monitorar o consumo de energia, a qualidade do ar e da \u00e1gua, e a gera\u00e7\u00e3o de res\u00edduos. Os dados coletados foram analisados regularmente para identificar desvios e implementar a\u00e7\u00f5es corretivas.<\/p>\n<h2 style=\"text-align: justify;\">Resultados Alcan\u00e7ados<\/h2>\n<p style=\"text-align: justify;\">Ap\u00f3s a implementa\u00e7\u00e3o do SGA, a empresa observou uma s\u00e9rie de melhorias significativas em seu desempenho ambiental. Entre os principais resultados alcan\u00e7ados, destacam-se:<\/p>\n<h3 style=\"text-align: justify;\">Redu\u00e7\u00e3o do Consumo de Energia<\/h3>\n<p style=\"text-align: justify;\">Atrav\u00e9s de iniciativas como a moderniza\u00e7\u00e3o de equipamentos, otimiza\u00e7\u00e3o de processos produtivos e incentivo ao uso consciente de energia, a empresa conseguiu reduzir seu consumo de energia em 20% nos primeiros dois anos. Essa redu\u00e7\u00e3o n\u00e3o s\u00f3 diminuiu o impacto ambiental, mas tamb\u00e9m resultou em significativas economias financeiras.<\/p>\n<h3 style=\"text-align: justify;\">Gest\u00e3o de Res\u00edduos<\/h3>\n<p style=\"text-align: justify;\">A empresa implementou um programa de <a href=\"https:\/\/cenedcursos.com.br\/meio-ambiente\/biogas-residuos-energia-eletrica\/\">gest\u00e3o de res\u00edduos<\/a> que incluiu a segrega\u00e7\u00e3o, reciclagem e destina\u00e7\u00e3o adequada de res\u00edduos perigosos e n\u00e3o perigosos. Como resultado, a taxa de reciclagem aumentou para 75%, e a quantidade de res\u00edduos enviados para aterros sanit\u00e1rios foi reduzida em 30%.<\/p>\n<h3 style=\"text-align: justify;\">Emiss\u00f5es Atmosf\u00e9ricas<\/h3>\n<p style=\"text-align: justify;\">Com a ado\u00e7\u00e3o de tecnologias mais limpas e a melhoria dos processos de produ\u00e7\u00e3o, as emiss\u00f5es atmosf\u00e9ricas foram significativamente reduzidas. A empresa conseguiu diminuir suas emiss\u00f5es de CO2 em 15%, contribuindo para a mitiga\u00e7\u00e3o das mudan\u00e7as clim\u00e1ticas.<\/p>\n<h3 style=\"text-align: justify;\">Efluentes L\u00edquidos<\/h3>\n<p style=\"text-align: justify;\">A instala\u00e7\u00e3o de sistemas de tratamento de efluentes avan\u00e7ados permitiu \u00e0 empresa melhorar a qualidade da \u00e1gua descartada. Os n\u00edveis de poluentes nos efluentes l\u00edquidos foram reduzidos a patamares abaixo dos exigidos pela legisla\u00e7\u00e3o, minimizando o impacto sobre os corpos d&#8217;\u00e1gua locais.<\/p>\n<h2 style=\"text-align: justify;\">Desafios Enfrentados<\/h2>\n<p style=\"text-align: justify;\">Embora os resultados tenham sido positivos, a empresa enfrentou diversos desafios ao longo do processo de implementa\u00e7\u00e3o do SGA. Entre os principais desafios, destacam-se:<\/p>\n<h3 style=\"text-align: justify;\">Resist\u00eancia \u00e0 Mudan\u00e7a<\/h3>\n<p style=\"text-align: justify;\">Inicialmente, houve resist\u00eancia por parte de alguns funcion\u00e1rios em adotar as novas pr\u00e1ticas ambientais. A mudan\u00e7a de cultura organizacional demandou tempo e esfor\u00e7o, sendo necess\u00e1rio um trabalho cont\u00ednuo de conscientiza\u00e7\u00e3o e treinamento.<\/p>\n<h3 style=\"text-align: justify;\">Investimentos Financeiros<\/h3>\n<p style=\"text-align: justify;\">A implementa\u00e7\u00e3o de tecnologias mais limpas e a moderniza\u00e7\u00e3o de processos produtivos requereram investimentos significativos. No entanto, a empresa percebeu que os benef\u00edcios a longo prazo, tanto ambientais quanto financeiros, justificavam os custos iniciais.<\/p>\n<h3 style=\"text-align: justify;\">Conformidade Legal<\/h3>\n<p style=\"text-align: justify;\">Manter-se atualizado com as legisla\u00e7\u00f5es ambientais vigentes em diferentes pa\u00edses foi um desafio constante. A empresa precisou investir em consultoria especializada para garantir a conformidade com as diversas regulamenta\u00e7\u00f5es locais e internacionais.<\/p>\n<p style=\"text-align: justify;\">O estudo de caso apresentado demonstra que a ado\u00e7\u00e3o de pr\u00e1ticas de gest\u00e3o ambiental pode trazer benef\u00edcios significativos tanto para o meio ambiente quanto para a empresa. Atrav\u00e9s de uma abordagem sistem\u00e1tica e cont\u00ednua, \u00e9 poss\u00edvel reduzir o impacto ambiental das opera\u00e7\u00f5es, melhorar a imagem corporativa e alcan\u00e7ar economias financeiras. A experi\u00eancia da empresa em quest\u00e3o serve como um exemplo inspirador para outras organiza\u00e7\u00f5es que desejam seguir o caminho da sustentabilidade e responsabilidade ambiental.<\/p>\n","protected":false},"excerpt":{"rendered":"<p>A gest\u00e3o ambiental \u00e9 uma pr\u00e1tica essencial para garantir a sustentabilidade e a preserva\u00e7\u00e3o dos recursos naturais. Com o aumento da conscientiza\u00e7\u00e3o sobre a import\u00e2ncia de preservar o meio ambiente, muitas empresas e organiza\u00e7\u00f5es t\u00eam adotado pr\u00e1ticas de gest\u00e3o ambiental para minimizar seu impacto ambiental. Neste artigo, apresentaremos um estudo de caso fict\u00edcio que ilustra [&hellip;]<\/p>\n","protected":false},"author":1,"featured_media":13113,"comment_status":"open","ping_status":"open","sticky":false,"template":"","format":"standard","meta":{"_jetpack_memberships_contains_paid_content":false,"footnotes":""},"categories":[494],"tags":[809,856,52],"class_list":{"0":"post-598","1":"post","2":"type-post","3":"status-publish","4":"format-standard","5":"has-post-thumbnail","7":"category-gestao-ambiental-textos","8":"tag-gestao-ambiental","9":"tag-iso-14001","10":"tag-meio-ambiente"},"yoast_head":"<!-- This site is optimized with the Yoast SEO plugin v25.1 - https:\/\/yoast.com\/wordpress\/plugins\/seo\/ -->\n<title>Gest\u00e3o Ambiental, um estudo de caso - CENED Cursos Online<\/title>\n<meta name=\"description\" content=\"A gest\u00e3o ambiental \u00e9 uma pr\u00e1tica essencial para garantir a sustentabilidade e a preserva\u00e7\u00e3o dos recursos naturais. Com o aumento\" \/>\n<meta name=\"robots\" content=\"index, follow, max-snippet:-1, max-image-preview:large, max-video-preview:-1\" \/>\n<link rel=\"canonical\" href=\"https:\/\/cenedcursos.com.br\/meio-ambiente\/gestao-ambiental-estudo-de-caso\/\" \/>\n<meta property=\"og:locale\" content=\"pt_BR\" \/>\n<meta property=\"og:type\" content=\"article\" \/>\n<meta property=\"og:title\" content=\"Gest\u00e3o Ambiental, um estudo de caso - CENED Cursos Online\" \/>\n<meta property=\"og:description\" content=\"A gest\u00e3o ambiental \u00e9 uma pr\u00e1tica essencial para garantir a sustentabilidade e a preserva\u00e7\u00e3o dos recursos naturais. Com o aumento\" \/>\n<meta property=\"og:url\" content=\"https:\/\/cenedcursos.com.br\/meio-ambiente\/gestao-ambiental-estudo-de-caso\/\" \/>\n<meta property=\"og:site_name\" content=\"CENED Cursos Online\" \/>\n<meta property=\"article:published_time\" content=\"2024-06-21T16:56:35+00:00\" \/>\n<meta property=\"article:modified_time\" content=\"2024-06-22T13:32:59+00:00\" \/>\n<meta property=\"og:image\" content=\"https:\/\/cenedcursos.com.br\/meio-ambiente\/wp-content\/uploads\/2009\/08\/gestao-ambiental-estudo-de-caso.webp\" \/>\n\t<meta property=\"og:image:width\" content=\"1200\" \/>\n\t<meta property=\"og:image:height\" content=\"800\" \/>\n\t<meta property=\"og:image:type\" content=\"image\/webp\" \/>\n<meta name=\"author\" content=\"Amarildo R. Ferrari\" \/>\n<meta name=\"twitter:card\" content=\"summary_large_image\" \/>\n<meta name=\"twitter:label1\" content=\"Escrito por\" \/>\n\t<meta name=\"twitter:data1\" content=\"Amarildo R. Ferrari\" \/>\n\t<meta name=\"twitter:label2\" content=\"Est. tempo de leitura\" \/>\n\t<meta name=\"twitter:data2\" content=\"5 minutos\" \/>\n<script type=\"application\/ld+json\" class=\"yoast-schema-graph\">{\"@context\":\"https:\/\/schema.org\",\"@graph\":[{\"@type\":\"WebPage\",\"@id\":\"https:\/\/cenedcursos.com.br\/meio-ambiente\/gestao-ambiental-estudo-de-caso\/\",\"url\":\"https:\/\/cenedcursos.com.br\/meio-ambiente\/gestao-ambiental-estudo-de-caso\/\",\"name\":\"Gest\u00e3o Ambiental, um estudo de caso - CENED Cursos Online\",\"isPartOf\":{\"@id\":\"https:\/\/cenedcursos.com.br\/meio-ambiente\/#website\"},\"primaryImageOfPage\":{\"@id\":\"https:\/\/cenedcursos.com.br\/meio-ambiente\/gestao-ambiental-estudo-de-caso\/#primaryimage\"},\"image\":{\"@id\":\"https:\/\/cenedcursos.com.br\/meio-ambiente\/gestao-ambiental-estudo-de-caso\/#primaryimage\"},\"thumbnailUrl\":\"https:\/\/i0.wp.com\/cenedcursos.com.br\/meio-ambiente\/wp-content\/uploads\/2009\/08\/gestao-ambiental-estudo-de-caso.webp?fit=1200%2C800&ssl=1\",\"datePublished\":\"2024-06-21T16:56:35+00:00\",\"dateModified\":\"2024-06-22T13:32:59+00:00\",\"author\":{\"@id\":\"https:\/\/cenedcursos.com.br\/meio-ambiente\/#\/schema\/person\/64377d24cdc16779a1eb6229894af388\"},\"description\":\"A gest\u00e3o ambiental \u00e9 uma pr\u00e1tica essencial para garantir a sustentabilidade e a preserva\u00e7\u00e3o dos recursos naturais. Com o aumento\",\"breadcrumb\":{\"@id\":\"https:\/\/cenedcursos.com.br\/meio-ambiente\/gestao-ambiental-estudo-de-caso\/#breadcrumb\"},\"inLanguage\":\"pt-BR\",\"potentialAction\":[{\"@type\":\"ReadAction\",\"target\":[\"https:\/\/cenedcursos.com.br\/meio-ambiente\/gestao-ambiental-estudo-de-caso\/\"]}]},{\"@type\":\"ImageObject\",\"inLanguage\":\"pt-BR\",\"@id\":\"https:\/\/cenedcursos.com.br\/meio-ambiente\/gestao-ambiental-estudo-de-caso\/#primaryimage\",\"url\":\"https:\/\/i0.wp.com\/cenedcursos.com.br\/meio-ambiente\/wp-content\/uploads\/2009\/08\/gestao-ambiental-estudo-de-caso.webp?fit=1200%2C800&ssl=1\",\"contentUrl\":\"https:\/\/i0.wp.com\/cenedcursos.com.br\/meio-ambiente\/wp-content\/uploads\/2009\/08\/gestao-ambiental-estudo-de-caso.webp?fit=1200%2C800&ssl=1\",\"width\":1200,\"height\":800,\"caption\":\"gest\u00e3o ambiental estudo de caso\"},{\"@type\":\"BreadcrumbList\",\"@id\":\"https:\/\/cenedcursos.com.br\/meio-ambiente\/gestao-ambiental-estudo-de-caso\/#breadcrumb\",\"itemListElement\":[{\"@type\":\"ListItem\",\"position\":1,\"name\":\"In\u00edcio\",\"item\":\"https:\/\/cenedcursos.com.br\/meio-ambiente\/\"},{\"@type\":\"ListItem\",\"position\":2,\"name\":\"Gest\u00e3o Ambiental, um estudo de caso\"}]},{\"@type\":\"WebSite\",\"@id\":\"https:\/\/cenedcursos.com.br\/meio-ambiente\/#website\",\"url\":\"https:\/\/cenedcursos.com.br\/meio-ambiente\/\",\"name\":\"CENED Cursos Online\",\"description\":\"Aqui voc\u00ea encontra artigos em diversas \u00e1reas do conhecimento: meio ambiente, educa\u00e7\u00e3o, marketing digital, neg\u00f3cios online e muito mais.\",\"potentialAction\":[{\"@type\":\"SearchAction\",\"target\":{\"@type\":\"EntryPoint\",\"urlTemplate\":\"https:\/\/cenedcursos.com.br\/meio-ambiente\/?s={search_term_string}\"},\"query-input\":{\"@type\":\"PropertyValueSpecification\",\"valueRequired\":true,\"valueName\":\"search_term_string\"}}],\"inLanguage\":\"pt-BR\"},{\"@type\":\"Person\",\"@id\":\"https:\/\/cenedcursos.com.br\/meio-ambiente\/#\/schema\/person\/64377d24cdc16779a1eb6229894af388\",\"name\":\"Amarildo R. Ferrari\",\"image\":{\"@type\":\"ImageObject\",\"inLanguage\":\"pt-BR\",\"@id\":\"https:\/\/cenedcursos.com.br\/meio-ambiente\/#\/schema\/person\/image\/\",\"url\":\"https:\/\/secure.gravatar.com\/avatar\/6ea4248ca9f295c93f1b72f8398232f0fbbffe30349e6ec3839cfa5e09b0de3c?s=96&d=mm&r=g\",\"contentUrl\":\"https:\/\/secure.gravatar.com\/avatar\/6ea4248ca9f295c93f1b72f8398232f0fbbffe30349e6ec3839cfa5e09b0de3c?s=96&d=mm&r=g\",\"caption\":\"Amarildo R. Ferrari\"},\"sameAs\":[\"https:\/\/cenedcursos.com.br\/meio-ambiente\"],\"url\":\"https:\/\/cenedcursos.com.br\/meio-ambiente\/author\/admin\/\"}]}<\/script>\n<!-- \/ Yoast SEO plugin. -->","yoast_head_json":{"title":"Gest\u00e3o Ambiental, um estudo de caso - CENED Cursos Online","description":"A gest\u00e3o ambiental \u00e9 uma pr\u00e1tica essencial para garantir a sustentabilidade e a preserva\u00e7\u00e3o dos recursos naturais. Com o aumento","robots":{"index":"index","follow":"follow","max-snippet":"max-snippet:-1","max-image-preview":"max-image-preview:large","max-video-preview":"max-video-preview:-1"},"canonical":"https:\/\/cenedcursos.com.br\/meio-ambiente\/gestao-ambiental-estudo-de-caso\/","og_locale":"pt_BR","og_type":"article","og_title":"Gest\u00e3o Ambiental, um estudo de caso - CENED Cursos Online","og_description":"A gest\u00e3o ambiental \u00e9 uma pr\u00e1tica essencial para garantir a sustentabilidade e a preserva\u00e7\u00e3o dos recursos naturais. Com o aumento","og_url":"https:\/\/cenedcursos.com.br\/meio-ambiente\/gestao-ambiental-estudo-de-caso\/","og_site_name":"CENED Cursos Online","article_published_time":"2024-06-21T16:56:35+00:00","article_modified_time":"2024-06-22T13:32:59+00:00","og_image":[{"width":1200,"height":800,"url":"https:\/\/cenedcursos.com.br\/meio-ambiente\/wp-content\/uploads\/2009\/08\/gestao-ambiental-estudo-de-caso.webp","type":"image\/webp"}],"author":"Amarildo R. Ferrari","twitter_card":"summary_large_image","twitter_misc":{"Escrito por":"Amarildo R. Ferrari","Est. tempo de leitura":"5 minutos"},"schema":{"@context":"https:\/\/schema.org","@graph":[{"@type":"WebPage","@id":"https:\/\/cenedcursos.com.br\/meio-ambiente\/gestao-ambiental-estudo-de-caso\/","url":"https:\/\/cenedcursos.com.br\/meio-ambiente\/gestao-ambiental-estudo-de-caso\/","name":"Gest\u00e3o Ambiental, um estudo de caso - CENED Cursos Online","isPartOf":{"@id":"https:\/\/cenedcursos.com.br\/meio-ambiente\/#website"},"primaryImageOfPage":{"@id":"https:\/\/cenedcursos.com.br\/meio-ambiente\/gestao-ambiental-estudo-de-caso\/#primaryimage"},"image":{"@id":"https:\/\/cenedcursos.com.br\/meio-ambiente\/gestao-ambiental-estudo-de-caso\/#primaryimage"},"thumbnailUrl":"https:\/\/i0.wp.com\/cenedcursos.com.br\/meio-ambiente\/wp-content\/uploads\/2009\/08\/gestao-ambiental-estudo-de-caso.webp?fit=1200%2C800&ssl=1","datePublished":"2024-06-21T16:56:35+00:00","dateModified":"2024-06-22T13:32:59+00:00","author":{"@id":"https:\/\/cenedcursos.com.br\/meio-ambiente\/#\/schema\/person\/64377d24cdc16779a1eb6229894af388"},"description":"A gest\u00e3o ambiental \u00e9 uma pr\u00e1tica essencial para garantir a sustentabilidade e a preserva\u00e7\u00e3o dos recursos naturais. Com o aumento","breadcrumb":{"@id":"https:\/\/cenedcursos.com.br\/meio-ambiente\/gestao-ambiental-estudo-de-caso\/#breadcrumb"},"inLanguage":"pt-BR","potentialAction":[{"@type":"ReadAction","target":["https:\/\/cenedcursos.com.br\/meio-ambiente\/gestao-ambiental-estudo-de-caso\/"]}]},{"@type":"ImageObject","inLanguage":"pt-BR","@id":"https:\/\/cenedcursos.com.br\/meio-ambiente\/gestao-ambiental-estudo-de-caso\/#primaryimage","url":"https:\/\/i0.wp.com\/cenedcursos.com.br\/meio-ambiente\/wp-content\/uploads\/2009\/08\/gestao-ambiental-estudo-de-caso.webp?fit=1200%2C800&ssl=1","contentUrl":"https:\/\/i0.wp.com\/cenedcursos.com.br\/meio-ambiente\/wp-content\/uploads\/2009\/08\/gestao-ambiental-estudo-de-caso.webp?fit=1200%2C800&ssl=1","width":1200,"height":800,"caption":"gest\u00e3o ambiental estudo de caso"},{"@type":"BreadcrumbList","@id":"https:\/\/cenedcursos.com.br\/meio-ambiente\/gestao-ambiental-estudo-de-caso\/#breadcrumb","itemListElement":[{"@type":"ListItem","position":1,"name":"In\u00edcio","item":"https:\/\/cenedcursos.com.br\/meio-ambiente\/"},{"@type":"ListItem","position":2,"name":"Gest\u00e3o Ambiental, um estudo de caso"}]},{"@type":"WebSite","@id":"https:\/\/cenedcursos.com.br\/meio-ambiente\/#website","url":"https:\/\/cenedcursos.com.br\/meio-ambiente\/","name":"CENED Cursos Online","description":"Aqui voc\u00ea encontra artigos em diversas \u00e1reas do conhecimento: meio ambiente, educa\u00e7\u00e3o, marketing digital, neg\u00f3cios online e muito mais.","potentialAction":[{"@type":"SearchAction","target":{"@type":"EntryPoint","urlTemplate":"https:\/\/cenedcursos.com.br\/meio-ambiente\/?s={search_term_string}"},"query-input":{"@type":"PropertyValueSpecification","valueRequired":true,"valueName":"search_term_string"}}],"inLanguage":"pt-BR"},{"@type":"Person","@id":"https:\/\/cenedcursos.com.br\/meio-ambiente\/#\/schema\/person\/64377d24cdc16779a1eb6229894af388","name":"Amarildo R. Ferrari","image":{"@type":"ImageObject","inLanguage":"pt-BR","@id":"https:\/\/cenedcursos.com.br\/meio-ambiente\/#\/schema\/person\/image\/","url":"https:\/\/secure.gravatar.com\/avatar\/6ea4248ca9f295c93f1b72f8398232f0fbbffe30349e6ec3839cfa5e09b0de3c?s=96&d=mm&r=g","contentUrl":"https:\/\/secure.gravatar.com\/avatar\/6ea4248ca9f295c93f1b72f8398232f0fbbffe30349e6ec3839cfa5e09b0de3c?s=96&d=mm&r=g","caption":"Amarildo R. Ferrari"},"sameAs":["https:\/\/cenedcursos.com.br\/meio-ambiente"],"url":"https:\/\/cenedcursos.com.br\/meio-ambiente\/author\/admin\/"}]}},"jetpack_featured_media_url":"https:\/\/i0.wp.com\/cenedcursos.com.br\/meio-ambiente\/wp-content\/uploads\/2009\/08\/gestao-ambiental-estudo-de-caso.webp?fit=1200%2C800&ssl=1","jetpack_sharing_enabled":true,"_links":{"self":[{"href":"https:\/\/cenedcursos.com.br\/meio-ambiente\/wp-json\/wp\/v2\/posts\/598","targetHints":{"allow":["GET"]}}],"collection":[{"href":"https:\/\/cenedcursos.com.br\/meio-ambiente\/wp-json\/wp\/v2\/posts"}],"about":[{"href":"https:\/\/cenedcursos.com.br\/meio-ambiente\/wp-json\/wp\/v2\/types\/post"}],"author":[{"embeddable":true,"href":"https:\/\/cenedcursos.com.br\/meio-ambiente\/wp-json\/wp\/v2\/users\/1"}],"replies":[{"embeddable":true,"href":"https:\/\/cenedcursos.com.br\/meio-ambiente\/wp-json\/wp\/v2\/comments?post=598"}],"version-history":[{"count":0,"href":"https:\/\/cenedcursos.com.br\/meio-ambiente\/wp-json\/wp\/v2\/posts\/598\/revisions"}],"wp:featuredmedia":[{"embeddable":true,"href":"https:\/\/cenedcursos.com.br\/meio-ambiente\/wp-json\/wp\/v2\/media\/13113"}],"wp:attachment":[{"href":"https:\/\/cenedcursos.com.br\/meio-ambiente\/wp-json\/wp\/v2\/media?parent=598"}],"wp:term":[{"taxonomy":"category","embeddable":true,"href":"https:\/\/cenedcursos.com.br\/meio-ambiente\/wp-json\/wp\/v2\/categories?post=598"},{"taxonomy":"post_tag","embeddable":true,"href":"https:\/\/cenedcursos.com.br\/meio-ambiente\/wp-json\/wp\/v2\/tags?post=598"}],"curies":[{"name":"wp","href":"https:\/\/api.w.org\/{rel}","templated":true}]}}