{"id":601,"date":"2009-08-24T00:29:14","date_gmt":"2009-08-24T00:29:14","guid":{"rendered":"http:\/\/www.cenedcursos.com.br\/?p=601"},"modified":"2009-08-24T00:29:14","modified_gmt":"2009-08-24T00:29:14","slug":"mudancas-de-comportamento","status":"publish","type":"post","link":"https:\/\/cenedcursos.com.br\/meio-ambiente\/mudancas-de-comportamento\/","title":{"rendered":"Mudan\u00e7as de comportamento"},"content":{"rendered":"<p style=\"text-align: right;\"><span style=\"font-size: 10pt;\"><span style=\"font-family: arial,helvetica,sans-serif;\"><em>Autora: Patr\u00edcia da Costa Kunt<\/em><\/span><\/span><\/p>\n<p style=\"text-align: justify;\"><span style=\"font-family: arial,helvetica,sans-serif;\"><span style=\"font-size: 10pt;\">Vivemos em um mundo urbanizado, onde a rela\u00e7\u00e3o entre homem-natureza \u00e9 cada vez menor. Com o passar das gera\u00e7\u00f5es vemos um maior distanciamento das crian\u00e7as com a natureza. Desta forma, precisamos agir para mudar esta realidade.<br \/><\/span><\/span><\/p>\n<p style=\"text-align: justify;\"><span style=\"font-family: arial,helvetica,sans-serif;\"><span style=\"font-size: 10pt;\">Lembro das hist\u00f3rias contadas por minha bisav\u00f3, na qual ela me contava que as distra\u00e7\u00f5es na \u00e9poca de sua inf\u00e2ncia eram muito diferentes das minhas. Minha bisav\u00f3 brincava de contar hist\u00f3rias de terror \u00e0 luz de velas, pois n\u00e3o existia luz el\u00e9trica naquela \u00e9poca. Ao acordar, ela ajudava seu pai a tirar o leite das vacas e em seguida ia brincar na sombra de uma figueira. Quando se casou foi morar em uma casa enorme no centro da cidade de Dom Pedrito, no Rio Grande do Sul. A casa possu\u00eda muitos quartos, que nas f\u00e9rias eram ocupados pelos seus sete filhos, noras, genros e netos. Durante as refei\u00e7\u00f5es todos sentavam \u00e0 mesa e oravam. Durante a tarde, as crian\u00e7as brincavam no jardim florido, enquanto os adultos tomavam o tradicional mate. \u00c0 noite, todos se reuniam novamente para pedir a ben\u00e7\u00e3o aos mais velhos antes de irem dormir. E assim, os dias passavam. N\u00e3o havia televis\u00e3o, nem internet e v\u00eddeo-game. As crian\u00e7as brincavam ao ar livre sem medo da viol\u00eancia e sem grades que as mantivessem presas em suas resid\u00eancias. <br \/><\/span><\/span><\/p>\n<p style=\"text-align: justify;\"><span style=\"font-family: arial,helvetica,sans-serif;\"><span style=\"font-size: 10pt;\">Imersas em sua ingenuidade, as crian\u00e7as daquela \u00e9poca sequer se davam conta das grandes transforma\u00e7\u00f5es tecnol\u00f3gicas que estavam por vir. Durante a minha inf\u00e2ncia descobrimos o v\u00eddeo-game, era um m\u00e1ximo. Ador\u00e1vamos brincar com ele \u00e0 noite quando n\u00e3o pod\u00edamos mais ficar na rua, pois eu e minhas amiguinhas gost\u00e1vamos mesmo \u00e9 de brincar de boneca na rua. Estend\u00edamos len\u00e7\u00f3is na cal\u00e7ada e mont\u00e1vamos casas para nossas barbies. Pass\u00e1vamos todo final de semana brincando na rua. Quando nos aproximamos da adolesc\u00eancia as brincadeiras mudaram, passamos a jogar taco, v\u00f4lei e brincar de pega-pega. A rua onde moro \u00e9 pr\u00f3xima ao centro da capital do Rio Grande do Sul, mas era t\u00e3o pouco movimentada que os jogos dificilmente eram interrompidos pelos carros. Mas as coisas mudaram. Atualmente, ela \u00e9 asfaltada e h\u00e1 um fluxo intenso de carros, mesmo no final de semana. N\u00e3o vemos mais crian\u00e7as brincando na rua. <br \/><\/span><\/span><\/p>\n<p style=\"text-align: justify;\"><span style=\"font-family: arial,helvetica,sans-serif;\"><span style=\"font-size: 10pt;\">Hoje em dia, a maioria das crian\u00e7as da classe m\u00e9dia possui um computador ou j\u00e1 manusearam um na escola, ou na casa de um amigo. A tecnologia faz parte de suas vidas em todos os sentidos, desde uma infinidade de canais dispon\u00edveis na teve a cabo at\u00e9 os mais avan\u00e7ados programas de v\u00eddeo-game. \u00c9 comum vermos crian\u00e7as passarem horas na frente do computador conversando atrav\u00e9s de sites de relacionamento, como Orkut ou Messenger. Cada uma em sua casa, distante e ao mesmo tempo pr\u00f3xima devido \u00e0s facilidades de comunica\u00e7\u00e3o. Desta forma, o contato f\u00edsico entre as crian\u00e7as tornou-se mais escasso, muitas vezes limitado ao per\u00edodo em que est\u00e3o na escola. <br \/><\/span><\/span><\/p>\n<p style=\"text-align: justify;\"><span style=\"font-family: arial,helvetica,sans-serif;\"><span style=\"font-size: 10pt;\">E o contato com a natureza? O meio urbano deixou de ter casas grandes e passou a ser dominado por pr\u00e9dios. Os p\u00e1tios est\u00e3o cada vez mais reduzidos e cercados por muros. As crian\u00e7as n\u00e3o desejam mais ter uma casa na \u00e1rvore para brincar, n\u00e3o colhem os frutos maduros das \u00e1rvores, n\u00e3o sabem distinguir o canto dos p\u00e1ssaros e tampouco acordam com o som do cacarejar dos galos. Essas culturas foram perdidas com o passar do tempo e se n\u00e3o forem feitos esfor\u00e7os para aproximar a natureza dessas crian\u00e7as, provavelmente tornaram-se adultos ap\u00e1ticos a conserva\u00e7\u00e3o da biodiversidade e dos ecossistemas. <br \/><\/span><\/span><\/p>\n<p style=\"text-align: justify;\"><span style=\"font-family: arial,helvetica,sans-serif;\"><span style=\"font-size: 10pt;\">Vemos uma crescente necessidade da tomada da consci\u00eancia ecol\u00f3gica e um dos meios de se atingir tal ideal \u00e9 atrav\u00e9s da educa\u00e7\u00e3o ambiental. Segundo Le\u00e3o (1999, p.27) \u00e9 preciso que a sociedade resgate o pressuposto fundamental da educa\u00e7\u00e3o ambiental: integra\u00e7\u00e3o entre as partes, formando um todo, em intera\u00e7\u00e3o constante homem-ambiente, valorizando as inst\u00e2ncias da raz\u00e3o, do sentimento, da afetividade e do prazer, que somar\u00e3o energia para uma a\u00e7\u00e3o coletiva, demonstrativa de um novo modelo de sociedade. <\/p>\n<p><\/span><\/span><\/p>\n<p style=\"text-align: justify;\">\n<hr \/>\n<p> <span style=\"font-family: arial,helvetica,sans-serif;\"><span style=\"font-size: 10pt;\">Bibliografia:<br \/> LE\u00c3O, Ana L\u00facia Carneiro, SILVA, L\u00facia Maria Alves. Fazendo Educa\u00e7\u00e3o Ambiental, 4\u00aa ed. rev. atual. Recife: CPRH, 1999, 32p.<\/span><\/span><\/p>\n","protected":false},"excerpt":{"rendered":"<p>Autora: Patr\u00edcia da Costa Kunt Vivemos em um mundo urbanizado, onde a rela\u00e7\u00e3o entre homem-natureza \u00e9 cada vez menor. Com o passar das gera\u00e7\u00f5es vemos um maior distanciamento das crian\u00e7as com a natureza. Desta forma, precisamos agir para mudar esta realidade. Lembro das hist\u00f3rias contadas por minha bisav\u00f3, na qual ela me contava que as [&hellip;]<\/p>\n","protected":false},"author":1,"featured_media":0,"comment_status":"open","ping_status":"open","sticky":false,"template":"","format":"standard","meta":{"_jetpack_memberships_contains_paid_content":false,"footnotes":""},"categories":[491],"tags":[829,254],"class_list":{"0":"post-601","1":"post","2":"type-post","3":"status-publish","4":"format-standard","6":"category-educacao-ambiental-textos","7":"tag-homem-natureza","8":"tag-natureza"},"yoast_head":"<!-- This site is optimized with the Yoast SEO plugin v25.1 - https:\/\/yoast.com\/wordpress\/plugins\/seo\/ -->\n<title>Mudan\u00e7as de comportamento - CENED Cursos Online<\/title>\n<meta name=\"robots\" content=\"index, follow, max-snippet:-1, max-image-preview:large, max-video-preview:-1\" \/>\n<link rel=\"canonical\" href=\"https:\/\/cenedcursos.com.br\/meio-ambiente\/mudancas-de-comportamento\/\" \/>\n<meta property=\"og:locale\" content=\"pt_BR\" \/>\n<meta property=\"og:type\" content=\"article\" \/>\n<meta property=\"og:title\" content=\"Mudan\u00e7as de comportamento - CENED Cursos Online\" \/>\n<meta property=\"og:description\" content=\"Autora: Patr\u00edcia da Costa Kunt Vivemos em um mundo urbanizado, onde a rela\u00e7\u00e3o entre homem-natureza \u00e9 cada vez menor. Com o passar das gera\u00e7\u00f5es vemos um maior distanciamento das crian\u00e7as com a natureza. Desta forma, precisamos agir para mudar esta realidade. Lembro das hist\u00f3rias contadas por minha bisav\u00f3, na qual ela me contava que as [&hellip;]\" \/>\n<meta property=\"og:url\" content=\"https:\/\/cenedcursos.com.br\/meio-ambiente\/mudancas-de-comportamento\/\" \/>\n<meta property=\"og:site_name\" content=\"CENED Cursos Online\" \/>\n<meta property=\"article:published_time\" content=\"2009-08-24T00:29:14+00:00\" \/>\n<meta name=\"author\" content=\"Amarildo R. Ferrari\" \/>\n<meta name=\"twitter:card\" content=\"summary_large_image\" \/>\n<meta name=\"twitter:label1\" content=\"Escrito por\" \/>\n\t<meta name=\"twitter:data1\" content=\"Amarildo R. Ferrari\" \/>\n\t<meta name=\"twitter:label2\" content=\"Est. tempo de leitura\" \/>\n\t<meta name=\"twitter:data2\" content=\"4 minutos\" \/>\n<script type=\"application\/ld+json\" class=\"yoast-schema-graph\">{\"@context\":\"https:\/\/schema.org\",\"@graph\":[{\"@type\":\"WebPage\",\"@id\":\"https:\/\/cenedcursos.com.br\/meio-ambiente\/mudancas-de-comportamento\/\",\"url\":\"https:\/\/cenedcursos.com.br\/meio-ambiente\/mudancas-de-comportamento\/\",\"name\":\"Mudan\u00e7as de comportamento - CENED Cursos Online\",\"isPartOf\":{\"@id\":\"https:\/\/cenedcursos.com.br\/meio-ambiente\/#website\"},\"datePublished\":\"2009-08-24T00:29:14+00:00\",\"author\":{\"@id\":\"https:\/\/cenedcursos.com.br\/meio-ambiente\/#\/schema\/person\/64377d24cdc16779a1eb6229894af388\"},\"breadcrumb\":{\"@id\":\"https:\/\/cenedcursos.com.br\/meio-ambiente\/mudancas-de-comportamento\/#breadcrumb\"},\"inLanguage\":\"pt-BR\",\"potentialAction\":[{\"@type\":\"ReadAction\",\"target\":[\"https:\/\/cenedcursos.com.br\/meio-ambiente\/mudancas-de-comportamento\/\"]}]},{\"@type\":\"BreadcrumbList\",\"@id\":\"https:\/\/cenedcursos.com.br\/meio-ambiente\/mudancas-de-comportamento\/#breadcrumb\",\"itemListElement\":[{\"@type\":\"ListItem\",\"position\":1,\"name\":\"In\u00edcio\",\"item\":\"https:\/\/cenedcursos.com.br\/meio-ambiente\/\"},{\"@type\":\"ListItem\",\"position\":2,\"name\":\"Mudan\u00e7as de comportamento\"}]},{\"@type\":\"WebSite\",\"@id\":\"https:\/\/cenedcursos.com.br\/meio-ambiente\/#website\",\"url\":\"https:\/\/cenedcursos.com.br\/meio-ambiente\/\",\"name\":\"CENED Cursos Online\",\"description\":\"Aqui voc\u00ea encontra artigos em diversas \u00e1reas do conhecimento: meio ambiente, educa\u00e7\u00e3o, marketing digital, neg\u00f3cios online e muito mais.\",\"potentialAction\":[{\"@type\":\"SearchAction\",\"target\":{\"@type\":\"EntryPoint\",\"urlTemplate\":\"https:\/\/cenedcursos.com.br\/meio-ambiente\/?s={search_term_string}\"},\"query-input\":{\"@type\":\"PropertyValueSpecification\",\"valueRequired\":true,\"valueName\":\"search_term_string\"}}],\"inLanguage\":\"pt-BR\"},{\"@type\":\"Person\",\"@id\":\"https:\/\/cenedcursos.com.br\/meio-ambiente\/#\/schema\/person\/64377d24cdc16779a1eb6229894af388\",\"name\":\"Amarildo R. Ferrari\",\"image\":{\"@type\":\"ImageObject\",\"inLanguage\":\"pt-BR\",\"@id\":\"https:\/\/cenedcursos.com.br\/meio-ambiente\/#\/schema\/person\/image\/\",\"url\":\"https:\/\/secure.gravatar.com\/avatar\/6ea4248ca9f295c93f1b72f8398232f0fbbffe30349e6ec3839cfa5e09b0de3c?s=96&d=mm&r=g\",\"contentUrl\":\"https:\/\/secure.gravatar.com\/avatar\/6ea4248ca9f295c93f1b72f8398232f0fbbffe30349e6ec3839cfa5e09b0de3c?s=96&d=mm&r=g\",\"caption\":\"Amarildo R. Ferrari\"},\"sameAs\":[\"https:\/\/cenedcursos.com.br\/meio-ambiente\"],\"url\":\"https:\/\/cenedcursos.com.br\/meio-ambiente\/author\/admin\/\"}]}<\/script>\n<!-- \/ Yoast SEO plugin. -->","yoast_head_json":{"title":"Mudan\u00e7as de comportamento - CENED Cursos Online","robots":{"index":"index","follow":"follow","max-snippet":"max-snippet:-1","max-image-preview":"max-image-preview:large","max-video-preview":"max-video-preview:-1"},"canonical":"https:\/\/cenedcursos.com.br\/meio-ambiente\/mudancas-de-comportamento\/","og_locale":"pt_BR","og_type":"article","og_title":"Mudan\u00e7as de comportamento - CENED Cursos Online","og_description":"Autora: Patr\u00edcia da Costa Kunt Vivemos em um mundo urbanizado, onde a rela\u00e7\u00e3o entre homem-natureza \u00e9 cada vez menor. Com o passar das gera\u00e7\u00f5es vemos um maior distanciamento das crian\u00e7as com a natureza. Desta forma, precisamos agir para mudar esta realidade. Lembro das hist\u00f3rias contadas por minha bisav\u00f3, na qual ela me contava que as [&hellip;]","og_url":"https:\/\/cenedcursos.com.br\/meio-ambiente\/mudancas-de-comportamento\/","og_site_name":"CENED Cursos Online","article_published_time":"2009-08-24T00:29:14+00:00","author":"Amarildo R. Ferrari","twitter_card":"summary_large_image","twitter_misc":{"Escrito por":"Amarildo R. Ferrari","Est. tempo de leitura":"4 minutos"},"schema":{"@context":"https:\/\/schema.org","@graph":[{"@type":"WebPage","@id":"https:\/\/cenedcursos.com.br\/meio-ambiente\/mudancas-de-comportamento\/","url":"https:\/\/cenedcursos.com.br\/meio-ambiente\/mudancas-de-comportamento\/","name":"Mudan\u00e7as de comportamento - CENED Cursos Online","isPartOf":{"@id":"https:\/\/cenedcursos.com.br\/meio-ambiente\/#website"},"datePublished":"2009-08-24T00:29:14+00:00","author":{"@id":"https:\/\/cenedcursos.com.br\/meio-ambiente\/#\/schema\/person\/64377d24cdc16779a1eb6229894af388"},"breadcrumb":{"@id":"https:\/\/cenedcursos.com.br\/meio-ambiente\/mudancas-de-comportamento\/#breadcrumb"},"inLanguage":"pt-BR","potentialAction":[{"@type":"ReadAction","target":["https:\/\/cenedcursos.com.br\/meio-ambiente\/mudancas-de-comportamento\/"]}]},{"@type":"BreadcrumbList","@id":"https:\/\/cenedcursos.com.br\/meio-ambiente\/mudancas-de-comportamento\/#breadcrumb","itemListElement":[{"@type":"ListItem","position":1,"name":"In\u00edcio","item":"https:\/\/cenedcursos.com.br\/meio-ambiente\/"},{"@type":"ListItem","position":2,"name":"Mudan\u00e7as de comportamento"}]},{"@type":"WebSite","@id":"https:\/\/cenedcursos.com.br\/meio-ambiente\/#website","url":"https:\/\/cenedcursos.com.br\/meio-ambiente\/","name":"CENED Cursos Online","description":"Aqui voc\u00ea encontra artigos em diversas \u00e1reas do conhecimento: meio ambiente, educa\u00e7\u00e3o, marketing digital, neg\u00f3cios online e muito mais.","potentialAction":[{"@type":"SearchAction","target":{"@type":"EntryPoint","urlTemplate":"https:\/\/cenedcursos.com.br\/meio-ambiente\/?s={search_term_string}"},"query-input":{"@type":"PropertyValueSpecification","valueRequired":true,"valueName":"search_term_string"}}],"inLanguage":"pt-BR"},{"@type":"Person","@id":"https:\/\/cenedcursos.com.br\/meio-ambiente\/#\/schema\/person\/64377d24cdc16779a1eb6229894af388","name":"Amarildo R. Ferrari","image":{"@type":"ImageObject","inLanguage":"pt-BR","@id":"https:\/\/cenedcursos.com.br\/meio-ambiente\/#\/schema\/person\/image\/","url":"https:\/\/secure.gravatar.com\/avatar\/6ea4248ca9f295c93f1b72f8398232f0fbbffe30349e6ec3839cfa5e09b0de3c?s=96&d=mm&r=g","contentUrl":"https:\/\/secure.gravatar.com\/avatar\/6ea4248ca9f295c93f1b72f8398232f0fbbffe30349e6ec3839cfa5e09b0de3c?s=96&d=mm&r=g","caption":"Amarildo R. Ferrari"},"sameAs":["https:\/\/cenedcursos.com.br\/meio-ambiente"],"url":"https:\/\/cenedcursos.com.br\/meio-ambiente\/author\/admin\/"}]}},"jetpack_featured_media_url":"","jetpack_sharing_enabled":true,"_links":{"self":[{"href":"https:\/\/cenedcursos.com.br\/meio-ambiente\/wp-json\/wp\/v2\/posts\/601","targetHints":{"allow":["GET"]}}],"collection":[{"href":"https:\/\/cenedcursos.com.br\/meio-ambiente\/wp-json\/wp\/v2\/posts"}],"about":[{"href":"https:\/\/cenedcursos.com.br\/meio-ambiente\/wp-json\/wp\/v2\/types\/post"}],"author":[{"embeddable":true,"href":"https:\/\/cenedcursos.com.br\/meio-ambiente\/wp-json\/wp\/v2\/users\/1"}],"replies":[{"embeddable":true,"href":"https:\/\/cenedcursos.com.br\/meio-ambiente\/wp-json\/wp\/v2\/comments?post=601"}],"version-history":[{"count":0,"href":"https:\/\/cenedcursos.com.br\/meio-ambiente\/wp-json\/wp\/v2\/posts\/601\/revisions"}],"wp:attachment":[{"href":"https:\/\/cenedcursos.com.br\/meio-ambiente\/wp-json\/wp\/v2\/media?parent=601"}],"wp:term":[{"taxonomy":"category","embeddable":true,"href":"https:\/\/cenedcursos.com.br\/meio-ambiente\/wp-json\/wp\/v2\/categories?post=601"},{"taxonomy":"post_tag","embeddable":true,"href":"https:\/\/cenedcursos.com.br\/meio-ambiente\/wp-json\/wp\/v2\/tags?post=601"}],"curies":[{"name":"wp","href":"https:\/\/api.w.org\/{rel}","templated":true}]}}