{"id":603,"date":"2009-08-24T12:08:31","date_gmt":"2009-08-24T12:08:31","guid":{"rendered":"http:\/\/www.cenedcursos.com.br\/?p=603"},"modified":"2024-03-13T16:12:55","modified_gmt":"2024-03-13T19:12:55","slug":"educacao-ambiental-desenvolvimento-sustentavel","status":"publish","type":"post","link":"https:\/\/cenedcursos.com.br\/meio-ambiente\/educacao-ambiental-desenvolvimento-sustentavel\/","title":{"rendered":"A Educa\u00e7\u00e3o Ambiental e a informa\u00e7\u00e3o como instrumentos de prote\u00e7\u00e3o e Desenvolvimento Sustent\u00e1vel"},"content":{"rendered":"<p class=\"MsoNormal\" style=\"text-align: justify;\"><span style=\"font-size: 10pt;\"><span style=\"font-family: arial,helvetica,sans-serif;\"><strong>RESUMO<\/strong> \u2013 O estudo inicia contextualizando historicamente a trajet\u00f3ria da Educa\u00e7\u00e3o Ambiental e a Informa\u00e7\u00e3o ambiental, por interm\u00e9dio do direito internacional, com a indica\u00e7\u00e3o dos tratados, conven\u00e7\u00f5es, declara\u00e7\u00f5es internacionais referentes nas normas p\u00e1trias, tanto as constitucionais como as infra-constitucionais. A seguir analisam-se conceitos, requisitos e outras particularidades do tema. Ao final do estudo conclui-se que a Educa\u00e7\u00e3o Ambiental e a Informa\u00e7\u00e3o Ambiental s\u00e3o instrumentos fundamentais e essenciais para a prote\u00e7\u00e3o e o desenvolvimento sustent\u00e1vel do meio ambiente.<\/span><\/span><\/p>\n<p class=\"MsoNormal\" style=\"text-align: justify;\"><span style=\"font-size: 10pt;\"><span style=\"font-family: arial,helvetica,sans-serif;\"><em><span style=\"line-height: 150%;\">Autora: Ana Maria Faria &#8211; Procuradora Municipal. Mestre em Direito Econ\u00f4mico e Socioambiental pela PUC\/PR. Professora ensino superior.<\/span><\/em><\/span><\/span><\/p>\n<p class=\"MsoNormal\" style=\"text-align: center;\"><span style=\"font-size: 12pt;\"><span style=\"font-family: arial,helvetica,sans-serif;\"><strong><a href=\"https:\/\/www.cenedcursos.com.br\/meio-ambiente\/wp-content\/uploads\/2009\/08\/educacao_ambiental_informacao.pdf\">Fa\u00e7a download do texto na \u00edntegra<\/a><\/strong><\/span><\/span><\/p>\n","protected":false},"excerpt":{"rendered":"<p>RESUMO \u2013 O estudo inicia contextualizando historicamente a trajet\u00f3ria da Educa\u00e7\u00e3o Ambiental e a Informa\u00e7\u00e3o ambiental, por interm\u00e9dio do direito internacional, com a indica\u00e7\u00e3o dos tratados, conven\u00e7\u00f5es, declara\u00e7\u00f5es internacionais referentes nas normas p\u00e1trias, tanto as constitucionais como as infra-constitucionais. A seguir analisam-se conceitos, requisitos e outras particularidades do tema. Ao final do estudo conclui-se que [&hellip;]<\/p>\n","protected":false},"author":1,"featured_media":13006,"comment_status":"open","ping_status":"open","sticky":false,"template":"","format":"standard","meta":{"_jetpack_memberships_contains_paid_content":false,"footnotes":""},"categories":[491],"tags":[683,134],"class_list":{"0":"post-603","1":"post","2":"type-post","3":"status-publish","4":"format-standard","5":"has-post-thumbnail","7":"category-educacao-ambiental-textos","8":"tag-desenvolvimento-sustentavel","9":"tag-educacao-ambiental"},"yoast_head":"<!-- This site is optimized with the Yoast SEO plugin v25.1 - https:\/\/yoast.com\/wordpress\/plugins\/seo\/ -->\n<title>A Educa\u00e7\u00e3o Ambiental e a informa\u00e7\u00e3o como instrumentos de prote\u00e7\u00e3o e Desenvolvimento Sustent\u00e1vel - CENED Cursos Online<\/title>\n<meta name=\"description\" content=\"Educa\u00e7\u00e3o Ambiental e a Informa\u00e7\u00e3o ambiental, por interm\u00e9dio do direito internacional, com a indica\u00e7\u00e3o dos tratados, conven\u00e7\u00f5es\" \/>\n<meta name=\"robots\" content=\"index, follow, max-snippet:-1, max-image-preview:large, max-video-preview:-1\" \/>\n<link rel=\"canonical\" href=\"https:\/\/cenedcursos.com.br\/meio-ambiente\/educacao-ambiental-desenvolvimento-sustentavel\/\" \/>\n<meta property=\"og:locale\" content=\"pt_BR\" \/>\n<meta property=\"og:type\" content=\"article\" \/>\n<meta property=\"og:title\" content=\"A Educa\u00e7\u00e3o Ambiental e a informa\u00e7\u00e3o como instrumentos de prote\u00e7\u00e3o e Desenvolvimento Sustent\u00e1vel - CENED Cursos Online\" \/>\n<meta property=\"og:description\" content=\"Educa\u00e7\u00e3o Ambiental e a Informa\u00e7\u00e3o ambiental, por interm\u00e9dio do direito internacional, com a indica\u00e7\u00e3o dos tratados, conven\u00e7\u00f5es\" \/>\n<meta property=\"og:url\" content=\"https:\/\/cenedcursos.com.br\/meio-ambiente\/educacao-ambiental-desenvolvimento-sustentavel\/\" \/>\n<meta property=\"og:site_name\" content=\"CENED Cursos Online\" \/>\n<meta property=\"article:published_time\" content=\"2009-08-24T12:08:31+00:00\" \/>\n<meta property=\"article:modified_time\" content=\"2024-03-13T19:12:55+00:00\" \/>\n<meta property=\"og:image\" content=\"https:\/\/cenedcursos.com.br\/meio-ambiente\/wp-content\/uploads\/2009\/08\/educacao-ambiental-informacao.webp\" \/>\n\t<meta property=\"og:image:width\" content=\"1200\" \/>\n\t<meta property=\"og:image:height\" content=\"697\" \/>\n\t<meta property=\"og:image:type\" content=\"image\/webp\" \/>\n<meta name=\"author\" content=\"Amarildo R. Ferrari\" \/>\n<meta name=\"twitter:card\" content=\"summary_large_image\" \/>\n<meta name=\"twitter:label1\" content=\"Escrito por\" \/>\n\t<meta name=\"twitter:data1\" content=\"Amarildo R. Ferrari\" \/>\n\t<meta name=\"twitter:label2\" content=\"Est. tempo de leitura\" \/>\n\t<meta name=\"twitter:data2\" content=\"1 minuto\" \/>\n<script type=\"application\/ld+json\" class=\"yoast-schema-graph\">{\"@context\":\"https:\/\/schema.org\",\"@graph\":[{\"@type\":\"WebPage\",\"@id\":\"https:\/\/cenedcursos.com.br\/meio-ambiente\/educacao-ambiental-desenvolvimento-sustentavel\/\",\"url\":\"https:\/\/cenedcursos.com.br\/meio-ambiente\/educacao-ambiental-desenvolvimento-sustentavel\/\",\"name\":\"A Educa\u00e7\u00e3o Ambiental e a informa\u00e7\u00e3o como instrumentos de prote\u00e7\u00e3o e Desenvolvimento Sustent\u00e1vel - CENED Cursos Online\",\"isPartOf\":{\"@id\":\"https:\/\/cenedcursos.com.br\/meio-ambiente\/#website\"},\"primaryImageOfPage\":{\"@id\":\"https:\/\/cenedcursos.com.br\/meio-ambiente\/educacao-ambiental-desenvolvimento-sustentavel\/#primaryimage\"},\"image\":{\"@id\":\"https:\/\/cenedcursos.com.br\/meio-ambiente\/educacao-ambiental-desenvolvimento-sustentavel\/#primaryimage\"},\"thumbnailUrl\":\"https:\/\/i0.wp.com\/cenedcursos.com.br\/meio-ambiente\/wp-content\/uploads\/2009\/08\/educacao-ambiental-informacao.webp?fit=1200%2C697&ssl=1\",\"datePublished\":\"2009-08-24T12:08:31+00:00\",\"dateModified\":\"2024-03-13T19:12:55+00:00\",\"author\":{\"@id\":\"https:\/\/cenedcursos.com.br\/meio-ambiente\/#\/schema\/person\/64377d24cdc16779a1eb6229894af388\"},\"description\":\"Educa\u00e7\u00e3o Ambiental e a Informa\u00e7\u00e3o ambiental, por interm\u00e9dio do direito internacional, com a indica\u00e7\u00e3o dos tratados, conven\u00e7\u00f5es\",\"breadcrumb\":{\"@id\":\"https:\/\/cenedcursos.com.br\/meio-ambiente\/educacao-ambiental-desenvolvimento-sustentavel\/#breadcrumb\"},\"inLanguage\":\"pt-BR\",\"potentialAction\":[{\"@type\":\"ReadAction\",\"target\":[\"https:\/\/cenedcursos.com.br\/meio-ambiente\/educacao-ambiental-desenvolvimento-sustentavel\/\"]}]},{\"@type\":\"ImageObject\",\"inLanguage\":\"pt-BR\",\"@id\":\"https:\/\/cenedcursos.com.br\/meio-ambiente\/educacao-ambiental-desenvolvimento-sustentavel\/#primaryimage\",\"url\":\"https:\/\/i0.wp.com\/cenedcursos.com.br\/meio-ambiente\/wp-content\/uploads\/2009\/08\/educacao-ambiental-informacao.webp?fit=1200%2C697&ssl=1\",\"contentUrl\":\"https:\/\/i0.wp.com\/cenedcursos.com.br\/meio-ambiente\/wp-content\/uploads\/2009\/08\/educacao-ambiental-informacao.webp?fit=1200%2C697&ssl=1\",\"width\":1200,\"height\":697,\"caption\":\"educa\u00e7\u00e3o ambiental informa\u00e7\u00e3o\"},{\"@type\":\"BreadcrumbList\",\"@id\":\"https:\/\/cenedcursos.com.br\/meio-ambiente\/educacao-ambiental-desenvolvimento-sustentavel\/#breadcrumb\",\"itemListElement\":[{\"@type\":\"ListItem\",\"position\":1,\"name\":\"In\u00edcio\",\"item\":\"https:\/\/cenedcursos.com.br\/meio-ambiente\/\"},{\"@type\":\"ListItem\",\"position\":2,\"name\":\"A Educa\u00e7\u00e3o Ambiental e a informa\u00e7\u00e3o como instrumentos de prote\u00e7\u00e3o e Desenvolvimento Sustent\u00e1vel\"}]},{\"@type\":\"WebSite\",\"@id\":\"https:\/\/cenedcursos.com.br\/meio-ambiente\/#website\",\"url\":\"https:\/\/cenedcursos.com.br\/meio-ambiente\/\",\"name\":\"CENED Cursos Online\",\"description\":\"Aqui voc\u00ea encontra artigos em diversas \u00e1reas do conhecimento: meio ambiente, educa\u00e7\u00e3o, marketing digital, neg\u00f3cios online e muito mais.\",\"potentialAction\":[{\"@type\":\"SearchAction\",\"target\":{\"@type\":\"EntryPoint\",\"urlTemplate\":\"https:\/\/cenedcursos.com.br\/meio-ambiente\/?s={search_term_string}\"},\"query-input\":{\"@type\":\"PropertyValueSpecification\",\"valueRequired\":true,\"valueName\":\"search_term_string\"}}],\"inLanguage\":\"pt-BR\"},{\"@type\":\"Person\",\"@id\":\"https:\/\/cenedcursos.com.br\/meio-ambiente\/#\/schema\/person\/64377d24cdc16779a1eb6229894af388\",\"name\":\"Amarildo R. Ferrari\",\"image\":{\"@type\":\"ImageObject\",\"inLanguage\":\"pt-BR\",\"@id\":\"https:\/\/cenedcursos.com.br\/meio-ambiente\/#\/schema\/person\/image\/\",\"url\":\"https:\/\/secure.gravatar.com\/avatar\/6ea4248ca9f295c93f1b72f8398232f0fbbffe30349e6ec3839cfa5e09b0de3c?s=96&d=mm&r=g\",\"contentUrl\":\"https:\/\/secure.gravatar.com\/avatar\/6ea4248ca9f295c93f1b72f8398232f0fbbffe30349e6ec3839cfa5e09b0de3c?s=96&d=mm&r=g\",\"caption\":\"Amarildo R. Ferrari\"},\"sameAs\":[\"https:\/\/cenedcursos.com.br\/meio-ambiente\"],\"url\":\"https:\/\/cenedcursos.com.br\/meio-ambiente\/author\/admin\/\"}]}<\/script>\n<!-- \/ Yoast SEO plugin. -->","yoast_head_json":{"title":"A Educa\u00e7\u00e3o Ambiental e a informa\u00e7\u00e3o como instrumentos de prote\u00e7\u00e3o e Desenvolvimento Sustent\u00e1vel - CENED Cursos Online","description":"Educa\u00e7\u00e3o Ambiental e a Informa\u00e7\u00e3o ambiental, por interm\u00e9dio do direito internacional, com a indica\u00e7\u00e3o dos tratados, conven\u00e7\u00f5es","robots":{"index":"index","follow":"follow","max-snippet":"max-snippet:-1","max-image-preview":"max-image-preview:large","max-video-preview":"max-video-preview:-1"},"canonical":"https:\/\/cenedcursos.com.br\/meio-ambiente\/educacao-ambiental-desenvolvimento-sustentavel\/","og_locale":"pt_BR","og_type":"article","og_title":"A Educa\u00e7\u00e3o Ambiental e a informa\u00e7\u00e3o como instrumentos de prote\u00e7\u00e3o e Desenvolvimento Sustent\u00e1vel - CENED Cursos Online","og_description":"Educa\u00e7\u00e3o Ambiental e a Informa\u00e7\u00e3o ambiental, por interm\u00e9dio do direito internacional, com a indica\u00e7\u00e3o dos tratados, conven\u00e7\u00f5es","og_url":"https:\/\/cenedcursos.com.br\/meio-ambiente\/educacao-ambiental-desenvolvimento-sustentavel\/","og_site_name":"CENED Cursos Online","article_published_time":"2009-08-24T12:08:31+00:00","article_modified_time":"2024-03-13T19:12:55+00:00","og_image":[{"width":1200,"height":697,"url":"https:\/\/cenedcursos.com.br\/meio-ambiente\/wp-content\/uploads\/2009\/08\/educacao-ambiental-informacao.webp","type":"image\/webp"}],"author":"Amarildo R. Ferrari","twitter_card":"summary_large_image","twitter_misc":{"Escrito por":"Amarildo R. Ferrari","Est. tempo de leitura":"1 minuto"},"schema":{"@context":"https:\/\/schema.org","@graph":[{"@type":"WebPage","@id":"https:\/\/cenedcursos.com.br\/meio-ambiente\/educacao-ambiental-desenvolvimento-sustentavel\/","url":"https:\/\/cenedcursos.com.br\/meio-ambiente\/educacao-ambiental-desenvolvimento-sustentavel\/","name":"A Educa\u00e7\u00e3o Ambiental e a informa\u00e7\u00e3o como instrumentos de prote\u00e7\u00e3o e Desenvolvimento Sustent\u00e1vel - CENED Cursos Online","isPartOf":{"@id":"https:\/\/cenedcursos.com.br\/meio-ambiente\/#website"},"primaryImageOfPage":{"@id":"https:\/\/cenedcursos.com.br\/meio-ambiente\/educacao-ambiental-desenvolvimento-sustentavel\/#primaryimage"},"image":{"@id":"https:\/\/cenedcursos.com.br\/meio-ambiente\/educacao-ambiental-desenvolvimento-sustentavel\/#primaryimage"},"thumbnailUrl":"https:\/\/i0.wp.com\/cenedcursos.com.br\/meio-ambiente\/wp-content\/uploads\/2009\/08\/educacao-ambiental-informacao.webp?fit=1200%2C697&ssl=1","datePublished":"2009-08-24T12:08:31+00:00","dateModified":"2024-03-13T19:12:55+00:00","author":{"@id":"https:\/\/cenedcursos.com.br\/meio-ambiente\/#\/schema\/person\/64377d24cdc16779a1eb6229894af388"},"description":"Educa\u00e7\u00e3o Ambiental e a Informa\u00e7\u00e3o ambiental, por interm\u00e9dio do direito internacional, com a indica\u00e7\u00e3o dos tratados, conven\u00e7\u00f5es","breadcrumb":{"@id":"https:\/\/cenedcursos.com.br\/meio-ambiente\/educacao-ambiental-desenvolvimento-sustentavel\/#breadcrumb"},"inLanguage":"pt-BR","potentialAction":[{"@type":"ReadAction","target":["https:\/\/cenedcursos.com.br\/meio-ambiente\/educacao-ambiental-desenvolvimento-sustentavel\/"]}]},{"@type":"ImageObject","inLanguage":"pt-BR","@id":"https:\/\/cenedcursos.com.br\/meio-ambiente\/educacao-ambiental-desenvolvimento-sustentavel\/#primaryimage","url":"https:\/\/i0.wp.com\/cenedcursos.com.br\/meio-ambiente\/wp-content\/uploads\/2009\/08\/educacao-ambiental-informacao.webp?fit=1200%2C697&ssl=1","contentUrl":"https:\/\/i0.wp.com\/cenedcursos.com.br\/meio-ambiente\/wp-content\/uploads\/2009\/08\/educacao-ambiental-informacao.webp?fit=1200%2C697&ssl=1","width":1200,"height":697,"caption":"educa\u00e7\u00e3o ambiental informa\u00e7\u00e3o"},{"@type":"BreadcrumbList","@id":"https:\/\/cenedcursos.com.br\/meio-ambiente\/educacao-ambiental-desenvolvimento-sustentavel\/#breadcrumb","itemListElement":[{"@type":"ListItem","position":1,"name":"In\u00edcio","item":"https:\/\/cenedcursos.com.br\/meio-ambiente\/"},{"@type":"ListItem","position":2,"name":"A Educa\u00e7\u00e3o Ambiental e a informa\u00e7\u00e3o como instrumentos de prote\u00e7\u00e3o e Desenvolvimento Sustent\u00e1vel"}]},{"@type":"WebSite","@id":"https:\/\/cenedcursos.com.br\/meio-ambiente\/#website","url":"https:\/\/cenedcursos.com.br\/meio-ambiente\/","name":"CENED Cursos Online","description":"Aqui voc\u00ea encontra artigos em diversas \u00e1reas do conhecimento: meio ambiente, educa\u00e7\u00e3o, marketing digital, neg\u00f3cios online e muito mais.","potentialAction":[{"@type":"SearchAction","target":{"@type":"EntryPoint","urlTemplate":"https:\/\/cenedcursos.com.br\/meio-ambiente\/?s={search_term_string}"},"query-input":{"@type":"PropertyValueSpecification","valueRequired":true,"valueName":"search_term_string"}}],"inLanguage":"pt-BR"},{"@type":"Person","@id":"https:\/\/cenedcursos.com.br\/meio-ambiente\/#\/schema\/person\/64377d24cdc16779a1eb6229894af388","name":"Amarildo R. Ferrari","image":{"@type":"ImageObject","inLanguage":"pt-BR","@id":"https:\/\/cenedcursos.com.br\/meio-ambiente\/#\/schema\/person\/image\/","url":"https:\/\/secure.gravatar.com\/avatar\/6ea4248ca9f295c93f1b72f8398232f0fbbffe30349e6ec3839cfa5e09b0de3c?s=96&d=mm&r=g","contentUrl":"https:\/\/secure.gravatar.com\/avatar\/6ea4248ca9f295c93f1b72f8398232f0fbbffe30349e6ec3839cfa5e09b0de3c?s=96&d=mm&r=g","caption":"Amarildo R. Ferrari"},"sameAs":["https:\/\/cenedcursos.com.br\/meio-ambiente"],"url":"https:\/\/cenedcursos.com.br\/meio-ambiente\/author\/admin\/"}]}},"jetpack_featured_media_url":"https:\/\/i0.wp.com\/cenedcursos.com.br\/meio-ambiente\/wp-content\/uploads\/2009\/08\/educacao-ambiental-informacao.webp?fit=1200%2C697&ssl=1","jetpack_sharing_enabled":true,"_links":{"self":[{"href":"https:\/\/cenedcursos.com.br\/meio-ambiente\/wp-json\/wp\/v2\/posts\/603","targetHints":{"allow":["GET"]}}],"collection":[{"href":"https:\/\/cenedcursos.com.br\/meio-ambiente\/wp-json\/wp\/v2\/posts"}],"about":[{"href":"https:\/\/cenedcursos.com.br\/meio-ambiente\/wp-json\/wp\/v2\/types\/post"}],"author":[{"embeddable":true,"href":"https:\/\/cenedcursos.com.br\/meio-ambiente\/wp-json\/wp\/v2\/users\/1"}],"replies":[{"embeddable":true,"href":"https:\/\/cenedcursos.com.br\/meio-ambiente\/wp-json\/wp\/v2\/comments?post=603"}],"version-history":[{"count":0,"href":"https:\/\/cenedcursos.com.br\/meio-ambiente\/wp-json\/wp\/v2\/posts\/603\/revisions"}],"wp:featuredmedia":[{"embeddable":true,"href":"https:\/\/cenedcursos.com.br\/meio-ambiente\/wp-json\/wp\/v2\/media\/13006"}],"wp:attachment":[{"href":"https:\/\/cenedcursos.com.br\/meio-ambiente\/wp-json\/wp\/v2\/media?parent=603"}],"wp:term":[{"taxonomy":"category","embeddable":true,"href":"https:\/\/cenedcursos.com.br\/meio-ambiente\/wp-json\/wp\/v2\/categories?post=603"},{"taxonomy":"post_tag","embeddable":true,"href":"https:\/\/cenedcursos.com.br\/meio-ambiente\/wp-json\/wp\/v2\/tags?post=603"}],"curies":[{"name":"wp","href":"https:\/\/api.w.org\/{rel}","templated":true}]}}