{"id":660,"date":"2009-11-06T22:56:19","date_gmt":"2009-11-06T22:56:19","guid":{"rendered":"http:\/\/www.cenedcursos.com.br\/?p=660"},"modified":"2009-11-06T22:56:19","modified_gmt":"2009-11-06T22:56:19","slug":"a-importancia-da-educacao-ambiental","status":"publish","type":"post","link":"https:\/\/cenedcursos.com.br\/meio-ambiente\/a-importancia-da-educacao-ambiental\/","title":{"rendered":"A import\u00e2ncia da Educa\u00e7\u00e3o Ambiental"},"content":{"rendered":"<p style=\"text-align: justify;\"><span style=\"font-family: 'Arial',sans-serif;\">Segundo Wikip\u00e9dia <em>&#8220;educa\u00e7\u00e3o ambiental \u00e9 um ramo da educa\u00e7\u00e3o cujo objetivo \u00e9 a dissemina\u00e7\u00e3o do conhecimento sobre o ambiente, a fim de ajudar \u00e0 sua preserva\u00e7\u00e3o e utiliza\u00e7\u00e3o sustent\u00e1vel dos seus recursos. \u00c9 uma metodologia de an\u00e1lise que surge a partir do crescente interesse do homem em assuntos como o ambiente devido \u00e0s grandes cat\u00e1strofes naturais que t\u00eam assolado o mundo nas \u00faltimas d\u00e9cadas&#8221;. (<a href=\"http:\/\/pt.wikipedia.org\/wiki\/Educa%C3%A7%C3%A3o_ambiental\" target=\"_blank\" rel=\"noopener noreferrer\">Wikipedia<\/a>)<\/em><br \/>\n<\/span><\/p>\n<p style=\"text-align: justify;\"><span style=\"font-family: 'Arial',sans-serif;\">A educa\u00e7\u00e3o ambiental \u00e9 muito importante porque ensina-nos a saber ser perante ao meio ambiente. Desperta um interesse sobre as quest\u00f5es ambientais e a ter consci\u00eancia ambiental, isto \u00e9, estarmos conscientes de que temos que cuidar do meio ambiente como um bem precioso que \u00e9 bastante fr\u00e1gil.<\/span><\/p>\n<p style=\"text-align: justify;\"><span style=\"font-family: 'Arial',sans-serif;\">Para Adams(2005), citando a Confer\u00eancia de Tbilisi, Educa\u00e7\u00e3o Ambiental foi definida como uma dimens\u00e3o dada ao conte\u00fado e \u00e0 pr\u00e1tica da Educa\u00e7\u00e3o, orientada para a solu\u00e7\u00e3o dos problemas concretos do meio ambiente, atrav\u00e9s de enfoques interdisciplinares e de uma participa\u00e7\u00e3o ativa e respons\u00e1vel de cada indiv\u00edduo e da coletividade.<\/span><\/p>\n<p style=\"text-align: justify;\"><span style=\"font-family: 'Arial',sans-serif;\">A educa\u00e7\u00e3o ambiental \u00e9 um direito para todos. Somos chamados a aprender e a educar, logo uma coisa que \u00e9 concebida para todos e n\u00e3o para particulares \u00e9 de import\u00e2ncia relevante.<br \/>\n<\/span><\/p>\n<p style=\"text-align: justify;\"><span style=\"font-family: 'Arial',sans-serif;\"><a href=\"https:\/\/i0.wp.com\/www.cenedcursos.com.br\/meio-ambiente\/wp-content\/uploads\/2009\/11\/import%C3%A2ncia-da-educa%C3%A7%C3%A3o-ambiental.jpg?ssl=1\"><img data-recalc-dims=\"1\" loading=\"lazy\" decoding=\"async\" data-attachment-id=\"10847\" data-permalink=\"https:\/\/cenedcursos.com.br\/meio-ambiente\/importancia-da-educacao-ambiental-2\/\" data-orig-file=\"https:\/\/i0.wp.com\/cenedcursos.com.br\/meio-ambiente\/wp-content\/uploads\/2009\/11\/importancia-da-educacao-ambiental.jpg?fit=1600%2C1523&amp;ssl=1\" data-orig-size=\"1600,1523\" data-comments-opened=\"1\" data-image-meta=\"{&quot;aperture&quot;:&quot;0&quot;,&quot;credit&quot;:&quot;&quot;,&quot;camera&quot;:&quot;&quot;,&quot;caption&quot;:&quot;&quot;,&quot;created_timestamp&quot;:&quot;0&quot;,&quot;copyright&quot;:&quot;&quot;,&quot;focal_length&quot;:&quot;0&quot;,&quot;iso&quot;:&quot;0&quot;,&quot;shutter_speed&quot;:&quot;0&quot;,&quot;title&quot;:&quot;&quot;,&quot;orientation&quot;:&quot;0&quot;}\" data-image-title=\"import\u00e2ncia da educa\u00e7\u00e3o ambiental\" data-image-description=\"\" data-image-caption=\"\" data-medium-file=\"https:\/\/i0.wp.com\/cenedcursos.com.br\/meio-ambiente\/wp-content\/uploads\/2009\/11\/importancia-da-educacao-ambiental.jpg?fit=300%2C286&amp;ssl=1\" data-large-file=\"https:\/\/i0.wp.com\/cenedcursos.com.br\/meio-ambiente\/wp-content\/uploads\/2009\/11\/importancia-da-educacao-ambiental.jpg?fit=696%2C663&amp;ssl=1\" class=\"alignnone wp-image-10847 size-large\" title=\"import\u00e2ncia da educa\u00e7\u00e3o ambiental\" src=\"https:\/\/i0.wp.com\/www.cenedcursos.com.br\/meio-ambiente\/wp-content\/uploads\/2009\/11\/import%C3%A2ncia-da-educa%C3%A7%C3%A3o-ambiental-1024x975.jpg?resize=640%2C609&#038;ssl=1\" alt=\"\" width=\"640\" height=\"609\" \/><\/a><\/span><\/p>\n<p style=\"text-align: justify;\"><span style=\"font-family: 'Arial',sans-serif;\">O n\u00famero 7 dos princ\u00edpios da Educa\u00e7\u00e3o ambiental (EA), afirma que &#8220;a educa\u00e7\u00e3o ambiental deve tratar as quest\u00f5es globais cr\u00edticas, suas causas e inter-rela\u00e7\u00f5es em uma perspectiva sist\u00eamica, em seu contexto social e hist\u00f3rico. Aspectos primordiais relacionados ao desenvolvimento e ao meio ambiente, tais como popula\u00e7\u00e3o, sa\u00fade, paz, direitos humanos, democracia, fome, degrada\u00e7\u00e3o da flora e fauna, devem ser abordados dessa maneira&#8221;.<br \/>\n<\/span><\/p>\n<p style=\"text-align: justify;\"><span style=\"font-family: 'Arial',sans-serif;\">Este principio sa\u00eddo da Confer\u00eancia de Tbilisi mostra o qu\u00e3o complexo e abrangente \u00e9 tratar de EA, pois deve ser cont\u00ednuo envolvendo muitas esferas e contextos, bem como partes bastantes sens\u00edveis como a fome, degrada\u00e7\u00e3o da flora e fauna. Ora, imaginemos uma comunidade rural e majoritariamente analfabeta que vive com base na venda de carv\u00e3o e com problemas de fertilidade da Terra; para sensibiliz\u00e1-la para ter uma consci\u00eancia ambiental pode levar o seu tempo. \u00c9 verdade que a EA contempla a parte formal e informal mas o problema para mim \u00e9 &#8220;Ser\u00e1 que estes indiv\u00edduos v\u00e3o conceber e assumir esta informa\u00e7\u00e3o?&#8221;. Tem problemas de fome e fertilidade da Terra e vivem com base na venda de carv\u00e3o.<br \/>\n<\/span><\/p>\n<p style=\"text-align: justify;\"><span style=\"font-family: 'Arial',sans-serif;\">Portanto, a Educa\u00e7\u00e3o Ambiental \u00e9 uma causa que se relaciona com outras causas da Humanidade, como a justi\u00e7a social, direitos humanos e paz. Envolve a \u00c9tica, amor, ternura em busca da tranq\u00fcilidade e sossego.<\/span><\/p>\n<p style=\"text-align: right;\" align=\"right\"><em><span style=\"font-family: 'Arial',sans-serif;\">Autor: Micas Janu\u00e1rio Pacule<\/span><\/em><\/p>\n","protected":false},"excerpt":{"rendered":"<p>Segundo Wikip\u00e9dia &#8220;educa\u00e7\u00e3o ambiental \u00e9 um ramo da educa\u00e7\u00e3o cujo objetivo \u00e9 a dissemina\u00e7\u00e3o do conhecimento sobre o ambiente, a fim de ajudar \u00e0 sua preserva\u00e7\u00e3o e utiliza\u00e7\u00e3o sustent\u00e1vel dos seus recursos. \u00c9 uma metodologia de an\u00e1lise que surge a partir do crescente interesse do homem em assuntos como o ambiente devido \u00e0s grandes cat\u00e1strofes [&hellip;]<\/p>\n","protected":false},"author":1,"featured_media":601,"comment_status":"open","ping_status":"open","sticky":false,"template":"","format":"standard","meta":{"_jetpack_memberships_contains_paid_content":false,"footnotes":""},"categories":[491],"tags":[126,134,1025,1108],"class_list":{"0":"post-660","1":"post","2":"type-post","3":"status-publish","4":"format-standard","5":"has-post-thumbnail","7":"category-educacao-ambiental-textos","8":"tag-ambiente","9":"tag-educacao-ambiental","10":"tag-recursos","11":"tag-sustentavel"},"yoast_head":"<!-- This site is optimized with the Yoast SEO plugin v25.1 - https:\/\/yoast.com\/wordpress\/plugins\/seo\/ -->\n<title>A import\u00e2ncia da Educa\u00e7\u00e3o Ambiental - CENED Cursos Online<\/title>\n<meta name=\"description\" content=\"A educa\u00e7\u00e3o ambiental \u00e9 muito importante porque ensina-nos a saber ser perante ao meio ambiente. Desperta um interesse sobre as quest\u00f5es ambientais\" \/>\n<meta name=\"robots\" content=\"index, follow, max-snippet:-1, max-image-preview:large, max-video-preview:-1\" \/>\n<link rel=\"canonical\" href=\"https:\/\/cenedcursos.com.br\/meio-ambiente\/a-importancia-da-educacao-ambiental\/\" \/>\n<meta property=\"og:locale\" content=\"pt_BR\" \/>\n<meta property=\"og:type\" content=\"article\" \/>\n<meta property=\"og:title\" content=\"A import\u00e2ncia da Educa\u00e7\u00e3o Ambiental - CENED Cursos Online\" \/>\n<meta property=\"og:description\" content=\"A educa\u00e7\u00e3o ambiental \u00e9 muito importante porque ensina-nos a saber ser perante ao meio ambiente. Desperta um interesse sobre as quest\u00f5es ambientais\" \/>\n<meta property=\"og:url\" content=\"https:\/\/cenedcursos.com.br\/meio-ambiente\/a-importancia-da-educacao-ambiental\/\" \/>\n<meta property=\"og:site_name\" content=\"CENED Cursos Online\" \/>\n<meta property=\"article:published_time\" content=\"2009-11-06T22:56:19+00:00\" \/>\n<meta name=\"author\" content=\"Amarildo R. Ferrari\" \/>\n<meta name=\"twitter:card\" content=\"summary_large_image\" \/>\n<meta name=\"twitter:label1\" content=\"Escrito por\" \/>\n\t<meta name=\"twitter:data1\" content=\"Amarildo R. Ferrari\" \/>\n\t<meta name=\"twitter:label2\" content=\"Est. tempo de leitura\" \/>\n\t<meta name=\"twitter:data2\" content=\"2 minutos\" \/>\n<script type=\"application\/ld+json\" class=\"yoast-schema-graph\">{\"@context\":\"https:\/\/schema.org\",\"@graph\":[{\"@type\":\"WebPage\",\"@id\":\"https:\/\/cenedcursos.com.br\/meio-ambiente\/a-importancia-da-educacao-ambiental\/\",\"url\":\"https:\/\/cenedcursos.com.br\/meio-ambiente\/a-importancia-da-educacao-ambiental\/\",\"name\":\"A import\u00e2ncia da Educa\u00e7\u00e3o Ambiental - CENED Cursos Online\",\"isPartOf\":{\"@id\":\"https:\/\/cenedcursos.com.br\/meio-ambiente\/#website\"},\"primaryImageOfPage\":{\"@id\":\"https:\/\/cenedcursos.com.br\/meio-ambiente\/a-importancia-da-educacao-ambiental\/#primaryimage\"},\"image\":{\"@id\":\"https:\/\/cenedcursos.com.br\/meio-ambiente\/a-importancia-da-educacao-ambiental\/#primaryimage\"},\"thumbnailUrl\":\"\",\"datePublished\":\"2009-11-06T22:56:19+00:00\",\"author\":{\"@id\":\"https:\/\/cenedcursos.com.br\/meio-ambiente\/#\/schema\/person\/64377d24cdc16779a1eb6229894af388\"},\"description\":\"A educa\u00e7\u00e3o ambiental \u00e9 muito importante porque ensina-nos a saber ser perante ao meio ambiente. Desperta um interesse sobre as quest\u00f5es ambientais\",\"breadcrumb\":{\"@id\":\"https:\/\/cenedcursos.com.br\/meio-ambiente\/a-importancia-da-educacao-ambiental\/#breadcrumb\"},\"inLanguage\":\"pt-BR\",\"potentialAction\":[{\"@type\":\"ReadAction\",\"target\":[\"https:\/\/cenedcursos.com.br\/meio-ambiente\/a-importancia-da-educacao-ambiental\/\"]}]},{\"@type\":\"ImageObject\",\"inLanguage\":\"pt-BR\",\"@id\":\"https:\/\/cenedcursos.com.br\/meio-ambiente\/a-importancia-da-educacao-ambiental\/#primaryimage\",\"url\":\"\",\"contentUrl\":\"\",\"width\":800,\"height\":548},{\"@type\":\"BreadcrumbList\",\"@id\":\"https:\/\/cenedcursos.com.br\/meio-ambiente\/a-importancia-da-educacao-ambiental\/#breadcrumb\",\"itemListElement\":[{\"@type\":\"ListItem\",\"position\":1,\"name\":\"In\u00edcio\",\"item\":\"https:\/\/cenedcursos.com.br\/meio-ambiente\/\"},{\"@type\":\"ListItem\",\"position\":2,\"name\":\"A import\u00e2ncia da Educa\u00e7\u00e3o Ambiental\"}]},{\"@type\":\"WebSite\",\"@id\":\"https:\/\/cenedcursos.com.br\/meio-ambiente\/#website\",\"url\":\"https:\/\/cenedcursos.com.br\/meio-ambiente\/\",\"name\":\"CENED Cursos Online\",\"description\":\"Aqui voc\u00ea encontra artigos em diversas \u00e1reas do conhecimento: meio ambiente, educa\u00e7\u00e3o, marketing digital, neg\u00f3cios online e muito mais.\",\"potentialAction\":[{\"@type\":\"SearchAction\",\"target\":{\"@type\":\"EntryPoint\",\"urlTemplate\":\"https:\/\/cenedcursos.com.br\/meio-ambiente\/?s={search_term_string}\"},\"query-input\":{\"@type\":\"PropertyValueSpecification\",\"valueRequired\":true,\"valueName\":\"search_term_string\"}}],\"inLanguage\":\"pt-BR\"},{\"@type\":\"Person\",\"@id\":\"https:\/\/cenedcursos.com.br\/meio-ambiente\/#\/schema\/person\/64377d24cdc16779a1eb6229894af388\",\"name\":\"Amarildo R. Ferrari\",\"image\":{\"@type\":\"ImageObject\",\"inLanguage\":\"pt-BR\",\"@id\":\"https:\/\/cenedcursos.com.br\/meio-ambiente\/#\/schema\/person\/image\/\",\"url\":\"https:\/\/secure.gravatar.com\/avatar\/6ea4248ca9f295c93f1b72f8398232f0fbbffe30349e6ec3839cfa5e09b0de3c?s=96&d=mm&r=g\",\"contentUrl\":\"https:\/\/secure.gravatar.com\/avatar\/6ea4248ca9f295c93f1b72f8398232f0fbbffe30349e6ec3839cfa5e09b0de3c?s=96&d=mm&r=g\",\"caption\":\"Amarildo R. Ferrari\"},\"sameAs\":[\"https:\/\/cenedcursos.com.br\/meio-ambiente\"],\"url\":\"https:\/\/cenedcursos.com.br\/meio-ambiente\/author\/admin\/\"}]}<\/script>\n<!-- \/ Yoast SEO plugin. -->","yoast_head_json":{"title":"A import\u00e2ncia da Educa\u00e7\u00e3o Ambiental - CENED Cursos Online","description":"A educa\u00e7\u00e3o ambiental \u00e9 muito importante porque ensina-nos a saber ser perante ao meio ambiente. Desperta um interesse sobre as quest\u00f5es ambientais","robots":{"index":"index","follow":"follow","max-snippet":"max-snippet:-1","max-image-preview":"max-image-preview:large","max-video-preview":"max-video-preview:-1"},"canonical":"https:\/\/cenedcursos.com.br\/meio-ambiente\/a-importancia-da-educacao-ambiental\/","og_locale":"pt_BR","og_type":"article","og_title":"A import\u00e2ncia da Educa\u00e7\u00e3o Ambiental - CENED Cursos Online","og_description":"A educa\u00e7\u00e3o ambiental \u00e9 muito importante porque ensina-nos a saber ser perante ao meio ambiente. Desperta um interesse sobre as quest\u00f5es ambientais","og_url":"https:\/\/cenedcursos.com.br\/meio-ambiente\/a-importancia-da-educacao-ambiental\/","og_site_name":"CENED Cursos Online","article_published_time":"2009-11-06T22:56:19+00:00","author":"Amarildo R. Ferrari","twitter_card":"summary_large_image","twitter_misc":{"Escrito por":"Amarildo R. Ferrari","Est. tempo de leitura":"2 minutos"},"schema":{"@context":"https:\/\/schema.org","@graph":[{"@type":"WebPage","@id":"https:\/\/cenedcursos.com.br\/meio-ambiente\/a-importancia-da-educacao-ambiental\/","url":"https:\/\/cenedcursos.com.br\/meio-ambiente\/a-importancia-da-educacao-ambiental\/","name":"A import\u00e2ncia da Educa\u00e7\u00e3o Ambiental - CENED Cursos Online","isPartOf":{"@id":"https:\/\/cenedcursos.com.br\/meio-ambiente\/#website"},"primaryImageOfPage":{"@id":"https:\/\/cenedcursos.com.br\/meio-ambiente\/a-importancia-da-educacao-ambiental\/#primaryimage"},"image":{"@id":"https:\/\/cenedcursos.com.br\/meio-ambiente\/a-importancia-da-educacao-ambiental\/#primaryimage"},"thumbnailUrl":"","datePublished":"2009-11-06T22:56:19+00:00","author":{"@id":"https:\/\/cenedcursos.com.br\/meio-ambiente\/#\/schema\/person\/64377d24cdc16779a1eb6229894af388"},"description":"A educa\u00e7\u00e3o ambiental \u00e9 muito importante porque ensina-nos a saber ser perante ao meio ambiente. Desperta um interesse sobre as quest\u00f5es ambientais","breadcrumb":{"@id":"https:\/\/cenedcursos.com.br\/meio-ambiente\/a-importancia-da-educacao-ambiental\/#breadcrumb"},"inLanguage":"pt-BR","potentialAction":[{"@type":"ReadAction","target":["https:\/\/cenedcursos.com.br\/meio-ambiente\/a-importancia-da-educacao-ambiental\/"]}]},{"@type":"ImageObject","inLanguage":"pt-BR","@id":"https:\/\/cenedcursos.com.br\/meio-ambiente\/a-importancia-da-educacao-ambiental\/#primaryimage","url":"","contentUrl":"","width":800,"height":548},{"@type":"BreadcrumbList","@id":"https:\/\/cenedcursos.com.br\/meio-ambiente\/a-importancia-da-educacao-ambiental\/#breadcrumb","itemListElement":[{"@type":"ListItem","position":1,"name":"In\u00edcio","item":"https:\/\/cenedcursos.com.br\/meio-ambiente\/"},{"@type":"ListItem","position":2,"name":"A import\u00e2ncia da Educa\u00e7\u00e3o Ambiental"}]},{"@type":"WebSite","@id":"https:\/\/cenedcursos.com.br\/meio-ambiente\/#website","url":"https:\/\/cenedcursos.com.br\/meio-ambiente\/","name":"CENED Cursos Online","description":"Aqui voc\u00ea encontra artigos em diversas \u00e1reas do conhecimento: meio ambiente, educa\u00e7\u00e3o, marketing digital, neg\u00f3cios online e muito mais.","potentialAction":[{"@type":"SearchAction","target":{"@type":"EntryPoint","urlTemplate":"https:\/\/cenedcursos.com.br\/meio-ambiente\/?s={search_term_string}"},"query-input":{"@type":"PropertyValueSpecification","valueRequired":true,"valueName":"search_term_string"}}],"inLanguage":"pt-BR"},{"@type":"Person","@id":"https:\/\/cenedcursos.com.br\/meio-ambiente\/#\/schema\/person\/64377d24cdc16779a1eb6229894af388","name":"Amarildo R. Ferrari","image":{"@type":"ImageObject","inLanguage":"pt-BR","@id":"https:\/\/cenedcursos.com.br\/meio-ambiente\/#\/schema\/person\/image\/","url":"https:\/\/secure.gravatar.com\/avatar\/6ea4248ca9f295c93f1b72f8398232f0fbbffe30349e6ec3839cfa5e09b0de3c?s=96&d=mm&r=g","contentUrl":"https:\/\/secure.gravatar.com\/avatar\/6ea4248ca9f295c93f1b72f8398232f0fbbffe30349e6ec3839cfa5e09b0de3c?s=96&d=mm&r=g","caption":"Amarildo R. Ferrari"},"sameAs":["https:\/\/cenedcursos.com.br\/meio-ambiente"],"url":"https:\/\/cenedcursos.com.br\/meio-ambiente\/author\/admin\/"}]}},"jetpack_featured_media_url":"","jetpack_sharing_enabled":true,"_links":{"self":[{"href":"https:\/\/cenedcursos.com.br\/meio-ambiente\/wp-json\/wp\/v2\/posts\/660","targetHints":{"allow":["GET"]}}],"collection":[{"href":"https:\/\/cenedcursos.com.br\/meio-ambiente\/wp-json\/wp\/v2\/posts"}],"about":[{"href":"https:\/\/cenedcursos.com.br\/meio-ambiente\/wp-json\/wp\/v2\/types\/post"}],"author":[{"embeddable":true,"href":"https:\/\/cenedcursos.com.br\/meio-ambiente\/wp-json\/wp\/v2\/users\/1"}],"replies":[{"embeddable":true,"href":"https:\/\/cenedcursos.com.br\/meio-ambiente\/wp-json\/wp\/v2\/comments?post=660"}],"version-history":[{"count":0,"href":"https:\/\/cenedcursos.com.br\/meio-ambiente\/wp-json\/wp\/v2\/posts\/660\/revisions"}],"wp:featuredmedia":[{"embeddable":true,"href":"https:\/\/cenedcursos.com.br\/meio-ambiente\/wp-json\/wp\/v2\/posts\/601"}],"wp:attachment":[{"href":"https:\/\/cenedcursos.com.br\/meio-ambiente\/wp-json\/wp\/v2\/media?parent=660"}],"wp:term":[{"taxonomy":"category","embeddable":true,"href":"https:\/\/cenedcursos.com.br\/meio-ambiente\/wp-json\/wp\/v2\/categories?post=660"},{"taxonomy":"post_tag","embeddable":true,"href":"https:\/\/cenedcursos.com.br\/meio-ambiente\/wp-json\/wp\/v2\/tags?post=660"}],"curies":[{"name":"wp","href":"https:\/\/api.w.org\/{rel}","templated":true}]}}