{"id":704,"date":"2010-03-31T21:14:52","date_gmt":"2010-03-31T21:14:52","guid":{"rendered":"http:\/\/www.cenedcursos.com.br\/?p=704"},"modified":"2010-03-31T21:14:52","modified_gmt":"2010-03-31T21:14:52","slug":"iso-14001-angola","status":"publish","type":"post","link":"https:\/\/cenedcursos.com.br\/meio-ambiente\/iso-14001-angola\/","title":{"rendered":"Aplica\u00e7\u00e3o da norma ISO 14001 em Angola"},"content":{"rendered":"<p style=\"text-align: justify;\"><span style=\"font-size: 10pt;\"><span style=\"font-family: arial,helvetica,sans-serif;\"><strong>SUM\u00c1RIO<\/strong><\/span><\/span><\/p>\n<p style=\"text-align: justify;\">\n<p style=\"text-align: justify;\"><span style=\"font-size: 10pt;\"><span style=\"font-family: arial,helvetica,sans-serif;\">Desde os seus prim\u00f3rdios, a humanidade vem provocando modifica\u00e7\u00f5es no meio natural em que vive. Pode-se dizer que h\u00e1 mais de 100 mil anos, \u00e9poca em que o homem conseguiu dominar o fogo, as actividades por ele desenvolvidas vem transformando o meio ambiente.<\/span><\/span><\/p>\n<p style=\"text-align: justify;\"><span style=\"font-size: 10pt;\"><span style=\"font-family: arial,helvetica,sans-serif;\">O presente trabalho tem como objectivo tra\u00e7ar um panorama da aplica\u00e7\u00e3o da norma ISO 14001:2004 em Angola, de forma a apresentar informa\u00e7\u00f5es importantes sobre o processo de certifica\u00e7\u00e3o ambiental ao qual as empresas angolanas e estrangeiras t\u00eam de ser submetidos. A certifica\u00e7\u00e3o em conformidade com a norma ISO 14001:2004 nos dias actuais, \u00e9 um requisito indispens\u00e1vel para as organiza\u00e7\u00f5es que almejam atingir no mercado internacional. Por\u00e9m, as empresas de pequeno porte encontram dificuldades em obter a tal certifica\u00e7\u00e3o, devido aos custos de implementa\u00e7\u00e3o do SGA Sistema de Gest\u00e3o Ambiental. As empresas tendem a incorporar novos aspectos as certifica\u00e7\u00f5es, integrando os seus sistemas: qualidade, seguran\u00e7a no trabalho, sa\u00fade e ambiente. Cada vez mais as empresas est\u00e3o aderindo a este movimento, para mostrar \u00e0 sociedade a sua manuten\u00e7\u00e3o de suas fontes de recursos naturais. Mais aproveito a oportunidade para ressaltar que em Angola isso \u00e9 um processo pioneiro, visto que os sectores industriais, petroqu\u00edmicos e qu\u00edmicos e o sector de presta\u00e7\u00e3o de servi\u00e7os s\u00e3o os que possuem o maior n\u00famero de certifica\u00e7\u00f5es.<\/span><\/span><\/p>\n<p style=\"text-align: justify;\"><span style=\"font-size: 10pt;\"><span style=\"font-family: arial,helvetica,sans-serif;\"><strong><em>1. INTRODU\u00c7\u00c3O<\/em><\/strong><\/span><\/span><\/p>\n<p style=\"text-align: justify;\">\n<p style=\"text-align: justify;\"><span style=\"font-size: 10pt;\"><span style=\"font-family: arial,helvetica,sans-serif;\">Na economia globalizada dos dias actuais, as organiza\u00e7\u00f5es est\u00e3o cada vez mais sendo pressionadas demonstrar o gerenciamento adequado e suas estruturas na \u00e1rea ambiental, social e econ\u00f3mica. O conceito de gest\u00e3o ambiental passou a n\u00edvel mundial, por profundas transforma\u00e7\u00f5es ao longo dos \u00faltimos trinta anos. O conceito de desenvolvimento sustent\u00e1vel, criado em 1987 pelo relat\u00f3rio das Na\u00e7\u00f5es Unidas e intitulado o Nosso Futuro Comum veio com objectivo de promover a reconcilia\u00e7\u00e3o entre as partes em conflito, sendo a d\u00e9cada de 90 marcada pela entrada de novos actores em campo ambiental (MAGRINI, 2001).<\/span><\/span><\/p>\n<p style=\"text-align: justify;\"><span style=\"font-size: 10pt;\"><span style=\"font-family: arial,helvetica,sans-serif;\">A gest\u00e3o ambiental empresarial esta na ordem do dia, principalmente nos pa\u00edses ditos industrializados e tamb\u00e9m j\u00e1 nos pa\u00edses considerados em vias de desenvolvimento. A demanda por produtos cultivados ou fabricados de forma ambientalmente compat\u00edvel cresce mundialmente, em especial nos pa\u00edses industrializados. Os consumidores tendem a dispensar produtos e servi\u00e7os que agridem o meio ambiente. Cada vez mais compradores, principalmente importadores, est\u00e3o exigindo a certifica\u00e7\u00e3o ambiental, nos moldes da ISO 14001, ou mesmo certificados ambientais espec\u00edficos como, por exemplo, para produtos t\u00eaxteis, madeiras, cereais, frutas etc. Tais exig\u00eancias s\u00e3o voltadas para a concess\u00e3o do &#8220;Selo Verde&#8221; mediante a rotulagem ambiental.<\/span><\/span><\/p>\n<p style=\"text-align: justify;\"><span style=\"font-size: 10pt;\"><span style=\"font-family: arial,helvetica,sans-serif;\">Acordos internacionais, tratados de com\u00e9rcio e mesmo tarifas alfandeg\u00e2rias incluem quest\u00f5es ambientais na pauta de negocia\u00e7\u00f5es culminando com as exig\u00eancias n\u00e3o tarifarias que em geral afectam os produtores de pa\u00edses exportadores. Esse conjunto de fundamento n\u00e3o \u00e9 conclusivo, pois as quest\u00f5es apontadas continuam em discuss\u00e3o e tende a se ampliar. Essa \u00e9 uma tend\u00eancia indiscut\u00edvel, at\u00e9 pelo facto de que apenas as normas ambientais da fam\u00edlia ISO 14001 que tratam do Sistema de Gest\u00e3o Ambiental e de Auditoria Ambiental encontram-se em vigor.<\/span><\/span><\/p>\n<p style=\"text-align: justify;\"><span style=\"font-size: 10pt;\"><span style=\"font-family: arial,helvetica,sans-serif;\">Devemos salientar que a empresa \u00e9 a \u00fanica respons\u00e1vel pela adop\u00e7\u00e3o, o cumprimento e a conformidade que devem ser seguidos integralmente, pois eles adquirem configura\u00e7\u00e3o de &#8220;sagrados&#8221;. Portanto, ningu\u00e9m \u00e9 obrigado a adoptar um SGA ou Politica Ambiental; depois de adoptados, cumpra-se o estabelecido sob pena da organiza\u00e7\u00e3o cair num tremendo descr\u00e9dito no se refere as quest\u00f5es ambientais.<\/span><\/span><\/p>\n<p style=\"text-align: justify;\"><span style=\"font-size: 10pt;\"><span style=\"font-family: arial,helvetica,sans-serif;\"><strong><em>2. METODOLOGIA ADOPTADA<\/em><\/strong><\/span><\/span><\/p>\n<p style=\"text-align: justify;\">\n<p style=\"text-align: justify;\"><span style=\"font-size: 10pt;\"><span style=\"font-family: arial,helvetica,sans-serif;\">Para alcan\u00e7ar os objectivos propostos, a pesquisa foi realizada de forma explorat\u00f3ria, analisando o desenvolvimento empresarial em rela\u00e7\u00e3o \u00e0 quest\u00e3o ambiental. Primeiramente fez-se um levantamento bibliogr\u00e1fico e a sua contextualiza\u00e7\u00e3o sobre os conceitos que envolvem o desenvolvimento da gest\u00e3o ambiental e a sua aplica\u00e7\u00e3o como pratica estrat\u00e9gica na organiza\u00e7\u00e3o por meio da implementa\u00e7\u00e3o do Sistema de Gest\u00e3o Ambiental. Realizou-se uma busca documental referente \u00e1 aplica\u00e7\u00e3o da norma ISO 14001 em Angola, tendo como fontes de pesquisa principais: Minist\u00e9rio do Ambiente, DNV Angola Data Base, Bureau Veritas Data Base entre outros. Ap\u00f3s uma breve apresenta\u00e7\u00e3o da serie ISO 14001,actualmente em vigor em Angola, s\u00e3o detalhados os agentes actuantes no processo de certifica\u00e7\u00e3o, especialmente as empresas certificadoras. Foi tamb\u00e9m pesquisada, ainda, uma extensa bibliografia com as principais normas e leis ambientais relacionadas \u00e0s actividades produtivas, e os mais importantes instrumentos que as regulamentam, identificando sua evolu\u00e7\u00e3o hist\u00f3rica e caracter\u00edsticas actuais.<\/span><\/span><\/p>\n<p style=\"text-align: justify;\"><span style=\"font-size: 10pt;\"><span style=\"font-family: arial,helvetica,sans-serif;\"><strong><em>3. PRINC\u00cdPIOS DO SGA, SEGUNDO A NORMA ISO 14001<\/em><\/strong><\/span><\/span><\/p>\n<p style=\"text-align: justify;\"><span style=\"font-size: 10pt;\"><span style=\"font-family: arial,helvetica,sans-serif;\">A ISO 14001 \u00e9 um grupo de normas que fornece ferramentas e estabelece padr\u00e3o de Sistema de Gest\u00e3o Ambiental. Estas normas abrangem, seis \u00e1reas bem definidas que s\u00e3o: Sistema de Gest\u00e3o Ambiental, Auditorias Ambientais, Avalia\u00e7\u00e3o de Desempenho Ambiental, Rotulagem Ambiental, Aspectos Ambientais nas Normas de Produto e Analise do Ciclo de Vida do Produto. (HODJA, 19977).<\/span><\/span><\/p>\n<p style=\"text-align: justify;\"><span style=\"font-size: 10pt;\"><span style=\"font-family: arial,helvetica,sans-serif;\">Das diversas normas constantes da ISO serie 14000, apenas a Norma ISSO 14001, Especifica\u00e7\u00e3o para o Sistema de Gest\u00e3o Ambiental &#8211; formulada para fins de Certifica\u00e7\u00e3o junto a Identidades Independentes.<\/span><\/span><\/p>\n<p style=\"text-align: justify;\"><span style=\"font-size: 10pt;\"><span style=\"font-family: arial,helvetica,sans-serif;\">A norma ISO 14001 especifica requisitos relativos a um Sistema de Gest\u00e3o Ambiental, permitindo a uma organiza\u00e7\u00e3o formular uma pol\u00edtica e objectivos que levam em conta os aspectos legais e as informa\u00e7\u00f5es referentes aos impactos significativos. Contem requisitos de sistema de gest\u00e3o baseados no processo din\u00e2mico e c\u00edclico de &#8220;planejar, desenvolver, verificar e analisar criticamente&#8221; de forma a promover a melhoria continua do sistema. Segundo este ciclo PDCA a organiza\u00e7\u00e3o deve cinco princ\u00edpios b\u00e1sicos na implementa\u00e7\u00e3o do Sistema de Gest\u00e3o Ambiental (SOUZA 2001):<\/span><\/span><\/p>\n<ul style=\"text-align: justify;\" type=\"disc\">\n<li><span style=\"font-size: 10pt;\"><span style=\"font-family: arial,helvetica,sans-serif;\">Planejar (P) &#8211; Formular um plano para cumprir a politica ambiental.<\/span><\/span><\/li>\n<li><span style=\"font-size: 10pt;\"><span style=\"font-family: arial,helvetica,sans-serif;\">Desenvolver (D) &#8211; Desenvolver capacita\u00e7\u00e3o os mecanismos de apoio necess\u00e1rios para atender a politica, seus objectivos e metas ambientais.<\/span><\/span><\/li>\n<li><span style=\"font-size: 10pt;\"><span style=\"font-family: arial,helvetica,sans-serif;\">Checar (C) &#8211; Mensurar, monitorar e avaliar o desempenho ambiental.<\/span><\/span><\/li>\n<li><span style=\"font-size: 10pt;\"><span style=\"font-family: arial,helvetica,sans-serif;\">An\u00e1lise Critica Ger\u00eancial (A) &#8211; A analisar criticamente e aperfei\u00e7oar continuamente o Sistema de Gest\u00e3o Ambiental, com objectivo de aprimorar o desempenho ambiental global.<\/span><\/span><\/li>\n<\/ul>\n<p style=\"text-align: justify;\">\n<p style=\"text-align: justify;\"><img data-recalc-dims=\"1\" loading=\"lazy\" decoding=\"async\" data-attachment-id=\"703\" data-permalink=\"https:\/\/cenedcursos.com.br\/meio-ambiente\/iso14001\/\" data-orig-file=\"https:\/\/i0.wp.com\/cenedcursos.com.br\/meio-ambiente\/wp-content\/uploads\/2010\/03\/iso14001-1.jpg?fit=458%2C224&amp;ssl=1\" data-orig-size=\"458,224\" data-comments-opened=\"1\" data-image-meta=\"{&quot;aperture&quot;:&quot;0&quot;,&quot;credit&quot;:&quot;&quot;,&quot;camera&quot;:&quot;&quot;,&quot;caption&quot;:&quot;&quot;,&quot;created_timestamp&quot;:&quot;0&quot;,&quot;copyright&quot;:&quot;&quot;,&quot;focal_length&quot;:&quot;0&quot;,&quot;iso&quot;:&quot;0&quot;,&quot;shutter_speed&quot;:&quot;0&quot;,&quot;title&quot;:&quot;&quot;,&quot;orientation&quot;:&quot;0&quot;}\" data-image-title=\"iso14001\" data-image-description=\"\" data-image-caption=\"\" data-medium-file=\"https:\/\/i0.wp.com\/cenedcursos.com.br\/meio-ambiente\/wp-content\/uploads\/2010\/03\/iso14001-1.jpg?fit=300%2C147&amp;ssl=1\" data-large-file=\"https:\/\/i0.wp.com\/cenedcursos.com.br\/meio-ambiente\/wp-content\/uploads\/2010\/03\/iso14001-1.jpg?fit=458%2C224&amp;ssl=1\" class=\" size-full wp-image-703\" title=\"\" src=\"https:\/\/i0.wp.com\/www.cenedcursos.com.br\/meio-ambiente\/wp-content\/uploads\/2010\/03\/iso14001.jpg?resize=458%2C224&#038;ssl=1\" alt=\"ISO 14001 certifica\u00e7\u00e3o ambiental\" width=\"458\" height=\"224\" \/><\/p>\n<p style=\"text-align: justify;\"><em><span style=\"font-size: 10pt;\"><span style=\"font-family: arial,helvetica,sans-serif;\">A Figura 1. Mostra de forma visual o procedimento do PDCA de um SGA.<\/span><\/span><\/em><\/p>\n<p style=\"text-align: justify;\"><span style=\"font-size: 10pt;\"><span style=\"font-family: arial,helvetica,sans-serif;\"><strong><em>4. RESPONSABILIDADE SOCIAL EMPRESARIAL<\/em><\/strong><\/span><\/span><\/p>\n<p style=\"text-align: justify;\">\n<p style=\"text-align: justify;\"><span style=\"font-size: 10pt;\"><span style=\"font-family: arial,helvetica,sans-serif;\">Segundo o Livro Verde da Comiss\u00e3o Europeia (2001,a <em>responsabilidade social<\/em> \u00e9 um conceito, segundo o qual, as empresas decidem, numa base volunt\u00e1ria, contribuir para uma sociedade mais justa e para um ambiente mais limpo. Com base nesse pressuposto, a gest\u00e3o das empresas n\u00e3o pode, ou n\u00e3o deve, ser norteada apenas para o cumprimento de interesses dos propriet\u00e1rios das mesmas, mas tamb\u00e9m pelos de outros detentores de interesses como, por exemplo, os trabalhadores, as comunidades locais, os clientes, os fornecedores, as autoridades p\u00fablicas, os concorrentes e a sociedade em geral).<\/span><\/span><\/p>\n<p style=\"text-align: justify;\"><span style=\"font-size: 10pt;\"><span style=\"font-family: arial,helvetica,sans-serif;\">Grajew (2005), um dos fundadores do Instituto Ethos de Responsabilidade Social, afirma que &#8220;nos \u00faltimos quinze anos, no contexto da globaliza\u00e7\u00e3o, o cen\u00e1rio dos neg\u00f3cios passou por profundas transforma\u00e7\u00f5es. Por um lado, tornaram-se dispon\u00edveis recursos tecnol\u00f3gicos que est\u00e3o viabilizando novos processos e produtos, trazendo ganhos de produtividade e proporcionando acesso a novos mercados. Por outro lado, a nova din\u00e2mica da economia globalizada tem provocado grandes impactos, como a degrada\u00e7\u00e3o ambiental e o aumento do desemprego&#8221;.<\/span><\/span><\/p>\n<p style=\"text-align: justify;\"><span style=\"font-size: 10pt;\"><span style=\"font-family: arial,helvetica,sans-serif;\">Os objectivos nos quais se baseia a RSE s\u00e3o compartilhadas pela ONU, que tra\u00e7ou oito metas a serem atingidas at\u00e9 2015. Elas reflectem a crescente preocupa\u00e7\u00e3o com a sustentabilidade do planeta e com os graves problemas que afectam a humanidade. Definidas em 2000. As metas do mil\u00e9nio foram aprovadas por consenso na c\u00fapula do mil\u00e9nio, o encontro que contou com a presen\u00e7a de191 pa\u00edses, inclusive a Angola e reuniu 147 chefes de estado (Grajew, 2005).<\/span><\/span><\/p>\n<p style=\"text-align: justify;\"><span style=\"font-size: 10pt;\"><span style=\"font-family: arial,helvetica,sans-serif;\">Ainda segundo Grajew (2005), as metas do mil\u00e9nio s\u00e3o as seguintes:<\/span><\/span><\/p>\n<p style=\"text-align: justify;\"><span style=\"font-size: 10pt;\"><span style=\"font-family: arial,helvetica,sans-serif;\">a)\u00a0\u00a0\u00a0\u00a0 Acabar com a fome e a pobreza;<\/span><\/span><\/p>\n<p style=\"text-align: justify;\"><span style=\"font-size: 10pt;\"><span style=\"font-family: arial,helvetica,sans-serif;\">b)\u00a0\u00a0\u00a0 Educa\u00e7\u00e3o b\u00e1sica de qualidade para todos;<\/span><\/span><\/p>\n<p style=\"text-align: justify;\"><span style=\"font-size: 10pt;\"><span style=\"font-family: arial,helvetica,sans-serif;\">c)\u00a0\u00a0\u00a0\u00a0 Igualdade entre os sexos e valoriza\u00e7\u00e3o da mulher;<\/span><\/span><\/p>\n<p style=\"text-align: justify;\"><span style=\"font-size: 10pt;\"><span style=\"font-family: arial,helvetica,sans-serif;\">d)\u00a0\u00a0\u00a0 Reduzir a mortalidade infantil;<\/span><\/span><\/p>\n<p style=\"text-align: justify;\"><span style=\"font-size: 10pt;\"><span style=\"font-family: arial,helvetica,sans-serif;\">e)\u00a0\u00a0\u00a0\u00a0 Melhorar a sa\u00fade das gestantes;<\/span><\/span><\/p>\n<p style=\"text-align: justify;\"><span style=\"font-size: 10pt;\"><span style=\"font-family: arial,helvetica,sans-serif;\">f)\u00a0\u00a0\u00a0\u00a0 Combater a AIDS, a mal\u00e1ria e outras doen\u00e7as;<\/span><\/span><\/p>\n<p style=\"text-align: justify;\"><span style=\"font-size: 10pt;\"><span style=\"font-family: arial,helvetica,sans-serif;\">g)\u00a0\u00a0\u00a0 Qualidade de vida e respeito ao meio ambiente;<\/span><\/span><\/p>\n<p style=\"text-align: justify;\"><span style=\"font-size: 10pt;\"><span style=\"font-family: arial,helvetica,sans-serif;\">h)\u00a0\u00a0\u00a0\u00a0 E todo mundo trabalhando para o desenvolvimento;<\/span><\/span><\/p>\n<p style=\"text-align: justify;\"><span style=\"font-size: 10pt;\"><span style=\"font-family: arial,helvetica,sans-serif;\">Em Angola, o movimento do RSE tem difundido a cultura de mudan\u00e7a na sociedade. Afinal, as empresas s\u00e3o agentes sociais poderosos que podem contribuir decisivamente para a consolida\u00e7\u00e3o de novos paradigmas de desenvolvimento sustent\u00e1vel. Para a empresa, a pratica socialmente respons\u00e1vel n\u00e3o s\u00f3 se torna parceira do desenvolvimento social, como tamb\u00e9m valoriza sua imagem institucional, al\u00e9m de dignificar o consumidor.<\/span><\/span><\/p>\n<p style=\"text-align: justify;\">\n<p style=\"text-align: justify;\">\n<p style=\"text-align: justify;\"><span style=\"font-size: 10pt;\"><span style=\"font-family: arial,helvetica,sans-serif;\"><strong><em>4. CONCLUS\u00d5ES<\/em><\/strong><\/span><\/span><\/p>\n<p style=\"text-align: justify;\">\n<p style=\"text-align: justify;\"><span style=\"font-size: 10pt;\"><span style=\"font-family: arial,helvetica,sans-serif;\">Muitas quest\u00f5es \u00e9ticas podem envolver o comportamento das empresas quanto ao seu impacto junto ao meio ambiente. Parece que as organiza\u00e7\u00f5es est\u00e3o percebendo que agir com responsabilidade ambiental \u00e9 vantajoso para a pr\u00f3pria empresa, isso ocorre porque a mudan\u00e7a do enfoque em rela\u00e7\u00e3o \u00e0 responsabilidade ambiental pode gerar lucro para a empresa, e proporcionar melhorias sociais e fortalecimento da imagem organizacional.<\/span><\/span><\/p>\n<p style=\"text-align: justify;\"><span style=\"font-size: 10pt;\"><span style=\"font-family: arial,helvetica,sans-serif;\">As principais tend\u00eancias recentes referentes \u00e0 certifica\u00e7\u00e3o ambiental s\u00e3o: sistemas integrados de gest\u00e3o; responsabilidade social empresarial, muito importante em pa\u00edses n\u00e3o desenvolvidos como Angola; certifica\u00e7\u00e3o <em>multsites<\/em>, respons\u00e1vel por uma melhoria na efici\u00eancia do sistema de gest\u00e3o ambiental em empresas de grande porte como por exemplo a Sonangol, BP, Esso, etc.<\/span><\/span><\/p>\n<p style=\"text-align: justify;\"><span style=\"font-size: 10pt;\"><span style=\"font-family: arial,helvetica,sans-serif;\">A avalia\u00e7\u00e3o ambiental deve ser a base inicial que permite saber onde e em que estado a empresa se encontra em rela\u00e7\u00e3o \u00e0s quest\u00f5es ambientais, chegou \u00e0 hora da empresa saber o que ela quer alcan\u00e7ar. Neste sentido, a organiza\u00e7\u00e3o discute, define e fixa o seu comprometimento e a respectiva pol\u00edtica ambiental.<\/span><\/span><\/p>\n<p style=\"text-align: justify;\"><span style=\"font-size: 10pt;\"><span style=\"font-family: arial,helvetica,sans-serif;\">O maior objectivo \u00e9 obter um compromisso e uma politica ambiental definida para a organiza\u00e7\u00e3o. \u00c9 necess\u00e1rio, que a politica ambiental da organiza\u00e7\u00e3o esteja espalhada por toda a empresa, ou seja, em todas \u00e1reas administrativas e operativas, devendo estar incorporada em todos os n\u00edveis hier\u00e1rquicos.<\/span><\/span><\/p>\n<p style=\"text-align: justify;\"><span style=\"font-size: 10pt;\"><span style=\"font-family: arial,helvetica,sans-serif;\">A organiza\u00e7\u00e3o deve escolher as \u00e1reas certas a serem focalizadas com rela\u00e7\u00e3o ao cumprimento da legisla\u00e7\u00e3o e das normas ambientais vigentes espec\u00edficas no que se refere aos problemas e riscos ambientais potenciais da empresa. Deve tamb\u00e9m, ter o cuidado de n\u00e3o tratar com termos vagos afirmando, por exemplo: comprometemo-nos a cumprir \u00e0 legisla\u00e7\u00e3o ambiental vigente em Angola.<\/span><\/span><\/p>\n<p style=\"text-align: justify;\"><span style=\"font-size: 10pt;\"><span style=\"font-family: arial,helvetica,sans-serif;\">\u00c9 de vital import\u00e2ncia para a organiza\u00e7\u00e3o, o compromisso em aceitar e cumprir as normas e leis existentes, pois em termos de gest\u00e3o ambiental a adop\u00e7\u00e3o de um SGA \u00e9 volunt\u00e1ria, portanto nenhuma empresa \u00e9 obrigada e adoptar uma pol\u00edtica ambiental ou procedimentos ambientais espont\u00e2neos, salvo em casos de requisitos exigidos pela lei, como, por exemplo: licenciamento ambiental, controle de emiss\u00f5es, tratamento de res\u00edduos, etc.<\/span><\/span><\/p>\n<p style=\"text-align: justify;\">\n<p style=\"text-align: justify;\">\n<p style=\"text-align: justify;\"><span style=\"font-size: 10pt;\"><span style=\"font-family: arial,helvetica,sans-serif;\"><strong><em>5. REFER\u00caNCIAS<\/em><\/strong><\/span><\/span><\/p>\n<p style=\"text-align: justify;\"><span style=\"font-size: 10pt;\"><span style=\"font-family: arial,helvetica,sans-serif;\">An\u00e9lia de Moraes Canedo. Sistema de Gest\u00e3o Ambiental nas Empresas. S\u00e3o Paulo &#8211; Brasil 1990.<\/span><\/span><\/p>\n<p style=\"text-align: justify;\"><span style=\"font-size: 10pt;\"><span style=\"font-family: arial,helvetica,sans-serif;\">Arlindo Philippi Jr., Marcelo de Andrade Romero, Gilda Collet Bruna, editores. Curso de Gest\u00e3o Ambiental. Universidade S\u00e3o Paulo 2004.<\/span><\/span><\/p>\n<p style=\"text-align: justify;\"><span style=\"font-size: 10pt;\"><span style=\"font-family: arial,helvetica,sans-serif;\">Felipe Ramalho Pombo, Alessandra Magrini. Programa de Planejamento energ\u00e9tico da COPPE, centro de Tecnologia, Universidade Federal do Rio de Janeiro &#8211; UFRJ. Panorama de Aplica\u00e7\u00e3o da Norma ISO 14001 no Brasil. Gest. Prod. S\u00e3o Carlos, v.15. n. 1.p 1-10. Jan. &#8211; Abril 2008.<\/span><\/span><\/p>\n<p style=\"text-align: justify;\"><span style=\"font-size: 10pt;\"><span style=\"font-family: arial,helvetica,sans-serif;\">Jaqueline Fonseca Rodrigues (UTFPR), Nathalie Rodrigues Kopp (UNI\u00c3O), Isaura Alberton de Lima (UTFPR), D\u00e1lcio Roberto Reis (UTFPR), Ivanir Luiz de Oliveira. Implementa\u00e7\u00e3o do Sistema de Gest\u00e3o Ambiental Segundo a NBR ISO 14001: uma pesquisa de campo em empresa de ramo metal\u00fargico. Agosto Brasil 2008.<\/span><\/span><\/p>\n<p style=\"text-align: justify;\"><span style=\"font-size: 10pt;\"><span style=\"font-family: arial,helvetica,sans-serif;\">Lei de Bases do Ambiente e Conven\u00e7\u00f5es. Luanda &#8211; 1999.<\/span><\/span><\/p>\n<p style=\"text-align: justify;\"><span style=\"font-size: 10pt;\"><span style=\"font-family: arial,helvetica,sans-serif;\">Maria Am\u00e9lia Jundarian Cor\u00e1, Mariana Jundarian Cor\u00e1. Sistema de Gest\u00e3o Ambiental Aplicada pelo Grupo Fiat. Pontif\u00edcia Universidade de S\u00e3o Paulo &#8211; PUC &#8211; SP 1990.<\/span><\/span><\/p>\n<p style=\"text-align: justify;\"><span style=\"font-size: 10pt;\"><span style=\"font-family: arial,helvetica,sans-serif;\">Programa de Excel\u00eancia na Gest\u00e3o de Sa\u00fade, Seguran\u00e7a, Ambiente e Qualidade. PROGRE<em>SSA.Q<\/em>. Sonangol. Luanda &#8211; 2009.<\/span><\/span><\/p>\n<p style=\"text-align: justify;\"><span style=\"font-size: 10pt;\"><span style=\"font-family: arial,helvetica,sans-serif;\">Um Interesse Partilhado Angola. BP Amoco. <a href=\"http:\/\/www.bpamoco.com\/\" target=\"_blank\" rel=\"nofollow noopener noreferrer\">http:\/\/www.bpamoco.com\/<\/a><\/span><\/span><\/p>\n<p style=\"text-align: right;\"><span style=\"font-size: 10pt;\"><span style=\"font-family: arial,helvetica,sans-serif;\"><strong><em>Autor: Paulo Domingos Brinca<\/em><\/strong><\/span><\/span><\/p>\n<p style=\"text-align: right;\">[grwebform url=&#8221;http:\/\/app.getresponse.com\/view_webform.js?wid=3903003&amp;u=SK7G&#8221; css=&#8221;on&#8221;\/]<\/p>\n","protected":false},"excerpt":{"rendered":"<p>SUM\u00c1RIO Desde os seus prim\u00f3rdios, a humanidade vem provocando modifica\u00e7\u00f5es no meio natural em que vive. Pode-se dizer que h\u00e1 mais de 100 mil anos, \u00e9poca em que o homem conseguiu dominar o fogo, as actividades por ele desenvolvidas vem transformando o meio ambiente. O presente trabalho tem como objectivo tra\u00e7ar um panorama da aplica\u00e7\u00e3o [&hellip;]<\/p>\n","protected":false},"author":1,"featured_media":0,"comment_status":"open","ping_status":"open","sticky":false,"template":"","format":"standard","meta":{"_jetpack_memberships_contains_paid_content":false,"footnotes":""},"categories":[494],"tags":[126,595,809,856,1073,1086,1091],"class_list":{"0":"post-704","1":"post","2":"type-post","3":"status-publish","4":"format-standard","6":"category-gestao-ambiental-textos","7":"tag-ambiente","8":"tag-certificacao-ambiental","9":"tag-gestao-ambiental","10":"tag-iso-14001","11":"tag-saude","12":"tag-sga","13":"tag-sistema-de-gestao-ambiental"},"yoast_head":"<!-- This site is optimized with the Yoast SEO plugin v25.1 - https:\/\/yoast.com\/wordpress\/plugins\/seo\/ -->\n<title>Aplica\u00e7\u00e3o da norma ISO 14001 em Angola - CENED Cursos Online<\/title>\n<meta name=\"description\" content=\"Cada vez mais compradores, principalmente importadores, est\u00e3o exigindo a certifica\u00e7\u00e3o ambiental, nos moldes da ISO 14001\" \/>\n<meta name=\"robots\" content=\"index, follow, max-snippet:-1, max-image-preview:large, max-video-preview:-1\" \/>\n<link rel=\"canonical\" href=\"https:\/\/cenedcursos.com.br\/meio-ambiente\/iso-14001-angola\/\" \/>\n<meta property=\"og:locale\" content=\"pt_BR\" \/>\n<meta property=\"og:type\" content=\"article\" \/>\n<meta property=\"og:title\" content=\"Aplica\u00e7\u00e3o da norma ISO 14001 em Angola - CENED Cursos Online\" \/>\n<meta property=\"og:description\" content=\"Cada vez mais compradores, principalmente importadores, est\u00e3o exigindo a certifica\u00e7\u00e3o ambiental, nos moldes da ISO 14001\" \/>\n<meta property=\"og:url\" content=\"https:\/\/cenedcursos.com.br\/meio-ambiente\/iso-14001-angola\/\" \/>\n<meta property=\"og:site_name\" content=\"CENED Cursos Online\" \/>\n<meta property=\"article:published_time\" content=\"2010-03-31T21:14:52+00:00\" \/>\n<meta property=\"og:image\" content=\"https:\/\/www.cenedcursos.com.br\/meio-ambiente\/wp-content\/uploads\/2010\/03\/iso14001.jpg\" \/>\n<meta name=\"author\" content=\"Amarildo R. Ferrari\" \/>\n<meta name=\"twitter:card\" content=\"summary_large_image\" \/>\n<meta name=\"twitter:label1\" content=\"Escrito por\" \/>\n\t<meta name=\"twitter:data1\" content=\"Amarildo R. Ferrari\" \/>\n\t<meta name=\"twitter:label2\" content=\"Est. tempo de leitura\" \/>\n\t<meta name=\"twitter:data2\" content=\"10 minutos\" \/>\n<script type=\"application\/ld+json\" class=\"yoast-schema-graph\">{\"@context\":\"https:\/\/schema.org\",\"@graph\":[{\"@type\":\"WebPage\",\"@id\":\"https:\/\/cenedcursos.com.br\/meio-ambiente\/iso-14001-angola\/\",\"url\":\"https:\/\/cenedcursos.com.br\/meio-ambiente\/iso-14001-angola\/\",\"name\":\"Aplica\u00e7\u00e3o da norma ISO 14001 em Angola - CENED Cursos Online\",\"isPartOf\":{\"@id\":\"https:\/\/cenedcursos.com.br\/meio-ambiente\/#website\"},\"primaryImageOfPage\":{\"@id\":\"https:\/\/cenedcursos.com.br\/meio-ambiente\/iso-14001-angola\/#primaryimage\"},\"image\":{\"@id\":\"https:\/\/cenedcursos.com.br\/meio-ambiente\/iso-14001-angola\/#primaryimage\"},\"thumbnailUrl\":\"https:\/\/www.cenedcursos.com.br\/meio-ambiente\/wp-content\/uploads\/2010\/03\/iso14001.jpg\",\"datePublished\":\"2010-03-31T21:14:52+00:00\",\"author\":{\"@id\":\"https:\/\/cenedcursos.com.br\/meio-ambiente\/#\/schema\/person\/64377d24cdc16779a1eb6229894af388\"},\"description\":\"Cada vez mais compradores, principalmente importadores, est\u00e3o exigindo a certifica\u00e7\u00e3o ambiental, nos moldes da ISO 14001\",\"breadcrumb\":{\"@id\":\"https:\/\/cenedcursos.com.br\/meio-ambiente\/iso-14001-angola\/#breadcrumb\"},\"inLanguage\":\"pt-BR\",\"potentialAction\":[{\"@type\":\"ReadAction\",\"target\":[\"https:\/\/cenedcursos.com.br\/meio-ambiente\/iso-14001-angola\/\"]}]},{\"@type\":\"ImageObject\",\"inLanguage\":\"pt-BR\",\"@id\":\"https:\/\/cenedcursos.com.br\/meio-ambiente\/iso-14001-angola\/#primaryimage\",\"url\":\"https:\/\/www.cenedcursos.com.br\/meio-ambiente\/wp-content\/uploads\/2010\/03\/iso14001.jpg\",\"contentUrl\":\"https:\/\/www.cenedcursos.com.br\/meio-ambiente\/wp-content\/uploads\/2010\/03\/iso14001.jpg\"},{\"@type\":\"BreadcrumbList\",\"@id\":\"https:\/\/cenedcursos.com.br\/meio-ambiente\/iso-14001-angola\/#breadcrumb\",\"itemListElement\":[{\"@type\":\"ListItem\",\"position\":1,\"name\":\"In\u00edcio\",\"item\":\"https:\/\/cenedcursos.com.br\/meio-ambiente\/\"},{\"@type\":\"ListItem\",\"position\":2,\"name\":\"Aplica\u00e7\u00e3o da norma ISO 14001 em Angola\"}]},{\"@type\":\"WebSite\",\"@id\":\"https:\/\/cenedcursos.com.br\/meio-ambiente\/#website\",\"url\":\"https:\/\/cenedcursos.com.br\/meio-ambiente\/\",\"name\":\"CENED Cursos Online\",\"description\":\"Aqui voc\u00ea encontra artigos em diversas \u00e1reas do conhecimento: meio ambiente, educa\u00e7\u00e3o, marketing digital, neg\u00f3cios online e muito mais.\",\"potentialAction\":[{\"@type\":\"SearchAction\",\"target\":{\"@type\":\"EntryPoint\",\"urlTemplate\":\"https:\/\/cenedcursos.com.br\/meio-ambiente\/?s={search_term_string}\"},\"query-input\":{\"@type\":\"PropertyValueSpecification\",\"valueRequired\":true,\"valueName\":\"search_term_string\"}}],\"inLanguage\":\"pt-BR\"},{\"@type\":\"Person\",\"@id\":\"https:\/\/cenedcursos.com.br\/meio-ambiente\/#\/schema\/person\/64377d24cdc16779a1eb6229894af388\",\"name\":\"Amarildo R. Ferrari\",\"image\":{\"@type\":\"ImageObject\",\"inLanguage\":\"pt-BR\",\"@id\":\"https:\/\/cenedcursos.com.br\/meio-ambiente\/#\/schema\/person\/image\/\",\"url\":\"https:\/\/secure.gravatar.com\/avatar\/6ea4248ca9f295c93f1b72f8398232f0fbbffe30349e6ec3839cfa5e09b0de3c?s=96&d=mm&r=g\",\"contentUrl\":\"https:\/\/secure.gravatar.com\/avatar\/6ea4248ca9f295c93f1b72f8398232f0fbbffe30349e6ec3839cfa5e09b0de3c?s=96&d=mm&r=g\",\"caption\":\"Amarildo R. Ferrari\"},\"sameAs\":[\"https:\/\/cenedcursos.com.br\/meio-ambiente\"],\"url\":\"https:\/\/cenedcursos.com.br\/meio-ambiente\/author\/admin\/\"}]}<\/script>\n<!-- \/ Yoast SEO plugin. -->","yoast_head_json":{"title":"Aplica\u00e7\u00e3o da norma ISO 14001 em Angola - CENED Cursos Online","description":"Cada vez mais compradores, principalmente importadores, est\u00e3o exigindo a certifica\u00e7\u00e3o ambiental, nos moldes da ISO 14001","robots":{"index":"index","follow":"follow","max-snippet":"max-snippet:-1","max-image-preview":"max-image-preview:large","max-video-preview":"max-video-preview:-1"},"canonical":"https:\/\/cenedcursos.com.br\/meio-ambiente\/iso-14001-angola\/","og_locale":"pt_BR","og_type":"article","og_title":"Aplica\u00e7\u00e3o da norma ISO 14001 em Angola - CENED Cursos Online","og_description":"Cada vez mais compradores, principalmente importadores, est\u00e3o exigindo a certifica\u00e7\u00e3o ambiental, nos moldes da ISO 14001","og_url":"https:\/\/cenedcursos.com.br\/meio-ambiente\/iso-14001-angola\/","og_site_name":"CENED Cursos Online","article_published_time":"2010-03-31T21:14:52+00:00","og_image":[{"url":"https:\/\/www.cenedcursos.com.br\/meio-ambiente\/wp-content\/uploads\/2010\/03\/iso14001.jpg","type":"","width":"","height":""}],"author":"Amarildo R. Ferrari","twitter_card":"summary_large_image","twitter_misc":{"Escrito por":"Amarildo R. Ferrari","Est. tempo de leitura":"10 minutos"},"schema":{"@context":"https:\/\/schema.org","@graph":[{"@type":"WebPage","@id":"https:\/\/cenedcursos.com.br\/meio-ambiente\/iso-14001-angola\/","url":"https:\/\/cenedcursos.com.br\/meio-ambiente\/iso-14001-angola\/","name":"Aplica\u00e7\u00e3o da norma ISO 14001 em Angola - CENED Cursos Online","isPartOf":{"@id":"https:\/\/cenedcursos.com.br\/meio-ambiente\/#website"},"primaryImageOfPage":{"@id":"https:\/\/cenedcursos.com.br\/meio-ambiente\/iso-14001-angola\/#primaryimage"},"image":{"@id":"https:\/\/cenedcursos.com.br\/meio-ambiente\/iso-14001-angola\/#primaryimage"},"thumbnailUrl":"https:\/\/www.cenedcursos.com.br\/meio-ambiente\/wp-content\/uploads\/2010\/03\/iso14001.jpg","datePublished":"2010-03-31T21:14:52+00:00","author":{"@id":"https:\/\/cenedcursos.com.br\/meio-ambiente\/#\/schema\/person\/64377d24cdc16779a1eb6229894af388"},"description":"Cada vez mais compradores, principalmente importadores, est\u00e3o exigindo a certifica\u00e7\u00e3o ambiental, nos moldes da ISO 14001","breadcrumb":{"@id":"https:\/\/cenedcursos.com.br\/meio-ambiente\/iso-14001-angola\/#breadcrumb"},"inLanguage":"pt-BR","potentialAction":[{"@type":"ReadAction","target":["https:\/\/cenedcursos.com.br\/meio-ambiente\/iso-14001-angola\/"]}]},{"@type":"ImageObject","inLanguage":"pt-BR","@id":"https:\/\/cenedcursos.com.br\/meio-ambiente\/iso-14001-angola\/#primaryimage","url":"https:\/\/www.cenedcursos.com.br\/meio-ambiente\/wp-content\/uploads\/2010\/03\/iso14001.jpg","contentUrl":"https:\/\/www.cenedcursos.com.br\/meio-ambiente\/wp-content\/uploads\/2010\/03\/iso14001.jpg"},{"@type":"BreadcrumbList","@id":"https:\/\/cenedcursos.com.br\/meio-ambiente\/iso-14001-angola\/#breadcrumb","itemListElement":[{"@type":"ListItem","position":1,"name":"In\u00edcio","item":"https:\/\/cenedcursos.com.br\/meio-ambiente\/"},{"@type":"ListItem","position":2,"name":"Aplica\u00e7\u00e3o da norma ISO 14001 em Angola"}]},{"@type":"WebSite","@id":"https:\/\/cenedcursos.com.br\/meio-ambiente\/#website","url":"https:\/\/cenedcursos.com.br\/meio-ambiente\/","name":"CENED Cursos Online","description":"Aqui voc\u00ea encontra artigos em diversas \u00e1reas do conhecimento: meio ambiente, educa\u00e7\u00e3o, marketing digital, neg\u00f3cios online e muito mais.","potentialAction":[{"@type":"SearchAction","target":{"@type":"EntryPoint","urlTemplate":"https:\/\/cenedcursos.com.br\/meio-ambiente\/?s={search_term_string}"},"query-input":{"@type":"PropertyValueSpecification","valueRequired":true,"valueName":"search_term_string"}}],"inLanguage":"pt-BR"},{"@type":"Person","@id":"https:\/\/cenedcursos.com.br\/meio-ambiente\/#\/schema\/person\/64377d24cdc16779a1eb6229894af388","name":"Amarildo R. Ferrari","image":{"@type":"ImageObject","inLanguage":"pt-BR","@id":"https:\/\/cenedcursos.com.br\/meio-ambiente\/#\/schema\/person\/image\/","url":"https:\/\/secure.gravatar.com\/avatar\/6ea4248ca9f295c93f1b72f8398232f0fbbffe30349e6ec3839cfa5e09b0de3c?s=96&d=mm&r=g","contentUrl":"https:\/\/secure.gravatar.com\/avatar\/6ea4248ca9f295c93f1b72f8398232f0fbbffe30349e6ec3839cfa5e09b0de3c?s=96&d=mm&r=g","caption":"Amarildo R. Ferrari"},"sameAs":["https:\/\/cenedcursos.com.br\/meio-ambiente"],"url":"https:\/\/cenedcursos.com.br\/meio-ambiente\/author\/admin\/"}]}},"jetpack_featured_media_url":"","jetpack_sharing_enabled":true,"_links":{"self":[{"href":"https:\/\/cenedcursos.com.br\/meio-ambiente\/wp-json\/wp\/v2\/posts\/704","targetHints":{"allow":["GET"]}}],"collection":[{"href":"https:\/\/cenedcursos.com.br\/meio-ambiente\/wp-json\/wp\/v2\/posts"}],"about":[{"href":"https:\/\/cenedcursos.com.br\/meio-ambiente\/wp-json\/wp\/v2\/types\/post"}],"author":[{"embeddable":true,"href":"https:\/\/cenedcursos.com.br\/meio-ambiente\/wp-json\/wp\/v2\/users\/1"}],"replies":[{"embeddable":true,"href":"https:\/\/cenedcursos.com.br\/meio-ambiente\/wp-json\/wp\/v2\/comments?post=704"}],"version-history":[{"count":0,"href":"https:\/\/cenedcursos.com.br\/meio-ambiente\/wp-json\/wp\/v2\/posts\/704\/revisions"}],"wp:attachment":[{"href":"https:\/\/cenedcursos.com.br\/meio-ambiente\/wp-json\/wp\/v2\/media?parent=704"}],"wp:term":[{"taxonomy":"category","embeddable":true,"href":"https:\/\/cenedcursos.com.br\/meio-ambiente\/wp-json\/wp\/v2\/categories?post=704"},{"taxonomy":"post_tag","embeddable":true,"href":"https:\/\/cenedcursos.com.br\/meio-ambiente\/wp-json\/wp\/v2\/tags?post=704"}],"curies":[{"name":"wp","href":"https:\/\/api.w.org\/{rel}","templated":true}]}}