{"id":728,"date":"2010-06-23T00:29:59","date_gmt":"2010-06-23T00:29:59","guid":{"rendered":"http:\/\/www.cenedcursos.com.br\/?p=728"},"modified":"2010-06-23T00:29:59","modified_gmt":"2010-06-23T00:29:59","slug":"percepcao-tabagismo","status":"publish","type":"post","link":"https:\/\/cenedcursos.com.br\/meio-ambiente\/percepcao-tabagismo\/","title":{"rendered":"Percep\u00e7\u00e3o do tabagismo no segmento universit\u00e1rio"},"content":{"rendered":"<p style=\"text-align: justify;\"><span style=\"font-family: arial,helvetica,sans-serif;\"><span style=\"font-size: 10pt;\">A pesquisa envolveu 1728 estudantes universit\u00e1rios (33 diferentes cursos) de 11 institui\u00e7\u00f5es de ensino superior (ES, RS, DF, MG, SP), tendo como objetivo analisar o n\u00edvel de percep\u00e7\u00e3o do segmento universit\u00e1rio frente a problem\u00e1tica do Tabagismo. A pesquisa, em se tratando especificamente do segmento universit\u00e1rio da tentativa de abrang\u00eancia nacional, pode ser considerada como base para outras pesquisas complementares. O instrumento da pesquisa foi estruturado pelo N\u00facleo de Estudos em Percep\u00e7\u00e3o Ambiental \/ NEPA \u2013 UNIVIX, e aplicado pelos autores em estudantes de suas institui\u00e7\u00f5es de ensino, sendo os dados coletados tabulados (SPSS) pelo NEPA. O N\u00facleo de Estudos em Percep\u00e7\u00e3o Ambiental est\u00e1 estruturando uma nova pesquisa com estudantes do ensino fundamental e m\u00e9dio com objetivo de analisar as fontes de motiva\u00e7\u00e3o que levam este segmento de estudantes a iniciar o v\u00edcio de fumar.<\/span><\/span><\/p>\n<p style=\"text-align: center;\"><span style=\"font-family: arial,helvetica,sans-serif;\"><span style=\"font-size: 10pt;\"><strong><a href=\"https:\/\/www.cenedcursos.com.br\/meio-ambiente\/wp-content\/uploads\/2010\/06\/tabagismo-segmento-universitario.pdf\"><span style=\"font-size: 14pt;\">Leia o texto completo<\/span><\/a><\/strong><br \/><\/span><\/span><\/p>\n","protected":false},"excerpt":{"rendered":"<p>A pesquisa envolveu 1728 estudantes universit\u00e1rios (33 diferentes cursos) de 11 institui\u00e7\u00f5es de ensino superior (ES, RS, DF, MG, SP), tendo como objetivo analisar o n\u00edvel de percep\u00e7\u00e3o do segmento universit\u00e1rio frente a problem\u00e1tica do Tabagismo. A pesquisa, em se tratando especificamente do segmento universit\u00e1rio da tentativa de abrang\u00eancia nacional, pode ser considerada como base [&hellip;]<\/p>\n","protected":false},"author":1,"featured_media":0,"comment_status":"open","ping_status":"open","sticky":false,"template":"","format":"standard","meta":{"_jetpack_memberships_contains_paid_content":false,"footnotes":""},"categories":[497],"tags":[226],"class_list":{"0":"post-728","1":"post","2":"type-post","3":"status-publish","4":"format-standard","6":"category-percepcao-ambiental-textos","7":"tag-tabagismo"},"yoast_head":"<!-- This site is optimized with the Yoast SEO plugin v25.1 - https:\/\/yoast.com\/wordpress\/plugins\/seo\/ -->\n<title>Percep\u00e7\u00e3o do tabagismo no segmento universit\u00e1rio - CENED Cursos Online<\/title>\n<meta name=\"robots\" content=\"index, follow, max-snippet:-1, max-image-preview:large, max-video-preview:-1\" \/>\n<link rel=\"canonical\" href=\"https:\/\/cenedcursos.com.br\/meio-ambiente\/percepcao-tabagismo\/\" \/>\n<meta property=\"og:locale\" content=\"pt_BR\" \/>\n<meta property=\"og:type\" content=\"article\" \/>\n<meta property=\"og:title\" content=\"Percep\u00e7\u00e3o do tabagismo no segmento universit\u00e1rio - CENED Cursos Online\" \/>\n<meta property=\"og:description\" content=\"A pesquisa envolveu 1728 estudantes universit\u00e1rios (33 diferentes cursos) de 11 institui\u00e7\u00f5es de ensino superior (ES, RS, DF, MG, SP), tendo como objetivo analisar o n\u00edvel de percep\u00e7\u00e3o do segmento universit\u00e1rio frente a problem\u00e1tica do Tabagismo. A pesquisa, em se tratando especificamente do segmento universit\u00e1rio da tentativa de abrang\u00eancia nacional, pode ser considerada como base [&hellip;]\" \/>\n<meta property=\"og:url\" content=\"https:\/\/cenedcursos.com.br\/meio-ambiente\/percepcao-tabagismo\/\" \/>\n<meta property=\"og:site_name\" content=\"CENED Cursos Online\" \/>\n<meta property=\"article:published_time\" content=\"2010-06-23T00:29:59+00:00\" \/>\n<meta name=\"author\" content=\"Amarildo R. Ferrari\" \/>\n<meta name=\"twitter:card\" content=\"summary_large_image\" \/>\n<meta name=\"twitter:label1\" content=\"Escrito por\" \/>\n\t<meta name=\"twitter:data1\" content=\"Amarildo R. Ferrari\" \/>\n\t<meta name=\"twitter:label2\" content=\"Est. tempo de leitura\" \/>\n\t<meta name=\"twitter:data2\" content=\"1 minuto\" \/>\n<script type=\"application\/ld+json\" class=\"yoast-schema-graph\">{\"@context\":\"https:\/\/schema.org\",\"@graph\":[{\"@type\":\"WebPage\",\"@id\":\"https:\/\/cenedcursos.com.br\/meio-ambiente\/percepcao-tabagismo\/\",\"url\":\"https:\/\/cenedcursos.com.br\/meio-ambiente\/percepcao-tabagismo\/\",\"name\":\"Percep\u00e7\u00e3o do tabagismo no segmento universit\u00e1rio - CENED Cursos Online\",\"isPartOf\":{\"@id\":\"https:\/\/cenedcursos.com.br\/meio-ambiente\/#website\"},\"datePublished\":\"2010-06-23T00:29:59+00:00\",\"author\":{\"@id\":\"https:\/\/cenedcursos.com.br\/meio-ambiente\/#\/schema\/person\/64377d24cdc16779a1eb6229894af388\"},\"breadcrumb\":{\"@id\":\"https:\/\/cenedcursos.com.br\/meio-ambiente\/percepcao-tabagismo\/#breadcrumb\"},\"inLanguage\":\"pt-BR\",\"potentialAction\":[{\"@type\":\"ReadAction\",\"target\":[\"https:\/\/cenedcursos.com.br\/meio-ambiente\/percepcao-tabagismo\/\"]}]},{\"@type\":\"BreadcrumbList\",\"@id\":\"https:\/\/cenedcursos.com.br\/meio-ambiente\/percepcao-tabagismo\/#breadcrumb\",\"itemListElement\":[{\"@type\":\"ListItem\",\"position\":1,\"name\":\"In\u00edcio\",\"item\":\"https:\/\/cenedcursos.com.br\/meio-ambiente\/\"},{\"@type\":\"ListItem\",\"position\":2,\"name\":\"Percep\u00e7\u00e3o do tabagismo no segmento universit\u00e1rio\"}]},{\"@type\":\"WebSite\",\"@id\":\"https:\/\/cenedcursos.com.br\/meio-ambiente\/#website\",\"url\":\"https:\/\/cenedcursos.com.br\/meio-ambiente\/\",\"name\":\"CENED Cursos Online\",\"description\":\"Aqui voc\u00ea encontra artigos em diversas \u00e1reas do conhecimento: meio ambiente, educa\u00e7\u00e3o, marketing digital, neg\u00f3cios online e muito mais.\",\"potentialAction\":[{\"@type\":\"SearchAction\",\"target\":{\"@type\":\"EntryPoint\",\"urlTemplate\":\"https:\/\/cenedcursos.com.br\/meio-ambiente\/?s={search_term_string}\"},\"query-input\":{\"@type\":\"PropertyValueSpecification\",\"valueRequired\":true,\"valueName\":\"search_term_string\"}}],\"inLanguage\":\"pt-BR\"},{\"@type\":\"Person\",\"@id\":\"https:\/\/cenedcursos.com.br\/meio-ambiente\/#\/schema\/person\/64377d24cdc16779a1eb6229894af388\",\"name\":\"Amarildo R. Ferrari\",\"image\":{\"@type\":\"ImageObject\",\"inLanguage\":\"pt-BR\",\"@id\":\"https:\/\/cenedcursos.com.br\/meio-ambiente\/#\/schema\/person\/image\/\",\"url\":\"https:\/\/secure.gravatar.com\/avatar\/6ea4248ca9f295c93f1b72f8398232f0fbbffe30349e6ec3839cfa5e09b0de3c?s=96&d=mm&r=g\",\"contentUrl\":\"https:\/\/secure.gravatar.com\/avatar\/6ea4248ca9f295c93f1b72f8398232f0fbbffe30349e6ec3839cfa5e09b0de3c?s=96&d=mm&r=g\",\"caption\":\"Amarildo R. Ferrari\"},\"sameAs\":[\"https:\/\/cenedcursos.com.br\/meio-ambiente\"],\"url\":\"https:\/\/cenedcursos.com.br\/meio-ambiente\/author\/admin\/\"}]}<\/script>\n<!-- \/ Yoast SEO plugin. -->","yoast_head_json":{"title":"Percep\u00e7\u00e3o do tabagismo no segmento universit\u00e1rio - CENED Cursos Online","robots":{"index":"index","follow":"follow","max-snippet":"max-snippet:-1","max-image-preview":"max-image-preview:large","max-video-preview":"max-video-preview:-1"},"canonical":"https:\/\/cenedcursos.com.br\/meio-ambiente\/percepcao-tabagismo\/","og_locale":"pt_BR","og_type":"article","og_title":"Percep\u00e7\u00e3o do tabagismo no segmento universit\u00e1rio - CENED Cursos Online","og_description":"A pesquisa envolveu 1728 estudantes universit\u00e1rios (33 diferentes cursos) de 11 institui\u00e7\u00f5es de ensino superior (ES, RS, DF, MG, SP), tendo como objetivo analisar o n\u00edvel de percep\u00e7\u00e3o do segmento universit\u00e1rio frente a problem\u00e1tica do Tabagismo. A pesquisa, em se tratando especificamente do segmento universit\u00e1rio da tentativa de abrang\u00eancia nacional, pode ser considerada como base [&hellip;]","og_url":"https:\/\/cenedcursos.com.br\/meio-ambiente\/percepcao-tabagismo\/","og_site_name":"CENED Cursos Online","article_published_time":"2010-06-23T00:29:59+00:00","author":"Amarildo R. Ferrari","twitter_card":"summary_large_image","twitter_misc":{"Escrito por":"Amarildo R. Ferrari","Est. tempo de leitura":"1 minuto"},"schema":{"@context":"https:\/\/schema.org","@graph":[{"@type":"WebPage","@id":"https:\/\/cenedcursos.com.br\/meio-ambiente\/percepcao-tabagismo\/","url":"https:\/\/cenedcursos.com.br\/meio-ambiente\/percepcao-tabagismo\/","name":"Percep\u00e7\u00e3o do tabagismo no segmento universit\u00e1rio - CENED Cursos Online","isPartOf":{"@id":"https:\/\/cenedcursos.com.br\/meio-ambiente\/#website"},"datePublished":"2010-06-23T00:29:59+00:00","author":{"@id":"https:\/\/cenedcursos.com.br\/meio-ambiente\/#\/schema\/person\/64377d24cdc16779a1eb6229894af388"},"breadcrumb":{"@id":"https:\/\/cenedcursos.com.br\/meio-ambiente\/percepcao-tabagismo\/#breadcrumb"},"inLanguage":"pt-BR","potentialAction":[{"@type":"ReadAction","target":["https:\/\/cenedcursos.com.br\/meio-ambiente\/percepcao-tabagismo\/"]}]},{"@type":"BreadcrumbList","@id":"https:\/\/cenedcursos.com.br\/meio-ambiente\/percepcao-tabagismo\/#breadcrumb","itemListElement":[{"@type":"ListItem","position":1,"name":"In\u00edcio","item":"https:\/\/cenedcursos.com.br\/meio-ambiente\/"},{"@type":"ListItem","position":2,"name":"Percep\u00e7\u00e3o do tabagismo no segmento universit\u00e1rio"}]},{"@type":"WebSite","@id":"https:\/\/cenedcursos.com.br\/meio-ambiente\/#website","url":"https:\/\/cenedcursos.com.br\/meio-ambiente\/","name":"CENED Cursos Online","description":"Aqui voc\u00ea encontra artigos em diversas \u00e1reas do conhecimento: meio ambiente, educa\u00e7\u00e3o, marketing digital, neg\u00f3cios online e muito mais.","potentialAction":[{"@type":"SearchAction","target":{"@type":"EntryPoint","urlTemplate":"https:\/\/cenedcursos.com.br\/meio-ambiente\/?s={search_term_string}"},"query-input":{"@type":"PropertyValueSpecification","valueRequired":true,"valueName":"search_term_string"}}],"inLanguage":"pt-BR"},{"@type":"Person","@id":"https:\/\/cenedcursos.com.br\/meio-ambiente\/#\/schema\/person\/64377d24cdc16779a1eb6229894af388","name":"Amarildo R. Ferrari","image":{"@type":"ImageObject","inLanguage":"pt-BR","@id":"https:\/\/cenedcursos.com.br\/meio-ambiente\/#\/schema\/person\/image\/","url":"https:\/\/secure.gravatar.com\/avatar\/6ea4248ca9f295c93f1b72f8398232f0fbbffe30349e6ec3839cfa5e09b0de3c?s=96&d=mm&r=g","contentUrl":"https:\/\/secure.gravatar.com\/avatar\/6ea4248ca9f295c93f1b72f8398232f0fbbffe30349e6ec3839cfa5e09b0de3c?s=96&d=mm&r=g","caption":"Amarildo R. Ferrari"},"sameAs":["https:\/\/cenedcursos.com.br\/meio-ambiente"],"url":"https:\/\/cenedcursos.com.br\/meio-ambiente\/author\/admin\/"}]}},"jetpack_featured_media_url":"","jetpack_sharing_enabled":true,"_links":{"self":[{"href":"https:\/\/cenedcursos.com.br\/meio-ambiente\/wp-json\/wp\/v2\/posts\/728","targetHints":{"allow":["GET"]}}],"collection":[{"href":"https:\/\/cenedcursos.com.br\/meio-ambiente\/wp-json\/wp\/v2\/posts"}],"about":[{"href":"https:\/\/cenedcursos.com.br\/meio-ambiente\/wp-json\/wp\/v2\/types\/post"}],"author":[{"embeddable":true,"href":"https:\/\/cenedcursos.com.br\/meio-ambiente\/wp-json\/wp\/v2\/users\/1"}],"replies":[{"embeddable":true,"href":"https:\/\/cenedcursos.com.br\/meio-ambiente\/wp-json\/wp\/v2\/comments?post=728"}],"version-history":[{"count":0,"href":"https:\/\/cenedcursos.com.br\/meio-ambiente\/wp-json\/wp\/v2\/posts\/728\/revisions"}],"wp:attachment":[{"href":"https:\/\/cenedcursos.com.br\/meio-ambiente\/wp-json\/wp\/v2\/media?parent=728"}],"wp:term":[{"taxonomy":"category","embeddable":true,"href":"https:\/\/cenedcursos.com.br\/meio-ambiente\/wp-json\/wp\/v2\/categories?post=728"},{"taxonomy":"post_tag","embeddable":true,"href":"https:\/\/cenedcursos.com.br\/meio-ambiente\/wp-json\/wp\/v2\/tags?post=728"}],"curies":[{"name":"wp","href":"https:\/\/api.w.org\/{rel}","templated":true}]}}