{"id":732,"date":"2010-06-23T00:41:30","date_gmt":"2010-06-23T00:41:30","guid":{"rendered":"http:\/\/www.cenedcursos.com.br\/?p=732"},"modified":"2010-06-23T00:41:30","modified_gmt":"2010-06-23T00:41:30","slug":"percepcao-ambiental-portugal","status":"publish","type":"post","link":"https:\/\/cenedcursos.com.br\/meio-ambiente\/percepcao-ambiental-portugal\/","title":{"rendered":"An\u00e1lise da percep\u00e7\u00e3o ambiental de estudantes do  Ensino B\u00e1sico em Portugal"},"content":{"rendered":"<p style=\"text-align: justify;\"><span style=\"font-family: arial,helvetica,sans-serif;\"><span style=\"font-size: 10pt;\">Em Janeiro de 2007 (Lisboa), durante a realiza\u00e7\u00e3o das XIV Jornadas Pedag\u00f3gicas da Associa\u00e7\u00e3o Portuguesa de Educa\u00e7\u00e3o Ambiental \/ ASPEA, em um grupo de trabalho coordenado pelo N\u00facleo de Estudos em Percep\u00e7\u00e3o Ambiental\/NEPA, da Faculdade Brasileira\/UNIVIX, Vit\u00f3ria, Esp\u00edrito Santo, Brasil, foi apresentada e aprovada uma proposta de pesquisa nos moldes daquela realizada no Brasil para a Coordena\u00e7\u00e3o Geral de Educa\u00e7\u00e3o Ambiental do Minist\u00e9rio da Educa\u00e7\u00e3o\/MEC (2006). A pesquisa visava analisar a percep\u00e7\u00e3o ambiental de alunos do Ensino B\u00e1sico, em Portugal. A pesquisa teve como foco aspectos ligados \u00e0 &#8220;cidadania ambiental&#8221; e &#8220;uso racional da \u00e1gua&#8221;, envolvendo preferencialmente alunos dos quinto e oitavo anos, uma vez que, entre outros objetivos, pretendia-se avaliar a evolu\u00e7\u00e3o do n\u00edvel de percep\u00e7\u00e3o ambiental entre os alunos dos dois segmentos amostrados. A pesquisa, desenvolvida com a coordena\u00e7\u00e3o do NEPA, envolveu 1034 alunos, de 10 escolas, distribu\u00eddas por 7 concelhos em Portugal e um em Mo\u00e7ambique, com a participa\u00e7\u00e3o direta de 37 professoras(es) que aplicaram diretamente os instrumentos da pesquisa a seus alunos. Para um intervalo de confian\u00e7a de 95%, os resultados da pesquisa sobre &#8220;cidadania ambiental&#8221; est\u00e3o associados a um erro, para mais ou para menos, de 3,05%, enquanto a pesquisa sobre &#8220;uso racional da \u00e1gua&#8221; a um erro de 3,55%. Esta pesquisa pode ser considerada como pioneira em Portugal, sendo que seus resultados s\u00e3o de grande import\u00e2ncia para o conhecimento de educadores e gestores p\u00fablicos ligados \u00e0 tem\u00e1tica da Educa\u00e7\u00e3o Ambiental.<\/span><\/span><\/p>\n<p style=\"text-align: center;\"><span style=\"font-family: arial,helvetica,sans-serif;\"><span style=\"font-size: 10pt;\"><a href=\"https:\/\/www.cenedcursos.com.br\/meio-ambiente\/wp-content\/uploads\/2010\/06\/analise-percepcao-ambiental-Portugal.pdf\"><strong><span style=\"font-size: 14pt;\">Leia o texto completo<\/span><\/strong><\/a><br \/><\/span><\/span><\/p>\n","protected":false},"excerpt":{"rendered":"<p>Em Janeiro de 2007 (Lisboa), durante a realiza\u00e7\u00e3o das XIV Jornadas Pedag\u00f3gicas da Associa\u00e7\u00e3o Portuguesa de Educa\u00e7\u00e3o Ambiental \/ ASPEA, em um grupo de trabalho coordenado pelo N\u00facleo de Estudos em Percep\u00e7\u00e3o Ambiental\/NEPA, da Faculdade Brasileira\/UNIVIX, Vit\u00f3ria, Esp\u00edrito Santo, Brasil, foi apresentada e aprovada uma proposta de pesquisa nos moldes daquela realizada no Brasil para [&hellip;]<\/p>\n","protected":false},"author":1,"featured_media":0,"comment_status":"open","ping_status":"open","sticky":false,"template":"","format":"standard","meta":{"_jetpack_memberships_contains_paid_content":false,"footnotes":""},"categories":[497],"tags":[512,603,134,359],"class_list":{"0":"post-732","1":"post","2":"type-post","3":"status-publish","4":"format-standard","6":"category-percepcao-ambiental-textos","7":"tag-agua","8":"tag-cidadania-ambiental","9":"tag-educacao-ambiental","10":"tag-percepcao-ambiental"},"yoast_head":"<!-- This site is optimized with the Yoast SEO plugin v25.1 - https:\/\/yoast.com\/wordpress\/plugins\/seo\/ -->\n<title>An\u00e1lise da percep\u00e7\u00e3o ambiental de estudantes do Ensino B\u00e1sico em Portugal - CENED Cursos Online<\/title>\n<meta name=\"description\" content=\"A pesquisa visava analisar a percep\u00e7\u00e3o ambiental de alunos do Ensino B\u00e1sico, em Portugal. A pesquisa teve como foco aspectos ligados \u00e0 \u201ccidadania ambiental\u201d\" \/>\n<meta name=\"robots\" content=\"index, follow, max-snippet:-1, max-image-preview:large, max-video-preview:-1\" \/>\n<link rel=\"canonical\" href=\"https:\/\/cenedcursos.com.br\/meio-ambiente\/percepcao-ambiental-portugal\/\" \/>\n<meta property=\"og:locale\" content=\"pt_BR\" \/>\n<meta property=\"og:type\" content=\"article\" \/>\n<meta property=\"og:title\" content=\"An\u00e1lise da percep\u00e7\u00e3o ambiental de estudantes do Ensino B\u00e1sico em Portugal - CENED Cursos Online\" \/>\n<meta property=\"og:description\" content=\"A pesquisa visava analisar a percep\u00e7\u00e3o ambiental de alunos do Ensino B\u00e1sico, em Portugal. A pesquisa teve como foco aspectos ligados \u00e0 \u201ccidadania ambiental\u201d\" \/>\n<meta property=\"og:url\" content=\"https:\/\/cenedcursos.com.br\/meio-ambiente\/percepcao-ambiental-portugal\/\" \/>\n<meta property=\"og:site_name\" content=\"CENED Cursos Online\" \/>\n<meta property=\"article:published_time\" content=\"2010-06-23T00:41:30+00:00\" \/>\n<meta name=\"author\" content=\"Amarildo R. Ferrari\" \/>\n<meta name=\"twitter:card\" content=\"summary_large_image\" \/>\n<meta name=\"twitter:label1\" content=\"Escrito por\" \/>\n\t<meta name=\"twitter:data1\" content=\"Amarildo R. Ferrari\" \/>\n\t<meta name=\"twitter:label2\" content=\"Est. tempo de leitura\" \/>\n\t<meta name=\"twitter:data2\" content=\"1 minuto\" \/>\n<script type=\"application\/ld+json\" class=\"yoast-schema-graph\">{\"@context\":\"https:\/\/schema.org\",\"@graph\":[{\"@type\":\"WebPage\",\"@id\":\"https:\/\/cenedcursos.com.br\/meio-ambiente\/percepcao-ambiental-portugal\/\",\"url\":\"https:\/\/cenedcursos.com.br\/meio-ambiente\/percepcao-ambiental-portugal\/\",\"name\":\"An\u00e1lise da percep\u00e7\u00e3o ambiental de estudantes do Ensino B\u00e1sico em Portugal - CENED Cursos Online\",\"isPartOf\":{\"@id\":\"https:\/\/cenedcursos.com.br\/meio-ambiente\/#website\"},\"datePublished\":\"2010-06-23T00:41:30+00:00\",\"author\":{\"@id\":\"https:\/\/cenedcursos.com.br\/meio-ambiente\/#\/schema\/person\/64377d24cdc16779a1eb6229894af388\"},\"description\":\"A pesquisa visava analisar a percep\u00e7\u00e3o ambiental de alunos do Ensino B\u00e1sico, em Portugal. A pesquisa teve como foco aspectos ligados \u00e0 \u201ccidadania ambiental\u201d\",\"breadcrumb\":{\"@id\":\"https:\/\/cenedcursos.com.br\/meio-ambiente\/percepcao-ambiental-portugal\/#breadcrumb\"},\"inLanguage\":\"pt-BR\",\"potentialAction\":[{\"@type\":\"ReadAction\",\"target\":[\"https:\/\/cenedcursos.com.br\/meio-ambiente\/percepcao-ambiental-portugal\/\"]}]},{\"@type\":\"BreadcrumbList\",\"@id\":\"https:\/\/cenedcursos.com.br\/meio-ambiente\/percepcao-ambiental-portugal\/#breadcrumb\",\"itemListElement\":[{\"@type\":\"ListItem\",\"position\":1,\"name\":\"In\u00edcio\",\"item\":\"https:\/\/cenedcursos.com.br\/meio-ambiente\/\"},{\"@type\":\"ListItem\",\"position\":2,\"name\":\"An\u00e1lise da percep\u00e7\u00e3o ambiental de estudantes do Ensino B\u00e1sico em Portugal\"}]},{\"@type\":\"WebSite\",\"@id\":\"https:\/\/cenedcursos.com.br\/meio-ambiente\/#website\",\"url\":\"https:\/\/cenedcursos.com.br\/meio-ambiente\/\",\"name\":\"CENED Cursos Online\",\"description\":\"Aqui voc\u00ea encontra artigos em diversas \u00e1reas do conhecimento: meio ambiente, educa\u00e7\u00e3o, marketing digital, neg\u00f3cios online e muito mais.\",\"potentialAction\":[{\"@type\":\"SearchAction\",\"target\":{\"@type\":\"EntryPoint\",\"urlTemplate\":\"https:\/\/cenedcursos.com.br\/meio-ambiente\/?s={search_term_string}\"},\"query-input\":{\"@type\":\"PropertyValueSpecification\",\"valueRequired\":true,\"valueName\":\"search_term_string\"}}],\"inLanguage\":\"pt-BR\"},{\"@type\":\"Person\",\"@id\":\"https:\/\/cenedcursos.com.br\/meio-ambiente\/#\/schema\/person\/64377d24cdc16779a1eb6229894af388\",\"name\":\"Amarildo R. Ferrari\",\"image\":{\"@type\":\"ImageObject\",\"inLanguage\":\"pt-BR\",\"@id\":\"https:\/\/cenedcursos.com.br\/meio-ambiente\/#\/schema\/person\/image\/\",\"url\":\"https:\/\/secure.gravatar.com\/avatar\/6ea4248ca9f295c93f1b72f8398232f0fbbffe30349e6ec3839cfa5e09b0de3c?s=96&d=mm&r=g\",\"contentUrl\":\"https:\/\/secure.gravatar.com\/avatar\/6ea4248ca9f295c93f1b72f8398232f0fbbffe30349e6ec3839cfa5e09b0de3c?s=96&d=mm&r=g\",\"caption\":\"Amarildo R. Ferrari\"},\"sameAs\":[\"https:\/\/cenedcursos.com.br\/meio-ambiente\"],\"url\":\"https:\/\/cenedcursos.com.br\/meio-ambiente\/author\/admin\/\"}]}<\/script>\n<!-- \/ Yoast SEO plugin. -->","yoast_head_json":{"title":"An\u00e1lise da percep\u00e7\u00e3o ambiental de estudantes do Ensino B\u00e1sico em Portugal - CENED Cursos Online","description":"A pesquisa visava analisar a percep\u00e7\u00e3o ambiental de alunos do Ensino B\u00e1sico, em Portugal. A pesquisa teve como foco aspectos ligados \u00e0 \u201ccidadania ambiental\u201d","robots":{"index":"index","follow":"follow","max-snippet":"max-snippet:-1","max-image-preview":"max-image-preview:large","max-video-preview":"max-video-preview:-1"},"canonical":"https:\/\/cenedcursos.com.br\/meio-ambiente\/percepcao-ambiental-portugal\/","og_locale":"pt_BR","og_type":"article","og_title":"An\u00e1lise da percep\u00e7\u00e3o ambiental de estudantes do Ensino B\u00e1sico em Portugal - CENED Cursos Online","og_description":"A pesquisa visava analisar a percep\u00e7\u00e3o ambiental de alunos do Ensino B\u00e1sico, em Portugal. A pesquisa teve como foco aspectos ligados \u00e0 \u201ccidadania ambiental\u201d","og_url":"https:\/\/cenedcursos.com.br\/meio-ambiente\/percepcao-ambiental-portugal\/","og_site_name":"CENED Cursos Online","article_published_time":"2010-06-23T00:41:30+00:00","author":"Amarildo R. Ferrari","twitter_card":"summary_large_image","twitter_misc":{"Escrito por":"Amarildo R. Ferrari","Est. tempo de leitura":"1 minuto"},"schema":{"@context":"https:\/\/schema.org","@graph":[{"@type":"WebPage","@id":"https:\/\/cenedcursos.com.br\/meio-ambiente\/percepcao-ambiental-portugal\/","url":"https:\/\/cenedcursos.com.br\/meio-ambiente\/percepcao-ambiental-portugal\/","name":"An\u00e1lise da percep\u00e7\u00e3o ambiental de estudantes do Ensino B\u00e1sico em Portugal - CENED Cursos Online","isPartOf":{"@id":"https:\/\/cenedcursos.com.br\/meio-ambiente\/#website"},"datePublished":"2010-06-23T00:41:30+00:00","author":{"@id":"https:\/\/cenedcursos.com.br\/meio-ambiente\/#\/schema\/person\/64377d24cdc16779a1eb6229894af388"},"description":"A pesquisa visava analisar a percep\u00e7\u00e3o ambiental de alunos do Ensino B\u00e1sico, em Portugal. A pesquisa teve como foco aspectos ligados \u00e0 \u201ccidadania ambiental\u201d","breadcrumb":{"@id":"https:\/\/cenedcursos.com.br\/meio-ambiente\/percepcao-ambiental-portugal\/#breadcrumb"},"inLanguage":"pt-BR","potentialAction":[{"@type":"ReadAction","target":["https:\/\/cenedcursos.com.br\/meio-ambiente\/percepcao-ambiental-portugal\/"]}]},{"@type":"BreadcrumbList","@id":"https:\/\/cenedcursos.com.br\/meio-ambiente\/percepcao-ambiental-portugal\/#breadcrumb","itemListElement":[{"@type":"ListItem","position":1,"name":"In\u00edcio","item":"https:\/\/cenedcursos.com.br\/meio-ambiente\/"},{"@type":"ListItem","position":2,"name":"An\u00e1lise da percep\u00e7\u00e3o ambiental de estudantes do Ensino B\u00e1sico em Portugal"}]},{"@type":"WebSite","@id":"https:\/\/cenedcursos.com.br\/meio-ambiente\/#website","url":"https:\/\/cenedcursos.com.br\/meio-ambiente\/","name":"CENED Cursos Online","description":"Aqui voc\u00ea encontra artigos em diversas \u00e1reas do conhecimento: meio ambiente, educa\u00e7\u00e3o, marketing digital, neg\u00f3cios online e muito mais.","potentialAction":[{"@type":"SearchAction","target":{"@type":"EntryPoint","urlTemplate":"https:\/\/cenedcursos.com.br\/meio-ambiente\/?s={search_term_string}"},"query-input":{"@type":"PropertyValueSpecification","valueRequired":true,"valueName":"search_term_string"}}],"inLanguage":"pt-BR"},{"@type":"Person","@id":"https:\/\/cenedcursos.com.br\/meio-ambiente\/#\/schema\/person\/64377d24cdc16779a1eb6229894af388","name":"Amarildo R. Ferrari","image":{"@type":"ImageObject","inLanguage":"pt-BR","@id":"https:\/\/cenedcursos.com.br\/meio-ambiente\/#\/schema\/person\/image\/","url":"https:\/\/secure.gravatar.com\/avatar\/6ea4248ca9f295c93f1b72f8398232f0fbbffe30349e6ec3839cfa5e09b0de3c?s=96&d=mm&r=g","contentUrl":"https:\/\/secure.gravatar.com\/avatar\/6ea4248ca9f295c93f1b72f8398232f0fbbffe30349e6ec3839cfa5e09b0de3c?s=96&d=mm&r=g","caption":"Amarildo R. Ferrari"},"sameAs":["https:\/\/cenedcursos.com.br\/meio-ambiente"],"url":"https:\/\/cenedcursos.com.br\/meio-ambiente\/author\/admin\/"}]}},"jetpack_featured_media_url":"","jetpack_sharing_enabled":true,"_links":{"self":[{"href":"https:\/\/cenedcursos.com.br\/meio-ambiente\/wp-json\/wp\/v2\/posts\/732","targetHints":{"allow":["GET"]}}],"collection":[{"href":"https:\/\/cenedcursos.com.br\/meio-ambiente\/wp-json\/wp\/v2\/posts"}],"about":[{"href":"https:\/\/cenedcursos.com.br\/meio-ambiente\/wp-json\/wp\/v2\/types\/post"}],"author":[{"embeddable":true,"href":"https:\/\/cenedcursos.com.br\/meio-ambiente\/wp-json\/wp\/v2\/users\/1"}],"replies":[{"embeddable":true,"href":"https:\/\/cenedcursos.com.br\/meio-ambiente\/wp-json\/wp\/v2\/comments?post=732"}],"version-history":[{"count":0,"href":"https:\/\/cenedcursos.com.br\/meio-ambiente\/wp-json\/wp\/v2\/posts\/732\/revisions"}],"wp:attachment":[{"href":"https:\/\/cenedcursos.com.br\/meio-ambiente\/wp-json\/wp\/v2\/media?parent=732"}],"wp:term":[{"taxonomy":"category","embeddable":true,"href":"https:\/\/cenedcursos.com.br\/meio-ambiente\/wp-json\/wp\/v2\/categories?post=732"},{"taxonomy":"post_tag","embeddable":true,"href":"https:\/\/cenedcursos.com.br\/meio-ambiente\/wp-json\/wp\/v2\/tags?post=732"}],"curies":[{"name":"wp","href":"https:\/\/api.w.org\/{rel}","templated":true}]}}