{"id":736,"date":"2010-06-23T00:53:35","date_gmt":"2010-06-23T00:53:35","guid":{"rendered":"http:\/\/www.cenedcursos.com.br\/?p=736"},"modified":"2010-06-23T00:53:35","modified_gmt":"2010-06-23T00:53:35","slug":"percepcao-ambiental-legislacao-ambiental","status":"publish","type":"post","link":"https:\/\/cenedcursos.com.br\/meio-ambiente\/percepcao-ambiental-legislacao-ambiental\/","title":{"rendered":"Avalia\u00e7\u00e3o da percep\u00e7\u00e3o ambiental da sociedade frente ao conhecimento da legisla\u00e7\u00e3o ambiental b\u00e1sica"},"content":{"rendered":"<p style=\"text-align: justify;\"><span style=\"font-size: 10pt;\"><span style=\"font-family: arial,helvetica,sans-serif;\">O N\u00facleo de Estudos em Percep\u00e7\u00e3o Ambiental\/NEPA, em parceria com o Curso de Direito da Faculdade Brasileira \u2013 UNIVIX\/VIT\u00d3RIA &#8211; ES, estruturou e aplicou uma pesquisa de percep\u00e7\u00e3o ambiental a 1.028 cidad\u00e3os, da Grande Vit\u00f3ria e alguns munic\u00edpios do interior do estado. A pesquisa teve como base a metodologia desenvolvida pelo NEPA, que j\u00e1 serviu de base para aplica\u00e7\u00e3o em v\u00e1rias outras pesquisas. Dessa forma, estruturou-se uma equipe de pesquisadores, a partir dos alunos do Curso de Direito, para aplica\u00e7\u00e3o dos question\u00e1rios. Neste trabalho s\u00e3o apresentados os resultados da pesquisa realizada. A pesquisa permite identificar e quantificar os primeiros indicadores sobre o n\u00edvel de conhecimento ambiental da sociedade, o que ir\u00e1 permitir aos educadores ambientais um importante banco de dados atrav\u00e9s do qual poder\u00e3o definir interven\u00e7\u00f5es preventivas e corretivas, atrav\u00e9s de programas estruturados de Educa\u00e7\u00e3o Ambiental. Esse trabalho pode ser considerado como in\u00e9dito no Esp\u00edrito Santo, uma vez que n\u00e3o h\u00e1 registro de nenhuma pesquisa anterior voltada especificamente \u00e0 an\u00e1lise da &#8220;percep\u00e7\u00e3o ambiental da sociedade frente \u00e0 legisla\u00e7\u00e3o ambiental b\u00e1sica\u201d. Tal banco de dados, que os autores pretendem ampliar com dados de outros estados, propicia a discuss\u00e3o de n\u00e3o conformidades do conhecimento ambiental da sociedade, aspecto diretamente ligado ao perfil de cidadania ambiental da mesma.<\/span><\/span><\/p>\n<p style=\"text-align: center;\"><span style=\"font-size: 10pt;\"><span style=\"font-family: arial,helvetica,sans-serif;\"><a href=\"https:\/\/www.cenedcursos.com.br\/meio-ambiente\/wp-content\/uploads\/2010\/06\/pesquisa-percepcao-legislacao.pdf\"><strong><span style=\"font-size: 14pt;\">Leia o texto completo<\/span><\/strong><\/a><br \/><\/span><\/span><\/p>\n","protected":false},"excerpt":{"rendered":"<p>O N\u00facleo de Estudos em Percep\u00e7\u00e3o Ambiental\/NEPA, em parceria com o Curso de Direito da Faculdade Brasileira \u2013 UNIVIX\/VIT\u00d3RIA &#8211; ES, estruturou e aplicou uma pesquisa de percep\u00e7\u00e3o ambiental a 1.028 cidad\u00e3os, da Grande Vit\u00f3ria e alguns munic\u00edpios do interior do estado. A pesquisa teve como base a metodologia desenvolvida pelo NEPA, que j\u00e1 serviu [&hellip;]<\/p>\n","protected":false},"author":1,"featured_media":0,"comment_status":"open","ping_status":"open","sticky":false,"template":"","format":"standard","meta":{"_jetpack_memberships_contains_paid_content":false,"footnotes":""},"categories":[497],"tags":[602,603,865,359],"class_list":{"0":"post-736","1":"post","2":"type-post","3":"status-publish","4":"format-standard","6":"category-percepcao-ambiental-textos","7":"tag-cidadania","8":"tag-cidadania-ambiental","9":"tag-legislacao-ambiental","10":"tag-percepcao-ambiental"},"yoast_head":"<!-- This site is optimized with the Yoast SEO plugin v25.1 - https:\/\/yoast.com\/wordpress\/plugins\/seo\/ -->\n<title>Avalia\u00e7\u00e3o da percep\u00e7\u00e3o ambiental da sociedade frente ao conhecimento da legisla\u00e7\u00e3o ambiental b\u00e1sica - CENED Cursos Online<\/title>\n<meta name=\"description\" content=\"N\u00e3o h\u00e1 registro de nenhuma pesquisa anterior voltada especificamente \u00e0 an\u00e1lise da \u201cpercep\u00e7\u00e3o ambiental da sociedade frente \u00e0 legisla\u00e7\u00e3o ambiental b\u00e1sica\u201d\" \/>\n<meta name=\"robots\" content=\"index, follow, max-snippet:-1, max-image-preview:large, max-video-preview:-1\" \/>\n<link rel=\"canonical\" href=\"https:\/\/cenedcursos.com.br\/meio-ambiente\/percepcao-ambiental-legislacao-ambiental\/\" \/>\n<meta property=\"og:locale\" content=\"pt_BR\" \/>\n<meta property=\"og:type\" content=\"article\" \/>\n<meta property=\"og:title\" content=\"Avalia\u00e7\u00e3o da percep\u00e7\u00e3o ambiental da sociedade frente ao conhecimento da legisla\u00e7\u00e3o ambiental b\u00e1sica - CENED Cursos Online\" \/>\n<meta property=\"og:description\" content=\"N\u00e3o h\u00e1 registro de nenhuma pesquisa anterior voltada especificamente \u00e0 an\u00e1lise da \u201cpercep\u00e7\u00e3o ambiental da sociedade frente \u00e0 legisla\u00e7\u00e3o ambiental b\u00e1sica\u201d\" \/>\n<meta property=\"og:url\" content=\"https:\/\/cenedcursos.com.br\/meio-ambiente\/percepcao-ambiental-legislacao-ambiental\/\" \/>\n<meta property=\"og:site_name\" content=\"CENED Cursos Online\" \/>\n<meta property=\"article:published_time\" content=\"2010-06-23T00:53:35+00:00\" \/>\n<meta name=\"author\" content=\"Amarildo R. Ferrari\" \/>\n<meta name=\"twitter:card\" content=\"summary_large_image\" \/>\n<meta name=\"twitter:label1\" content=\"Escrito por\" \/>\n\t<meta name=\"twitter:data1\" content=\"Amarildo R. Ferrari\" \/>\n\t<meta name=\"twitter:label2\" content=\"Est. tempo de leitura\" \/>\n\t<meta name=\"twitter:data2\" content=\"1 minuto\" \/>\n<script type=\"application\/ld+json\" class=\"yoast-schema-graph\">{\"@context\":\"https:\/\/schema.org\",\"@graph\":[{\"@type\":\"WebPage\",\"@id\":\"https:\/\/cenedcursos.com.br\/meio-ambiente\/percepcao-ambiental-legislacao-ambiental\/\",\"url\":\"https:\/\/cenedcursos.com.br\/meio-ambiente\/percepcao-ambiental-legislacao-ambiental\/\",\"name\":\"Avalia\u00e7\u00e3o da percep\u00e7\u00e3o ambiental da sociedade frente ao conhecimento da legisla\u00e7\u00e3o ambiental b\u00e1sica - CENED Cursos Online\",\"isPartOf\":{\"@id\":\"https:\/\/cenedcursos.com.br\/meio-ambiente\/#website\"},\"datePublished\":\"2010-06-23T00:53:35+00:00\",\"author\":{\"@id\":\"https:\/\/cenedcursos.com.br\/meio-ambiente\/#\/schema\/person\/64377d24cdc16779a1eb6229894af388\"},\"description\":\"N\u00e3o h\u00e1 registro de nenhuma pesquisa anterior voltada especificamente \u00e0 an\u00e1lise da \u201cpercep\u00e7\u00e3o ambiental da sociedade frente \u00e0 legisla\u00e7\u00e3o ambiental b\u00e1sica\u201d\",\"breadcrumb\":{\"@id\":\"https:\/\/cenedcursos.com.br\/meio-ambiente\/percepcao-ambiental-legislacao-ambiental\/#breadcrumb\"},\"inLanguage\":\"pt-BR\",\"potentialAction\":[{\"@type\":\"ReadAction\",\"target\":[\"https:\/\/cenedcursos.com.br\/meio-ambiente\/percepcao-ambiental-legislacao-ambiental\/\"]}]},{\"@type\":\"BreadcrumbList\",\"@id\":\"https:\/\/cenedcursos.com.br\/meio-ambiente\/percepcao-ambiental-legislacao-ambiental\/#breadcrumb\",\"itemListElement\":[{\"@type\":\"ListItem\",\"position\":1,\"name\":\"In\u00edcio\",\"item\":\"https:\/\/cenedcursos.com.br\/meio-ambiente\/\"},{\"@type\":\"ListItem\",\"position\":2,\"name\":\"Avalia\u00e7\u00e3o da percep\u00e7\u00e3o ambiental da sociedade frente ao conhecimento da legisla\u00e7\u00e3o ambiental b\u00e1sica\"}]},{\"@type\":\"WebSite\",\"@id\":\"https:\/\/cenedcursos.com.br\/meio-ambiente\/#website\",\"url\":\"https:\/\/cenedcursos.com.br\/meio-ambiente\/\",\"name\":\"CENED Cursos Online\",\"description\":\"Aqui voc\u00ea encontra artigos em diversas \u00e1reas do conhecimento: meio ambiente, educa\u00e7\u00e3o, marketing digital, neg\u00f3cios online e muito mais.\",\"potentialAction\":[{\"@type\":\"SearchAction\",\"target\":{\"@type\":\"EntryPoint\",\"urlTemplate\":\"https:\/\/cenedcursos.com.br\/meio-ambiente\/?s={search_term_string}\"},\"query-input\":{\"@type\":\"PropertyValueSpecification\",\"valueRequired\":true,\"valueName\":\"search_term_string\"}}],\"inLanguage\":\"pt-BR\"},{\"@type\":\"Person\",\"@id\":\"https:\/\/cenedcursos.com.br\/meio-ambiente\/#\/schema\/person\/64377d24cdc16779a1eb6229894af388\",\"name\":\"Amarildo R. Ferrari\",\"image\":{\"@type\":\"ImageObject\",\"inLanguage\":\"pt-BR\",\"@id\":\"https:\/\/cenedcursos.com.br\/meio-ambiente\/#\/schema\/person\/image\/\",\"url\":\"https:\/\/secure.gravatar.com\/avatar\/6ea4248ca9f295c93f1b72f8398232f0fbbffe30349e6ec3839cfa5e09b0de3c?s=96&d=mm&r=g\",\"contentUrl\":\"https:\/\/secure.gravatar.com\/avatar\/6ea4248ca9f295c93f1b72f8398232f0fbbffe30349e6ec3839cfa5e09b0de3c?s=96&d=mm&r=g\",\"caption\":\"Amarildo R. Ferrari\"},\"sameAs\":[\"https:\/\/cenedcursos.com.br\/meio-ambiente\"],\"url\":\"https:\/\/cenedcursos.com.br\/meio-ambiente\/author\/admin\/\"}]}<\/script>\n<!-- \/ Yoast SEO plugin. -->","yoast_head_json":{"title":"Avalia\u00e7\u00e3o da percep\u00e7\u00e3o ambiental da sociedade frente ao conhecimento da legisla\u00e7\u00e3o ambiental b\u00e1sica - CENED Cursos Online","description":"N\u00e3o h\u00e1 registro de nenhuma pesquisa anterior voltada especificamente \u00e0 an\u00e1lise da \u201cpercep\u00e7\u00e3o ambiental da sociedade frente \u00e0 legisla\u00e7\u00e3o ambiental b\u00e1sica\u201d","robots":{"index":"index","follow":"follow","max-snippet":"max-snippet:-1","max-image-preview":"max-image-preview:large","max-video-preview":"max-video-preview:-1"},"canonical":"https:\/\/cenedcursos.com.br\/meio-ambiente\/percepcao-ambiental-legislacao-ambiental\/","og_locale":"pt_BR","og_type":"article","og_title":"Avalia\u00e7\u00e3o da percep\u00e7\u00e3o ambiental da sociedade frente ao conhecimento da legisla\u00e7\u00e3o ambiental b\u00e1sica - CENED Cursos Online","og_description":"N\u00e3o h\u00e1 registro de nenhuma pesquisa anterior voltada especificamente \u00e0 an\u00e1lise da \u201cpercep\u00e7\u00e3o ambiental da sociedade frente \u00e0 legisla\u00e7\u00e3o ambiental b\u00e1sica\u201d","og_url":"https:\/\/cenedcursos.com.br\/meio-ambiente\/percepcao-ambiental-legislacao-ambiental\/","og_site_name":"CENED Cursos Online","article_published_time":"2010-06-23T00:53:35+00:00","author":"Amarildo R. Ferrari","twitter_card":"summary_large_image","twitter_misc":{"Escrito por":"Amarildo R. Ferrari","Est. tempo de leitura":"1 minuto"},"schema":{"@context":"https:\/\/schema.org","@graph":[{"@type":"WebPage","@id":"https:\/\/cenedcursos.com.br\/meio-ambiente\/percepcao-ambiental-legislacao-ambiental\/","url":"https:\/\/cenedcursos.com.br\/meio-ambiente\/percepcao-ambiental-legislacao-ambiental\/","name":"Avalia\u00e7\u00e3o da percep\u00e7\u00e3o ambiental da sociedade frente ao conhecimento da legisla\u00e7\u00e3o ambiental b\u00e1sica - CENED Cursos Online","isPartOf":{"@id":"https:\/\/cenedcursos.com.br\/meio-ambiente\/#website"},"datePublished":"2010-06-23T00:53:35+00:00","author":{"@id":"https:\/\/cenedcursos.com.br\/meio-ambiente\/#\/schema\/person\/64377d24cdc16779a1eb6229894af388"},"description":"N\u00e3o h\u00e1 registro de nenhuma pesquisa anterior voltada especificamente \u00e0 an\u00e1lise da \u201cpercep\u00e7\u00e3o ambiental da sociedade frente \u00e0 legisla\u00e7\u00e3o ambiental b\u00e1sica\u201d","breadcrumb":{"@id":"https:\/\/cenedcursos.com.br\/meio-ambiente\/percepcao-ambiental-legislacao-ambiental\/#breadcrumb"},"inLanguage":"pt-BR","potentialAction":[{"@type":"ReadAction","target":["https:\/\/cenedcursos.com.br\/meio-ambiente\/percepcao-ambiental-legislacao-ambiental\/"]}]},{"@type":"BreadcrumbList","@id":"https:\/\/cenedcursos.com.br\/meio-ambiente\/percepcao-ambiental-legislacao-ambiental\/#breadcrumb","itemListElement":[{"@type":"ListItem","position":1,"name":"In\u00edcio","item":"https:\/\/cenedcursos.com.br\/meio-ambiente\/"},{"@type":"ListItem","position":2,"name":"Avalia\u00e7\u00e3o da percep\u00e7\u00e3o ambiental da sociedade frente ao conhecimento da legisla\u00e7\u00e3o ambiental b\u00e1sica"}]},{"@type":"WebSite","@id":"https:\/\/cenedcursos.com.br\/meio-ambiente\/#website","url":"https:\/\/cenedcursos.com.br\/meio-ambiente\/","name":"CENED Cursos Online","description":"Aqui voc\u00ea encontra artigos em diversas \u00e1reas do conhecimento: meio ambiente, educa\u00e7\u00e3o, marketing digital, neg\u00f3cios online e muito mais.","potentialAction":[{"@type":"SearchAction","target":{"@type":"EntryPoint","urlTemplate":"https:\/\/cenedcursos.com.br\/meio-ambiente\/?s={search_term_string}"},"query-input":{"@type":"PropertyValueSpecification","valueRequired":true,"valueName":"search_term_string"}}],"inLanguage":"pt-BR"},{"@type":"Person","@id":"https:\/\/cenedcursos.com.br\/meio-ambiente\/#\/schema\/person\/64377d24cdc16779a1eb6229894af388","name":"Amarildo R. Ferrari","image":{"@type":"ImageObject","inLanguage":"pt-BR","@id":"https:\/\/cenedcursos.com.br\/meio-ambiente\/#\/schema\/person\/image\/","url":"https:\/\/secure.gravatar.com\/avatar\/6ea4248ca9f295c93f1b72f8398232f0fbbffe30349e6ec3839cfa5e09b0de3c?s=96&d=mm&r=g","contentUrl":"https:\/\/secure.gravatar.com\/avatar\/6ea4248ca9f295c93f1b72f8398232f0fbbffe30349e6ec3839cfa5e09b0de3c?s=96&d=mm&r=g","caption":"Amarildo R. Ferrari"},"sameAs":["https:\/\/cenedcursos.com.br\/meio-ambiente"],"url":"https:\/\/cenedcursos.com.br\/meio-ambiente\/author\/admin\/"}]}},"jetpack_featured_media_url":"","jetpack_sharing_enabled":true,"_links":{"self":[{"href":"https:\/\/cenedcursos.com.br\/meio-ambiente\/wp-json\/wp\/v2\/posts\/736","targetHints":{"allow":["GET"]}}],"collection":[{"href":"https:\/\/cenedcursos.com.br\/meio-ambiente\/wp-json\/wp\/v2\/posts"}],"about":[{"href":"https:\/\/cenedcursos.com.br\/meio-ambiente\/wp-json\/wp\/v2\/types\/post"}],"author":[{"embeddable":true,"href":"https:\/\/cenedcursos.com.br\/meio-ambiente\/wp-json\/wp\/v2\/users\/1"}],"replies":[{"embeddable":true,"href":"https:\/\/cenedcursos.com.br\/meio-ambiente\/wp-json\/wp\/v2\/comments?post=736"}],"version-history":[{"count":0,"href":"https:\/\/cenedcursos.com.br\/meio-ambiente\/wp-json\/wp\/v2\/posts\/736\/revisions"}],"wp:attachment":[{"href":"https:\/\/cenedcursos.com.br\/meio-ambiente\/wp-json\/wp\/v2\/media?parent=736"}],"wp:term":[{"taxonomy":"category","embeddable":true,"href":"https:\/\/cenedcursos.com.br\/meio-ambiente\/wp-json\/wp\/v2\/categories?post=736"},{"taxonomy":"post_tag","embeddable":true,"href":"https:\/\/cenedcursos.com.br\/meio-ambiente\/wp-json\/wp\/v2\/tags?post=736"}],"curies":[{"name":"wp","href":"https:\/\/api.w.org\/{rel}","templated":true}]}}