{"id":768,"date":"2010-09-15T12:25:38","date_gmt":"2010-09-15T12:25:38","guid":{"rendered":"http:\/\/www.cenedcursos.com.br\/?p=768"},"modified":"2025-05-23T14:19:35","modified_gmt":"2025-05-23T17:19:35","slug":"avaliacao-da-percepcao-ambiental","status":"publish","type":"post","link":"https:\/\/cenedcursos.com.br\/meio-ambiente\/avaliacao-da-percepcao-ambiental\/","title":{"rendered":"Avalia\u00e7\u00e3o da percep\u00e7\u00e3o ambiental de participantes do programa nacional de capacita\u00e7\u00e3o de gestores ambientais do MMA"},"content":{"rendered":"<p><span style=\"font-family: arial,helvetica,sans-serif;\"><span style=\"font-size: 10pt;\">A I Confer\u00eancia Nacional de Meio Ambiente, realizada pelo Minist\u00e9rio do Meio Ambiente (MMA) em novembro de 2003, apontou uma s\u00e9rie de prioridades, voltadas ao fortalecimento do Sistema Nacional de Meio Ambiente (SISNAMA) bem como do est\u00edmulo a participa\u00e7\u00e3o da sociedade na forma de consolidar o Controle Social.<\/span><\/span><\/p>\n<p><span style=\"font-family: arial,helvetica,sans-serif;\"><span style=\"font-size: 10pt;\">O Programa Nacional de Capacita\u00e7\u00e3o de Gestores Ambientais foi condi\u00e7\u00e3o essencial para a consolida\u00e7\u00e3o do sistema p\u00fablico de gest\u00e3o ambiental no Brasil.<\/span><\/span><\/p>\n<p><span style=\"font-family: arial,helvetica,sans-serif;\"><span style=\"font-size: 10pt;\">Promovido em articula\u00e7\u00e3o com os governos estaduais e tendo como clientela priorit\u00e1ria as Prefeituras e Conselheiros Municipais de Meio Ambiente, foi criado para permitir aos gestores ambientais o aprimoramento de capacidade institucional para responder de forma qualificada e consistente a uma legisla\u00e7\u00e3o ambiental cada vez mais rigorosa.<\/span><\/span><\/p>\n","protected":false},"excerpt":{"rendered":"<p>A I Confer\u00eancia Nacional de Meio Ambiente, realizada pelo Minist\u00e9rio do Meio Ambiente (MMA) em novembro de 2003, apontou uma s\u00e9rie de prioridades, voltadas ao fortalecimento do Sistema Nacional de Meio Ambiente (SISNAMA) bem como do est\u00edmulo a participa\u00e7\u00e3o da sociedade na forma de consolidar o Controle Social. O Programa Nacional de Capacita\u00e7\u00e3o de Gestores [&hellip;]<\/p>\n","protected":false},"author":1,"featured_media":0,"comment_status":"open","ping_status":"open","sticky":false,"template":"","format":"standard","meta":{"_jetpack_memberships_contains_paid_content":false,"footnotes":""},"categories":[497],"tags":[821,52,359],"class_list":{"0":"post-768","1":"post","2":"type-post","3":"status-publish","4":"format-standard","6":"category-percepcao-ambiental-textos","7":"tag-gestores-ambientais","8":"tag-meio-ambiente","9":"tag-percepcao-ambiental"},"yoast_head":"<!-- This site is optimized with the Yoast SEO plugin v25.1 - https:\/\/yoast.com\/wordpress\/plugins\/seo\/ -->\n<title>Avalia\u00e7\u00e3o da percep\u00e7\u00e3o ambiental de participantes do programa nacional de capacita\u00e7\u00e3o de gestores ambientais do MMA - CENED Cursos Online<\/title>\n<meta name=\"description\" content=\"Capacidade institucional para responder de forma qualificada e consistente a uma legisla\u00e7\u00e3o ambiental cada vez mais rigorosa.\" \/>\n<meta name=\"robots\" content=\"index, follow, max-snippet:-1, max-image-preview:large, max-video-preview:-1\" \/>\n<link rel=\"canonical\" href=\"https:\/\/cenedcursos.com.br\/meio-ambiente\/avaliacao-da-percepcao-ambiental\/\" \/>\n<meta property=\"og:locale\" content=\"pt_BR\" \/>\n<meta property=\"og:type\" content=\"article\" \/>\n<meta property=\"og:title\" content=\"Avalia\u00e7\u00e3o da percep\u00e7\u00e3o ambiental de participantes do programa nacional de capacita\u00e7\u00e3o de gestores ambientais do MMA - CENED Cursos Online\" \/>\n<meta property=\"og:description\" content=\"Capacidade institucional para responder de forma qualificada e consistente a uma legisla\u00e7\u00e3o ambiental cada vez mais rigorosa.\" \/>\n<meta property=\"og:url\" content=\"https:\/\/cenedcursos.com.br\/meio-ambiente\/avaliacao-da-percepcao-ambiental\/\" \/>\n<meta property=\"og:site_name\" content=\"CENED Cursos Online\" \/>\n<meta property=\"article:published_time\" content=\"2010-09-15T12:25:38+00:00\" \/>\n<meta property=\"article:modified_time\" content=\"2025-05-23T17:19:35+00:00\" \/>\n<meta name=\"author\" content=\"Amarildo R. Ferrari\" \/>\n<meta name=\"twitter:card\" content=\"summary_large_image\" \/>\n<meta name=\"twitter:label1\" content=\"Escrito por\" \/>\n\t<meta name=\"twitter:data1\" content=\"Amarildo R. Ferrari\" \/>\n\t<meta name=\"twitter:label2\" content=\"Est. tempo de leitura\" \/>\n\t<meta name=\"twitter:data2\" content=\"1 minuto\" \/>\n<script type=\"application\/ld+json\" class=\"yoast-schema-graph\">{\"@context\":\"https:\/\/schema.org\",\"@graph\":[{\"@type\":\"WebPage\",\"@id\":\"https:\/\/cenedcursos.com.br\/meio-ambiente\/avaliacao-da-percepcao-ambiental\/\",\"url\":\"https:\/\/cenedcursos.com.br\/meio-ambiente\/avaliacao-da-percepcao-ambiental\/\",\"name\":\"Avalia\u00e7\u00e3o da percep\u00e7\u00e3o ambiental de participantes do programa nacional de capacita\u00e7\u00e3o de gestores ambientais do MMA - CENED Cursos Online\",\"isPartOf\":{\"@id\":\"https:\/\/cenedcursos.com.br\/meio-ambiente\/#website\"},\"datePublished\":\"2010-09-15T12:25:38+00:00\",\"dateModified\":\"2025-05-23T17:19:35+00:00\",\"author\":{\"@id\":\"https:\/\/cenedcursos.com.br\/meio-ambiente\/#\/schema\/person\/64377d24cdc16779a1eb6229894af388\"},\"description\":\"Capacidade institucional para responder de forma qualificada e consistente a uma legisla\u00e7\u00e3o ambiental cada vez mais rigorosa.\",\"breadcrumb\":{\"@id\":\"https:\/\/cenedcursos.com.br\/meio-ambiente\/avaliacao-da-percepcao-ambiental\/#breadcrumb\"},\"inLanguage\":\"pt-BR\",\"potentialAction\":[{\"@type\":\"ReadAction\",\"target\":[\"https:\/\/cenedcursos.com.br\/meio-ambiente\/avaliacao-da-percepcao-ambiental\/\"]}]},{\"@type\":\"BreadcrumbList\",\"@id\":\"https:\/\/cenedcursos.com.br\/meio-ambiente\/avaliacao-da-percepcao-ambiental\/#breadcrumb\",\"itemListElement\":[{\"@type\":\"ListItem\",\"position\":1,\"name\":\"In\u00edcio\",\"item\":\"https:\/\/cenedcursos.com.br\/meio-ambiente\/\"},{\"@type\":\"ListItem\",\"position\":2,\"name\":\"Avalia\u00e7\u00e3o da percep\u00e7\u00e3o ambiental de participantes do programa nacional de capacita\u00e7\u00e3o de gestores ambientais do MMA\"}]},{\"@type\":\"WebSite\",\"@id\":\"https:\/\/cenedcursos.com.br\/meio-ambiente\/#website\",\"url\":\"https:\/\/cenedcursos.com.br\/meio-ambiente\/\",\"name\":\"CENED Cursos Online\",\"description\":\"Aqui voc\u00ea encontra artigos em diversas \u00e1reas do conhecimento: meio ambiente, educa\u00e7\u00e3o, marketing digital, neg\u00f3cios online e muito mais.\",\"potentialAction\":[{\"@type\":\"SearchAction\",\"target\":{\"@type\":\"EntryPoint\",\"urlTemplate\":\"https:\/\/cenedcursos.com.br\/meio-ambiente\/?s={search_term_string}\"},\"query-input\":{\"@type\":\"PropertyValueSpecification\",\"valueRequired\":true,\"valueName\":\"search_term_string\"}}],\"inLanguage\":\"pt-BR\"},{\"@type\":\"Person\",\"@id\":\"https:\/\/cenedcursos.com.br\/meio-ambiente\/#\/schema\/person\/64377d24cdc16779a1eb6229894af388\",\"name\":\"Amarildo R. Ferrari\",\"image\":{\"@type\":\"ImageObject\",\"inLanguage\":\"pt-BR\",\"@id\":\"https:\/\/cenedcursos.com.br\/meio-ambiente\/#\/schema\/person\/image\/\",\"url\":\"https:\/\/secure.gravatar.com\/avatar\/6ea4248ca9f295c93f1b72f8398232f0fbbffe30349e6ec3839cfa5e09b0de3c?s=96&d=mm&r=g\",\"contentUrl\":\"https:\/\/secure.gravatar.com\/avatar\/6ea4248ca9f295c93f1b72f8398232f0fbbffe30349e6ec3839cfa5e09b0de3c?s=96&d=mm&r=g\",\"caption\":\"Amarildo R. Ferrari\"},\"sameAs\":[\"https:\/\/cenedcursos.com.br\/meio-ambiente\"],\"url\":\"https:\/\/cenedcursos.com.br\/meio-ambiente\/author\/admin\/\"}]}<\/script>\n<!-- \/ Yoast SEO plugin. -->","yoast_head_json":{"title":"Avalia\u00e7\u00e3o da percep\u00e7\u00e3o ambiental de participantes do programa nacional de capacita\u00e7\u00e3o de gestores ambientais do MMA - CENED Cursos Online","description":"Capacidade institucional para responder de forma qualificada e consistente a uma legisla\u00e7\u00e3o ambiental cada vez mais rigorosa.","robots":{"index":"index","follow":"follow","max-snippet":"max-snippet:-1","max-image-preview":"max-image-preview:large","max-video-preview":"max-video-preview:-1"},"canonical":"https:\/\/cenedcursos.com.br\/meio-ambiente\/avaliacao-da-percepcao-ambiental\/","og_locale":"pt_BR","og_type":"article","og_title":"Avalia\u00e7\u00e3o da percep\u00e7\u00e3o ambiental de participantes do programa nacional de capacita\u00e7\u00e3o de gestores ambientais do MMA - CENED Cursos Online","og_description":"Capacidade institucional para responder de forma qualificada e consistente a uma legisla\u00e7\u00e3o ambiental cada vez mais rigorosa.","og_url":"https:\/\/cenedcursos.com.br\/meio-ambiente\/avaliacao-da-percepcao-ambiental\/","og_site_name":"CENED Cursos Online","article_published_time":"2010-09-15T12:25:38+00:00","article_modified_time":"2025-05-23T17:19:35+00:00","author":"Amarildo R. Ferrari","twitter_card":"summary_large_image","twitter_misc":{"Escrito por":"Amarildo R. Ferrari","Est. tempo de leitura":"1 minuto"},"schema":{"@context":"https:\/\/schema.org","@graph":[{"@type":"WebPage","@id":"https:\/\/cenedcursos.com.br\/meio-ambiente\/avaliacao-da-percepcao-ambiental\/","url":"https:\/\/cenedcursos.com.br\/meio-ambiente\/avaliacao-da-percepcao-ambiental\/","name":"Avalia\u00e7\u00e3o da percep\u00e7\u00e3o ambiental de participantes do programa nacional de capacita\u00e7\u00e3o de gestores ambientais do MMA - CENED Cursos Online","isPartOf":{"@id":"https:\/\/cenedcursos.com.br\/meio-ambiente\/#website"},"datePublished":"2010-09-15T12:25:38+00:00","dateModified":"2025-05-23T17:19:35+00:00","author":{"@id":"https:\/\/cenedcursos.com.br\/meio-ambiente\/#\/schema\/person\/64377d24cdc16779a1eb6229894af388"},"description":"Capacidade institucional para responder de forma qualificada e consistente a uma legisla\u00e7\u00e3o ambiental cada vez mais rigorosa.","breadcrumb":{"@id":"https:\/\/cenedcursos.com.br\/meio-ambiente\/avaliacao-da-percepcao-ambiental\/#breadcrumb"},"inLanguage":"pt-BR","potentialAction":[{"@type":"ReadAction","target":["https:\/\/cenedcursos.com.br\/meio-ambiente\/avaliacao-da-percepcao-ambiental\/"]}]},{"@type":"BreadcrumbList","@id":"https:\/\/cenedcursos.com.br\/meio-ambiente\/avaliacao-da-percepcao-ambiental\/#breadcrumb","itemListElement":[{"@type":"ListItem","position":1,"name":"In\u00edcio","item":"https:\/\/cenedcursos.com.br\/meio-ambiente\/"},{"@type":"ListItem","position":2,"name":"Avalia\u00e7\u00e3o da percep\u00e7\u00e3o ambiental de participantes do programa nacional de capacita\u00e7\u00e3o de gestores ambientais do MMA"}]},{"@type":"WebSite","@id":"https:\/\/cenedcursos.com.br\/meio-ambiente\/#website","url":"https:\/\/cenedcursos.com.br\/meio-ambiente\/","name":"CENED Cursos Online","description":"Aqui voc\u00ea encontra artigos em diversas \u00e1reas do conhecimento: meio ambiente, educa\u00e7\u00e3o, marketing digital, neg\u00f3cios online e muito mais.","potentialAction":[{"@type":"SearchAction","target":{"@type":"EntryPoint","urlTemplate":"https:\/\/cenedcursos.com.br\/meio-ambiente\/?s={search_term_string}"},"query-input":{"@type":"PropertyValueSpecification","valueRequired":true,"valueName":"search_term_string"}}],"inLanguage":"pt-BR"},{"@type":"Person","@id":"https:\/\/cenedcursos.com.br\/meio-ambiente\/#\/schema\/person\/64377d24cdc16779a1eb6229894af388","name":"Amarildo R. Ferrari","image":{"@type":"ImageObject","inLanguage":"pt-BR","@id":"https:\/\/cenedcursos.com.br\/meio-ambiente\/#\/schema\/person\/image\/","url":"https:\/\/secure.gravatar.com\/avatar\/6ea4248ca9f295c93f1b72f8398232f0fbbffe30349e6ec3839cfa5e09b0de3c?s=96&d=mm&r=g","contentUrl":"https:\/\/secure.gravatar.com\/avatar\/6ea4248ca9f295c93f1b72f8398232f0fbbffe30349e6ec3839cfa5e09b0de3c?s=96&d=mm&r=g","caption":"Amarildo R. Ferrari"},"sameAs":["https:\/\/cenedcursos.com.br\/meio-ambiente"],"url":"https:\/\/cenedcursos.com.br\/meio-ambiente\/author\/admin\/"}]}},"jetpack_featured_media_url":"","jetpack_sharing_enabled":true,"_links":{"self":[{"href":"https:\/\/cenedcursos.com.br\/meio-ambiente\/wp-json\/wp\/v2\/posts\/768","targetHints":{"allow":["GET"]}}],"collection":[{"href":"https:\/\/cenedcursos.com.br\/meio-ambiente\/wp-json\/wp\/v2\/posts"}],"about":[{"href":"https:\/\/cenedcursos.com.br\/meio-ambiente\/wp-json\/wp\/v2\/types\/post"}],"author":[{"embeddable":true,"href":"https:\/\/cenedcursos.com.br\/meio-ambiente\/wp-json\/wp\/v2\/users\/1"}],"replies":[{"embeddable":true,"href":"https:\/\/cenedcursos.com.br\/meio-ambiente\/wp-json\/wp\/v2\/comments?post=768"}],"version-history":[{"count":0,"href":"https:\/\/cenedcursos.com.br\/meio-ambiente\/wp-json\/wp\/v2\/posts\/768\/revisions"}],"wp:attachment":[{"href":"https:\/\/cenedcursos.com.br\/meio-ambiente\/wp-json\/wp\/v2\/media?parent=768"}],"wp:term":[{"taxonomy":"category","embeddable":true,"href":"https:\/\/cenedcursos.com.br\/meio-ambiente\/wp-json\/wp\/v2\/categories?post=768"},{"taxonomy":"post_tag","embeddable":true,"href":"https:\/\/cenedcursos.com.br\/meio-ambiente\/wp-json\/wp\/v2\/tags?post=768"}],"curies":[{"name":"wp","href":"https:\/\/api.w.org\/{rel}","templated":true}]}}