{"id":776,"date":"2010-10-07T00:15:39","date_gmt":"2010-10-07T00:15:39","guid":{"rendered":"http:\/\/www.cenedcursos.com.br\/?p=776"},"modified":"2010-10-07T00:15:39","modified_gmt":"2010-10-07T00:15:39","slug":"sustentabilidade","status":"publish","type":"post","link":"https:\/\/cenedcursos.com.br\/meio-ambiente\/sustentabilidade\/","title":{"rendered":"Sustentabilidade"},"content":{"rendered":"<table style=\"width: 100%;\" border=\"0\" cellspacing=\"0\" bgcolor=\"#d2d8e2\">\n<tbody>\n<tr style=\"text-align: justify;\">\n<td style=\"padding: 7px;\" bgcolor=\"#ffffff\">\n<table style=\"width: 100%;\" border=\"0\" cellspacing=\"0\" cellpadding=\"0\">\n<tbody>\n<tr>\n<td><em><span style=\"font-size: 10pt;\">Por Vilmar Berna*, do Portal do Meio Ambiente<\/span><\/em><\/td>\n<\/tr>\n<\/tbody>\n<\/table>\n<p>&nbsp;<br \/>\n<span style=\"font-size: 10pt;\">Para se chamar sustent\u00e1vel uma atividade deve respeitar, no m\u00ednimo, e de forma equilibrada, exig\u00eancias ambientais, sociais e econ\u00f4micas com o objetivo de atender as necessidades das atuais gera\u00e7\u00f5es sem comprometer o atendimento das necessidades das novas gera\u00e7\u00f5es no futuro.<\/span><br \/>\n<span style=\"font-size: 10pt;\">O problema dessa ideia de sustentabilidade \u00e9 que sequer consegue dar conta, no campo das pr\u00f3prias id\u00e9ias, de uma proposta capaz de enfrentar o principal problema em nossa sociedade, que n\u00e3o \u00e9 a destrui\u00e7\u00e3o da natureza, mas as estruturas Injustas de nossa sociedade que est\u00e3o por detr\u00e1s desta destrui\u00e7\u00e3o, e n\u00e3o para atender \u00e0s necessidades das atuais gera\u00e7\u00f5es sem comprometer o atendimento das demais gera\u00e7\u00f5es no futuro, conforme diz na promessa, mas para gerar lucros crescentes e ilimitados que resultar\u00e3o em maior concentra\u00e7\u00e3o de renda.<\/span><br \/>\n<span style=\"font-size: 10pt;\">Ent\u00e3o, se j\u00e1 no papel a ideia \u00e9 insuficiente, coloc\u00e1-la na pratica fica pior ainda.<\/span><br \/>\n<span style=\"font-size: 10pt;\">Do ponto de vista social, os que falam em sustentabilidade social se resumem a pol\u00edticas industriais que mecanizam a produ\u00e7\u00e3o demitindo trabalhadores numa ponta enquanto investem e divulgam pol\u00edticas e projetos de RSC &#8211; Responsabilidade Social Corporativa na outra, mas que comparados aos seus lucros econ\u00f4micos, n\u00e3o passam de migalhas.<\/span><br \/>\n<span style=\"font-size: 10pt;\">Quanto aos custos ambientais, estes ser\u00e3o repassados, como sempre, aos consumidores, e tamb\u00e9m contribuintes, que tem de gastar dinheiro de impostos para cobrir custos que s\u00e3o de quem originou o problema.<\/span><br \/>\n<span style=\"font-size: 10pt;\">S\u00f3 para dar um exemplo disso, cito as empresas que se dizem sustent\u00e1veis despejarem bilh\u00f5es de embalagens no mercado obtendo lucros com os produtos que vendem. E pela pratica de pre\u00e7o m\u00ednimo pelas embalagens coletas pelos catadores, querem obter lucros novamente, e em cima de um segmento da sociedade formado por pobres e exclu\u00eddos. A parte que conseguem recolher de suas embalagens com tais pol\u00edticas, proporcionalmente pequena ao produto novo que colocou no mercado, excetuando-se alguns materiais, como o alum\u00ednio, que por remunerarem melhor aos catadores chega a noventa por cento de retorno das embalagens. Quanto ao restante das embalagens n\u00e3o retornadas para a ind\u00fastria que originou o problema vira lixo para o meio ambiente. Lixo que tem de ser coletado, transportado e disposto em aterros com o dinheiro dos impostos de todos os contribuintes muitos dos quais n\u00e3o consumiram aqueles produtos. Uma pratica conhecida como capitalizar os lucros e socializar os preju\u00edzos.<\/span><br \/>\n<span style=\"font-size: 10pt;\">No mundo real, cada um que fala em sustentabilidade puxa a brasa para sua sardinha e o termo carrega em si tanta ambig\u00fcidade que se presta a moldar-se ao gosto do fregu\u00eas. Para algu\u00e9m comprometido com lucros crescentes e ilimitados a palavra sustent\u00e1vel ter\u00e1 \u00eanfase nos aspectos mais econ\u00f4micos dessa sustentabilidade, ent\u00e3o, n\u00e3o pode ser confi\u00e1vel por que nunca se sabem as reais inten\u00e7\u00f5es por detr\u00e1s das promessas e palavras em nome da sustentabilidade.<\/span><br \/>\n<span style=\"font-size: 10pt;\"><em>* Vilmar Sidnei Demamam Berna \u00e9 escritor, com cerca de vinte livros publicados, destacando-se \u201cO Desafio do Mar\u201d, \u201c\u00c9 poss\u00edvel ser feliz\u201d, \u201cO desafio de escolher\u201d, entre outros. Vilmar \u00e9 tamb\u00e9m jornalista, em 1966 fundou a REBIA &#8211; Rede Brasileira de Informa\u00e7\u00e3o Ambiental (www.rebia.org.br ) e a Revista do Meio Ambiente (que substituiu o Jornal do Meio Ambiente) e o Portal do Meio Ambiente ( www.portaldomeioambiente.org.br ). Como ambientealista, fundou a UNIVERDE e os Defensores da Terra, duas organiza\u00e7\u00f5es da sociedade civil sem fins lucratiuvos dedicadas \u00e0 defesa do meio ambiente. Em 1999, recebeu no Jap\u00e3o o Pr\u00eamio Global 500 da ONU Para o Meio Ambiente e, em 2003, o Pr\u00eamio Verde das Am\u00e9ricas \u2013 www.escritorvilmarberna.com.br<\/em><\/span><\/p>\n<p style=\"text-align: right;\"><span style=\"font-size: 10pt;\"> (Envolverde\/O autor)<\/span><\/p>\n<\/td>\n<\/tr>\n<tr>\n<td bgcolor=\"#ffffff\"><span style=\"font-size: 10pt;\">\u00a0<\/span><\/td>\n<\/tr>\n<tr>\n<td bgcolor=\"#eef0f3\">\n<table style=\"width: 100%;\">\n<tbody>\n<tr>\n<td><span style=\"font-size: 10pt;\">\u00a9 <strong>Copyleft<\/strong> &#8211; \u00c9 livre a reprodu\u00e7\u00e3o <span style=\"text-decoration: underline;\">exclusivamente<\/span> para fins n\u00e3o comerciais, desde que o autor e a fonte sejam citados e esta nota seja inclu\u00edda.<\/span><\/p>\n<p style=\"text-align: center;\">[grwebform url=&#8221;http:\/\/app.getresponse.com\/view_webform.js?wid=3381303&amp;u=SK7G&#8221; css=&#8221;on&#8221;\/]<\/p>\n<\/td>\n<\/tr>\n<\/tbody>\n<\/table>\n<\/td>\n<\/tr>\n<\/tbody>\n<\/table>\n","protected":false},"excerpt":{"rendered":"<p>Por Vilmar Berna*, do Portal do Meio Ambiente &nbsp; Para se chamar sustent\u00e1vel uma atividade deve respeitar, no m\u00ednimo, e de forma equilibrada, exig\u00eancias ambientais, sociais e econ\u00f4micas com o objetivo de atender as necessidades das atuais gera\u00e7\u00f5es sem comprometer o atendimento das necessidades das novas gera\u00e7\u00f5es no futuro. O problema dessa ideia de sustentabilidade [&hellip;]<\/p>\n","protected":false},"author":1,"featured_media":0,"comment_status":"open","ping_status":"open","sticky":false,"template":"","format":"standard","meta":{"_jetpack_memberships_contains_paid_content":false,"footnotes":""},"categories":[499],"tags":[525,52,1105,1107,1108],"class_list":{"0":"post-776","1":"post","2":"type-post","3":"status-publish","4":"format-standard","6":"category-sustentabilidade-textos","7":"tag-ambientais","8":"tag-meio-ambiente","9":"tag-sustentabilidade","10":"tag-sustentaveis","11":"tag-sustentavel"},"yoast_head":"<!-- This site is optimized with the Yoast SEO plugin v25.1 - https:\/\/yoast.com\/wordpress\/plugins\/seo\/ -->\n<title>Sustentabilidade - CENED Cursos Online<\/title>\n<meta name=\"description\" content=\"O problema dessa ideia de sustentabilidade \u00e9 que sequer consegue dar conta, no campo das pr\u00f3prias id\u00e9ias, de uma proposta capaz de enfrentar o principal\" \/>\n<meta name=\"robots\" content=\"index, follow, max-snippet:-1, max-image-preview:large, max-video-preview:-1\" \/>\n<link rel=\"canonical\" href=\"https:\/\/cenedcursos.com.br\/meio-ambiente\/sustentabilidade\/\" \/>\n<meta property=\"og:locale\" content=\"pt_BR\" \/>\n<meta property=\"og:type\" content=\"article\" \/>\n<meta property=\"og:title\" content=\"Sustentabilidade - CENED Cursos Online\" \/>\n<meta property=\"og:description\" content=\"O problema dessa ideia de sustentabilidade \u00e9 que sequer consegue dar conta, no campo das pr\u00f3prias id\u00e9ias, de uma proposta capaz de enfrentar o principal\" \/>\n<meta property=\"og:url\" content=\"https:\/\/cenedcursos.com.br\/meio-ambiente\/sustentabilidade\/\" \/>\n<meta property=\"og:site_name\" content=\"CENED Cursos Online\" \/>\n<meta property=\"article:published_time\" content=\"2010-10-07T00:15:39+00:00\" \/>\n<meta name=\"author\" content=\"Amarildo R. Ferrari\" \/>\n<meta name=\"twitter:card\" content=\"summary_large_image\" \/>\n<meta name=\"twitter:label1\" content=\"Escrito por\" \/>\n\t<meta name=\"twitter:data1\" content=\"Amarildo R. Ferrari\" \/>\n\t<meta name=\"twitter:label2\" content=\"Est. tempo de leitura\" \/>\n\t<meta name=\"twitter:data2\" content=\"3 minutos\" \/>\n<script type=\"application\/ld+json\" class=\"yoast-schema-graph\">{\"@context\":\"https:\/\/schema.org\",\"@graph\":[{\"@type\":\"WebPage\",\"@id\":\"https:\/\/cenedcursos.com.br\/meio-ambiente\/sustentabilidade\/\",\"url\":\"https:\/\/cenedcursos.com.br\/meio-ambiente\/sustentabilidade\/\",\"name\":\"Sustentabilidade - CENED Cursos Online\",\"isPartOf\":{\"@id\":\"https:\/\/cenedcursos.com.br\/meio-ambiente\/#website\"},\"datePublished\":\"2010-10-07T00:15:39+00:00\",\"author\":{\"@id\":\"https:\/\/cenedcursos.com.br\/meio-ambiente\/#\/schema\/person\/64377d24cdc16779a1eb6229894af388\"},\"description\":\"O problema dessa ideia de sustentabilidade \u00e9 que sequer consegue dar conta, no campo das pr\u00f3prias id\u00e9ias, de uma proposta capaz de enfrentar o principal\",\"breadcrumb\":{\"@id\":\"https:\/\/cenedcursos.com.br\/meio-ambiente\/sustentabilidade\/#breadcrumb\"},\"inLanguage\":\"pt-BR\",\"potentialAction\":[{\"@type\":\"ReadAction\",\"target\":[\"https:\/\/cenedcursos.com.br\/meio-ambiente\/sustentabilidade\/\"]}]},{\"@type\":\"BreadcrumbList\",\"@id\":\"https:\/\/cenedcursos.com.br\/meio-ambiente\/sustentabilidade\/#breadcrumb\",\"itemListElement\":[{\"@type\":\"ListItem\",\"position\":1,\"name\":\"In\u00edcio\",\"item\":\"https:\/\/cenedcursos.com.br\/meio-ambiente\/\"},{\"@type\":\"ListItem\",\"position\":2,\"name\":\"Sustentabilidade\"}]},{\"@type\":\"WebSite\",\"@id\":\"https:\/\/cenedcursos.com.br\/meio-ambiente\/#website\",\"url\":\"https:\/\/cenedcursos.com.br\/meio-ambiente\/\",\"name\":\"CENED Cursos Online\",\"description\":\"Aqui voc\u00ea encontra artigos em diversas \u00e1reas do conhecimento: meio ambiente, educa\u00e7\u00e3o, marketing digital, neg\u00f3cios online e muito mais.\",\"potentialAction\":[{\"@type\":\"SearchAction\",\"target\":{\"@type\":\"EntryPoint\",\"urlTemplate\":\"https:\/\/cenedcursos.com.br\/meio-ambiente\/?s={search_term_string}\"},\"query-input\":{\"@type\":\"PropertyValueSpecification\",\"valueRequired\":true,\"valueName\":\"search_term_string\"}}],\"inLanguage\":\"pt-BR\"},{\"@type\":\"Person\",\"@id\":\"https:\/\/cenedcursos.com.br\/meio-ambiente\/#\/schema\/person\/64377d24cdc16779a1eb6229894af388\",\"name\":\"Amarildo R. Ferrari\",\"image\":{\"@type\":\"ImageObject\",\"inLanguage\":\"pt-BR\",\"@id\":\"https:\/\/cenedcursos.com.br\/meio-ambiente\/#\/schema\/person\/image\/\",\"url\":\"https:\/\/secure.gravatar.com\/avatar\/6ea4248ca9f295c93f1b72f8398232f0fbbffe30349e6ec3839cfa5e09b0de3c?s=96&d=mm&r=g\",\"contentUrl\":\"https:\/\/secure.gravatar.com\/avatar\/6ea4248ca9f295c93f1b72f8398232f0fbbffe30349e6ec3839cfa5e09b0de3c?s=96&d=mm&r=g\",\"caption\":\"Amarildo R. Ferrari\"},\"sameAs\":[\"https:\/\/cenedcursos.com.br\/meio-ambiente\"],\"url\":\"https:\/\/cenedcursos.com.br\/meio-ambiente\/author\/admin\/\"}]}<\/script>\n<!-- \/ Yoast SEO plugin. -->","yoast_head_json":{"title":"Sustentabilidade - CENED Cursos Online","description":"O problema dessa ideia de sustentabilidade \u00e9 que sequer consegue dar conta, no campo das pr\u00f3prias id\u00e9ias, de uma proposta capaz de enfrentar o principal","robots":{"index":"index","follow":"follow","max-snippet":"max-snippet:-1","max-image-preview":"max-image-preview:large","max-video-preview":"max-video-preview:-1"},"canonical":"https:\/\/cenedcursos.com.br\/meio-ambiente\/sustentabilidade\/","og_locale":"pt_BR","og_type":"article","og_title":"Sustentabilidade - CENED Cursos Online","og_description":"O problema dessa ideia de sustentabilidade \u00e9 que sequer consegue dar conta, no campo das pr\u00f3prias id\u00e9ias, de uma proposta capaz de enfrentar o principal","og_url":"https:\/\/cenedcursos.com.br\/meio-ambiente\/sustentabilidade\/","og_site_name":"CENED Cursos Online","article_published_time":"2010-10-07T00:15:39+00:00","author":"Amarildo R. Ferrari","twitter_card":"summary_large_image","twitter_misc":{"Escrito por":"Amarildo R. Ferrari","Est. tempo de leitura":"3 minutos"},"schema":{"@context":"https:\/\/schema.org","@graph":[{"@type":"WebPage","@id":"https:\/\/cenedcursos.com.br\/meio-ambiente\/sustentabilidade\/","url":"https:\/\/cenedcursos.com.br\/meio-ambiente\/sustentabilidade\/","name":"Sustentabilidade - CENED Cursos Online","isPartOf":{"@id":"https:\/\/cenedcursos.com.br\/meio-ambiente\/#website"},"datePublished":"2010-10-07T00:15:39+00:00","author":{"@id":"https:\/\/cenedcursos.com.br\/meio-ambiente\/#\/schema\/person\/64377d24cdc16779a1eb6229894af388"},"description":"O problema dessa ideia de sustentabilidade \u00e9 que sequer consegue dar conta, no campo das pr\u00f3prias id\u00e9ias, de uma proposta capaz de enfrentar o principal","breadcrumb":{"@id":"https:\/\/cenedcursos.com.br\/meio-ambiente\/sustentabilidade\/#breadcrumb"},"inLanguage":"pt-BR","potentialAction":[{"@type":"ReadAction","target":["https:\/\/cenedcursos.com.br\/meio-ambiente\/sustentabilidade\/"]}]},{"@type":"BreadcrumbList","@id":"https:\/\/cenedcursos.com.br\/meio-ambiente\/sustentabilidade\/#breadcrumb","itemListElement":[{"@type":"ListItem","position":1,"name":"In\u00edcio","item":"https:\/\/cenedcursos.com.br\/meio-ambiente\/"},{"@type":"ListItem","position":2,"name":"Sustentabilidade"}]},{"@type":"WebSite","@id":"https:\/\/cenedcursos.com.br\/meio-ambiente\/#website","url":"https:\/\/cenedcursos.com.br\/meio-ambiente\/","name":"CENED Cursos Online","description":"Aqui voc\u00ea encontra artigos em diversas \u00e1reas do conhecimento: meio ambiente, educa\u00e7\u00e3o, marketing digital, neg\u00f3cios online e muito mais.","potentialAction":[{"@type":"SearchAction","target":{"@type":"EntryPoint","urlTemplate":"https:\/\/cenedcursos.com.br\/meio-ambiente\/?s={search_term_string}"},"query-input":{"@type":"PropertyValueSpecification","valueRequired":true,"valueName":"search_term_string"}}],"inLanguage":"pt-BR"},{"@type":"Person","@id":"https:\/\/cenedcursos.com.br\/meio-ambiente\/#\/schema\/person\/64377d24cdc16779a1eb6229894af388","name":"Amarildo R. Ferrari","image":{"@type":"ImageObject","inLanguage":"pt-BR","@id":"https:\/\/cenedcursos.com.br\/meio-ambiente\/#\/schema\/person\/image\/","url":"https:\/\/secure.gravatar.com\/avatar\/6ea4248ca9f295c93f1b72f8398232f0fbbffe30349e6ec3839cfa5e09b0de3c?s=96&d=mm&r=g","contentUrl":"https:\/\/secure.gravatar.com\/avatar\/6ea4248ca9f295c93f1b72f8398232f0fbbffe30349e6ec3839cfa5e09b0de3c?s=96&d=mm&r=g","caption":"Amarildo R. Ferrari"},"sameAs":["https:\/\/cenedcursos.com.br\/meio-ambiente"],"url":"https:\/\/cenedcursos.com.br\/meio-ambiente\/author\/admin\/"}]}},"jetpack_featured_media_url":"","jetpack_sharing_enabled":true,"_links":{"self":[{"href":"https:\/\/cenedcursos.com.br\/meio-ambiente\/wp-json\/wp\/v2\/posts\/776","targetHints":{"allow":["GET"]}}],"collection":[{"href":"https:\/\/cenedcursos.com.br\/meio-ambiente\/wp-json\/wp\/v2\/posts"}],"about":[{"href":"https:\/\/cenedcursos.com.br\/meio-ambiente\/wp-json\/wp\/v2\/types\/post"}],"author":[{"embeddable":true,"href":"https:\/\/cenedcursos.com.br\/meio-ambiente\/wp-json\/wp\/v2\/users\/1"}],"replies":[{"embeddable":true,"href":"https:\/\/cenedcursos.com.br\/meio-ambiente\/wp-json\/wp\/v2\/comments?post=776"}],"version-history":[{"count":0,"href":"https:\/\/cenedcursos.com.br\/meio-ambiente\/wp-json\/wp\/v2\/posts\/776\/revisions"}],"wp:attachment":[{"href":"https:\/\/cenedcursos.com.br\/meio-ambiente\/wp-json\/wp\/v2\/media?parent=776"}],"wp:term":[{"taxonomy":"category","embeddable":true,"href":"https:\/\/cenedcursos.com.br\/meio-ambiente\/wp-json\/wp\/v2\/categories?post=776"},{"taxonomy":"post_tag","embeddable":true,"href":"https:\/\/cenedcursos.com.br\/meio-ambiente\/wp-json\/wp\/v2\/tags?post=776"}],"curies":[{"name":"wp","href":"https:\/\/api.w.org\/{rel}","templated":true}]}}