{"id":793,"date":"2010-10-20T21:31:20","date_gmt":"2010-10-20T21:31:20","guid":{"rendered":"http:\/\/www.cenedcursos.com.br\/?p=793"},"modified":"2010-10-20T21:31:20","modified_gmt":"2010-10-20T21:31:20","slug":"escolas-educacao-ambiental","status":"publish","type":"post","link":"https:\/\/cenedcursos.com.br\/meio-ambiente\/escolas-educacao-ambiental\/","title":{"rendered":"Educa\u00e7\u00e3o Ambiental nas Escolas"},"content":{"rendered":"<p><!-- [if gte mso 9]><xml> <w:WordDocument> <w:View>Normal<\/w:View> <w:Zoom>0<\/w:Zoom> <w:TrackMoves \/> <w:TrackFormatting \/> <w:HyphenationZone>21<\/w:HyphenationZone> <w:PunctuationKerning \/> <w:ValidateAgainstSchemas \/> <w:SaveIfXMLInvalid>false<\/w:SaveIfXMLInvalid> <w:IgnoreMixedContent>false<\/w:IgnoreMixedContent> <w:AlwaysShowPlaceholderText>false<\/w:AlwaysShowPlaceholderText> <w:DoNotPromoteQF \/> <w:LidThemeOther>PT-BR<\/w:LidThemeOther> <w:LidThemeAsian>X-NONE<\/w:LidThemeAsian> <w:LidThemeComplexScript>X-NONE<\/w:LidThemeComplexScript> <w:Compatibility> <w:BreakWrappedTables \/> <w:SnapToGridInCell \/> <w:WrapTextWithPunct \/> <w:UseAsianBreakRules \/> <w:DontGrowAutofit \/> <w:SplitPgBreakAndParaMark \/> <w:DontVertAlignCellWithSp \/> <w:DontBreakConstrainedForcedTables \/> <w:DontVertAlignInTxbx \/> <w:Word11KerningPairs \/> <w:CachedColBalance \/> <\/w:Compatibility> <w:BrowserLevel>MicrosoftInternetExplorer4<\/w:BrowserLevel> <m:mathPr> <m:mathFont m:val=\"Cambria Math\" \/> <m:brkBin m:val=\"before\" \/> <m:brkBinSub m:val=\"&#45;-\" \/> <m:smallFrac m:val=\"off\" \/> <m:dispDef \/> <m:lMargin m:val=\"0\" \/> <m:rMargin m:val=\"0\" \/> <m:defJc m:val=\"centerGroup\" \/> <m:wrapIndent m:val=\"1440\" \/> <m:intLim m:val=\"subSup\" \/> <m:naryLim m:val=\"undOvr\" \/> <\/m:mathPr><\/w:WordDocument> <\/xml><![endif]--><!-- [if gte mso 9]><xml> <w:LatentStyles DefLockedState=\"false\" DefUnhideWhenUsed=\"true\"   DefSemiHidden=\"true\" DefQFormat=\"false\" DefPriority=\"99\"   LatentStyleCount=\"267\"> <w:LsdException Locked=\"false\" Priority=\"0\" SemiHidden=\"false\"    UnhideWhenUsed=\"false\" QFormat=\"true\" Name=\"Normal\" \/> <w:LsdException Locked=\"false\" Priority=\"9\" SemiHidden=\"false\"    UnhideWhenUsed=\"false\" QFormat=\"true\" Name=\"heading 1\" \/> <w:LsdException Locked=\"false\" Priority=\"9\" QFormat=\"true\" Name=\"heading 2\" \/> <w:LsdException Locked=\"false\" Priority=\"9\" QFormat=\"true\" Name=\"heading 3\" \/> <w:LsdException Locked=\"false\" Priority=\"9\" QFormat=\"true\" Name=\"heading 4\" \/> <w:LsdException Locked=\"false\" Priority=\"9\" QFormat=\"true\" Name=\"heading 5\" \/> <w:LsdException Locked=\"false\" Priority=\"9\" QFormat=\"true\" Name=\"heading 6\" \/> <w:LsdException Locked=\"false\" Priority=\"9\" QFormat=\"true\" Name=\"heading 7\" \/> <w:LsdException Locked=\"false\" Priority=\"9\" QFormat=\"true\" Name=\"heading 8\" \/> <w:LsdException Locked=\"false\" Priority=\"9\" QFormat=\"true\" Name=\"heading 9\" \/> <w:LsdException Locked=\"false\" Priority=\"39\" Name=\"toc 1\" \/> <w:LsdException Locked=\"false\" Priority=\"39\" Name=\"toc 2\" \/> <w:LsdException Locked=\"false\" Priority=\"39\" Name=\"toc 3\" \/> <w:LsdException Locked=\"false\" Priority=\"39\" Name=\"toc 4\" \/> <w:LsdException Locked=\"false\" Priority=\"39\" Name=\"toc 5\" \/> <w:LsdException Locked=\"false\" Priority=\"39\" Name=\"toc 6\" \/> <w:LsdException Locked=\"false\" Priority=\"39\" Name=\"toc 7\" \/> <w:LsdException Locked=\"false\" Priority=\"39\" Name=\"toc 8\" \/> <w:LsdException Locked=\"false\" Priority=\"39\" Name=\"toc 9\" \/> <w:LsdException Locked=\"false\" Priority=\"35\" QFormat=\"true\" Name=\"caption\" \/> <w:LsdException Locked=\"false\" Priority=\"10\" SemiHidden=\"false\"    UnhideWhenUsed=\"false\" QFormat=\"true\" Name=\"Title\" \/> <w:LsdException Locked=\"false\" Priority=\"1\" Name=\"Default Paragraph Font\" \/> <w:LsdException Locked=\"false\" Priority=\"11\" SemiHidden=\"false\"    UnhideWhenUsed=\"false\" QFormat=\"true\" Name=\"Subtitle\" \/> <w:LsdException Locked=\"false\" Priority=\"0\" Name=\"Hyperlink\" \/> <w:LsdException Locked=\"false\" Priority=\"22\" SemiHidden=\"false\"    UnhideWhenUsed=\"false\" QFormat=\"true\" Name=\"Strong\" \/> <w:LsdException Locked=\"false\" Priority=\"20\" SemiHidden=\"false\"    UnhideWhenUsed=\"false\" QFormat=\"true\" Name=\"Emphasis\" \/> <w:LsdException Locked=\"false\" Priority=\"59\" SemiHidden=\"false\"    UnhideWhenUsed=\"false\" Name=\"Table Grid\" \/> <w:LsdException Locked=\"false\" UnhideWhenUsed=\"false\" Name=\"Placeholder Text\" \/> <w:LsdException Locked=\"false\" Priority=\"1\" SemiHidden=\"false\"    UnhideWhenUsed=\"false\" QFormat=\"true\" Name=\"No Spacing\" \/> <w:LsdException Locked=\"false\" Priority=\"60\" SemiHidden=\"false\"    UnhideWhenUsed=\"false\" Name=\"Light Shading\" \/> <w:LsdException Locked=\"false\" Priority=\"61\" SemiHidden=\"false\"    UnhideWhenUsed=\"false\" Name=\"Light List\" \/> <w:LsdException Locked=\"false\" Priority=\"62\" SemiHidden=\"false\"    UnhideWhenUsed=\"false\" Name=\"Light Grid\" \/> <w:LsdException Locked=\"false\" Priority=\"63\" SemiHidden=\"false\"    UnhideWhenUsed=\"false\" Name=\"Medium Shading 1\" \/> <w:LsdException Locked=\"false\" Priority=\"64\" SemiHidden=\"false\"    UnhideWhenUsed=\"false\" Name=\"Medium Shading 2\" \/> <w:LsdException Locked=\"false\" Priority=\"65\" SemiHidden=\"false\"    UnhideWhenUsed=\"false\" Name=\"Medium List 1\" \/> <w:LsdException Locked=\"false\" Priority=\"66\" SemiHidden=\"false\"    UnhideWhenUsed=\"false\" Name=\"Medium List 2\" \/> <w:LsdException Locked=\"false\" Priority=\"67\" SemiHidden=\"false\"    UnhideWhenUsed=\"false\" Name=\"Medium Grid 1\" \/> <w:LsdException Locked=\"false\" Priority=\"68\" SemiHidden=\"false\"    UnhideWhenUsed=\"false\" Name=\"Medium Grid 2\" \/> <w:LsdException Locked=\"false\" Priority=\"69\" SemiHidden=\"false\"    UnhideWhenUsed=\"false\" Name=\"Medium Grid 3\" \/> <w:LsdException Locked=\"false\" Priority=\"70\" SemiHidden=\"false\"    UnhideWhenUsed=\"false\" Name=\"Dark List\" \/> <w:LsdException Locked=\"false\" Priority=\"71\" SemiHidden=\"false\"    UnhideWhenUsed=\"false\" Name=\"Colorful Shading\" \/> <w:LsdException Locked=\"false\" Priority=\"72\" SemiHidden=\"false\"    UnhideWhenUsed=\"false\" Name=\"Colorful List\" \/> <w:LsdException Locked=\"false\" Priority=\"73\" SemiHidden=\"false\"    UnhideWhenUsed=\"false\" Name=\"Colorful Grid\" \/> <w:LsdException Locked=\"false\" Priority=\"60\" SemiHidden=\"false\"    UnhideWhenUsed=\"false\" Name=\"Light Shading Accent 1\" \/> <w:LsdException Locked=\"false\" Priority=\"61\" SemiHidden=\"false\"    UnhideWhenUsed=\"false\" Name=\"Light List Accent 1\" \/> <w:LsdException Locked=\"false\" Priority=\"62\" SemiHidden=\"false\"    UnhideWhenUsed=\"false\" Name=\"Light Grid Accent 1\" \/> <w:LsdException Locked=\"false\" Priority=\"63\" SemiHidden=\"false\"    UnhideWhenUsed=\"false\" Name=\"Medium Shading 1 Accent 1\" \/> <w:LsdException Locked=\"false\" Priority=\"64\" SemiHidden=\"false\"    UnhideWhenUsed=\"false\" Name=\"Medium Shading 2 Accent 1\" \/> <w:LsdException Locked=\"false\" Priority=\"65\" SemiHidden=\"false\"    UnhideWhenUsed=\"false\" Name=\"Medium List 1 Accent 1\" \/> <w:LsdException Locked=\"false\" UnhideWhenUsed=\"false\" Name=\"Revision\" \/> <w:LsdException Locked=\"false\" Priority=\"34\" SemiHidden=\"false\"    UnhideWhenUsed=\"false\" QFormat=\"true\" Name=\"List Paragraph\" \/> <w:LsdException Locked=\"false\" Priority=\"29\" SemiHidden=\"false\"    UnhideWhenUsed=\"false\" QFormat=\"true\" Name=\"Quote\" \/> <w:LsdException Locked=\"false\" Priority=\"30\" SemiHidden=\"false\"    UnhideWhenUsed=\"false\" QFormat=\"true\" Name=\"Intense Quote\" \/> <w:LsdException Locked=\"false\" Priority=\"66\" SemiHidden=\"false\"    UnhideWhenUsed=\"false\" Name=\"Medium List 2 Accent 1\" \/> <w:LsdException Locked=\"false\" Priority=\"67\" SemiHidden=\"false\"    UnhideWhenUsed=\"false\" Name=\"Medium Grid 1 Accent 1\" \/> <w:LsdException Locked=\"false\" Priority=\"68\" SemiHidden=\"false\"    UnhideWhenUsed=\"false\" Name=\"Medium Grid 2 Accent 1\" \/> <w:LsdException Locked=\"false\" Priority=\"69\" SemiHidden=\"false\"    UnhideWhenUsed=\"false\" Name=\"Medium Grid 3 Accent 1\" \/> <w:LsdException Locked=\"false\" Priority=\"70\" SemiHidden=\"false\"    UnhideWhenUsed=\"false\" Name=\"Dark List Accent 1\" \/> <w:LsdException Locked=\"false\" Priority=\"71\" SemiHidden=\"false\"    UnhideWhenUsed=\"false\" Name=\"Colorful Shading Accent 1\" \/> <w:LsdException Locked=\"false\" Priority=\"72\" SemiHidden=\"false\"    UnhideWhenUsed=\"false\" Name=\"Colorful List Accent 1\" \/> <w:LsdException Locked=\"false\" Priority=\"73\" SemiHidden=\"false\"    UnhideWhenUsed=\"false\" Name=\"Colorful Grid Accent 1\" \/> <w:LsdException Locked=\"false\" Priority=\"60\" SemiHidden=\"false\"    UnhideWhenUsed=\"false\" Name=\"Light Shading Accent 2\" \/> <w:LsdException Locked=\"false\" Priority=\"61\" SemiHidden=\"false\"    UnhideWhenUsed=\"false\" Name=\"Light List Accent 2\" \/> <w:LsdException Locked=\"false\" Priority=\"62\" SemiHidden=\"false\"    UnhideWhenUsed=\"false\" Name=\"Light Grid Accent 2\" \/> <w:LsdException Locked=\"false\" Priority=\"63\" SemiHidden=\"false\"    UnhideWhenUsed=\"false\" Name=\"Medium Sha\nding 1 Accent 2\" \/> <w:LsdException Locked=\"false\" Priority=\"64\" SemiHidden=\"false\"    UnhideWhenUsed=\"false\" Name=\"Medium Shading 2 Accent 2\" \/> <w:LsdException Locked=\"false\" Priority=\"65\" SemiHidden=\"false\"    UnhideWhenUsed=\"false\" Name=\"Medium List 1 Accent 2\" \/> <w:LsdException Locked=\"false\" Priority=\"66\" SemiHidden=\"false\"    UnhideWhenUsed=\"false\" Name=\"Medium List 2 Accent 2\" \/> <w:LsdException Locked=\"false\" Priority=\"67\" SemiHidden=\"false\"    UnhideWhenUsed=\"false\" Name=\"Medium Grid 1 Accent 2\" \/> <w:LsdException Locked=\"false\" Priority=\"68\" SemiHidden=\"false\"    UnhideWhenUsed=\"false\" Name=\"Medium Grid 2 Accent 2\" \/> <w:LsdException Locked=\"false\" Priority=\"69\" SemiHidden=\"false\"    UnhideWhenUsed=\"false\" Name=\"Medium Grid 3 Accent 2\" \/> <w:LsdException Locked=\"false\" Priority=\"70\" SemiHidden=\"false\"    UnhideWhenUsed=\"false\" Name=\"Dark List Accent 2\" \/> <w:LsdException Locked=\"false\" Priority=\"71\" SemiHidden=\"false\"    UnhideWhenUsed=\"false\" Name=\"Colorful Shading Accent 2\" \/> <w:LsdException Locked=\"false\" Priority=\"72\" SemiHidden=\"false\"    UnhideWhenUsed=\"false\" Name=\"Colorful List Accent 2\" \/> <w:LsdException Locked=\"false\" Priority=\"73\" SemiHidden=\"false\"    UnhideWhenUsed=\"false\" Name=\"Colorful Grid Accent 2\" \/> <w:LsdException Locked=\"false\" Priority=\"60\" SemiHidden=\"false\"    UnhideWhenUsed=\"false\" Name=\"Light Shading Accent 3\" \/> <w:LsdException Locked=\"false\" Priority=\"61\" SemiHidden=\"false\"    UnhideWhenUsed=\"false\" Name=\"Light List Accent 3\" \/> <w:LsdException Locked=\"false\" Priority=\"62\" SemiHidden=\"false\"    UnhideWhenUsed=\"false\" Name=\"Light Grid Accent 3\" \/> <w:LsdException Locked=\"false\" Priority=\"63\" SemiHidden=\"false\"    UnhideWhenUsed=\"false\" Name=\"Medium Shading 1 Accent 3\" \/> <w:LsdException Locked=\"false\" Priority=\"64\" SemiHidden=\"false\"    UnhideWhenUsed=\"false\" Name=\"Medium Shading 2 Accent 3\" \/> <w:LsdException Locked=\"false\" Priority=\"65\" SemiHidden=\"false\"    UnhideWhenUsed=\"false\" Name=\"Medium List 1 Accent 3\" \/> <w:LsdException Locked=\"false\" Priority=\"66\" SemiHidden=\"false\"    UnhideWhenUsed=\"false\" Name=\"Medium List 2 Accent 3\" \/> <w:LsdException Locked=\"false\" Priority=\"67\" SemiHidden=\"false\"    UnhideWhenUsed=\"false\" Name=\"Medium Grid 1 Accent 3\" \/> <w:LsdException Locked=\"false\" Priority=\"68\" SemiHidden=\"false\"    UnhideWhenUsed=\"false\" Name=\"Medium Grid 2 Accent 3\" \/> <w:LsdException Locked=\"false\" Priority=\"69\" SemiHidden=\"false\"    UnhideWhenUsed=\"false\" Name=\"Medium Grid 3 Accent 3\" \/> <w:LsdException Locked=\"false\" Priority=\"70\" SemiHidden=\"false\"    UnhideWhenUsed=\"false\" Name=\"Dark List Accent 3\" \/> <w:LsdException Locked=\"false\" Priority=\"71\" SemiHidden=\"false\"    UnhideWhenUsed=\"false\" Name=\"Colorful Shading Accent 3\" \/> <w:LsdException Locked=\"false\" Priority=\"72\" SemiHidden=\"false\"    UnhideWhenUsed=\"false\" Name=\"Colorful List Accent 3\" \/> <w:LsdException Locked=\"false\" Priority=\"73\" SemiHidden=\"false\"    UnhideWhenUsed=\"false\" Name=\"Colorful Grid Accent 3\" \/> <w:LsdException Locked=\"false\" Priority=\"60\" SemiHidden=\"false\"    UnhideWhenUsed=\"false\" Name=\"Light Shading Accent 4\" \/> <w:LsdException Locked=\"false\" Priority=\"61\" SemiHidden=\"false\"    UnhideWhenUsed=\"false\" Name=\"Light List Accent 4\" \/> <w:LsdException Locked=\"false\" Priority=\"62\" SemiHidden=\"false\"    UnhideWhenUsed=\"false\" Name=\"Light Grid Accent 4\" \/> <w:LsdException Locked=\"false\" Priority=\"63\" SemiHidden=\"false\"    UnhideWhenUsed=\"false\" Name=\"Medium Shading 1 Accent 4\" \/> <w:LsdException Locked=\"false\" Priority=\"64\" SemiHidden=\"false\"    UnhideWhenUsed=\"false\" Name=\"Medium Shading 2 Accent 4\" \/> <w:LsdException Locked=\"false\" Priority=\"65\" SemiHidden=\"false\"    UnhideWhenUsed=\"false\" Name=\"Medium List 1 Accent 4\" \/> <w:LsdException Locked=\"false\" Priority=\"66\" SemiHidden=\"false\"    UnhideWhenUsed=\"false\" Name=\"Medium List 2 Accent 4\" \/> <w:LsdException Locked=\"false\" Priority=\"67\" SemiHidden=\"false\"    UnhideWhenUsed=\"false\" Name=\"Medium Grid 1 Accent 4\" \/> <w:LsdException Locked=\"false\" Priority=\"68\" SemiHidden=\"false\"    UnhideWhenUsed=\"false\" Name=\"Medium Grid 2 Accent 4\" \/> <w:LsdException Locked=\"false\" Priority=\"69\" SemiHidden=\"false\"    UnhideWhenUsed=\"false\" Name=\"Medium Grid 3 Accent 4\" \/> <w:LsdException Locked=\"false\" Priority=\"70\" SemiHidden=\"false\"    UnhideWhenUsed=\"false\" Name=\"Dark List Accent 4\" \/> <w:LsdException Locked=\"false\" Priority=\"71\" SemiHidden=\"false\"    UnhideWhenUsed=\"false\" Name=\"Colorful Shading Accent 4\" \/> <w:LsdException Locked=\"false\" Priority=\"72\" SemiHidden=\"false\"    UnhideWhenUsed=\"false\" Name=\"Colorful List Accent 4\" \/> <w:LsdException Locked=\"false\" Priority=\"73\" SemiHidden=\"false\"    UnhideWhenUsed=\"false\" Name=\"Colorful Grid Accent 4\" \/> <w:LsdException Locked=\"false\" Priority=\"60\" SemiHidden=\"false\"    UnhideWhenUsed=\"false\" Name=\"Light Shading Accent 5\" \/> <w:LsdException Locked=\"false\" Priority=\"61\" SemiHidden=\"false\"    UnhideWhenUsed=\"false\" Name=\"Light List Accent 5\" \/> <w:LsdException Locked=\"false\" Priority=\"62\" SemiHidden=\"false\"    UnhideWhenUsed=\"false\" Name=\"Light Grid Accent 5\" \/> <w:LsdException Locked=\"false\" Priority=\"63\" SemiHidden=\"false\"    UnhideWhenUsed=\"false\" Name=\"Medium Shading 1 Accent 5\" \/> <w:LsdException Locked=\"false\" Priority=\"64\" SemiHidden=\"false\"    UnhideWhenUsed=\"false\" Name=\"Medium Shading 2 Accent 5\" \/> <w:LsdException Locked=\"false\" Priority=\"65\" SemiHidden=\"false\"    UnhideWhenUsed=\"false\" Name=\"Medium List 1 Accent 5\" \/> <w:LsdException Locked=\"false\" Priority=\"66\" SemiHidden=\"false\"    UnhideWhenUsed=\"false\" Name=\"Medium List 2 Accent 5\" \/> <w:LsdException Locked=\"false\" Priority=\"67\" SemiHidden=\"false\"    UnhideWhenUsed=\"false\" Name=\"Medium Grid 1 Accent 5\" \/> <w:LsdException Locked=\"false\" Priority=\"68\" SemiHidden=\"false\"    UnhideWhenUsed=\"false\" Name=\"Medium Grid 2 Accent 5\" \/> <w:LsdException Locked=\"false\" Priority=\"69\" SemiHidden=\"false\"    UnhideWhenUsed=\"false\" Name=\"Medium Grid 3 Accent 5\" \/> <w:LsdException Locked=\"false\" Priority=\"70\" SemiHidden=\"false\"    UnhideWhenUsed=\"false\" Name=\"Dark List Accent 5\" \/> <w:LsdException Locked=\"false\" Priority=\"71\" SemiHidden=\"false\"    UnhideWhenUsed=\"false\" Name=\"Colorful Shading Accent 5\" \/> <w:LsdException Locked=\"false\" Priority=\"72\" SemiHidden=\"false\"    UnhideWhenUsed=\"false\" Name=\"Colorful List Accent 5\" \/> <w:LsdException Locked=\"false\" Priority=\"73\" SemiHidden=\"false\"    UnhideWhenUsed=\"false\" Name=\"Colorful Grid Accent 5\" \/> <w:LsdException Locked=\"false\" Priority=\"60\" SemiHidden=\"false\"    UnhideWhenUsed=\"false\" Name=\"Light Shading Accent 6\" \/> <w:LsdException Locked=\"false\" Priority=\"61\" SemiHidden=\"false\"    UnhideWhenUsed=\"false\" Name=\"Light List Accent 6\" \/> <w:LsdException Locked=\"false\" Priority=\"62\" SemiHidden=\"false\"    UnhideWhenUsed=\"false\" Name=\"Light Grid Accent 6\" \/> <w:LsdException Locked=\"false\" Priority=\"63\" SemiHidden=\"false\"    UnhideWhenUsed=\"false\" Name=\"Medium Shading 1 Accent 6\" \/> <w:LsdException Locked=\"false\" Priority=\"64\" SemiHidden=\"false\"    UnhideWhenUsed=\"false\" Name=\"Medium Shading 2 Accent 6\" \/> <w:LsdException Locked=\"false\" Priority=\"65\" SemiHidden=\"false\"    UnhideWhenUsed=\"false\" Name=\"Medium List 1 Accent 6\" \/> <w:LsdException Locked=\"false\" Priority=\"66\" SemiHidden=\"false\"    UnhideWhenUsed=\"false\" Name=\"Medium List 2 Accent 6\" \/> <w:LsdException Locked=\"false\" Priority=\"67\" SemiHidden=\"false\"    UnhideWhenUsed=\"false\" Name=\"Medium Grid 1 Accent 6\" \/> <w:LsdException Locked=\"false\" Priority=\"68\" SemiHidden=\"false\"    UnhideWhenUsed=\"false\" Name=\"Medium Grid 2 Accent 6\" \/> <w:LsdException Locked=\"false\" Priority=\"69\" SemiHidden=\"false\"    UnhideWhenUsed=\"false\" Name=\"Medium Grid 3 Accent 6\" \/> <w:LsdException Locked=\"false\" Priority=\"70\" SemiHidden=\"false\"    UnhideWhenUsed=\"false\" Name=\"Dark List Accent 6\" \/> <w:LsdException Locked=\"false\" Priority=\"71\" SemiHidden=\"false\"    UnhideWhenUsed=\"false\" Name=\"Colorful Shading Accent 6\" \/> <w:LsdException Locked=\"false\" Priority=\"72\" SemiHidden=\"false\"    UnhideWhenUsed=\"false\" Name=\"Colorful List Accent 6\" \/> <w:LsdException Locked=\"false\" Priority=\"73\" SemiHidden=\"false\"    UnhideWhenUsed=\"false\" Name=\"Colorful Grid Accent 6\" \/> <w:LsdException Locked=\"false\" Priority=\"19\" SemiHidden\n=\"false\"    UnhideWhenUsed=\"false\" QFormat=\"true\" Name=\"Subtle Emphasis\" \/> <w:LsdException Locked=\"false\" Priority=\"21\" SemiHidden=\"false\"    UnhideWhenUsed=\"false\" QFormat=\"true\" Name=\"Intense Emphasis\" \/> <w:LsdException Locked=\"false\" Priority=\"31\" SemiHidden=\"false\"    UnhideWhenUsed=\"false\" QFormat=\"true\" Name=\"Subtle Reference\" \/> <w:LsdException Locked=\"false\" Priority=\"32\" SemiHidden=\"false\"    UnhideWhenUsed=\"false\" QFormat=\"true\" Name=\"Intense Reference\" \/> <w:LsdException Locked=\"false\" Priority=\"33\" SemiHidden=\"false\"    UnhideWhenUsed=\"false\" QFormat=\"true\" Name=\"Book Title\" \/> <w:LsdException Locked=\"false\" Priority=\"37\" Name=\"Bibliography\" \/> <w:LsdException Locked=\"false\" Priority=\"39\" QFormat=\"true\" Name=\"TOC Heading\" \/> <\/w:LatentStyles> <\/xml><![endif]--><!-- [if gte mso 10]> <mce:style><!   \/* Style Definitions *\/  table.MsoNormalTable \t{mso-style-name:\"Tabela normal\"; \tmso-tstyle-rowband-size:0; \tmso-tstyle-colband-size:0; \tmso-style-noshow:yes; \tmso-style-priority:99; \tmso-style-qformat:yes; \tmso-style-parent:\"\"; \tmso-padding-alt:0cm 5.4pt 0cm 5.4pt; \tmso-para-margin-top:0cm; \tmso-para-margin-right:0cm; \tmso-para-margin-bottom:10.0pt; \tmso-para-margin-left:0cm; \tline-height:115%; \tmso-pagination:widow-orphan; \tfont-size:11.0pt; \tfont-family:\"Calibri\",\"sans-serif\"; \tmso-ascii-font-family:Calibri; \tmso-ascii-theme-font:minor-latin; \tmso-fareast-font-family:\"Times New Roman\"; \tmso-fareast-theme-font:minor-fareast; \tmso-hansi-font-family:Calibri; \tmso-hansi-theme-font:minor-latin; \tmso-bidi-font-family:\"Times New Roman\"; \tmso-bidi-theme-font:minor-bidi;} --> <!--[endif]--><\/p>\n<p class=\"MsoNormal\" style=\"text-align: justify;\"><span style=\"font-size: 10pt; line-height: 115%; font-family: 'Arial','sans-serif';\">Desde que o americano Al Gore e o Painel Intergovernamental Sobre Mudan\u00e7as Clim\u00e1ticas (IPCC) dividiram o Pr\u00eamio Nobel da Paz em 2007, o mundo tem mostrado uma grande perplexidade em rela\u00e7\u00e3o aos assuntos relacionados ao meio ambiente.<br \/>\n<\/span><\/p>\n<p class=\"MsoNormal\" style=\"text-align: justify;\"><span style=\"font-size: 10pt; line-height: 115%; font-family: 'Arial','sans-serif';\">Estas preocupa\u00e7\u00f5es, que para muitos pensadores inicio-se h\u00e1 muito tempo, demorou a chegar \u00e0 popula\u00e7\u00e3o em geral, o que acarretou nesta desordem ambiental que estamos vivendo.<br \/>\n<\/span><\/p>\n<p class=\"MsoNormal\" style=\"text-align: justify;\"><span style=\"font-size: 10pt; line-height: 115%; font-family: 'Arial','sans-serif';\">Segundo Reigota (1994), o problema ambiental n\u00e3o est\u00e1 na quantidade de pessoas que existe no planeta e que necessita consumir cada vez mais os recursos naturais para se alimentar, vestir e morar; o problema est\u00e1 no excessivo consumo desses recursos por uma pequena parcela da humanidade e no desperd\u00edcio e produ\u00e7\u00e3o de artigos in\u00fateis e nefastos \u00e0 qualidade de vida.<br \/>\n<\/span><\/p>\n<p class=\"MsoNormal\" style=\"text-align: justify;\"><span style=\"font-size: 10pt; line-height: 115%; font-family: 'Arial','sans-serif';\">A esse respeito, vale registrar o alerta da Comiss\u00e3o Mundial sobre o Meio Ambiente da ONU (1992):<br \/>\n<\/span><\/p>\n<p class=\"MsoNormal\" style=\"text-align: justify; padding-left: 60px;\"><span style=\"font-size: 10pt; line-height: 115%; font-family: 'Arial','sans-serif';\">Muitos dos atuais esfor\u00e7os para manter o progresso humano, para atender as necessidades humanas, e para realizar as ambi\u00e7\u00f5es humanas s\u00e3o simplesmente insustent\u00e1veis &#8211; tanto nas na\u00e7\u00f5es ricas como nas pobres. Elas retiram demais, e a um ritmo acelerado demais, de uma conta de recursos ambientais j\u00e1 a descoberto, e no futuro n\u00e3o poder\u00e3o esperar outra coisa que n\u00e3o a insolv\u00eancia dessa conta.<br \/>\n<\/span><\/p>\n<p class=\"MsoNormal\" style=\"text-align: justify;\"><span style=\"font-size: 10pt; line-height: 115%; font-family: 'Arial','sans-serif';\">Segundo Leff (2001) uma racionalidade ambiental se constr\u00f3i desconstruindo a racionalidade capitalista dominante em todas as ordens da vida social. A racionalidade ambiental, segundo ele, \u00e9 o efeito de um conjunto de interesses e de pr\u00e1ticas sociais que articulam ordens materiais diversas dando sentido e organizando processos sociais conforme regras, meios e fins constru\u00eddos socialmente.<br \/>\n<\/span><\/p>\n<p class=\"MsoNormal\" style=\"text-align: justify;\"><span style=\"font-size: 10pt; line-height: 115%; font-family: 'Arial','sans-serif';\">Neste processo de mudan\u00e7as e questionamentos \u00e9 consenso o papel fundamental da educa\u00e7\u00e3o. A partir da\u00ed surgem grandes propostas e discuss\u00f5es, pois sendo a Educa\u00e7\u00e3o Ambiental (EA) uma dimens\u00e3o da educa\u00e7\u00e3o, ela se mostrou uma grande aliada na busca por solu\u00e7\u00f5es.<br \/>\n<\/span><\/p>\n<p class=\"MsoNormal\" style=\"text-align: justify;\"><span style=\"font-size: 10pt; line-height: 115%; font-family: 'Arial','sans-serif';\">Postulou-se que a Educa\u00e7\u00e3o Ambiental \u00e9 um elemento essencial para uma educa\u00e7\u00e3o global orientada para a resolu\u00e7\u00e3o dos problemas por meio da participa\u00e7\u00e3o ativa dos educandos na educa\u00e7\u00e3o formal e n\u00e3o-formal, em favor do bem-estar da comunidade humana (MININNI-MEDINA,1994).<br \/>\n<\/span><\/p>\n<p class=\"MsoNormal\" style=\"text-align: justify;\"><span style=\"font-size: 10pt; line-height: 115%; font-family: 'Arial','sans-serif';\">Para Dias (1994), a Educa\u00e7\u00e3o Ambiental representa um processo no qual deveria ocorrer num desenvolvimento progressivo de um senso de preocupa\u00e7\u00e3o com o Meio Ambiente baseado em um completo e sens\u00edvel entendimento das rela\u00e7\u00f5es do ser humano com o Meio Ambiente.<br \/>\n<\/span><\/p>\n<p class=\"MsoNormal\" style=\"text-align: justify;\"><span style=\"font-size: 10pt; line-height: 115%; font-family: 'Arial','sans-serif';\">A Educa\u00e7\u00e3o Ambiental (EA) \u00e9 um processo educativo e social que tem por finalidade a constru\u00e7\u00e3o de valores, conceitos, habilidades e atitudes que possibilitem o entendimento da realidade da vida e a atua\u00e7\u00e3o consciente e respons\u00e1vel de atores sociais individuais e coletivos no ambiente, tendo em vista a qualidade de vida individual, coletiva e do planeta (Loureiro, 2002, p. 69).<br \/>\n<\/span><\/p>\n<p class=\"MsoNormal\" style=\"text-align: justify;\"><span style=\"font-size: 10pt; line-height: 115%; font-family: 'Arial','sans-serif';\">Para outros autores, como Reigota (1994), a educa\u00e7\u00e3o ambiental deve ser entendida como educa\u00e7\u00e3o pol\u00edtica, no sentido de que ela reivindica e prepara os cidad\u00e3os para exigir justi\u00e7a social, cidadania nacional e planet\u00e1ria, autogest\u00e3o e \u00e9tica nas rela\u00e7\u00f5es sociais e com a natureza.<br \/>\n<\/span><\/p>\n<p class=\"MsoNormal\" style=\"text-align: justify;\"><span style=\"font-size: 10pt; line-height: 115%; font-family: 'Arial','sans-serif';\">A Lei Federal 9795, sancionada em 27 de abril de 1999 que institui a &#8220;Pol\u00edtica Nacional de Educa\u00e7\u00e3o Ambiental&#8221; descreve a educa\u00e7\u00e3o ambiental como : \u201cProcessos por meio dos quais o indiv\u00edduo e a coletividade constroem valores sociais, conhecimentos, habilidades, atitudes e compet\u00eancias voltadas para a conserva\u00e7\u00e3o do meio ambiente, bem de uso comum do povo, essencial \u00e0 sadia qualidade de vida e sua sustentabilidade\u201d<br \/>\n<\/span><\/p>\n<p class=\"MsoNormal\" style=\"text-align: justify;\"><span style=\"font-size: 10pt; line-height: 115%; font-family: 'Arial','sans-serif';\">Ainda segundo a Lei todos t\u00eam direito \u00e0 EA, e \u00e9 obriga\u00e7\u00e3o do poder p\u00fablico definir pol\u00edticas p\u00fablicas que incorporem dimens\u00e3o ambiental; promover EA em todos os n\u00edveis de ensino -promover o engajamento da sociedade na conserva\u00e7\u00e3o, recupera\u00e7\u00e3o e melhoria do meio ambiente. \u00c9 de responsabilidade de empresas, institui\u00e7\u00f5es p\u00fablicas e privadas devem promover programas para capacita\u00e7\u00e3o dos trabalhadores, para melhorar controle sobre ambiente de trabalho, e controlar impactos do processo produtivo no meio ambiente. <\/span><\/p>\n<p class=\"MsoNormal\" style=\"text-align: justify;\"><span style=\"font-size: 10pt; line-height: 115%; font-family: 'Arial','sans-serif';\"><strong>Por que fazer educa\u00e7\u00e3o ambiental nas escolas?<\/strong><br \/>\n<\/span><\/p>\n<p class=\"MsoNormal\" style=\"text-align: justify;\"><span style=\"font-size: 10pt; line-height: 115%; font-family: 'Arial','sans-serif';\">Melo (1996) considera a Educa\u00e7\u00e3o Ambiental como um processo din\u00e2mico de constru\u00e7\u00e3o de novos valores, atitudes e posturas \u00e9ticas, a partir de uma educa\u00e7\u00e3o libert\u00e1ria que resgate a cidadania, repensando os padr\u00f5es de consumo e produ\u00e7\u00e3o, e o respeito \u00e0 diversidade ecol\u00f3gica, cultural, social e pol\u00edtica, culminando numa sociedade ecologicamente sustent\u00e1vel. <\/span><\/p>\n<p class=\"MsoNormal\" style=\"text-align: justify;\"><span style=\"font-size: 10pt; line-height: 115%; font-family: 'Arial','sans-serif';\">A concep\u00e7\u00e3o de Porto (1998), apesar de similar ao anterior, apresenta mais alguns elementos, tratando a quest\u00e3o que diz respeito \u00e0 preocupa\u00e7\u00e3o com as gera\u00e7\u00f5es futuras. Para o autor, Educa\u00e7\u00e3o Ambiental poderia ser definida como todas as a\u00e7\u00f5es, atividades e manifesta\u00e7\u00f5es destinadas a desenvolver uma popula\u00e7\u00e3o que seja consciente e preocupada com o meio ambiente e que tenha compromisso para atuar na busca de solu\u00e7\u00f5es para os problemas ambientais existentes e para preven\u00e7\u00e3o dos novos, visando, inclusive garantir condi\u00e7\u00f5es adequadas para a vida das atuais e futuras gera\u00e7\u00f5es.<br \/>\n<\/span><\/p>\n<p class=\"MsoNormal\" style=\"text-align: justify;\"><span style=\"font-size: 10pt; line-height: 115%; font-family: 'Arial','sans-serif';\">Diante de todos estes aspectos apresentados no texto, cabe a pergunta: se a educa\u00e7\u00e3o ambiental \u00e9 t\u00e3o importante na forma\u00e7\u00e3o de indiv\u00edduos, por que n\u00e3o acrescent\u00e1-la no curr\u00edculo escolar?<br \/>\n<\/span><\/p>\n<p class=\"MsoNormal\" style=\"text-align: justify;\"><span style=\"font-size: 10pt; line-height: 115%; font-family: 'Arial','sans-serif';\">Segundo Vasconcellos (1997), a presen\u00e7a, em todas as pr\u00e1ticas educativas, da reflex\u00e3o sobre as rela\u00e7\u00f5es dos seres entre si, do ser humano com ele mesmo e do ser humano com seus semelhantes \u00e9 condi\u00e7\u00e3o imprescind\u00edvel para que a Educa\u00e7\u00e3o Ambiental ocorra. Dentro desse contexto, sobressaem-se as escolas, como espa\u00e7os privilegiados na implementa\u00e7\u00e3o de atividades que propiciem essa reflex\u00e3o, pois isso necessita de atividades de sala de aula e atividades de campo, com a\u00e7\u00f5es orientadas em projetos e em processos de participa\u00e7\u00e3o que levem \u00e0 autoconfian\u00e7a, a atitudes positivas e ao comprometimento pessoal com a prote\u00e7\u00e3o ambiental implementados de modo interdisciplinar (DIAS, 1992).<br \/>\n<\/span><\/p>\n<p class=\"MsoNormal\" style=\"text-align: justify;\"><span style=\"font-size: 10pt; line-height: 115%; font-family: 'Arial','sans-serif';\">Os Par\u00e2metros Curriculares Nacionais (PCN), propostos pelo Minist\u00e9rio da Educa\u00e7\u00e3o (1997), incluem a tem\u00e1tica do Meio Ambiente como um tema transversal nos curr\u00edculos escolares. Este tema \u00e9 tratado de modo integrado a outras \u00e1reas do curr\u00edculo, como tamb\u00e9m relacionado ao contexto hist\u00f3rico e social no qual a escola encontra-se inserida. Este documento deixa clara a necessidade de se desenvolver novas pr\u00e1ticas que definam tamb\u00e9m novos modos de pensar a educa\u00e7\u00e3o como um todo.<br \/>\n<\/span><\/p>\n<p class=\"MsoNormal\" style=\"text-align: justify;\"><span style=\"font-size: 10pt; line-height: 115%; font-family: 'Arial','sans-serif';\">A educa\u00e7\u00e3o ambiental nas escolas poderia propiciar a melhoria das condi\u00e7\u00f5es de vida, de trabalho e de educa\u00e7\u00e3o do p\u00fablico interno e externo \u00e0 escola; dar condi\u00e7\u00f5es para que os educadores e alunos atuem na transforma\u00e7\u00e3o da realidade; contribuir para o desenvolvimento do senso de responsabilidade por meio da participa\u00e7\u00e3o ativa na preven\u00e7\u00e3o e solu\u00e7\u00e3o de problemas socioambientais.<br \/>\n<\/span><\/p>\n<p class=\"MsoNormal\" style=\"text-align: justify;\"><span style=\"font-size: 10pt; line-height: 115%; font-family: 'Arial','sans-serif';\">A escola \u00e9 considerada um ambiente ideal para educar em par\u00e2metros ambientais, uma vez que tem o intuito de formar cidad\u00e3os conscientes de seus deveres e direitos, que respeitam o pr\u00f3ximo e (por que n\u00e3o?) o meio ambiente.<br \/>\n<\/span><\/p>\n<p class=\"MsoNormal\" style=\"text-align: justify;\"><span style=\"font-size: 10pt; line-height: 115%; font-family: 'Arial','sans-serif';\"><strong>Como fazer educa\u00e7\u00e3o ambiental nas escolas?<\/strong><\/span><\/p>\n<p class=\"MsoNormal\" style=\"text-align: justify;\"><span style=\"font-size: 10pt; line-height: 115%; font-family: 'Arial','sans-serif';\">A escola deve desenvolver estrat\u00e9gias educativas para atingir todos os alunos em sua meta de educa\u00e7\u00e3o ambiental, ampliando a confian\u00e7a e afetividade do grupo. \u00c9 papel tamb\u00e9m da institui\u00e7\u00e3o refor\u00e7ar experi\u00eancia da aprendizagem ajudando na elimina\u00e7\u00e3o de tens\u00f5es e cansa\u00e7o do esfor\u00e7o de aprendizagem e promover di\u00e1logos estrat\u00e9gias educativas.<\/span><\/p>\n<p><strong>O papel do educador<\/strong><\/p>\n<p class=\"MsoNormal\" style=\"text-align: justify;\"><span style=\"font-size: 10pt; line-height: 115%; font-family: 'Arial','sans-serif';\">Como educador ambiental, o professor deve colocar sua capacidade t\u00e9cnica em fun\u00e7\u00e3o social e elaborar estrat\u00e9gias com a turma para buscarem juntos um conhecimento novo e potencialmente valioso para a solu\u00e7\u00e3o de problemas.<br \/>\n<\/span><\/p>\n<p class=\"MsoNormal\" style=\"text-align: justify;\"><span style=\"font-size: 10pt; line-height: 115%; font-family: 'Arial','sans-serif';\">O professor deve colocar as quest\u00f5es chamadas de ambientais no centro e no in\u00edcio de todos os planejamentos. Al\u00e9m disto, deve, juntamente com a turma, avaliar os impactos resultantes da vida deles no planeta, verificando se n\u00e3o h\u00e1 alternativas para minimizar estes impactos.<br \/>\nCabe tamb\u00e9m ao educador, juntamente com a dire\u00e7\u00e3o da escola, calcular os custos de cada a\u00e7\u00e3o ambiental, e verificar se ela \u00e9 vi\u00e1vel ou n\u00e3o.<br \/>\n<\/span><\/p>\n<p class=\"MsoNormal\" style=\"text-align: justify;\"><span style=\"font-size: 10pt; line-height: 115%; font-family: 'Arial','sans-serif';\">A forma\u00e7\u00e3o de um educador ambiental, dentro ou fora da escola, vai al\u00e9m de um curso de biologia Ou de propostas de arte-educa\u00e7\u00e3o envolvendo brinquedos feitos com sucata. A meta ideal \u00e9 um educador que vire sujeito-pesquisador, estimulando seus alunos a pensarem sobre a complexidade das quest\u00f5es ambientais dentro de um contexto social e econ\u00f4mico. E, mais ainda, inspirando-os a serem co-respons\u00e1veis e a participarem, individual e coletivamente, na busca de solu\u00e7\u00f5es para nossos problemas.<br \/>\n<\/span><\/p>\n<p class=\"MsoNormal\" style=\"text-align: justify;\"><span style=\"font-size: 10pt; line-height: 115%; font-family: 'Arial','sans-serif';\">Um desafio para os educadores seria a estimula\u00e7\u00e3o de atividades participativas onde seus educandos, dentro ou fora da escola, poder\u00e3o atuar de forma ainda mais significativa no enfrentamento das crises e na busca de solu\u00e7\u00f5es. Um \u00f3timo exemplo seria que seria muito interessaste um professor propor uma oficina de reciclagem. Mas n\u00e3o seria ainda mais interessante tornar a coleta seletiva uma realidade no bairro, na cidade?<br \/>\n<strong><br \/>\nDificuldades para incluir a EA nas escolas<\/strong><br \/>\n<\/span><\/p>\n<p class=\"MsoNormal\" style=\"text-align: justify;\"><span style=\"font-size: 10pt; line-height: 115%; font-family: 'Arial','sans-serif';\">Embora a pr\u00e1tica seja considerada ideal, h\u00e1 ainda escolas que n\u00e3o usam a educa\u00e7\u00e3o com par\u00e2metro curricular. Segundo Andrade (2000), fatores como o tamanho da escola, n\u00famero de alunos e de professores, predisposi\u00e7\u00e3o destes professores em passar por um processo de treinamento, vontade da diretoria de realmente implementar um projeto ambiental que v\u00e1 alterar a rotina na escola, etc., al\u00e9m de fatores resultantes da integra\u00e7\u00e3o dos acima citados e ainda outros, podem servir como obst\u00e1culos \u00e0 implementa\u00e7\u00e3o da Educa\u00e7\u00e3o Ambiental.<br \/>\n<\/span><\/p>\n<p class=\"MsoNormal\" style=\"text-align: justify;\"><span style=\"font-size: 10pt; line-height: 115%; font-family: 'Arial','sans-serif';\">Outro aspecto \u00e9 que a Educa\u00e7\u00e3o Ambiental n\u00e3o se d\u00e1 por atividades pontuais, mas por toda uma mudan\u00e7a de paradigmas que exige uma cont\u00ednua reflex\u00e3o e apropria\u00e7\u00e3o dos valores que remetem a ela e, por isso, as dificuldades enfrentadas assumem caracter\u00edsticas ainda mais contundentes. Lavrarques (1999), analisando as pesquisas da educadora ambiental Vera Mandel, observa que em geral as pessoas s\u00e3o resistentes a mudan\u00e7as em rela\u00e7\u00e3o aos seus h\u00e1bitos que podem causar degrada\u00e7\u00e3o do meio ambiente. Mesmo sabendo das conseq\u00fc\u00eancias negativas que esses atos possam acarretar, praticamente n\u00e3o ocorrem mudan\u00e7as no comportamento das pessoas. A probabilidade do risco n\u00e3o \u00e9 suficiente para que as pessoas mudem suas atitudes.<\/span><\/p>\n<p><strong>A EA na educa\u00e7\u00e3o n\u00e3o formal<\/strong><\/p>\n<p class=\"MsoNormal\" style=\"text-align: justify;\"><span style=\"font-size: 10pt; line-height: 115%; font-family: 'Arial','sans-serif';\">A educa\u00e7\u00e3o ambiental contribui para que o indiv\u00edduo seja parte atuante na sociedade, aprendendo a agir individual e coletivamente na busca de solu\u00e7\u00f5es. Esse papel educacional tem sido cumprido pela educa\u00e7\u00e3o formal \u2013 nas escolas \u2013 e pela educa\u00e7\u00e3o n\u00e3o formal, realizada pelas ONGs, organiza\u00e7\u00f5es de cidad\u00e3os, associa\u00e7\u00f5es de moradores e trabalhos volunt\u00e1rios.<br \/>\n<\/span><\/p>\n<p class=\"MsoNormal\" style=\"text-align: justify;\"><span style=\"font-size: 10pt; line-height: 115%; font-family: 'Arial','sans-serif';\">Segundo Sorentino (1991), a Educa\u00e7\u00e3o Ambiental n\u00e3o formal tamb\u00e9m capacita e incentiva o indiv\u00edduo a acreditar em si pr\u00f3prio e no fazer coletivo, tornando mais f\u00e1cil o di\u00e1logo entre a sociedade civil, o Estado e as empresas, possibilitando a constru\u00e7\u00e3o de uma a\u00e7\u00e3o social que privilegia a dilui\u00e7\u00e3o do poder, a potencializa\u00e7\u00e3o do indiv\u00edduo e do pequeno grupo e a prote\u00e7\u00e3o, recupera\u00e7\u00e3o e melhoria da qualidade do ambiente e da vida. <\/span><\/p>\n<p class=\"MsoNormal\" style=\"text-align: right;\"><span style=\"font-size: 10pt; line-height: 115%; font-family: 'Arial','sans-serif';\"><strong>Autora: Kira Lusa Manfredini<\/strong><\/span><\/p>\n<p class=\"MsoNormal\" style=\"text-align: left;\"><span style=\"font-size: 10pt; line-height: 115%; font-family: 'Arial','sans-serif';\">\u00a0<\/span><\/p>\n<hr \/>\n<p class=\"MsoNormal\" style=\"text-align: left;\"><span style=\"font-size: 10pt; line-height: 115%; font-family: 'Arial','sans-serif';\"><strong>Refer\u00eancias Bibliogr\u00e1ficas<\/strong><\/span><\/p>\n<p>&nbsp;<\/p>\n<p class=\"MsoNormal\" style=\"text-align: justify;\"><span style=\"font-size: 10pt; line-height: 115%; font-family: 'Arial','sans-serif';\">ANDRADE, D. F. Implementa\u00e7\u00e3o da Educa\u00e7\u00e3o Ambiental em escolas: uma reflex\u00e3o. In: Funda\u00e7\u00e3o Universidade Federal do Rio Grande. Revista Eletr\u00f4nica do Mestrado em Educa\u00e7\u00e3o Ambiental, v. 4.out\/nov\/dez 2000. <\/span><\/p>\n<p class=\"MsoNormal\" style=\"text-align: justify;\"><span style=\"font-size: 10pt; line-height: 115%; font-family: 'Arial','sans-serif';\">BRASIL, Lei n\u00ba 9795 de 27.04.99. Pol\u00edtica Nacional de Educa\u00e7\u00e3o Ambiental. D.O. U. 28. 04.99.<br \/>\n<\/span><\/p>\n<p class=\"MsoNormal\" style=\"text-align: justify;\"><span style=\"font-size: 10pt; line-height: 115%; font-family: 'Arial','sans-serif';\">DIAS, G. F. Educa\u00e7\u00e3o Ambiental: princ\u00edpios e pr\u00e1ticas. S\u00e3o Paulo, Gaia, 1992.<br \/>\n_________ Genebaldo Freire. Educa\u00e7\u00e3o Ambiental: princ\u00edpios e pr\u00e1ticas. S\u00e3o Paulo, Global, 1994.<br \/>\n<\/span><\/p>\n<p class=\"MsoNormal\" style=\"text-align: justify;\"><span style=\"font-size: 10pt; line-height: 115%; font-family: 'Arial','sans-serif';\">LAVRARQUES, Philippe Pomier. Como Desenvolver uma Consci\u00eancia Ecol\u00f3gica? In: Programa de Qualifica\u00e7\u00e3o do Servidor P\u00fablico: Educa\u00e7\u00e3o Ambiental. Governo Federal\/Minist\u00e9rio do trabalho e emprego\/Plamfpr\/Fat\/SETASCAD\/Funda\u00e7\u00e3o Jo\u00e3o Pinheiro, 1999.<br \/>\n<\/span><\/p>\n<p class=\"MsoNormal\" style=\"text-align: justify;\"><span style=\"font-size: 10pt; line-height: 115%; font-family: 'Arial','sans-serif';\">LEFF, Henrique. Saber ambiental, sustentebilidade, racionalidade, complexidade, poder. Petr\u00f3polis: Vozes, 2001.<br \/>\n<\/span><\/p>\n<p class=\"MsoNormal\" style=\"text-align: justify;\"><span style=\"font-size: 10pt; line-height: 115%; font-family: 'Arial','sans-serif';\">LOUREIRO, C.F.B. Educa\u00e7\u00e3o ambiental e movimentos sociais na constru\u00e7\u00e3o da Cidadania ecol\u00f3gica e planet\u00e1ria. In: LOUREIRO, C.F.B.; <\/span><\/p>\n<p class=\"MsoNormal\" style=\"text-align: justify;\"><span style=\"font-size: 10pt; line-height: 115%; font-family: 'Arial','sans-serif';\">LAYRARGUES, P.P. &amp; CASTRO, R. S. de. (Orgs.) Educa\u00e7\u00e3o Ambiental: repensando o espa\u00e7o da cidadania. 2\u00aa edi\u00e7\u00e3o. S\u00e3o Paulo: Cortez, 2002.<br \/>\n<\/span><\/p>\n<p class=\"MsoNormal\" style=\"text-align: justify;\"><span style=\"font-size: 10pt; line-height: 115%; font-family: 'Arial','sans-serif';\">MININNI-MEDINA, Nana. \u201cElementos para a introdu\u00e7\u00e3o da dimens\u00e3o ambiental na educa\u00e7\u00e3o escolar \u2013 1\u00ba grau\u201d. Amaz\u00f4nia: uma proposta interdisciplinar de educa\u00e7\u00e3o ambiental. Bras\u00edlia, IBAMA, 1994.<br \/>\n<\/span><\/p>\n<p class=\"MsoNormal\" style=\"text-align: justify;\"><span style=\"font-size: 10pt; line-height: 115%; font-family: 'Arial','sans-serif';\">REIGOTA, Marcos. O que \u00e9 Educa\u00e7\u00e3o Ambiental. S\u00e3o Paulo: Brasiliense, 1994, 62 p.<br \/>\n<\/span><\/p>\n<p class=\"MsoNormal\" style=\"text-align: justify;\"><span style=\"font-size: 10pt; line-height: 115%; font-family: 'Arial','sans-serif';\">SORENTINO, M. Educa\u00e7\u00e3o ambiental, participa\u00e7\u00e3o e organiza\u00e7\u00e3o de cidad\u00e3os. Em Aberto, Bras\u00edlia, v.10, n.49, p. 47-56, jan.\/mar. 1991.<br \/>\n<\/span><\/p>\n<p class=\"MsoNormal\" style=\"text-align: justify;\"><span style=\"font-size: 10pt; line-height: 115%; font-family: 'Arial','sans-serif';\">VASCONCELLOS, H. S. R. A pesquisa-a\u00e7\u00e3o em projetos de Educa\u00e7\u00e3o Ambiental. In: PEDRINI, A. G. (org). Educa\u00e7\u00e3o Ambiental: reflex\u00f5es e pr\u00e1ticas contempor\u00e2neas. Petr\u00f3polis, Vozes, 1997.<\/span><\/p>\n<p class=\"MsoNormal\" style=\"text-align: justify;\">[grwebform url=&#8221;http:\/\/app.getresponse.com\/view_webform.js?wid=3381303&amp;u=SK7G&#8221; css=&#8221;on&#8221;\/]<\/p>\n","protected":false},"excerpt":{"rendered":"<p>Desde que o americano Al Gore e o Painel Intergovernamental Sobre Mudan\u00e7as Clim\u00e1ticas (IPCC) dividiram o Pr\u00eamio Nobel da Paz em 2007, o mundo tem mostrado uma grande perplexidade em rela\u00e7\u00e3o aos assuntos relacionados ao meio ambiente. Estas preocupa\u00e7\u00f5es, que para muitos pensadores inicio-se h\u00e1 muito tempo, demorou a chegar \u00e0 popula\u00e7\u00e3o em geral, o [&hellip;]<\/p>\n","protected":false},"author":1,"featured_media":0,"comment_status":"open","ping_status":"open","sticky":false,"template":"","format":"standard","meta":{"_jetpack_memberships_contains_paid_content":false,"footnotes":""},"categories":[491],"tags":[526,134,728,730,52,933],"class_list":{"0":"post-793","1":"post","2":"type-post","3":"status-publish","4":"format-standard","6":"category-educacao-ambiental-textos","7":"tag-ambiental","8":"tag-educacao-ambiental","9":"tag-educacao-formal","10":"tag-educacao-nao-formal","11":"tag-meio-ambiente","12":"tag-painel-intergovernamental-sobre-mudancas-climaticas-ipcc"},"yoast_head":"<!-- This site is optimized with the Yoast SEO plugin v25.1 - https:\/\/yoast.com\/wordpress\/plugins\/seo\/ -->\n<title>Educa\u00e7\u00e3o Ambiental nas Escolas - CENED Cursos Online<\/title>\n<meta name=\"robots\" content=\"index, follow, max-snippet:-1, max-image-preview:large, max-video-preview:-1\" \/>\n<link rel=\"canonical\" href=\"https:\/\/cenedcursos.com.br\/meio-ambiente\/escolas-educacao-ambiental\/\" \/>\n<meta property=\"og:locale\" content=\"pt_BR\" \/>\n<meta property=\"og:type\" content=\"article\" \/>\n<meta property=\"og:title\" content=\"Educa\u00e7\u00e3o Ambiental nas Escolas - CENED Cursos Online\" \/>\n<meta property=\"og:description\" content=\"Desde que o americano Al Gore e o Painel Intergovernamental Sobre Mudan\u00e7as Clim\u00e1ticas (IPCC) dividiram o Pr\u00eamio Nobel da Paz em 2007, o mundo tem mostrado uma grande perplexidade em rela\u00e7\u00e3o aos assuntos relacionados ao meio ambiente. Estas preocupa\u00e7\u00f5es, que para muitos pensadores inicio-se h\u00e1 muito tempo, demorou a chegar \u00e0 popula\u00e7\u00e3o em geral, o [&hellip;]\" \/>\n<meta property=\"og:url\" content=\"https:\/\/cenedcursos.com.br\/meio-ambiente\/escolas-educacao-ambiental\/\" \/>\n<meta property=\"og:site_name\" content=\"CENED Cursos Online\" \/>\n<meta property=\"article:published_time\" content=\"2010-10-20T21:31:20+00:00\" \/>\n<meta name=\"author\" content=\"Amarildo R. Ferrari\" \/>\n<meta name=\"twitter:card\" content=\"summary_large_image\" \/>\n<meta name=\"twitter:label1\" content=\"Escrito por\" \/>\n\t<meta name=\"twitter:data1\" content=\"Amarildo R. Ferrari\" \/>\n\t<meta name=\"twitter:label2\" content=\"Est. tempo de leitura\" \/>\n\t<meta name=\"twitter:data2\" content=\"11 minutos\" \/>\n<script type=\"application\/ld+json\" class=\"yoast-schema-graph\">{\"@context\":\"https:\/\/schema.org\",\"@graph\":[{\"@type\":\"WebPage\",\"@id\":\"https:\/\/cenedcursos.com.br\/meio-ambiente\/escolas-educacao-ambiental\/\",\"url\":\"https:\/\/cenedcursos.com.br\/meio-ambiente\/escolas-educacao-ambiental\/\",\"name\":\"Educa\u00e7\u00e3o Ambiental nas Escolas - CENED Cursos Online\",\"isPartOf\":{\"@id\":\"https:\/\/cenedcursos.com.br\/meio-ambiente\/#website\"},\"datePublished\":\"2010-10-20T21:31:20+00:00\",\"author\":{\"@id\":\"https:\/\/cenedcursos.com.br\/meio-ambiente\/#\/schema\/person\/64377d24cdc16779a1eb6229894af388\"},\"breadcrumb\":{\"@id\":\"https:\/\/cenedcursos.com.br\/meio-ambiente\/escolas-educacao-ambiental\/#breadcrumb\"},\"inLanguage\":\"pt-BR\",\"potentialAction\":[{\"@type\":\"ReadAction\",\"target\":[\"https:\/\/cenedcursos.com.br\/meio-ambiente\/escolas-educacao-ambiental\/\"]}]},{\"@type\":\"BreadcrumbList\",\"@id\":\"https:\/\/cenedcursos.com.br\/meio-ambiente\/escolas-educacao-ambiental\/#breadcrumb\",\"itemListElement\":[{\"@type\":\"ListItem\",\"position\":1,\"name\":\"In\u00edcio\",\"item\":\"https:\/\/cenedcursos.com.br\/meio-ambiente\/\"},{\"@type\":\"ListItem\",\"position\":2,\"name\":\"Educa\u00e7\u00e3o Ambiental nas Escolas\"}]},{\"@type\":\"WebSite\",\"@id\":\"https:\/\/cenedcursos.com.br\/meio-ambiente\/#website\",\"url\":\"https:\/\/cenedcursos.com.br\/meio-ambiente\/\",\"name\":\"CENED Cursos Online\",\"description\":\"Aqui voc\u00ea encontra artigos em diversas \u00e1reas do conhecimento: meio ambiente, educa\u00e7\u00e3o, marketing digital, neg\u00f3cios online e muito mais.\",\"potentialAction\":[{\"@type\":\"SearchAction\",\"target\":{\"@type\":\"EntryPoint\",\"urlTemplate\":\"https:\/\/cenedcursos.com.br\/meio-ambiente\/?s={search_term_string}\"},\"query-input\":{\"@type\":\"PropertyValueSpecification\",\"valueRequired\":true,\"valueName\":\"search_term_string\"}}],\"inLanguage\":\"pt-BR\"},{\"@type\":\"Person\",\"@id\":\"https:\/\/cenedcursos.com.br\/meio-ambiente\/#\/schema\/person\/64377d24cdc16779a1eb6229894af388\",\"name\":\"Amarildo R. Ferrari\",\"image\":{\"@type\":\"ImageObject\",\"inLanguage\":\"pt-BR\",\"@id\":\"https:\/\/cenedcursos.com.br\/meio-ambiente\/#\/schema\/person\/image\/\",\"url\":\"https:\/\/secure.gravatar.com\/avatar\/6ea4248ca9f295c93f1b72f8398232f0fbbffe30349e6ec3839cfa5e09b0de3c?s=96&d=mm&r=g\",\"contentUrl\":\"https:\/\/secure.gravatar.com\/avatar\/6ea4248ca9f295c93f1b72f8398232f0fbbffe30349e6ec3839cfa5e09b0de3c?s=96&d=mm&r=g\",\"caption\":\"Amarildo R. Ferrari\"},\"sameAs\":[\"https:\/\/cenedcursos.com.br\/meio-ambiente\"],\"url\":\"https:\/\/cenedcursos.com.br\/meio-ambiente\/author\/admin\/\"}]}<\/script>\n<!-- \/ Yoast SEO plugin. -->","yoast_head_json":{"title":"Educa\u00e7\u00e3o Ambiental nas Escolas - CENED Cursos Online","robots":{"index":"index","follow":"follow","max-snippet":"max-snippet:-1","max-image-preview":"max-image-preview:large","max-video-preview":"max-video-preview:-1"},"canonical":"https:\/\/cenedcursos.com.br\/meio-ambiente\/escolas-educacao-ambiental\/","og_locale":"pt_BR","og_type":"article","og_title":"Educa\u00e7\u00e3o Ambiental nas Escolas - CENED Cursos Online","og_description":"Desde que o americano Al Gore e o Painel Intergovernamental Sobre Mudan\u00e7as Clim\u00e1ticas (IPCC) dividiram o Pr\u00eamio Nobel da Paz em 2007, o mundo tem mostrado uma grande perplexidade em rela\u00e7\u00e3o aos assuntos relacionados ao meio ambiente. Estas preocupa\u00e7\u00f5es, que para muitos pensadores inicio-se h\u00e1 muito tempo, demorou a chegar \u00e0 popula\u00e7\u00e3o em geral, o [&hellip;]","og_url":"https:\/\/cenedcursos.com.br\/meio-ambiente\/escolas-educacao-ambiental\/","og_site_name":"CENED Cursos Online","article_published_time":"2010-10-20T21:31:20+00:00","author":"Amarildo R. Ferrari","twitter_card":"summary_large_image","twitter_misc":{"Escrito por":"Amarildo R. Ferrari","Est. tempo de leitura":"11 minutos"},"schema":{"@context":"https:\/\/schema.org","@graph":[{"@type":"WebPage","@id":"https:\/\/cenedcursos.com.br\/meio-ambiente\/escolas-educacao-ambiental\/","url":"https:\/\/cenedcursos.com.br\/meio-ambiente\/escolas-educacao-ambiental\/","name":"Educa\u00e7\u00e3o Ambiental nas Escolas - CENED Cursos Online","isPartOf":{"@id":"https:\/\/cenedcursos.com.br\/meio-ambiente\/#website"},"datePublished":"2010-10-20T21:31:20+00:00","author":{"@id":"https:\/\/cenedcursos.com.br\/meio-ambiente\/#\/schema\/person\/64377d24cdc16779a1eb6229894af388"},"breadcrumb":{"@id":"https:\/\/cenedcursos.com.br\/meio-ambiente\/escolas-educacao-ambiental\/#breadcrumb"},"inLanguage":"pt-BR","potentialAction":[{"@type":"ReadAction","target":["https:\/\/cenedcursos.com.br\/meio-ambiente\/escolas-educacao-ambiental\/"]}]},{"@type":"BreadcrumbList","@id":"https:\/\/cenedcursos.com.br\/meio-ambiente\/escolas-educacao-ambiental\/#breadcrumb","itemListElement":[{"@type":"ListItem","position":1,"name":"In\u00edcio","item":"https:\/\/cenedcursos.com.br\/meio-ambiente\/"},{"@type":"ListItem","position":2,"name":"Educa\u00e7\u00e3o Ambiental nas Escolas"}]},{"@type":"WebSite","@id":"https:\/\/cenedcursos.com.br\/meio-ambiente\/#website","url":"https:\/\/cenedcursos.com.br\/meio-ambiente\/","name":"CENED Cursos Online","description":"Aqui voc\u00ea encontra artigos em diversas \u00e1reas do conhecimento: meio ambiente, educa\u00e7\u00e3o, marketing digital, neg\u00f3cios online e muito mais.","potentialAction":[{"@type":"SearchAction","target":{"@type":"EntryPoint","urlTemplate":"https:\/\/cenedcursos.com.br\/meio-ambiente\/?s={search_term_string}"},"query-input":{"@type":"PropertyValueSpecification","valueRequired":true,"valueName":"search_term_string"}}],"inLanguage":"pt-BR"},{"@type":"Person","@id":"https:\/\/cenedcursos.com.br\/meio-ambiente\/#\/schema\/person\/64377d24cdc16779a1eb6229894af388","name":"Amarildo R. Ferrari","image":{"@type":"ImageObject","inLanguage":"pt-BR","@id":"https:\/\/cenedcursos.com.br\/meio-ambiente\/#\/schema\/person\/image\/","url":"https:\/\/secure.gravatar.com\/avatar\/6ea4248ca9f295c93f1b72f8398232f0fbbffe30349e6ec3839cfa5e09b0de3c?s=96&d=mm&r=g","contentUrl":"https:\/\/secure.gravatar.com\/avatar\/6ea4248ca9f295c93f1b72f8398232f0fbbffe30349e6ec3839cfa5e09b0de3c?s=96&d=mm&r=g","caption":"Amarildo R. Ferrari"},"sameAs":["https:\/\/cenedcursos.com.br\/meio-ambiente"],"url":"https:\/\/cenedcursos.com.br\/meio-ambiente\/author\/admin\/"}]}},"jetpack_featured_media_url":"","jetpack_sharing_enabled":true,"_links":{"self":[{"href":"https:\/\/cenedcursos.com.br\/meio-ambiente\/wp-json\/wp\/v2\/posts\/793","targetHints":{"allow":["GET"]}}],"collection":[{"href":"https:\/\/cenedcursos.com.br\/meio-ambiente\/wp-json\/wp\/v2\/posts"}],"about":[{"href":"https:\/\/cenedcursos.com.br\/meio-ambiente\/wp-json\/wp\/v2\/types\/post"}],"author":[{"embeddable":true,"href":"https:\/\/cenedcursos.com.br\/meio-ambiente\/wp-json\/wp\/v2\/users\/1"}],"replies":[{"embeddable":true,"href":"https:\/\/cenedcursos.com.br\/meio-ambiente\/wp-json\/wp\/v2\/comments?post=793"}],"version-history":[{"count":0,"href":"https:\/\/cenedcursos.com.br\/meio-ambiente\/wp-json\/wp\/v2\/posts\/793\/revisions"}],"wp:attachment":[{"href":"https:\/\/cenedcursos.com.br\/meio-ambiente\/wp-json\/wp\/v2\/media?parent=793"}],"wp:term":[{"taxonomy":"category","embeddable":true,"href":"https:\/\/cenedcursos.com.br\/meio-ambiente\/wp-json\/wp\/v2\/categories?post=793"},{"taxonomy":"post_tag","embeddable":true,"href":"https:\/\/cenedcursos.com.br\/meio-ambiente\/wp-json\/wp\/v2\/tags?post=793"}],"curies":[{"name":"wp","href":"https:\/\/api.w.org\/{rel}","templated":true}]}}