{"id":8255,"date":"2017-04-03T20:52:35","date_gmt":"2017-04-03T23:52:35","guid":{"rendered":"https:\/\/www.cenedcursos.com.br\/meio-ambiente\/fao-aponta-necessidade-de-tornar-producao-de-carvao-vegetal-mais-sustentavel\/"},"modified":"2021-05-24T09:52:23","modified_gmt":"2021-05-24T12:52:23","slug":"producao-carvao-vegetal-mais-sustentavel","status":"publish","type":"post","link":"https:\/\/cenedcursos.com.br\/meio-ambiente\/producao-carvao-vegetal-mais-sustentavel\/","title":{"rendered":"FAO aponta necessidade de tornar produ\u00e7\u00e3o de carv\u00e3o vegetal mais sustent\u00e1vel"},"content":{"rendered":"<div>\n<p style=\"text-align: center;\"><em>O Brasil \u00e9 o maior produtor de carv\u00e3o vegetal regional e do mundo: produziu 6,2 milh\u00f5es de toneladas em 2015, 12% da produ\u00e7\u00e3o global<\/em><\/p>\n<p style=\"text-align: justify;\">Um relat\u00f3rio divulgado na quinta-feira, 23 de mar\u00e7o, pela Organiza\u00e7\u00e3o das Na\u00e7\u00f5es Unidas para a Alimenta\u00e7\u00e3o e a Agricultura (FAO) indicou que a regi\u00e3o da Am\u00e9rica Latina e do Caribe \u00e9 superada apenas pelo continente africano em termos de produ\u00e7\u00e3o e uso per capita de carv\u00e3o vegetal, sendo o Brasil o maior produtor do mundo.<\/p>\n<p style=\"text-align: justify;\">O documento aponta a necessidade de tornar mais eficiente a produ\u00e7\u00e3o e o uso dessa mat\u00e9ria-prima, com o objetivo de reduzir as emiss\u00f5es de gases de <a href=\"https:\/\/www.cenedcursos.com.br\/meio-ambiente\/saida-efeitoestufa\/\" target=\"_blank\" rel=\"noopener noreferrer\">efeito estufa<\/a>.<\/p>\n<p style=\"text-align: justify;\">O relat\u00f3rio \u201cA transi\u00e7\u00e3o do carv\u00e3o\u201d destaca que a regi\u00e3o latino-americana e caribenha produziu cerca de 8,9 milh\u00f5es de toneladas de carv\u00e3o em 2015, abaixo apenas da \u00c1frica, que produziu 62%, 32 milh\u00f5es de toneladas.<\/p>\n<p style=\"text-align: justify;\">O Brasil \u00e9 o maior produtor de carv\u00e3o vegetal regional e do mundo: produziu 6,2 milh\u00f5es de toneladas em 2015, 12% da produ\u00e7\u00e3o global. No pa\u00eds, mais de 90% do carv\u00e3o vegetal vem da madeira e \u00e9 utilizado pelo setor industrial, principalmente a ind\u00fastria metal\u00fargica, que utiliza 80% do total, diferentemente de outros pa\u00edses da regi\u00e3o, em que o carv\u00e3o \u00e9 utilizado principalmente na ind\u00fastria de alimentos e nas resid\u00eancias.<\/p>\n<p style=\"text-align: justify;\">Cerca da metade da popula\u00e7\u00e3o da Am\u00e9rica Central, aproximadamente 22,5 milh\u00f5es de pessoas, depende da lenha e do carv\u00e3o vegetal para satisfazer as necessidades energ\u00e9ticas b\u00e1sicas.<\/p>\n<p style=\"text-align: justify;\"><strong>Gases de efeito estufa<\/strong><br \/>\nDe acordo com o relat\u00f3rio da FAO, em 2010, cerca de 7% das necessidades energ\u00e9ticas prim\u00e1rias da Am\u00e9rica Latina foram cobertas com energia proveniente da madeira.<\/p>\n<p style=\"text-align: justify;\">Em 2010, a Am\u00e9rica Latina e Caribe emitiu 371 milh\u00f5es de toneladas m\u00e9tricas de di\u00f3xido de carbono (Mt CO2), pelo uso de madeira e carv\u00e3o, 297 milh\u00f5es de toneladas proveniente da madeira e 74 milh\u00f5es de toneladas de CO<sub>2<\/sub> pelo uso e produ\u00e7\u00e3o de carv\u00e3o.<\/p>\n<p style=\"text-align: justify;\">A FAO recomenda que os governos criem um ambiente pol\u00edtico prop\u00edcio e um clima de investimento atrativo que leve \u00e0 transi\u00e7\u00e3o para uma moderniza\u00e7\u00e3o do setor.<br \/>\nSegundo o estudo, em \u00e2mbito global, uma mudan\u00e7a de fog\u00f5es ou fornos tradicionais para fornos modernos e eficientes para a produ\u00e7\u00e3o de carv\u00e3o poderia reduzir as emiss\u00f5es de gases de efeito estufa em 80%. Al\u00e9m disso, a transi\u00e7\u00e3o de cozinhas tradicionais para outras de \u00faltima gera\u00e7\u00e3o poderia reduzir as emiss\u00f5es em cerca de 60% em \u00e2mbito global.<\/p>\n<p style=\"text-align: justify;\"><strong>Fonte energ\u00e9tica<\/strong><br \/>\nCerca da metade da popula\u00e7\u00e3o da Am\u00e9rica Central, aproximadamente 22,5 milh\u00f5es de pessoas, depende da lenha e do carv\u00e3o para satisfazer as necessidades energ\u00e9ticas b\u00e1sicas. De acordo com a FAO, o consumo de lenha na Am\u00e9rica Central em 2013 foi de 42,5 milh\u00f5es de metros c\u00fabicos.<\/p>\n<p style=\"text-align: justify;\">O maior percentual de consumo de lenha \u00e9 destinado ao cozimento de alimentos e uma menor propor\u00e7\u00e3o \u00e9 utilizada para calefa\u00e7\u00e3o e na pequena ind\u00fastria. A lenha \u00e9 a fonte prim\u00e1ria de energia para fam\u00edlias rurais de Guatemala, Honduras e Nicar\u00e1gua, com aproximadamente 18 milh\u00f5es de habitantes dependendo desse recurso.<\/p>\n<p style=\"text-align: justify;\">Segundo o \u201cPerfil Ambiental e Sistema de Contas Ambientais da Guatemala\u201d, 95% da madeira consumida no pa\u00eds \u00e9 extra\u00edda de forma n\u00e3o controlada. Desse volume, 76% s\u00e3o usados para lenha e 24% para outros usos.<\/p>\n<p style=\"text-align: justify;\">O governo da Guatemala desenvolveu planos de uso sustent\u00e1vel de lenha e uma estrat\u00e9gia e pol\u00edtica nacional para uso desse recurso energ\u00e9tico de responsabilidade do Instituto Nacional de Bosques (INAB).<\/p>\n<p style=\"text-align: justify;\">Em Honduras, o consumo de lenha cobriu 43% da matriz energ\u00e9tica do pa\u00eds no per\u00edodo 2005-2011. O governo do pa\u00eds impulsiona o programa social \u201cVida Melhor\u201d que fomenta o uso de eco-fog\u00f5es, destinando 20 milh\u00f5es de d\u00f3lares anuais para prover de fog\u00f5es limpos a 800 mil fam\u00edlias pobres at\u00e9 2018 para reduzir os impactos negativos do uso n\u00e3o eficiente de lenha na sa\u00fade humana e no meio ambiente.<\/p>\n<p style=\"text-align: justify;\"><strong>Recursos florestais<\/strong><br \/>\nSegundo a FAO, a Am\u00e9rica Latina e Caribe tem 935,5 milh\u00f5es de hectares de florestas, 23,4% da superf\u00edcie de florestas do mundo, o que representa 36% das reservas globais de carv\u00e3o em biomassa viva (107 gigatoneladas). Metade desses recursos s\u00e3o florestas prim\u00e1rias, 48% s\u00e3o florestas regeneradas de maneira natural e 2% s\u00e3o planta\u00e7\u00f5es.<\/p>\n<p style=\"text-align: justify;\">O panorama n\u00e3o \u00e9 muito diferente em \u00e2mbito sub-regional, enquanto que 45% das florestas da Am\u00e9rica Central s\u00e3o prim\u00e1rias e 54% da Amaz\u00f4nia, apenas 3% das florestas do Caribe s\u00e3o florestas prim\u00e1rias, percentual que alcan\u00e7a 15% na Am\u00e9rica do Sul.<\/p>\n<p style=\"text-align: justify;\">A maior parte das florestas no Caribe e na Amaz\u00f4nia \u00e9 de propriedade p\u00fablica, enquanto na Am\u00e9rica Central e no Cone Sul a maior fatia \u00e9 privada. Segundo a FAO, apenas 15% das florestas da regi\u00e3o tem plano de manejo.<\/p>\n<p style=\"text-align: justify;\"><em>(Via ONU Brasil)<\/em><\/p>\n<\/div>\n","protected":false},"excerpt":{"rendered":"<p>O Brasil \u00e9 o maior produtor de carv\u00e3o vegetal regional e do mundo: produziu 6,2 milh\u00f5es de toneladas em 2015, 12% da produ\u00e7\u00e3o global Um relat\u00f3rio divulgado na quinta-feira, 23 de mar\u00e7o, pela Organiza\u00e7\u00e3o das Na\u00e7\u00f5es Unidas para a Alimenta\u00e7\u00e3o e a Agricultura (FAO) indicou que a regi\u00e3o da Am\u00e9rica Latina e do Caribe \u00e9 [&hellip;]<\/p>\n","protected":false},"author":1,"featured_media":0,"comment_status":"open","ping_status":"open","sticky":false,"template":"","format":"standard","meta":{"_jetpack_memberships_contains_paid_content":false,"footnotes":""},"categories":[495],"tags":[365],"class_list":{"0":"post-8255","1":"post","2":"type-post","3":"status-publish","4":"format-standard","6":"category-impactos-ambientais-textos","7":"tag-carvao-vegetal"},"yoast_head":"<!-- This site is optimized with the Yoast SEO plugin v25.1 - https:\/\/yoast.com\/wordpress\/plugins\/seo\/ -->\n<title>Carv\u00e3o Vegetal necessita produ\u00e7\u00e3o mais sustent\u00e1vel - CENED Cursos<\/title>\n<meta name=\"description\" content=\"A regi\u00e3o da Am\u00e9rica Latina e do Caribe \u00e9 superada apenas pelo continente africano em termos de produ\u00e7\u00e3o e uso per capita de carv\u00e3o vegetal, sendo o Brasil o\" \/>\n<meta name=\"robots\" content=\"index, follow, max-snippet:-1, max-image-preview:large, max-video-preview:-1\" \/>\n<link rel=\"canonical\" href=\"https:\/\/cenedcursos.com.br\/meio-ambiente\/producao-carvao-vegetal-mais-sustentavel\/\" \/>\n<meta property=\"og:locale\" content=\"pt_BR\" \/>\n<meta property=\"og:type\" content=\"article\" \/>\n<meta property=\"og:title\" content=\"Carv\u00e3o Vegetal necessita produ\u00e7\u00e3o mais sustent\u00e1vel - CENED Cursos\" \/>\n<meta property=\"og:description\" content=\"A regi\u00e3o da Am\u00e9rica Latina e do Caribe \u00e9 superada apenas pelo continente africano em termos de produ\u00e7\u00e3o e uso per capita de carv\u00e3o vegetal, sendo o Brasil o\" \/>\n<meta property=\"og:url\" content=\"https:\/\/cenedcursos.com.br\/meio-ambiente\/producao-carvao-vegetal-mais-sustentavel\/\" \/>\n<meta property=\"og:site_name\" content=\"CENED Cursos Online\" \/>\n<meta property=\"article:published_time\" content=\"2017-04-03T23:52:35+00:00\" \/>\n<meta property=\"article:modified_time\" content=\"2021-05-24T12:52:23+00:00\" \/>\n<meta name=\"author\" content=\"Amarildo R. Ferrari\" \/>\n<meta name=\"twitter:card\" content=\"summary_large_image\" \/>\n<meta name=\"twitter:label1\" content=\"Escrito por\" \/>\n\t<meta name=\"twitter:data1\" content=\"Amarildo R. Ferrari\" \/>\n\t<meta name=\"twitter:label2\" content=\"Est. tempo de leitura\" \/>\n\t<meta name=\"twitter:data2\" content=\"4 minutos\" \/>\n<script type=\"application\/ld+json\" class=\"yoast-schema-graph\">{\"@context\":\"https:\/\/schema.org\",\"@graph\":[{\"@type\":\"WebPage\",\"@id\":\"https:\/\/cenedcursos.com.br\/meio-ambiente\/producao-carvao-vegetal-mais-sustentavel\/\",\"url\":\"https:\/\/cenedcursos.com.br\/meio-ambiente\/producao-carvao-vegetal-mais-sustentavel\/\",\"name\":\"Carv\u00e3o Vegetal necessita produ\u00e7\u00e3o mais sustent\u00e1vel - CENED Cursos\",\"isPartOf\":{\"@id\":\"https:\/\/cenedcursos.com.br\/meio-ambiente\/#website\"},\"datePublished\":\"2017-04-03T23:52:35+00:00\",\"dateModified\":\"2021-05-24T12:52:23+00:00\",\"author\":{\"@id\":\"https:\/\/cenedcursos.com.br\/meio-ambiente\/#\/schema\/person\/64377d24cdc16779a1eb6229894af388\"},\"description\":\"A regi\u00e3o da Am\u00e9rica Latina e do Caribe \u00e9 superada apenas pelo continente africano em termos de produ\u00e7\u00e3o e uso per capita de carv\u00e3o vegetal, sendo o Brasil o\",\"breadcrumb\":{\"@id\":\"https:\/\/cenedcursos.com.br\/meio-ambiente\/producao-carvao-vegetal-mais-sustentavel\/#breadcrumb\"},\"inLanguage\":\"pt-BR\",\"potentialAction\":[{\"@type\":\"ReadAction\",\"target\":[\"https:\/\/cenedcursos.com.br\/meio-ambiente\/producao-carvao-vegetal-mais-sustentavel\/\"]}]},{\"@type\":\"BreadcrumbList\",\"@id\":\"https:\/\/cenedcursos.com.br\/meio-ambiente\/producao-carvao-vegetal-mais-sustentavel\/#breadcrumb\",\"itemListElement\":[{\"@type\":\"ListItem\",\"position\":1,\"name\":\"In\u00edcio\",\"item\":\"https:\/\/cenedcursos.com.br\/meio-ambiente\/\"},{\"@type\":\"ListItem\",\"position\":2,\"name\":\"FAO aponta necessidade de tornar produ\u00e7\u00e3o de carv\u00e3o vegetal mais sustent\u00e1vel\"}]},{\"@type\":\"WebSite\",\"@id\":\"https:\/\/cenedcursos.com.br\/meio-ambiente\/#website\",\"url\":\"https:\/\/cenedcursos.com.br\/meio-ambiente\/\",\"name\":\"CENED Cursos Online\",\"description\":\"Aqui voc\u00ea encontra artigos em diversas \u00e1reas do conhecimento: meio ambiente, educa\u00e7\u00e3o, marketing digital, neg\u00f3cios online e muito mais.\",\"potentialAction\":[{\"@type\":\"SearchAction\",\"target\":{\"@type\":\"EntryPoint\",\"urlTemplate\":\"https:\/\/cenedcursos.com.br\/meio-ambiente\/?s={search_term_string}\"},\"query-input\":{\"@type\":\"PropertyValueSpecification\",\"valueRequired\":true,\"valueName\":\"search_term_string\"}}],\"inLanguage\":\"pt-BR\"},{\"@type\":\"Person\",\"@id\":\"https:\/\/cenedcursos.com.br\/meio-ambiente\/#\/schema\/person\/64377d24cdc16779a1eb6229894af388\",\"name\":\"Amarildo R. Ferrari\",\"image\":{\"@type\":\"ImageObject\",\"inLanguage\":\"pt-BR\",\"@id\":\"https:\/\/cenedcursos.com.br\/meio-ambiente\/#\/schema\/person\/image\/\",\"url\":\"https:\/\/secure.gravatar.com\/avatar\/6ea4248ca9f295c93f1b72f8398232f0fbbffe30349e6ec3839cfa5e09b0de3c?s=96&d=mm&r=g\",\"contentUrl\":\"https:\/\/secure.gravatar.com\/avatar\/6ea4248ca9f295c93f1b72f8398232f0fbbffe30349e6ec3839cfa5e09b0de3c?s=96&d=mm&r=g\",\"caption\":\"Amarildo R. Ferrari\"},\"sameAs\":[\"https:\/\/cenedcursos.com.br\/meio-ambiente\"],\"url\":\"https:\/\/cenedcursos.com.br\/meio-ambiente\/author\/admin\/\"}]}<\/script>\n<!-- \/ Yoast SEO plugin. -->","yoast_head_json":{"title":"Carv\u00e3o Vegetal necessita produ\u00e7\u00e3o mais sustent\u00e1vel - CENED Cursos","description":"A regi\u00e3o da Am\u00e9rica Latina e do Caribe \u00e9 superada apenas pelo continente africano em termos de produ\u00e7\u00e3o e uso per capita de carv\u00e3o vegetal, sendo o Brasil o","robots":{"index":"index","follow":"follow","max-snippet":"max-snippet:-1","max-image-preview":"max-image-preview:large","max-video-preview":"max-video-preview:-1"},"canonical":"https:\/\/cenedcursos.com.br\/meio-ambiente\/producao-carvao-vegetal-mais-sustentavel\/","og_locale":"pt_BR","og_type":"article","og_title":"Carv\u00e3o Vegetal necessita produ\u00e7\u00e3o mais sustent\u00e1vel - CENED Cursos","og_description":"A regi\u00e3o da Am\u00e9rica Latina e do Caribe \u00e9 superada apenas pelo continente africano em termos de produ\u00e7\u00e3o e uso per capita de carv\u00e3o vegetal, sendo o Brasil o","og_url":"https:\/\/cenedcursos.com.br\/meio-ambiente\/producao-carvao-vegetal-mais-sustentavel\/","og_site_name":"CENED Cursos Online","article_published_time":"2017-04-03T23:52:35+00:00","article_modified_time":"2021-05-24T12:52:23+00:00","author":"Amarildo R. Ferrari","twitter_card":"summary_large_image","twitter_misc":{"Escrito por":"Amarildo R. Ferrari","Est. tempo de leitura":"4 minutos"},"schema":{"@context":"https:\/\/schema.org","@graph":[{"@type":"WebPage","@id":"https:\/\/cenedcursos.com.br\/meio-ambiente\/producao-carvao-vegetal-mais-sustentavel\/","url":"https:\/\/cenedcursos.com.br\/meio-ambiente\/producao-carvao-vegetal-mais-sustentavel\/","name":"Carv\u00e3o Vegetal necessita produ\u00e7\u00e3o mais sustent\u00e1vel - CENED Cursos","isPartOf":{"@id":"https:\/\/cenedcursos.com.br\/meio-ambiente\/#website"},"datePublished":"2017-04-03T23:52:35+00:00","dateModified":"2021-05-24T12:52:23+00:00","author":{"@id":"https:\/\/cenedcursos.com.br\/meio-ambiente\/#\/schema\/person\/64377d24cdc16779a1eb6229894af388"},"description":"A regi\u00e3o da Am\u00e9rica Latina e do Caribe \u00e9 superada apenas pelo continente africano em termos de produ\u00e7\u00e3o e uso per capita de carv\u00e3o vegetal, sendo o Brasil o","breadcrumb":{"@id":"https:\/\/cenedcursos.com.br\/meio-ambiente\/producao-carvao-vegetal-mais-sustentavel\/#breadcrumb"},"inLanguage":"pt-BR","potentialAction":[{"@type":"ReadAction","target":["https:\/\/cenedcursos.com.br\/meio-ambiente\/producao-carvao-vegetal-mais-sustentavel\/"]}]},{"@type":"BreadcrumbList","@id":"https:\/\/cenedcursos.com.br\/meio-ambiente\/producao-carvao-vegetal-mais-sustentavel\/#breadcrumb","itemListElement":[{"@type":"ListItem","position":1,"name":"In\u00edcio","item":"https:\/\/cenedcursos.com.br\/meio-ambiente\/"},{"@type":"ListItem","position":2,"name":"FAO aponta necessidade de tornar produ\u00e7\u00e3o de carv\u00e3o vegetal mais sustent\u00e1vel"}]},{"@type":"WebSite","@id":"https:\/\/cenedcursos.com.br\/meio-ambiente\/#website","url":"https:\/\/cenedcursos.com.br\/meio-ambiente\/","name":"CENED Cursos Online","description":"Aqui voc\u00ea encontra artigos em diversas \u00e1reas do conhecimento: meio ambiente, educa\u00e7\u00e3o, marketing digital, neg\u00f3cios online e muito mais.","potentialAction":[{"@type":"SearchAction","target":{"@type":"EntryPoint","urlTemplate":"https:\/\/cenedcursos.com.br\/meio-ambiente\/?s={search_term_string}"},"query-input":{"@type":"PropertyValueSpecification","valueRequired":true,"valueName":"search_term_string"}}],"inLanguage":"pt-BR"},{"@type":"Person","@id":"https:\/\/cenedcursos.com.br\/meio-ambiente\/#\/schema\/person\/64377d24cdc16779a1eb6229894af388","name":"Amarildo R. Ferrari","image":{"@type":"ImageObject","inLanguage":"pt-BR","@id":"https:\/\/cenedcursos.com.br\/meio-ambiente\/#\/schema\/person\/image\/","url":"https:\/\/secure.gravatar.com\/avatar\/6ea4248ca9f295c93f1b72f8398232f0fbbffe30349e6ec3839cfa5e09b0de3c?s=96&d=mm&r=g","contentUrl":"https:\/\/secure.gravatar.com\/avatar\/6ea4248ca9f295c93f1b72f8398232f0fbbffe30349e6ec3839cfa5e09b0de3c?s=96&d=mm&r=g","caption":"Amarildo R. Ferrari"},"sameAs":["https:\/\/cenedcursos.com.br\/meio-ambiente"],"url":"https:\/\/cenedcursos.com.br\/meio-ambiente\/author\/admin\/"}]}},"jetpack_featured_media_url":"","jetpack_sharing_enabled":true,"_links":{"self":[{"href":"https:\/\/cenedcursos.com.br\/meio-ambiente\/wp-json\/wp\/v2\/posts\/8255","targetHints":{"allow":["GET"]}}],"collection":[{"href":"https:\/\/cenedcursos.com.br\/meio-ambiente\/wp-json\/wp\/v2\/posts"}],"about":[{"href":"https:\/\/cenedcursos.com.br\/meio-ambiente\/wp-json\/wp\/v2\/types\/post"}],"author":[{"embeddable":true,"href":"https:\/\/cenedcursos.com.br\/meio-ambiente\/wp-json\/wp\/v2\/users\/1"}],"replies":[{"embeddable":true,"href":"https:\/\/cenedcursos.com.br\/meio-ambiente\/wp-json\/wp\/v2\/comments?post=8255"}],"version-history":[{"count":0,"href":"https:\/\/cenedcursos.com.br\/meio-ambiente\/wp-json\/wp\/v2\/posts\/8255\/revisions"}],"wp:attachment":[{"href":"https:\/\/cenedcursos.com.br\/meio-ambiente\/wp-json\/wp\/v2\/media?parent=8255"}],"wp:term":[{"taxonomy":"category","embeddable":true,"href":"https:\/\/cenedcursos.com.br\/meio-ambiente\/wp-json\/wp\/v2\/categories?post=8255"},{"taxonomy":"post_tag","embeddable":true,"href":"https:\/\/cenedcursos.com.br\/meio-ambiente\/wp-json\/wp\/v2\/tags?post=8255"}],"curies":[{"name":"wp","href":"https:\/\/api.w.org\/{rel}","templated":true}]}}