{"id":8259,"date":"2017-04-04T00:56:49","date_gmt":"2017-04-04T03:56:49","guid":{"rendered":"https:\/\/www.cenedcursos.com.br\/meio-ambiente\/escassez-de-agua-ate-2040-deve-afetar-660-milhoes-de-criancas\/"},"modified":"2023-04-12T15:01:10","modified_gmt":"2023-04-12T18:01:10","slug":"escassez-de-agua-ate-2040-deve-afetar-660-milhoes-de-criancas","status":"publish","type":"post","link":"https:\/\/cenedcursos.com.br\/meio-ambiente\/escassez-de-agua-ate-2040-deve-afetar-660-milhoes-de-criancas\/","title":{"rendered":"Escassez de \u00e1gua at\u00e9 2040 deve afetar 660 milh\u00f5es de crian\u00e7as"},"content":{"rendered":"<div>\n<p style=\"text-align: justify;\">O Fundo das Na\u00e7\u00f5es Unidas para a Inf\u00e2ncia (Unicef) alertou que 660 milh\u00f5es de crian\u00e7as v\u00e3o viver em regi\u00f5es com escassez de \u00e1gua at\u00e9 2040. O relat\u00f3rio &#8220;Sede do Futuro: \u00c1gua e Crian\u00e7as num Clima em Mudan\u00e7a&#8221; foi lan\u00e7ado nesta quarta-feira, 22 de mar\u00e7o, para marcar o Dia Mundial da \u00c1gua.<\/p>\n<p style=\"text-align: justify;\">O documento analisa as amea\u00e7as \u00e0 vida e ao bem-estar das crian\u00e7as causadas pelo esgotamento das fontes de <a href=\"https:\/\/www.cenedcursos.com.br\/meio-ambiente\/agua-desafios-para-o-seculo-xxi\/\">\u00e1gua pot\u00e1vel<\/a> e a forma como as mudan\u00e7as clim\u00e1ticas v\u00e3o intensificar esses riscos no futuro.<\/p>\n<p style=\"text-align: justify;\">O relat\u00f3rio afirma que atualmente mais de 660 milh\u00f5es de pessoas no mundo n\u00e3o t\u00eam acesso a recursos h\u00eddricos adequados e quase 1 milh\u00e3o fazem suas necessidades a c\u00e9u aberto. Mais de 800 crian\u00e7as com menos de cinco anos morrem diariamente de diarreia porque n\u00e3o t\u00eam acesso \u00e0 \u00e1gua pot\u00e1vel, <a href=\"https:\/\/cenedcursos.com.br\/meio-ambiente\/meio-ambiente-saneamento-basico\/\">saneamento b\u00e1sico<\/a> e condi\u00e7\u00f5es adequadas de higiene. Segundo os especialistas do Unicef, mulheres e meninas gastam 200 milh\u00f5es de horas carregando baldes de \u00e1gua todos os dias no mundo inteiro.<\/p>\n<p style=\"text-align: justify;\"><strong>Impacto<\/strong><br \/>\nO relat\u00f3rio diz ainda que o impacto da mudan\u00e7a clim\u00e1tica pode ser evitado e faz uma s\u00e9rie de recomenda\u00e7\u00f5es, entre elas, pede que os governos planejem as altera\u00e7\u00f5es na disponibilidade e demanda de \u00e1gua pelos pr\u00f3ximos anos.<\/p>\n<p style=\"text-align: justify;\">\u00c9 preciso, acima de tudo, diz o documento, dar prioridade ao acesso de crian\u00e7as consideradas mais vulner\u00e1veis \u00e0 \u00e1gua pot\u00e1vel. As amea\u00e7as clim\u00e1ticas devem ser integradas em todas as pol\u00edticas e servi\u00e7os relacionados com \u00e1gua e saneamento.<\/p>\n<p style=\"text-align: justify;\">Para o Unicef, os <a href=\"https:\/\/www.novadax.com.br\/\" target=\"_blank\" rel=\"noopener\">investimentos<\/a> devem ter como prioridade as popula\u00e7\u00f5es de alto risco. As ind\u00fastrias t\u00eam de trabalhar com as comunidades locais para prevenir contamina\u00e7\u00e3o e as comunidades devem explorar maneiras de diversificar as fontes de \u00e1gua e aumentar a capacidade de armazenamento.<\/p>\n<p style=\"text-align: justify;\"><em>(Por Edgard J\u00fanior, da R\u00e1dio ONU)<\/em><\/p>\n<\/div>\n<p style=\"text-align: justify;\"><a href=\"http:\/\/www.ecodesenvolvimento.org\/posts\/2017\/posts\/escassez-de-agua-ate-2040-deve-afetar-660-milhoes\">Fonte do texto <\/a><\/p>\n","protected":false},"excerpt":{"rendered":"<p>O Fundo das Na\u00e7\u00f5es Unidas para a Inf\u00e2ncia (Unicef) alertou que 660 milh\u00f5es de crian\u00e7as v\u00e3o viver em regi\u00f5es com escassez de \u00e1gua at\u00e9 2040. O relat\u00f3rio &#8220;Sede do Futuro: \u00c1gua e Crian\u00e7as num Clima em Mudan\u00e7a&#8221; foi lan\u00e7ado nesta quarta-feira, 22 de mar\u00e7o, para marcar o Dia Mundial da \u00c1gua. O documento analisa as [&hellip;]<\/p>\n","protected":false},"author":1,"featured_media":12574,"comment_status":"open","ping_status":"open","sticky":false,"template":"","format":"standard","meta":{"_jetpack_memberships_contains_paid_content":false,"footnotes":""},"categories":[488],"tags":[],"class_list":{"0":"post-8259","1":"post","2":"type-post","3":"status-publish","4":"format-standard","5":"has-post-thumbnail","7":"category-agua-textos"},"yoast_head":"<!-- This site is optimized with the Yoast SEO plugin v25.1 - https:\/\/yoast.com\/wordpress\/plugins\/seo\/ -->\n<title>Escassez de \u00e1gua at\u00e9 2040 deve afetar 660 milh\u00f5es de crian\u00e7as<\/title>\n<meta name=\"description\" content=\"660 milh\u00f5es de crian\u00e7as v\u00e3o viver em regi\u00f5es com escassez de \u00e1gua at\u00e9 2040. O relat\u00f3rio &quot;Sede do Futuro: \u00c1gua e Crian\u00e7as num Clima em Mudan\u00e7a\" \/>\n<meta name=\"robots\" content=\"index, follow, max-snippet:-1, max-image-preview:large, max-video-preview:-1\" \/>\n<link rel=\"canonical\" href=\"https:\/\/cenedcursos.com.br\/meio-ambiente\/escassez-de-agua-ate-2040-deve-afetar-660-milhoes-de-criancas\/\" \/>\n<meta property=\"og:locale\" content=\"pt_BR\" \/>\n<meta property=\"og:type\" content=\"article\" \/>\n<meta property=\"og:title\" content=\"Escassez de \u00e1gua at\u00e9 2040 deve afetar 660 milh\u00f5es de crian\u00e7as\" \/>\n<meta property=\"og:description\" content=\"660 milh\u00f5es de crian\u00e7as v\u00e3o viver em regi\u00f5es com escassez de \u00e1gua at\u00e9 2040. O relat\u00f3rio &quot;Sede do Futuro: \u00c1gua e Crian\u00e7as num Clima em Mudan\u00e7a\" \/>\n<meta property=\"og:url\" content=\"https:\/\/cenedcursos.com.br\/meio-ambiente\/escassez-de-agua-ate-2040-deve-afetar-660-milhoes-de-criancas\/\" \/>\n<meta property=\"og:site_name\" content=\"CENED Cursos Online\" \/>\n<meta property=\"article:published_time\" content=\"2017-04-04T03:56:49+00:00\" \/>\n<meta property=\"article:modified_time\" content=\"2023-04-12T18:01:10+00:00\" \/>\n<meta property=\"og:image\" content=\"https:\/\/cenedcursos.com.br\/meio-ambiente\/wp-content\/uploads\/2017\/04\/escassez-de-agua.jpeg\" \/>\n\t<meta property=\"og:image:width\" content=\"1200\" \/>\n\t<meta property=\"og:image:height\" content=\"800\" \/>\n\t<meta property=\"og:image:type\" content=\"image\/jpeg\" \/>\n<meta name=\"author\" content=\"Amarildo R. Ferrari\" \/>\n<meta name=\"twitter:card\" content=\"summary_large_image\" \/>\n<meta name=\"twitter:label1\" content=\"Escrito por\" \/>\n\t<meta name=\"twitter:data1\" content=\"Amarildo R. Ferrari\" \/>\n\t<meta name=\"twitter:label2\" content=\"Est. tempo de leitura\" \/>\n\t<meta name=\"twitter:data2\" content=\"2 minutos\" \/>\n<script type=\"application\/ld+json\" class=\"yoast-schema-graph\">{\"@context\":\"https:\/\/schema.org\",\"@graph\":[{\"@type\":\"WebPage\",\"@id\":\"https:\/\/cenedcursos.com.br\/meio-ambiente\/escassez-de-agua-ate-2040-deve-afetar-660-milhoes-de-criancas\/\",\"url\":\"https:\/\/cenedcursos.com.br\/meio-ambiente\/escassez-de-agua-ate-2040-deve-afetar-660-milhoes-de-criancas\/\",\"name\":\"Escassez de \u00e1gua at\u00e9 2040 deve afetar 660 milh\u00f5es de crian\u00e7as\",\"isPartOf\":{\"@id\":\"https:\/\/cenedcursos.com.br\/meio-ambiente\/#website\"},\"primaryImageOfPage\":{\"@id\":\"https:\/\/cenedcursos.com.br\/meio-ambiente\/escassez-de-agua-ate-2040-deve-afetar-660-milhoes-de-criancas\/#primaryimage\"},\"image\":{\"@id\":\"https:\/\/cenedcursos.com.br\/meio-ambiente\/escassez-de-agua-ate-2040-deve-afetar-660-milhoes-de-criancas\/#primaryimage\"},\"thumbnailUrl\":\"https:\/\/i0.wp.com\/cenedcursos.com.br\/meio-ambiente\/wp-content\/uploads\/2017\/04\/escassez-de-agua.jpeg?fit=1200%2C800&ssl=1\",\"datePublished\":\"2017-04-04T03:56:49+00:00\",\"dateModified\":\"2023-04-12T18:01:10+00:00\",\"author\":{\"@id\":\"https:\/\/cenedcursos.com.br\/meio-ambiente\/#\/schema\/person\/64377d24cdc16779a1eb6229894af388\"},\"description\":\"660 milh\u00f5es de crian\u00e7as v\u00e3o viver em regi\u00f5es com escassez de \u00e1gua at\u00e9 2040. O relat\u00f3rio \\\"Sede do Futuro: \u00c1gua e Crian\u00e7as num Clima em Mudan\u00e7a\",\"breadcrumb\":{\"@id\":\"https:\/\/cenedcursos.com.br\/meio-ambiente\/escassez-de-agua-ate-2040-deve-afetar-660-milhoes-de-criancas\/#breadcrumb\"},\"inLanguage\":\"pt-BR\",\"potentialAction\":[{\"@type\":\"ReadAction\",\"target\":[\"https:\/\/cenedcursos.com.br\/meio-ambiente\/escassez-de-agua-ate-2040-deve-afetar-660-milhoes-de-criancas\/\"]}]},{\"@type\":\"ImageObject\",\"inLanguage\":\"pt-BR\",\"@id\":\"https:\/\/cenedcursos.com.br\/meio-ambiente\/escassez-de-agua-ate-2040-deve-afetar-660-milhoes-de-criancas\/#primaryimage\",\"url\":\"https:\/\/i0.wp.com\/cenedcursos.com.br\/meio-ambiente\/wp-content\/uploads\/2017\/04\/escassez-de-agua.jpeg?fit=1200%2C800&ssl=1\",\"contentUrl\":\"https:\/\/i0.wp.com\/cenedcursos.com.br\/meio-ambiente\/wp-content\/uploads\/2017\/04\/escassez-de-agua.jpeg?fit=1200%2C800&ssl=1\",\"width\":1200,\"height\":800,\"caption\":\"escassez de \u00e1gua\"},{\"@type\":\"BreadcrumbList\",\"@id\":\"https:\/\/cenedcursos.com.br\/meio-ambiente\/escassez-de-agua-ate-2040-deve-afetar-660-milhoes-de-criancas\/#breadcrumb\",\"itemListElement\":[{\"@type\":\"ListItem\",\"position\":1,\"name\":\"In\u00edcio\",\"item\":\"https:\/\/cenedcursos.com.br\/meio-ambiente\/\"},{\"@type\":\"ListItem\",\"position\":2,\"name\":\"Escassez de \u00e1gua at\u00e9 2040 deve afetar 660 milh\u00f5es de crian\u00e7as\"}]},{\"@type\":\"WebSite\",\"@id\":\"https:\/\/cenedcursos.com.br\/meio-ambiente\/#website\",\"url\":\"https:\/\/cenedcursos.com.br\/meio-ambiente\/\",\"name\":\"CENED Cursos Online\",\"description\":\"Aqui voc\u00ea encontra artigos em diversas \u00e1reas do conhecimento: meio ambiente, educa\u00e7\u00e3o, marketing digital, neg\u00f3cios online e muito mais.\",\"potentialAction\":[{\"@type\":\"SearchAction\",\"target\":{\"@type\":\"EntryPoint\",\"urlTemplate\":\"https:\/\/cenedcursos.com.br\/meio-ambiente\/?s={search_term_string}\"},\"query-input\":{\"@type\":\"PropertyValueSpecification\",\"valueRequired\":true,\"valueName\":\"search_term_string\"}}],\"inLanguage\":\"pt-BR\"},{\"@type\":\"Person\",\"@id\":\"https:\/\/cenedcursos.com.br\/meio-ambiente\/#\/schema\/person\/64377d24cdc16779a1eb6229894af388\",\"name\":\"Amarildo R. Ferrari\",\"image\":{\"@type\":\"ImageObject\",\"inLanguage\":\"pt-BR\",\"@id\":\"https:\/\/cenedcursos.com.br\/meio-ambiente\/#\/schema\/person\/image\/\",\"url\":\"https:\/\/secure.gravatar.com\/avatar\/6ea4248ca9f295c93f1b72f8398232f0fbbffe30349e6ec3839cfa5e09b0de3c?s=96&d=mm&r=g\",\"contentUrl\":\"https:\/\/secure.gravatar.com\/avatar\/6ea4248ca9f295c93f1b72f8398232f0fbbffe30349e6ec3839cfa5e09b0de3c?s=96&d=mm&r=g\",\"caption\":\"Amarildo R. Ferrari\"},\"sameAs\":[\"https:\/\/cenedcursos.com.br\/meio-ambiente\"],\"url\":\"https:\/\/cenedcursos.com.br\/meio-ambiente\/author\/admin\/\"}]}<\/script>\n<!-- \/ Yoast SEO plugin. -->","yoast_head_json":{"title":"Escassez de \u00e1gua at\u00e9 2040 deve afetar 660 milh\u00f5es de crian\u00e7as","description":"660 milh\u00f5es de crian\u00e7as v\u00e3o viver em regi\u00f5es com escassez de \u00e1gua at\u00e9 2040. O relat\u00f3rio \"Sede do Futuro: \u00c1gua e Crian\u00e7as num Clima em Mudan\u00e7a","robots":{"index":"index","follow":"follow","max-snippet":"max-snippet:-1","max-image-preview":"max-image-preview:large","max-video-preview":"max-video-preview:-1"},"canonical":"https:\/\/cenedcursos.com.br\/meio-ambiente\/escassez-de-agua-ate-2040-deve-afetar-660-milhoes-de-criancas\/","og_locale":"pt_BR","og_type":"article","og_title":"Escassez de \u00e1gua at\u00e9 2040 deve afetar 660 milh\u00f5es de crian\u00e7as","og_description":"660 milh\u00f5es de crian\u00e7as v\u00e3o viver em regi\u00f5es com escassez de \u00e1gua at\u00e9 2040. O relat\u00f3rio \"Sede do Futuro: \u00c1gua e Crian\u00e7as num Clima em Mudan\u00e7a","og_url":"https:\/\/cenedcursos.com.br\/meio-ambiente\/escassez-de-agua-ate-2040-deve-afetar-660-milhoes-de-criancas\/","og_site_name":"CENED Cursos Online","article_published_time":"2017-04-04T03:56:49+00:00","article_modified_time":"2023-04-12T18:01:10+00:00","og_image":[{"width":1200,"height":800,"url":"https:\/\/cenedcursos.com.br\/meio-ambiente\/wp-content\/uploads\/2017\/04\/escassez-de-agua.jpeg","type":"image\/jpeg"}],"author":"Amarildo R. Ferrari","twitter_card":"summary_large_image","twitter_misc":{"Escrito por":"Amarildo R. Ferrari","Est. tempo de leitura":"2 minutos"},"schema":{"@context":"https:\/\/schema.org","@graph":[{"@type":"WebPage","@id":"https:\/\/cenedcursos.com.br\/meio-ambiente\/escassez-de-agua-ate-2040-deve-afetar-660-milhoes-de-criancas\/","url":"https:\/\/cenedcursos.com.br\/meio-ambiente\/escassez-de-agua-ate-2040-deve-afetar-660-milhoes-de-criancas\/","name":"Escassez de \u00e1gua at\u00e9 2040 deve afetar 660 milh\u00f5es de crian\u00e7as","isPartOf":{"@id":"https:\/\/cenedcursos.com.br\/meio-ambiente\/#website"},"primaryImageOfPage":{"@id":"https:\/\/cenedcursos.com.br\/meio-ambiente\/escassez-de-agua-ate-2040-deve-afetar-660-milhoes-de-criancas\/#primaryimage"},"image":{"@id":"https:\/\/cenedcursos.com.br\/meio-ambiente\/escassez-de-agua-ate-2040-deve-afetar-660-milhoes-de-criancas\/#primaryimage"},"thumbnailUrl":"https:\/\/i0.wp.com\/cenedcursos.com.br\/meio-ambiente\/wp-content\/uploads\/2017\/04\/escassez-de-agua.jpeg?fit=1200%2C800&ssl=1","datePublished":"2017-04-04T03:56:49+00:00","dateModified":"2023-04-12T18:01:10+00:00","author":{"@id":"https:\/\/cenedcursos.com.br\/meio-ambiente\/#\/schema\/person\/64377d24cdc16779a1eb6229894af388"},"description":"660 milh\u00f5es de crian\u00e7as v\u00e3o viver em regi\u00f5es com escassez de \u00e1gua at\u00e9 2040. O relat\u00f3rio \"Sede do Futuro: \u00c1gua e Crian\u00e7as num Clima em Mudan\u00e7a","breadcrumb":{"@id":"https:\/\/cenedcursos.com.br\/meio-ambiente\/escassez-de-agua-ate-2040-deve-afetar-660-milhoes-de-criancas\/#breadcrumb"},"inLanguage":"pt-BR","potentialAction":[{"@type":"ReadAction","target":["https:\/\/cenedcursos.com.br\/meio-ambiente\/escassez-de-agua-ate-2040-deve-afetar-660-milhoes-de-criancas\/"]}]},{"@type":"ImageObject","inLanguage":"pt-BR","@id":"https:\/\/cenedcursos.com.br\/meio-ambiente\/escassez-de-agua-ate-2040-deve-afetar-660-milhoes-de-criancas\/#primaryimage","url":"https:\/\/i0.wp.com\/cenedcursos.com.br\/meio-ambiente\/wp-content\/uploads\/2017\/04\/escassez-de-agua.jpeg?fit=1200%2C800&ssl=1","contentUrl":"https:\/\/i0.wp.com\/cenedcursos.com.br\/meio-ambiente\/wp-content\/uploads\/2017\/04\/escassez-de-agua.jpeg?fit=1200%2C800&ssl=1","width":1200,"height":800,"caption":"escassez de \u00e1gua"},{"@type":"BreadcrumbList","@id":"https:\/\/cenedcursos.com.br\/meio-ambiente\/escassez-de-agua-ate-2040-deve-afetar-660-milhoes-de-criancas\/#breadcrumb","itemListElement":[{"@type":"ListItem","position":1,"name":"In\u00edcio","item":"https:\/\/cenedcursos.com.br\/meio-ambiente\/"},{"@type":"ListItem","position":2,"name":"Escassez de \u00e1gua at\u00e9 2040 deve afetar 660 milh\u00f5es de crian\u00e7as"}]},{"@type":"WebSite","@id":"https:\/\/cenedcursos.com.br\/meio-ambiente\/#website","url":"https:\/\/cenedcursos.com.br\/meio-ambiente\/","name":"CENED Cursos Online","description":"Aqui voc\u00ea encontra artigos em diversas \u00e1reas do conhecimento: meio ambiente, educa\u00e7\u00e3o, marketing digital, neg\u00f3cios online e muito mais.","potentialAction":[{"@type":"SearchAction","target":{"@type":"EntryPoint","urlTemplate":"https:\/\/cenedcursos.com.br\/meio-ambiente\/?s={search_term_string}"},"query-input":{"@type":"PropertyValueSpecification","valueRequired":true,"valueName":"search_term_string"}}],"inLanguage":"pt-BR"},{"@type":"Person","@id":"https:\/\/cenedcursos.com.br\/meio-ambiente\/#\/schema\/person\/64377d24cdc16779a1eb6229894af388","name":"Amarildo R. Ferrari","image":{"@type":"ImageObject","inLanguage":"pt-BR","@id":"https:\/\/cenedcursos.com.br\/meio-ambiente\/#\/schema\/person\/image\/","url":"https:\/\/secure.gravatar.com\/avatar\/6ea4248ca9f295c93f1b72f8398232f0fbbffe30349e6ec3839cfa5e09b0de3c?s=96&d=mm&r=g","contentUrl":"https:\/\/secure.gravatar.com\/avatar\/6ea4248ca9f295c93f1b72f8398232f0fbbffe30349e6ec3839cfa5e09b0de3c?s=96&d=mm&r=g","caption":"Amarildo R. Ferrari"},"sameAs":["https:\/\/cenedcursos.com.br\/meio-ambiente"],"url":"https:\/\/cenedcursos.com.br\/meio-ambiente\/author\/admin\/"}]}},"jetpack_featured_media_url":"https:\/\/i0.wp.com\/cenedcursos.com.br\/meio-ambiente\/wp-content\/uploads\/2017\/04\/escassez-de-agua.jpeg?fit=1200%2C800&ssl=1","jetpack_sharing_enabled":true,"_links":{"self":[{"href":"https:\/\/cenedcursos.com.br\/meio-ambiente\/wp-json\/wp\/v2\/posts\/8259","targetHints":{"allow":["GET"]}}],"collection":[{"href":"https:\/\/cenedcursos.com.br\/meio-ambiente\/wp-json\/wp\/v2\/posts"}],"about":[{"href":"https:\/\/cenedcursos.com.br\/meio-ambiente\/wp-json\/wp\/v2\/types\/post"}],"author":[{"embeddable":true,"href":"https:\/\/cenedcursos.com.br\/meio-ambiente\/wp-json\/wp\/v2\/users\/1"}],"replies":[{"embeddable":true,"href":"https:\/\/cenedcursos.com.br\/meio-ambiente\/wp-json\/wp\/v2\/comments?post=8259"}],"version-history":[{"count":0,"href":"https:\/\/cenedcursos.com.br\/meio-ambiente\/wp-json\/wp\/v2\/posts\/8259\/revisions"}],"wp:featuredmedia":[{"embeddable":true,"href":"https:\/\/cenedcursos.com.br\/meio-ambiente\/wp-json\/wp\/v2\/media\/12574"}],"wp:attachment":[{"href":"https:\/\/cenedcursos.com.br\/meio-ambiente\/wp-json\/wp\/v2\/media?parent=8259"}],"wp:term":[{"taxonomy":"category","embeddable":true,"href":"https:\/\/cenedcursos.com.br\/meio-ambiente\/wp-json\/wp\/v2\/categories?post=8259"},{"taxonomy":"post_tag","embeddable":true,"href":"https:\/\/cenedcursos.com.br\/meio-ambiente\/wp-json\/wp\/v2\/tags?post=8259"}],"curies":[{"name":"wp","href":"https:\/\/api.w.org\/{rel}","templated":true}]}}