{"id":8298,"date":"2017-04-04T16:35:38","date_gmt":"2017-04-04T19:35:38","guid":{"rendered":"https:\/\/www.cenedcursos.com.br\/meio-ambiente\/a-riqueza-escondida-na-apa-da-escarpa-devoniana\/"},"modified":"2025-05-24T11:33:30","modified_gmt":"2025-05-24T14:33:30","slug":"riqueza-escondida-apa-escarpa-devoniana","status":"publish","type":"post","link":"https:\/\/cenedcursos.com.br\/meio-ambiente\/riqueza-escondida-apa-escarpa-devoniana\/","title":{"rendered":"A riqueza escondida na APA da Escarpa Devoniana"},"content":{"rendered":"<p><span style=\"text-align: justify;\">A \u00c1rea de Prote\u00e7\u00e3o Ambiental (APA) da Escarpa Devoniana tem 410.498 hectares e est\u00e1 localizada na transi\u00e7\u00e3o do primeiro e segundo planaltos do Paran\u00e1, principalmente, ao longo de uma regi\u00e3o caracterizada por ambientes heterog\u00eaneos, conhecida como Campos Gerais. Decretada como Unidade de Conserva\u00e7\u00e3o em 27 de mar\u00e7o de 1992, a \u00e1rea est\u00e1 seriamente amea\u00e7ada pela possibilidade de aprova\u00e7\u00e3o ainda no primeiro semestre deste ano do Projeto de Lei n\u00ba 527\/2016, que pode reduzir em torno de 70% de seu per\u00edmetro, podendo trazer consequ\u00eancias desastrosas a esse patrim\u00f4nio natural e cultural t\u00e3o importante.<\/span><\/p>\n<div>\n<figure id=\"attachment_52563\" aria-describedby=\"caption-attachment-52563\" style=\"width: 1024px\" class=\"wp-caption alignnone\"><img data-recalc-dims=\"1\" loading=\"lazy\" decoding=\"async\" class=\"wp-image-52563 size-large\" style=\"width: 696px; text-align: center;\" src=\"https:\/\/i0.wp.com\/www.cenedcursos.com.br\/meio-ambiente\/wp-content\/uploads\/2017\/04\/A-riqueza-escondida-na-APA-da-Escarpa-Devoniana.jpg?resize=696%2C466&#038;ssl=1\" sizes=\"auto, (max-width: 1024px) 100vw, 1024px\" srcset=\"https:\/\/www.cenedcursos.com.br\/meio-ambiente\/wp-content\/uploads\/2017\/04\/A-riqueza-escondida-na-APA-da-Escarpa-Devoniana.jpg 1024w, http:\/\/www.oeco.org.br\/wp-content\/uploads\/2017\/04\/Marta-Guartel\u00e1_3-300x201.jpg 300w, http:\/\/www.oeco.org.br\/wp-content\/uploads\/2017\/04\/Marta-Guartel\u00e1_3-600x401.jpg 600w, http:\/\/www.oeco.org.br\/wp-content\/uploads\/2017\/04\/Marta-Guartel\u00e1_3-278x185.jpg 278w, http:\/\/www.oeco.org.br\/wp-content\/uploads\/2017\/04\/Marta-Guartel\u00e1_3.jpg 1280w\" alt=\"Escarpa Devoniana - Parque Estadual do Guartel\u00e1\" width=\"696\" height=\"466\" \/><figcaption id=\"caption-attachment-52563\" class=\"wp-caption-text\">Parque Estadual do Guartel\u00e1. Foto: Marta Regina Barroto do Carmo.<\/figcaption><\/figure>\n<p style=\"text-align: justify;\">A Escarpa Devoniana se destaca por apresentar caracter\u00edsticas peculiares \u2013 dado o relevo movimentado e profundamente recortado \u2013 e apresenta s\u00edtios singulares como cachoeiras, <em>canyons<\/em>, afloramentos rochosos t\u00edpicos e relevos em forma de ru\u00edna, furnas, cavernas, fendas e s\u00edtios arqueol\u00f3gicos. Outra peculiaridade da \u00e1rea est\u00e1 relacionada \u00e0 fisionomia da vegeta\u00e7\u00e3o, distinta das demais regi\u00f5es paranaenses, em vista do car\u00e1ter disjunto, formando mosaicos, pr\u00f3prios das caracter\u00edsticas espec\u00edficas de sua topografia, solo e clima.<\/p>\n<p style=\"text-align: justify;\">Os campos predominam na paisagem da Escarpa Devoniana e datam de uma \u00e9poca remota de clima frio e \u00e1rido. A vegeta\u00e7\u00e3o \u00e9 considerada a mais antiga do estado do Paran\u00e1. Al\u00e9m disso, entre a matriz campestre e os afloramentos rochosos, ocorre a Floresta com Arauc\u00e1ria, que se apresenta, com frequ\u00eancia, como manchas quase circulares ou como matas de galeria que se manifestam especialmente em encostas, depress\u00f5es ou nas cabeceiras das nascentes e ao longo dos corpos d<sup>\u2019<\/sup>\u00e1gua, onde o solo \u00e9 mais profundo e concentra maior ac\u00famulo de detritos org\u00e2nicos.<\/p>\n<p style=\"text-align: justify;\">Nessas <a href=\"https:\/\/www.cenedcursos.com.br\/meio-ambiente\/novo-codigo-florestal-lei-126512012\/\">florestas naturalmente fragmentadas<\/a>, al\u00e9m da presen\u00e7a emergente do pinheiro-do-Paran\u00e1 (<em>Araucaria angustifolia<\/em>), \u00e9 not\u00e1vel a riqueza e composi\u00e7\u00e3o de esp\u00e9cies arb\u00f3reas, particularmente de <a href=\"https:\/\/pt.wikipedia.org\/wiki\/Uvaia\">uvalhas<\/a>, cambu\u00eds, guamirins e canelas. Acompanhando os leitos dos rios, essas florestas s\u00e3o dominadas por esp\u00e9cies t\u00edpicas adaptadas \u00e0 satura\u00e7\u00e3o h\u00eddrica, especialmente o branquilho. Apesar de a maioria dos cap\u00f5es e florestas de galeria estar em est\u00e1gio secund\u00e1rio de sucess\u00e3o \u2013 em consequ\u00eancia de um hist\u00f3rico de explora\u00e7\u00f5es tanto no ciclo da erva-mate quanto da madeira \u2013 \u00e9 marcante a varia\u00e7\u00e3o na composi\u00e7\u00e3o e diversidade, mesmo em \u00e1reas geograficamente pr\u00f3ximas, em decorr\u00eancia da grande heterogeneidade dos ambientes, grau de interfer\u00eancia antr\u00f3pica, exposi\u00e7\u00e3o \u00e0 inunda\u00e7\u00e3o, est\u00e1gio sucessional e zona de contato com outras associa\u00e7\u00f5es vegetais.<\/p>\n<p style=\"text-align: justify;\">Estudos realizados no Parque Estadual do Guartel\u00e1, localizado na por\u00e7\u00e3o norte da Escarpa Devoniana, revelaram uma alta diversidade de esp\u00e9cies arb\u00f3reas, superior \u00e0 encontrada em \u00e1reas cont\u00ednuas de Floresta com Arauc\u00e1ria e equivalente \u00e0 registrada na Floresta Atl\u00e2ntica, possivelmente pela influ\u00eancia direta da floresta estacional, caracterizando uma regi\u00e3o de transi\u00e7\u00e3o. O clima, com m\u00e9dias de temperatura mais elevadas, contribui com um processo que estimula a misturas de floras.<\/p>\n<div id=\"attachment_52564\" class=\"wp-caption aligncenter\" style=\"width: 1034px; text-align: justify;\">\n<p><img data-recalc-dims=\"1\" loading=\"lazy\" decoding=\"async\" class=\"size-large wp-image-52564\" src=\"https:\/\/i0.wp.com\/www.cenedcursos.com.br\/meio-ambiente\/wp-content\/uploads\/2017\/04\/1491334538_739_A-riqueza-escondida-na-APA-da-Escarpa-Devoniana.jpg?resize=696%2C464&#038;ssl=1\" sizes=\"auto, (max-width: 1024px) 100vw, 1024px\" srcset=\"https:\/\/www.cenedcursos.com.br\/meio-ambiente\/wp-content\/uploads\/2017\/04\/1491334538_739_A-riqueza-escondida-na-APA-da-Escarpa-Devoniana.jpg 1024w, http:\/\/www.oeco.org.br\/wp-content\/uploads\/2017\/04\/Marta-Guartel\u00e1_2-1-300x200.jpg 300w, http:\/\/www.oeco.org.br\/wp-content\/uploads\/2017\/04\/Marta-Guartel\u00e1_2-1-600x400.jpg 600w, http:\/\/www.oeco.org.br\/wp-content\/uploads\/2017\/04\/Marta-Guartel\u00e1_2-1-278x185.jpg 278w, http:\/\/www.oeco.org.br\/wp-content\/uploads\/2017\/04\/Marta-Guartel\u00e1_2-1.jpg 1152w\" alt=\"Foto: Marta Regina Barroto do Carmo\" width=\"696\" height=\"464\" \/><\/p>\n<p class=\"wp-caption-text\">Foto: Marta Regina Barroto do Carmo<\/p>\n<\/div>\n<p style=\"text-align: justify;\">A paisagem florestal, ainda que em mosaico, apresenta import\u00e2ncia fundamental na disponibilidade de alimento para a fauna silvestre e na forma\u00e7\u00e3o de corredores ecol\u00f3gicos, capazes de unir remanescentes para que as esp\u00e9cies, tanto da flora, quanto da fauna, possam se deslocar e garantir fluxo g\u00eanico, sucesso reprodutivo, dispers\u00e3o de sementes e, consequentemente, assegurar a biodiversidade da regi\u00e3o. Al\u00e9m disso, a vegeta\u00e7\u00e3o ao longo dos rios est\u00e1 diretamente relacionada \u00e0 manuten\u00e7\u00e3o da qualidade da \u00e1gua e estabilidade do solo das \u00e1reas marginais, funcionando como filtro de escoamento superficial e protegendo os cursos d\u2019 \u00e1gua de adubos e defensivos agr\u00edcolas.<\/p>\n<p style=\"text-align: justify;\">Esses fragmentos florestais abrigam esp\u00e9cies arb\u00f3reas nativas que constam na Lista Oficial de Esp\u00e9cies da <a href=\"https:\/\/cenedcursos.com.br\/meio-ambiente\/conservacao-e-manejo-sustentavel-da-flora-nativa-do-brasil\/\">Flora Brasileira<\/a> Amea\u00e7ada de Extin\u00e7\u00e3o. J\u00e1 est\u00e3o inclu\u00eddos na categoria \u201cvulner\u00e1vel\u201d o pinheiro-do Paran\u00e1 e a imbuia. Na categoria \u201cem perigo\u201d figuram o xaxim-bugio e a canela-sassafr\u00e1s. Na Lista Vermelha de Plantas Amea\u00e7adas de Extin\u00e7\u00e3o para o Estado do Paran\u00e1, s\u00e3o encontradas na categoria \u201crara\u201d a peroba e uma esp\u00e9cie de guamirim; na categoria \u201cvulner\u00e1vel\u201d, aparece a canela-fedida e em perigo de extin\u00e7\u00e3o o fruta-de-boi. Esses fragmentos florestais emergem como os \u00faltimos reposit\u00f3rios da diversidade original, configurando diversos s\u00edtios priorit\u00e1rios para a <a href=\"https:\/\/www.cenedcursos.com.br\/meio-ambiente\/hotspots-conservacao-biodiversidade\/\">conserva\u00e7\u00e3o<\/a>, al\u00e9m de proporcionar valiosa oportunidade de obten\u00e7\u00e3o de informa\u00e7\u00f5es cient\u00edficas sobre a sua composi\u00e7\u00e3o, estrutura e funcionamento, dados indispens\u00e1veis aos programas de recupera\u00e7\u00e3o de \u00e1reas degradadas.<\/p>\n<p style=\"text-align: justify;\">&#8220;Apesar de algumas regi\u00f5es pontuais dos Campos Gerais ainda preservarem paisagens naturais pouco modificadas (&#8230;), a intensifica\u00e7\u00e3o do uso da paisagem regional tem levado a uma substitui\u00e7\u00e3o significativa da cobertura vegetal.&#8221;<\/p>\n<p style=\"text-align: justify;\">Apesar de algumas regi\u00f5es pontuais dos Campos Gerais ainda preservarem paisagens naturais pouco modificadas, como consequ\u00eancia de um relevo acidentado que dificulta a expans\u00e3o de latif\u00fandios, a intensifica\u00e7\u00e3o do uso da paisagem regional tem levado a uma substitui\u00e7\u00e3o significativa da cobertura vegetal. Nesse cen\u00e1rio, estima-se que \u00e1reas urbanas, de monocultura e florestamentos ocupem 60% de toda regi\u00e3o. O plantio de esp\u00e9cies invasoras, como o pinus e o eucalipto, tem alertado as consequ\u00eancias para sua dissemina\u00e7\u00e3o, como contaminador biol\u00f3gico, favorecendo \u00e1reas de baixa funcionalidade ecol\u00f3gica.<\/p>\n<p style=\"text-align: justify;\">Na contram\u00e3o de in\u00fameras pesquisas recentes que salientam a import\u00e2ncia e contribui\u00e7\u00e3o das \u00e1reas nativas protegidas para impedir a emiss\u00e3o de carbono \u00e0 atmosfera, \u00e9 question\u00e1vel e lament\u00e1vel que, num estado onde menos de 10% do seu territ\u00f3rio preserva parte da sua vegeta\u00e7\u00e3o, o governo venha propor a redu\u00e7\u00e3o de uma Unidade de Conserva\u00e7\u00e3o em regi\u00e3o singular, dotada de peculiaridades ambientais e culturais.<\/p>\n<p style=\"text-align: justify;\">\u00c9 necess\u00e1rio e urgente que a opini\u00e3o p\u00fablica denuncie as consequ\u00eancias da perda do patrim\u00f4nio natural em benef\u00edcio de uma pequena parcela da sociedade que negligencia essas riquezas naturais em nome de seus pr\u00f3prios interesses econ\u00f4micos para vantagens imediatistas.<\/p>\n<\/div>\n<p style=\"text-align: justify;\"><a href=\"http:\/\/www.oeco.org.br\/colunas\/colunistas-convidados\/a-riqueza-escondida-na-apa-da-escarpa-devoniana\/\">Fonte do Texto<\/a><\/p>\n","protected":false},"excerpt":{"rendered":"<p>A \u00c1rea de Prote\u00e7\u00e3o Ambiental (APA) da Escarpa Devoniana tem 410.498 hectares e est\u00e1 localizada na transi\u00e7\u00e3o do primeiro e segundo planaltos do Paran\u00e1, principalmente, ao longo de uma regi\u00e3o caracterizada por ambientes heterog\u00eaneos, conhecida como Campos Gerais. Decretada como Unidade de Conserva\u00e7\u00e3o em 27 de mar\u00e7o de 1992, a \u00e1rea est\u00e1 seriamente amea\u00e7ada pela [&hellip;]<\/p>\n","protected":false},"author":1,"featured_media":8308,"comment_status":"open","ping_status":"open","sticky":false,"template":"","format":"standard","meta":{"_jetpack_memberships_contains_paid_content":false,"footnotes":""},"categories":[493],"tags":[368],"class_list":{"0":"post-8298","1":"post","2":"type-post","3":"status-publish","4":"format-standard","5":"has-post-thumbnail","7":"category-florestas-textos","8":"tag-escarpa-devoniana"},"yoast_head":"<!-- This site is optimized with the Yoast SEO plugin v25.1 - https:\/\/yoast.com\/wordpress\/plugins\/seo\/ -->\n<title>A riqueza escondida na APA da Escarpa Devoniana - CENED Cursos Online<\/title>\n<meta name=\"description\" content=\"A \u00c1rea de Prote\u00e7\u00e3o Ambiental (APA) da Escarpa Devoniana tem 410.498 hectares, localizada entre o primeiro e segundo planaltos do Paran\u00e1\" \/>\n<meta name=\"robots\" content=\"index, follow, max-snippet:-1, max-image-preview:large, max-video-preview:-1\" \/>\n<link rel=\"canonical\" href=\"https:\/\/cenedcursos.com.br\/meio-ambiente\/riqueza-escondida-apa-escarpa-devoniana\/\" \/>\n<meta property=\"og:locale\" content=\"pt_BR\" \/>\n<meta property=\"og:type\" content=\"article\" \/>\n<meta property=\"og:title\" content=\"A riqueza escondida na APA da Escarpa Devoniana - CENED Cursos Online\" \/>\n<meta property=\"og:description\" content=\"A \u00c1rea de Prote\u00e7\u00e3o Ambiental (APA) da Escarpa Devoniana tem 410.498 hectares, localizada entre o primeiro e segundo planaltos do Paran\u00e1\" \/>\n<meta property=\"og:url\" content=\"https:\/\/cenedcursos.com.br\/meio-ambiente\/riqueza-escondida-apa-escarpa-devoniana\/\" \/>\n<meta property=\"og:site_name\" content=\"CENED Cursos Online\" \/>\n<meta property=\"article:published_time\" content=\"2017-04-04T19:35:38+00:00\" \/>\n<meta property=\"article:modified_time\" content=\"2025-05-24T14:33:30+00:00\" \/>\n<meta property=\"og:image\" content=\"https:\/\/cenedcursos.com.br\/meio-ambiente\/wp-content\/uploads\/2017\/04\/escarpa-devoniana-1.jpg\" \/>\n\t<meta property=\"og:image:width\" content=\"1024\" \/>\n\t<meta property=\"og:image:height\" content=\"683\" \/>\n\t<meta property=\"og:image:type\" content=\"image\/jpeg\" \/>\n<meta name=\"author\" content=\"Amarildo R. Ferrari\" \/>\n<meta name=\"twitter:card\" content=\"summary_large_image\" \/>\n<meta name=\"twitter:label1\" content=\"Escrito por\" \/>\n\t<meta name=\"twitter:data1\" content=\"Amarildo R. Ferrari\" \/>\n\t<meta name=\"twitter:label2\" content=\"Est. tempo de leitura\" \/>\n\t<meta name=\"twitter:data2\" content=\"6 minutos\" \/>\n<script type=\"application\/ld+json\" class=\"yoast-schema-graph\">{\"@context\":\"https:\/\/schema.org\",\"@graph\":[{\"@type\":\"WebPage\",\"@id\":\"https:\/\/cenedcursos.com.br\/meio-ambiente\/riqueza-escondida-apa-escarpa-devoniana\/\",\"url\":\"https:\/\/cenedcursos.com.br\/meio-ambiente\/riqueza-escondida-apa-escarpa-devoniana\/\",\"name\":\"A riqueza escondida na APA da Escarpa Devoniana - CENED Cursos Online\",\"isPartOf\":{\"@id\":\"https:\/\/cenedcursos.com.br\/meio-ambiente\/#website\"},\"primaryImageOfPage\":{\"@id\":\"https:\/\/cenedcursos.com.br\/meio-ambiente\/riqueza-escondida-apa-escarpa-devoniana\/#primaryimage\"},\"image\":{\"@id\":\"https:\/\/cenedcursos.com.br\/meio-ambiente\/riqueza-escondida-apa-escarpa-devoniana\/#primaryimage\"},\"thumbnailUrl\":\"https:\/\/i0.wp.com\/cenedcursos.com.br\/meio-ambiente\/wp-content\/uploads\/2017\/04\/escarpa-devoniana-1.jpg?fit=1024%2C683&ssl=1\",\"datePublished\":\"2017-04-04T19:35:38+00:00\",\"dateModified\":\"2025-05-24T14:33:30+00:00\",\"author\":{\"@id\":\"https:\/\/cenedcursos.com.br\/meio-ambiente\/#\/schema\/person\/64377d24cdc16779a1eb6229894af388\"},\"description\":\"A \u00c1rea de Prote\u00e7\u00e3o Ambiental (APA) da Escarpa Devoniana tem 410.498 hectares, localizada entre o primeiro e segundo planaltos do Paran\u00e1\",\"breadcrumb\":{\"@id\":\"https:\/\/cenedcursos.com.br\/meio-ambiente\/riqueza-escondida-apa-escarpa-devoniana\/#breadcrumb\"},\"inLanguage\":\"pt-BR\",\"potentialAction\":[{\"@type\":\"ReadAction\",\"target\":[\"https:\/\/cenedcursos.com.br\/meio-ambiente\/riqueza-escondida-apa-escarpa-devoniana\/\"]}]},{\"@type\":\"ImageObject\",\"inLanguage\":\"pt-BR\",\"@id\":\"https:\/\/cenedcursos.com.br\/meio-ambiente\/riqueza-escondida-apa-escarpa-devoniana\/#primaryimage\",\"url\":\"https:\/\/i0.wp.com\/cenedcursos.com.br\/meio-ambiente\/wp-content\/uploads\/2017\/04\/escarpa-devoniana-1.jpg?fit=1024%2C683&ssl=1\",\"contentUrl\":\"https:\/\/i0.wp.com\/cenedcursos.com.br\/meio-ambiente\/wp-content\/uploads\/2017\/04\/escarpa-devoniana-1.jpg?fit=1024%2C683&ssl=1\",\"width\":1024,\"height\":683,\"caption\":\"escarpa devoniana\"},{\"@type\":\"BreadcrumbList\",\"@id\":\"https:\/\/cenedcursos.com.br\/meio-ambiente\/riqueza-escondida-apa-escarpa-devoniana\/#breadcrumb\",\"itemListElement\":[{\"@type\":\"ListItem\",\"position\":1,\"name\":\"In\u00edcio\",\"item\":\"https:\/\/cenedcursos.com.br\/meio-ambiente\/\"},{\"@type\":\"ListItem\",\"position\":2,\"name\":\"A riqueza escondida na APA da Escarpa Devoniana\"}]},{\"@type\":\"WebSite\",\"@id\":\"https:\/\/cenedcursos.com.br\/meio-ambiente\/#website\",\"url\":\"https:\/\/cenedcursos.com.br\/meio-ambiente\/\",\"name\":\"CENED Cursos Online\",\"description\":\"Aqui voc\u00ea encontra artigos em diversas \u00e1reas do conhecimento: meio ambiente, educa\u00e7\u00e3o, marketing digital, neg\u00f3cios online e muito mais.\",\"potentialAction\":[{\"@type\":\"SearchAction\",\"target\":{\"@type\":\"EntryPoint\",\"urlTemplate\":\"https:\/\/cenedcursos.com.br\/meio-ambiente\/?s={search_term_string}\"},\"query-input\":{\"@type\":\"PropertyValueSpecification\",\"valueRequired\":true,\"valueName\":\"search_term_string\"}}],\"inLanguage\":\"pt-BR\"},{\"@type\":\"Person\",\"@id\":\"https:\/\/cenedcursos.com.br\/meio-ambiente\/#\/schema\/person\/64377d24cdc16779a1eb6229894af388\",\"name\":\"Amarildo R. Ferrari\",\"image\":{\"@type\":\"ImageObject\",\"inLanguage\":\"pt-BR\",\"@id\":\"https:\/\/cenedcursos.com.br\/meio-ambiente\/#\/schema\/person\/image\/\",\"url\":\"https:\/\/secure.gravatar.com\/avatar\/6ea4248ca9f295c93f1b72f8398232f0fbbffe30349e6ec3839cfa5e09b0de3c?s=96&d=mm&r=g\",\"contentUrl\":\"https:\/\/secure.gravatar.com\/avatar\/6ea4248ca9f295c93f1b72f8398232f0fbbffe30349e6ec3839cfa5e09b0de3c?s=96&d=mm&r=g\",\"caption\":\"Amarildo R. Ferrari\"},\"sameAs\":[\"https:\/\/cenedcursos.com.br\/meio-ambiente\"],\"url\":\"https:\/\/cenedcursos.com.br\/meio-ambiente\/author\/admin\/\"}]}<\/script>\n<!-- \/ Yoast SEO plugin. -->","yoast_head_json":{"title":"A riqueza escondida na APA da Escarpa Devoniana - CENED Cursos Online","description":"A \u00c1rea de Prote\u00e7\u00e3o Ambiental (APA) da Escarpa Devoniana tem 410.498 hectares, localizada entre o primeiro e segundo planaltos do Paran\u00e1","robots":{"index":"index","follow":"follow","max-snippet":"max-snippet:-1","max-image-preview":"max-image-preview:large","max-video-preview":"max-video-preview:-1"},"canonical":"https:\/\/cenedcursos.com.br\/meio-ambiente\/riqueza-escondida-apa-escarpa-devoniana\/","og_locale":"pt_BR","og_type":"article","og_title":"A riqueza escondida na APA da Escarpa Devoniana - CENED Cursos Online","og_description":"A \u00c1rea de Prote\u00e7\u00e3o Ambiental (APA) da Escarpa Devoniana tem 410.498 hectares, localizada entre o primeiro e segundo planaltos do Paran\u00e1","og_url":"https:\/\/cenedcursos.com.br\/meio-ambiente\/riqueza-escondida-apa-escarpa-devoniana\/","og_site_name":"CENED Cursos Online","article_published_time":"2017-04-04T19:35:38+00:00","article_modified_time":"2025-05-24T14:33:30+00:00","og_image":[{"width":1024,"height":683,"url":"https:\/\/cenedcursos.com.br\/meio-ambiente\/wp-content\/uploads\/2017\/04\/escarpa-devoniana-1.jpg","type":"image\/jpeg"}],"author":"Amarildo R. Ferrari","twitter_card":"summary_large_image","twitter_misc":{"Escrito por":"Amarildo R. Ferrari","Est. tempo de leitura":"6 minutos"},"schema":{"@context":"https:\/\/schema.org","@graph":[{"@type":"WebPage","@id":"https:\/\/cenedcursos.com.br\/meio-ambiente\/riqueza-escondida-apa-escarpa-devoniana\/","url":"https:\/\/cenedcursos.com.br\/meio-ambiente\/riqueza-escondida-apa-escarpa-devoniana\/","name":"A riqueza escondida na APA da Escarpa Devoniana - CENED Cursos Online","isPartOf":{"@id":"https:\/\/cenedcursos.com.br\/meio-ambiente\/#website"},"primaryImageOfPage":{"@id":"https:\/\/cenedcursos.com.br\/meio-ambiente\/riqueza-escondida-apa-escarpa-devoniana\/#primaryimage"},"image":{"@id":"https:\/\/cenedcursos.com.br\/meio-ambiente\/riqueza-escondida-apa-escarpa-devoniana\/#primaryimage"},"thumbnailUrl":"https:\/\/i0.wp.com\/cenedcursos.com.br\/meio-ambiente\/wp-content\/uploads\/2017\/04\/escarpa-devoniana-1.jpg?fit=1024%2C683&ssl=1","datePublished":"2017-04-04T19:35:38+00:00","dateModified":"2025-05-24T14:33:30+00:00","author":{"@id":"https:\/\/cenedcursos.com.br\/meio-ambiente\/#\/schema\/person\/64377d24cdc16779a1eb6229894af388"},"description":"A \u00c1rea de Prote\u00e7\u00e3o Ambiental (APA) da Escarpa Devoniana tem 410.498 hectares, localizada entre o primeiro e segundo planaltos do Paran\u00e1","breadcrumb":{"@id":"https:\/\/cenedcursos.com.br\/meio-ambiente\/riqueza-escondida-apa-escarpa-devoniana\/#breadcrumb"},"inLanguage":"pt-BR","potentialAction":[{"@type":"ReadAction","target":["https:\/\/cenedcursos.com.br\/meio-ambiente\/riqueza-escondida-apa-escarpa-devoniana\/"]}]},{"@type":"ImageObject","inLanguage":"pt-BR","@id":"https:\/\/cenedcursos.com.br\/meio-ambiente\/riqueza-escondida-apa-escarpa-devoniana\/#primaryimage","url":"https:\/\/i0.wp.com\/cenedcursos.com.br\/meio-ambiente\/wp-content\/uploads\/2017\/04\/escarpa-devoniana-1.jpg?fit=1024%2C683&ssl=1","contentUrl":"https:\/\/i0.wp.com\/cenedcursos.com.br\/meio-ambiente\/wp-content\/uploads\/2017\/04\/escarpa-devoniana-1.jpg?fit=1024%2C683&ssl=1","width":1024,"height":683,"caption":"escarpa devoniana"},{"@type":"BreadcrumbList","@id":"https:\/\/cenedcursos.com.br\/meio-ambiente\/riqueza-escondida-apa-escarpa-devoniana\/#breadcrumb","itemListElement":[{"@type":"ListItem","position":1,"name":"In\u00edcio","item":"https:\/\/cenedcursos.com.br\/meio-ambiente\/"},{"@type":"ListItem","position":2,"name":"A riqueza escondida na APA da Escarpa Devoniana"}]},{"@type":"WebSite","@id":"https:\/\/cenedcursos.com.br\/meio-ambiente\/#website","url":"https:\/\/cenedcursos.com.br\/meio-ambiente\/","name":"CENED Cursos Online","description":"Aqui voc\u00ea encontra artigos em diversas \u00e1reas do conhecimento: meio ambiente, educa\u00e7\u00e3o, marketing digital, neg\u00f3cios online e muito mais.","potentialAction":[{"@type":"SearchAction","target":{"@type":"EntryPoint","urlTemplate":"https:\/\/cenedcursos.com.br\/meio-ambiente\/?s={search_term_string}"},"query-input":{"@type":"PropertyValueSpecification","valueRequired":true,"valueName":"search_term_string"}}],"inLanguage":"pt-BR"},{"@type":"Person","@id":"https:\/\/cenedcursos.com.br\/meio-ambiente\/#\/schema\/person\/64377d24cdc16779a1eb6229894af388","name":"Amarildo R. Ferrari","image":{"@type":"ImageObject","inLanguage":"pt-BR","@id":"https:\/\/cenedcursos.com.br\/meio-ambiente\/#\/schema\/person\/image\/","url":"https:\/\/secure.gravatar.com\/avatar\/6ea4248ca9f295c93f1b72f8398232f0fbbffe30349e6ec3839cfa5e09b0de3c?s=96&d=mm&r=g","contentUrl":"https:\/\/secure.gravatar.com\/avatar\/6ea4248ca9f295c93f1b72f8398232f0fbbffe30349e6ec3839cfa5e09b0de3c?s=96&d=mm&r=g","caption":"Amarildo R. Ferrari"},"sameAs":["https:\/\/cenedcursos.com.br\/meio-ambiente"],"url":"https:\/\/cenedcursos.com.br\/meio-ambiente\/author\/admin\/"}]}},"jetpack_featured_media_url":"https:\/\/i0.wp.com\/cenedcursos.com.br\/meio-ambiente\/wp-content\/uploads\/2017\/04\/escarpa-devoniana-1.jpg?fit=1024%2C683&ssl=1","jetpack_sharing_enabled":true,"_links":{"self":[{"href":"https:\/\/cenedcursos.com.br\/meio-ambiente\/wp-json\/wp\/v2\/posts\/8298","targetHints":{"allow":["GET"]}}],"collection":[{"href":"https:\/\/cenedcursos.com.br\/meio-ambiente\/wp-json\/wp\/v2\/posts"}],"about":[{"href":"https:\/\/cenedcursos.com.br\/meio-ambiente\/wp-json\/wp\/v2\/types\/post"}],"author":[{"embeddable":true,"href":"https:\/\/cenedcursos.com.br\/meio-ambiente\/wp-json\/wp\/v2\/users\/1"}],"replies":[{"embeddable":true,"href":"https:\/\/cenedcursos.com.br\/meio-ambiente\/wp-json\/wp\/v2\/comments?post=8298"}],"version-history":[{"count":3,"href":"https:\/\/cenedcursos.com.br\/meio-ambiente\/wp-json\/wp\/v2\/posts\/8298\/revisions"}],"predecessor-version":[{"id":13562,"href":"https:\/\/cenedcursos.com.br\/meio-ambiente\/wp-json\/wp\/v2\/posts\/8298\/revisions\/13562"}],"wp:featuredmedia":[{"embeddable":true,"href":"https:\/\/cenedcursos.com.br\/meio-ambiente\/wp-json\/wp\/v2\/media\/8308"}],"wp:attachment":[{"href":"https:\/\/cenedcursos.com.br\/meio-ambiente\/wp-json\/wp\/v2\/media?parent=8298"}],"wp:term":[{"taxonomy":"category","embeddable":true,"href":"https:\/\/cenedcursos.com.br\/meio-ambiente\/wp-json\/wp\/v2\/categories?post=8298"},{"taxonomy":"post_tag","embeddable":true,"href":"https:\/\/cenedcursos.com.br\/meio-ambiente\/wp-json\/wp\/v2\/tags?post=8298"}],"curies":[{"name":"wp","href":"https:\/\/api.w.org\/{rel}","templated":true}]}}