{"id":8301,"date":"2017-04-04T16:37:59","date_gmt":"2017-04-04T19:37:59","guid":{"rendered":"https:\/\/www.cenedcursos.com.br\/meio-ambiente\/mineradoras-de-olho-nas-unidades-de-conservacao-no-sul-do-amazonas\/"},"modified":"2017-04-04T16:37:59","modified_gmt":"2017-04-04T19:37:59","slug":"mineradoras-unidades-de-conservacao-amazonas","status":"publish","type":"post","link":"https:\/\/cenedcursos.com.br\/meio-ambiente\/mineradoras-unidades-de-conservacao-amazonas\/","title":{"rendered":"Mineradoras de olho nas Unidades de Conserva\u00e7\u00e3o no Sul do Amazonas"},"content":{"rendered":"<p><img data-recalc-dims=\"1\" loading=\"lazy\" decoding=\"async\" class=\"size-large wp-image-52553\" src=\"https:\/\/i0.wp.com\/www.cenedcursos.com.br\/meio-ambiente\/wp-content\/uploads\/2017\/04\/Mineradoras-de-olho-nas-Unidades-de-Conserva%C3%A7%C3%A3o-no-Sul-do-Amazonas.jpg?resize=696%2C464&#038;ssl=1\" sizes=\"auto, (max-width: 1024px) 100vw, 1024px\" srcset=\"https:\/\/www.cenedcursos.com.br\/meio-ambiente\/wp-content\/uploads\/2017\/04\/Mineradoras-de-olho-nas-Unidades-de-Conserva\u00e7\u00e3o-no-Sul-do-Amazonas.jpg 1024w, http:\/\/www.oeco.org.br\/wp-content\/uploads\/2017\/04\/UC-Sul-do-AM-1_3000000-A3-final-300x200.jpg 300w, http:\/\/www.oeco.org.br\/wp-content\/uploads\/2017\/04\/UC-Sul-do-AM-1_3000000-A3-final-600x400.jpg 600w, http:\/\/www.oeco.org.br\/wp-content\/uploads\/2017\/04\/UC-Sul-do-AM-1_3000000-A3-final-278x185.jpg 278w, http:\/\/www.oeco.org.br\/wp-content\/uploads\/2017\/04\/UC-Sul-do-AM-1_3000000-A3-final.jpg 1152w\" alt=\"Mapa: DNPM.\" width=\"696\" height=\"464\" \/><\/p>\n<div>\n<div id=\"attachment_52553\" class=\"wp-caption aligncenter\" style=\"width: 1034px;\">\nMapa: DNPM.\n<\/div>\n<p style=\"text-align: justify;\">Manaus, AM &#8212; O Departamento Nacional de Pesquisa Mineral (DNPM) confirmou a exist\u00eancia de mais de 200 pedidos de pesquisas para a explora\u00e7\u00e3o de min\u00e9rio nas \u00e1rea que parlamentares do Amazonas querem excluir de Unidades de Conserva\u00e7\u00e3o no Sul do estado. A informa\u00e7\u00e3o foi passada ao Minist\u00e9rio P\u00fablico Federal, que investiga poss\u00edveis impactos sociais e ambientais da minera\u00e7\u00e3o em \u00e1reas de preserva\u00e7\u00e3o no Amazonas.<\/p>\n<p style=\"text-align: justify;\">De acordo com o DNPM, estes pedidos foram feitos antes das <a href=\"https:\/\/www.cenedcursos.com.br\/meio-ambiente\/unidades-de-conservacao\/\" target=\"_blank\" rel=\"noopener noreferrer\">Unidades de Conserva\u00e7\u00e3o<\/a> serem inclu\u00eddas no mapa oficial do departamento para an\u00e1lise e estudo de prioridade com base em coordenadas geogr\u00e1ficas, o que s\u00f3 ocorreu em 2017. Neste sistema, segundo informa\u00e7\u00f5es dadas pelo DNPM ao Minist\u00e9rio P\u00fablico, est\u00e3o informa\u00e7\u00f5es sobre \u00e1reas requeridas, faixa de fronteira, Unidades de Conserva\u00e7\u00e3o e Terras Ind\u00edgenas.<\/p>\n<p style=\"text-align: justify;\">Em fevereiro, um cruzamento de dados realizado pelo WWF j\u00e1 demonstrava autoriza\u00e7\u00f5es de pesquisa e pedidos de lavra que coincidiam justamente com as \u00e1reas que parlamentares queriam excluir das Unidades de Conserva\u00e7\u00e3o criadas no ano passado no Amazonas. Para o WWF, a extra\u00e7\u00e3o de ouro, diamante, ni\u00f3bio e outros minerais poderiam estar relacionadas ao projeto de lei apresentado pelos parlamentares do Amazonas.<\/p>\n<p style=\"text-align: justify;\">Com base em <a href=\"https:\/\/www.socioambiental.org\/pt-br\/noticias-socioambientais\/mineradoras-latifundiarios-e-senador-seriam-beneficiados-por-reducao-de-reservas-no-amazonas\" target=\"_blank\" rel=\"noopener noreferrer\">uma nota t\u00e9cnica do Instituto Socioambiental<\/a>, que apontou interesses de mineradores, latifundi\u00e1rios, pol\u00edticos &#8212; entre eles, o senador Ivo Cassol (PP-RO) &#8212; e empresas de energia na redu\u00e7\u00e3o ou extin\u00e7\u00e3o de \u00e1reas protegidas no Sul do Amazonas, o MPF instaurou um inqu\u00e9rito civil p\u00fablico, no dia 21 de mar\u00e7o. A investiga\u00e7\u00e3o tem prazo de um ano para ser conclu\u00edda.<\/p>\n<p style=\"text-align: justify;\">A proposta dos parlamentares amazonenses eliminaria a \u00c1rea de Prote\u00e7\u00e3o Ambiental de Campos de Manicor\u00e9 e reduziria o Parque Nacional de Acari, a Reserva Biol\u00f3gica de Manicor\u00e9 e as Florestas Nacionais de Urupadi e Aripuan\u00e3. S\u00e3o tr\u00eas unidades de uso sustent\u00e1vel e duas de prote\u00e7\u00e3o integral, <a href=\"http:\/\/www.oeco.org.br\/noticias\/no-apagar-das-luzes-governo-dilma-cria-5-unidades-de-conservacao\/\" target=\"_blank\" rel=\"noopener noreferrer\">criadas em maio de 2016<\/a>, pouco antes da ex-presidente Dilma Rousseff sofrer o impeachment. Inicialmente previstas para ocupar 4 milh\u00f5es de hectares, foram revistas e reduzidas para 2,7 milh\u00f5es de hectares. Para o MPF, n\u00e3o existem irregularidades ou ilegalidades no processo de cria\u00e7\u00e3o das Unidades de Conserva\u00e7\u00e3o que justifiquem a anula\u00e7\u00e3o ou revis\u00e3o dos procedimentos que indicaram a \u00e1rea a ser protegida. De acordo com o MPF, foram realizados estudos t\u00e9cnicos que classificaram a \u00e1rea como de import\u00e2ncia biol\u00f3gica \u201cmuito alta\u201d ou \u201cextremamente alta\u201d. Al\u00e9m disso, foram realizadas reuni\u00f5es e consultas p\u00fablicas antes da cria\u00e7\u00e3o.<\/p>\n<p style=\"text-align: justify;\">O MPF tamb\u00e9m requisitou informa\u00e7\u00f5es ao Minist\u00e9rio do Meio Ambiente e ao Instituto Chico Mendes de Conserva\u00e7\u00e3o da Biodiversidade (ICMBio). Os procuradores querem saber o posicionamento t\u00e9cnico dos \u00f3rg\u00e3os ambientais, caso tenho recebido algum projeto de lei ou proposta para reduzir as \u00e1reas de prote\u00e7\u00e3o.<\/p>\n<\/div>\n<p style=\"text-align: justify;\"><a href=\"http:\/\/www.oeco.org.br\/noticias\/mineradoras-de-olho-nas-unidades-de-conservacao-no-sul-do-amazonas\/\">Fonte do Texto <\/a><\/p>\n","protected":false},"excerpt":{"rendered":"<p>Mapa: DNPM. Manaus, AM &#8212; O Departamento Nacional de Pesquisa Mineral (DNPM) confirmou a exist\u00eancia de mais de 200 pedidos de pesquisas para a explora\u00e7\u00e3o de min\u00e9rio nas \u00e1rea que parlamentares do Amazonas querem excluir de Unidades de Conserva\u00e7\u00e3o no Sul do estado. A informa\u00e7\u00e3o foi passada ao Minist\u00e9rio P\u00fablico Federal, que investiga poss\u00edveis impactos [&hellip;]<\/p>\n","protected":false},"author":1,"featured_media":0,"comment_status":"open","ping_status":"open","sticky":false,"template":"","format":"standard","meta":{"_jetpack_memberships_contains_paid_content":false,"footnotes":""},"categories":[491],"tags":[369],"class_list":{"0":"post-8301","1":"post","2":"type-post","3":"status-publish","4":"format-standard","6":"category-educacao-ambiental-textos","7":"tag-unidades-de-conservacao"},"yoast_head":"<!-- This site is optimized with the Yoast SEO plugin v25.1 - https:\/\/yoast.com\/wordpress\/plugins\/seo\/ -->\n<title>Mineradoras de olho nas Unidades de Conserva\u00e7\u00e3o no Sul do Amazonas - CENED Cursos Online<\/title>\n<meta name=\"robots\" content=\"index, follow, max-snippet:-1, max-image-preview:large, max-video-preview:-1\" \/>\n<link rel=\"canonical\" href=\"https:\/\/cenedcursos.com.br\/meio-ambiente\/mineradoras-unidades-de-conservacao-amazonas\/\" \/>\n<meta property=\"og:locale\" content=\"pt_BR\" \/>\n<meta property=\"og:type\" content=\"article\" \/>\n<meta property=\"og:title\" content=\"Mineradoras de olho nas Unidades de Conserva\u00e7\u00e3o no Sul do Amazonas - CENED Cursos Online\" \/>\n<meta property=\"og:description\" content=\"Mapa: DNPM. Manaus, AM &#8212; O Departamento Nacional de Pesquisa Mineral (DNPM) confirmou a exist\u00eancia de mais de 200 pedidos de pesquisas para a explora\u00e7\u00e3o de min\u00e9rio nas \u00e1rea que parlamentares do Amazonas querem excluir de Unidades de Conserva\u00e7\u00e3o no Sul do estado. A informa\u00e7\u00e3o foi passada ao Minist\u00e9rio P\u00fablico Federal, que investiga poss\u00edveis impactos [&hellip;]\" \/>\n<meta property=\"og:url\" content=\"https:\/\/cenedcursos.com.br\/meio-ambiente\/mineradoras-unidades-de-conservacao-amazonas\/\" \/>\n<meta property=\"og:site_name\" content=\"CENED Cursos Online\" \/>\n<meta property=\"article:published_time\" content=\"2017-04-04T19:37:59+00:00\" \/>\n<meta name=\"author\" content=\"Amarildo R. Ferrari\" \/>\n<meta name=\"twitter:card\" content=\"summary_large_image\" \/>\n<meta name=\"twitter:label1\" content=\"Escrito por\" \/>\n\t<meta name=\"twitter:data1\" content=\"Amarildo R. Ferrari\" \/>\n\t<meta name=\"twitter:label2\" content=\"Est. tempo de leitura\" \/>\n\t<meta name=\"twitter:data2\" content=\"2 minutos\" \/>\n<script type=\"application\/ld+json\" class=\"yoast-schema-graph\">{\"@context\":\"https:\/\/schema.org\",\"@graph\":[{\"@type\":\"WebPage\",\"@id\":\"https:\/\/cenedcursos.com.br\/meio-ambiente\/mineradoras-unidades-de-conservacao-amazonas\/\",\"url\":\"https:\/\/cenedcursos.com.br\/meio-ambiente\/mineradoras-unidades-de-conservacao-amazonas\/\",\"name\":\"Mineradoras de olho nas Unidades de Conserva\u00e7\u00e3o no Sul do Amazonas - CENED Cursos Online\",\"isPartOf\":{\"@id\":\"https:\/\/cenedcursos.com.br\/meio-ambiente\/#website\"},\"datePublished\":\"2017-04-04T19:37:59+00:00\",\"author\":{\"@id\":\"https:\/\/cenedcursos.com.br\/meio-ambiente\/#\/schema\/person\/64377d24cdc16779a1eb6229894af388\"},\"breadcrumb\":{\"@id\":\"https:\/\/cenedcursos.com.br\/meio-ambiente\/mineradoras-unidades-de-conservacao-amazonas\/#breadcrumb\"},\"inLanguage\":\"pt-BR\",\"potentialAction\":[{\"@type\":\"ReadAction\",\"target\":[\"https:\/\/cenedcursos.com.br\/meio-ambiente\/mineradoras-unidades-de-conservacao-amazonas\/\"]}]},{\"@type\":\"BreadcrumbList\",\"@id\":\"https:\/\/cenedcursos.com.br\/meio-ambiente\/mineradoras-unidades-de-conservacao-amazonas\/#breadcrumb\",\"itemListElement\":[{\"@type\":\"ListItem\",\"position\":1,\"name\":\"In\u00edcio\",\"item\":\"https:\/\/cenedcursos.com.br\/meio-ambiente\/\"},{\"@type\":\"ListItem\",\"position\":2,\"name\":\"Mineradoras de olho nas Unidades de Conserva\u00e7\u00e3o no Sul do Amazonas\"}]},{\"@type\":\"WebSite\",\"@id\":\"https:\/\/cenedcursos.com.br\/meio-ambiente\/#website\",\"url\":\"https:\/\/cenedcursos.com.br\/meio-ambiente\/\",\"name\":\"CENED Cursos Online\",\"description\":\"Aqui voc\u00ea encontra artigos em diversas \u00e1reas do conhecimento: meio ambiente, educa\u00e7\u00e3o, marketing digital, neg\u00f3cios online e muito mais.\",\"potentialAction\":[{\"@type\":\"SearchAction\",\"target\":{\"@type\":\"EntryPoint\",\"urlTemplate\":\"https:\/\/cenedcursos.com.br\/meio-ambiente\/?s={search_term_string}\"},\"query-input\":{\"@type\":\"PropertyValueSpecification\",\"valueRequired\":true,\"valueName\":\"search_term_string\"}}],\"inLanguage\":\"pt-BR\"},{\"@type\":\"Person\",\"@id\":\"https:\/\/cenedcursos.com.br\/meio-ambiente\/#\/schema\/person\/64377d24cdc16779a1eb6229894af388\",\"name\":\"Amarildo R. Ferrari\",\"image\":{\"@type\":\"ImageObject\",\"inLanguage\":\"pt-BR\",\"@id\":\"https:\/\/cenedcursos.com.br\/meio-ambiente\/#\/schema\/person\/image\/\",\"url\":\"https:\/\/secure.gravatar.com\/avatar\/6ea4248ca9f295c93f1b72f8398232f0fbbffe30349e6ec3839cfa5e09b0de3c?s=96&d=mm&r=g\",\"contentUrl\":\"https:\/\/secure.gravatar.com\/avatar\/6ea4248ca9f295c93f1b72f8398232f0fbbffe30349e6ec3839cfa5e09b0de3c?s=96&d=mm&r=g\",\"caption\":\"Amarildo R. Ferrari\"},\"sameAs\":[\"https:\/\/cenedcursos.com.br\/meio-ambiente\"],\"url\":\"https:\/\/cenedcursos.com.br\/meio-ambiente\/author\/admin\/\"}]}<\/script>\n<!-- \/ Yoast SEO plugin. -->","yoast_head_json":{"title":"Mineradoras de olho nas Unidades de Conserva\u00e7\u00e3o no Sul do Amazonas - CENED Cursos Online","robots":{"index":"index","follow":"follow","max-snippet":"max-snippet:-1","max-image-preview":"max-image-preview:large","max-video-preview":"max-video-preview:-1"},"canonical":"https:\/\/cenedcursos.com.br\/meio-ambiente\/mineradoras-unidades-de-conservacao-amazonas\/","og_locale":"pt_BR","og_type":"article","og_title":"Mineradoras de olho nas Unidades de Conserva\u00e7\u00e3o no Sul do Amazonas - CENED Cursos Online","og_description":"Mapa: DNPM. Manaus, AM &#8212; O Departamento Nacional de Pesquisa Mineral (DNPM) confirmou a exist\u00eancia de mais de 200 pedidos de pesquisas para a explora\u00e7\u00e3o de min\u00e9rio nas \u00e1rea que parlamentares do Amazonas querem excluir de Unidades de Conserva\u00e7\u00e3o no Sul do estado. A informa\u00e7\u00e3o foi passada ao Minist\u00e9rio P\u00fablico Federal, que investiga poss\u00edveis impactos [&hellip;]","og_url":"https:\/\/cenedcursos.com.br\/meio-ambiente\/mineradoras-unidades-de-conservacao-amazonas\/","og_site_name":"CENED Cursos Online","article_published_time":"2017-04-04T19:37:59+00:00","author":"Amarildo R. Ferrari","twitter_card":"summary_large_image","twitter_misc":{"Escrito por":"Amarildo R. Ferrari","Est. tempo de leitura":"2 minutos"},"schema":{"@context":"https:\/\/schema.org","@graph":[{"@type":"WebPage","@id":"https:\/\/cenedcursos.com.br\/meio-ambiente\/mineradoras-unidades-de-conservacao-amazonas\/","url":"https:\/\/cenedcursos.com.br\/meio-ambiente\/mineradoras-unidades-de-conservacao-amazonas\/","name":"Mineradoras de olho nas Unidades de Conserva\u00e7\u00e3o no Sul do Amazonas - CENED Cursos Online","isPartOf":{"@id":"https:\/\/cenedcursos.com.br\/meio-ambiente\/#website"},"datePublished":"2017-04-04T19:37:59+00:00","author":{"@id":"https:\/\/cenedcursos.com.br\/meio-ambiente\/#\/schema\/person\/64377d24cdc16779a1eb6229894af388"},"breadcrumb":{"@id":"https:\/\/cenedcursos.com.br\/meio-ambiente\/mineradoras-unidades-de-conservacao-amazonas\/#breadcrumb"},"inLanguage":"pt-BR","potentialAction":[{"@type":"ReadAction","target":["https:\/\/cenedcursos.com.br\/meio-ambiente\/mineradoras-unidades-de-conservacao-amazonas\/"]}]},{"@type":"BreadcrumbList","@id":"https:\/\/cenedcursos.com.br\/meio-ambiente\/mineradoras-unidades-de-conservacao-amazonas\/#breadcrumb","itemListElement":[{"@type":"ListItem","position":1,"name":"In\u00edcio","item":"https:\/\/cenedcursos.com.br\/meio-ambiente\/"},{"@type":"ListItem","position":2,"name":"Mineradoras de olho nas Unidades de Conserva\u00e7\u00e3o no Sul do Amazonas"}]},{"@type":"WebSite","@id":"https:\/\/cenedcursos.com.br\/meio-ambiente\/#website","url":"https:\/\/cenedcursos.com.br\/meio-ambiente\/","name":"CENED Cursos Online","description":"Aqui voc\u00ea encontra artigos em diversas \u00e1reas do conhecimento: meio ambiente, educa\u00e7\u00e3o, marketing digital, neg\u00f3cios online e muito mais.","potentialAction":[{"@type":"SearchAction","target":{"@type":"EntryPoint","urlTemplate":"https:\/\/cenedcursos.com.br\/meio-ambiente\/?s={search_term_string}"},"query-input":{"@type":"PropertyValueSpecification","valueRequired":true,"valueName":"search_term_string"}}],"inLanguage":"pt-BR"},{"@type":"Person","@id":"https:\/\/cenedcursos.com.br\/meio-ambiente\/#\/schema\/person\/64377d24cdc16779a1eb6229894af388","name":"Amarildo R. Ferrari","image":{"@type":"ImageObject","inLanguage":"pt-BR","@id":"https:\/\/cenedcursos.com.br\/meio-ambiente\/#\/schema\/person\/image\/","url":"https:\/\/secure.gravatar.com\/avatar\/6ea4248ca9f295c93f1b72f8398232f0fbbffe30349e6ec3839cfa5e09b0de3c?s=96&d=mm&r=g","contentUrl":"https:\/\/secure.gravatar.com\/avatar\/6ea4248ca9f295c93f1b72f8398232f0fbbffe30349e6ec3839cfa5e09b0de3c?s=96&d=mm&r=g","caption":"Amarildo R. Ferrari"},"sameAs":["https:\/\/cenedcursos.com.br\/meio-ambiente"],"url":"https:\/\/cenedcursos.com.br\/meio-ambiente\/author\/admin\/"}]}},"jetpack_featured_media_url":"","jetpack_sharing_enabled":true,"_links":{"self":[{"href":"https:\/\/cenedcursos.com.br\/meio-ambiente\/wp-json\/wp\/v2\/posts\/8301","targetHints":{"allow":["GET"]}}],"collection":[{"href":"https:\/\/cenedcursos.com.br\/meio-ambiente\/wp-json\/wp\/v2\/posts"}],"about":[{"href":"https:\/\/cenedcursos.com.br\/meio-ambiente\/wp-json\/wp\/v2\/types\/post"}],"author":[{"embeddable":true,"href":"https:\/\/cenedcursos.com.br\/meio-ambiente\/wp-json\/wp\/v2\/users\/1"}],"replies":[{"embeddable":true,"href":"https:\/\/cenedcursos.com.br\/meio-ambiente\/wp-json\/wp\/v2\/comments?post=8301"}],"version-history":[{"count":0,"href":"https:\/\/cenedcursos.com.br\/meio-ambiente\/wp-json\/wp\/v2\/posts\/8301\/revisions"}],"wp:attachment":[{"href":"https:\/\/cenedcursos.com.br\/meio-ambiente\/wp-json\/wp\/v2\/media?parent=8301"}],"wp:term":[{"taxonomy":"category","embeddable":true,"href":"https:\/\/cenedcursos.com.br\/meio-ambiente\/wp-json\/wp\/v2\/categories?post=8301"},{"taxonomy":"post_tag","embeddable":true,"href":"https:\/\/cenedcursos.com.br\/meio-ambiente\/wp-json\/wp\/v2\/tags?post=8301"}],"curies":[{"name":"wp","href":"https:\/\/api.w.org\/{rel}","templated":true}]}}