{"id":8335,"date":"2017-04-05T01:53:08","date_gmt":"2017-04-05T04:53:08","guid":{"rendered":"https:\/\/www.cenedcursos.com.br\/meio-ambiente\/governo-corta-43-do-orcamento-do-ministerio-do-meio-ambiente\/"},"modified":"2017-04-05T01:53:08","modified_gmt":"2017-04-05T04:53:08","slug":"governo-corta-43-ministerio-do-meio-ambiente","status":"publish","type":"post","link":"https:\/\/cenedcursos.com.br\/meio-ambiente\/governo-corta-43-ministerio-do-meio-ambiente\/","title":{"rendered":"Governo corta 43% do or\u00e7amento do Minist\u00e9rio do Meio Ambiente"},"content":{"rendered":"<p>&nbsp;<\/p>\n<div>\n<div id=\"attachment_52584\" class=\"wp-caption aligncenter\" style=\"width: 1034px;\">\n<img data-recalc-dims=\"1\" loading=\"lazy\" decoding=\"async\" class=\"wp-image-52584 size-large\" src=\"https:\/\/i0.wp.com\/www.cenedcursos.com.br\/meio-ambiente\/wp-content\/uploads\/2017\/04\/Governo-corta-43-do-or%C3%A7amento-do-Minist%C3%A9rio-do-Meio-Ambiente.jpg?resize=696%2C464&#038;ssl=1\" sizes=\"auto, (max-width: 1024px) 100vw, 1024px\" srcset=\"https:\/\/www.cenedcursos.com.br\/meio-ambiente\/wp-content\/uploads\/2017\/04\/Governo-corta-43-do-or\u00e7amento-do-Minist\u00e9rio-do-Meio-Ambiente.jpg 1024w, http:\/\/www.oeco.org.br\/wp-content\/uploads\/2017\/04\/baseMMA1-1-300x200.jpg 300w, http:\/\/www.oeco.org.br\/wp-content\/uploads\/2017\/04\/baseMMA1-1-600x400.jpg 600w, http:\/\/www.oeco.org.br\/wp-content\/uploads\/2017\/04\/baseMMA1-1-278x185.jpg 278w, http:\/\/www.oeco.org.br\/wp-content\/uploads\/2017\/04\/baseMMA1-1.jpg 1152w\" alt=\"Arte: M\u00e1rcio L\u00e1zaro. \" width=\"696\" height=\"464\" \/><\/p>\n<p class=\"wp-caption-text\">Arte: M\u00e1rcio L\u00e1zaro.<\/p>\n<\/div>\n<p style=\"text-align: justify;\">O or\u00e7amento do Minist\u00e9rio do Meio Ambiente est\u00e1 menor (de novo). Em um esfor\u00e7o para garantir o cumprimento do <a href=\"http:\/\/www2.planalto.gov.br\/acompanhe-planalto\/noticias\/2016\/09\/o-que-e-superavit-primario-e-por-que-ele-e-importante\" target=\"_blank\" rel=\"noopener noreferrer\">super\u00e1vit prim\u00e1rio<\/a>, o ministro da Fazenda, Henrique Meirelles, anunciou na semana passada o contingenciamento de R$ 42,1 bilh\u00f5es do or\u00e7amento de 2017. Neste aperto or\u00e7ament\u00e1rio, o Minist\u00e9rio do Meio Ambiente perdeu 43% da sua verba para <a href=\"http:\/\/www.orcamentofederal.gov.br\/glossario-1\/despesa-discricionaria\" target=\"_blank\" rel=\"noopener noreferrer\">despesas discricion\u00e1rias<\/a>, ou seja, aquela verba sobre a qual o \u00f3rg\u00e3o pode decidir como gastar. Dos R$ 782 milh\u00f5es previstos no or\u00e7amento para custeio e investimento, <a href=\"http:\/\/pesquisa.in.gov.br\/imprensa\/jsp\/visualiza\/index.jsp?data=30\/03\/2017&amp;jornal=1000&amp;pagina=2&amp;totalArquivos=8\" target=\"_blank\" rel=\"noopener noreferrer\">sobraram apenas 446,5 milh\u00f5es de reais<\/a>.<\/p>\n<p style=\"text-align: justify;\">Menos de meio bilh\u00e3o que dever\u00e1 dar conta dos combust\u00edveis utilizados nos ve\u00edculos do Minist\u00e9rio e das autarquias, principalmente o Ibama e o ICMBio, nas a\u00e7\u00f5es de comando e controle contra o desmatamento na Amaz\u00f4nia (que ano passado teve aumento de 29%) e no combate a inc\u00eandios dentro das Unidades de Conserva\u00e7\u00e3o, s\u00f3 para citar alguns exemplos. O Instituto Chico Mendes, sozinho, \u00e9 respons\u00e1vel por gerir 326 Unidades de Conserva\u00e7\u00e3o federais.<\/p>\n<p style=\"text-align: justify;\">O Minist\u00e9rio do Meio Ambiente estuda como ser\u00e3o feitas as readequa\u00e7\u00f5es do or\u00e7amento e afirmou, atrav\u00e9s de sua assessoria de imprensa, que \u201ctodos os esfor\u00e7os s\u00e3o no sentido de n\u00e3o comprometer as a\u00e7\u00f5es em andamento\u201d. N\u00e3o h\u00e1 a defini\u00e7\u00e3o, at\u00e9 o momento, de quais programas e projetos ser\u00e3o afetados.<\/p>\n<p style=\"text-align: justify;\">Em dezembro, o Congresso aprovou a Lei Or\u00e7ament\u00e1ria Anual (LOA) e o MMA ganhou mais 129 milh\u00f5es atrav\u00e9s de emendas parlamentares. Com isso, o or\u00e7amento discricion\u00e1rio do MMA ficou em 911 milh\u00f5es de reais. Internamente, por\u00e9m, o Minist\u00e9rio j\u00e1 n\u00e3o conta com o acr\u00e9scimo da verba parlamentar, que normalmente \u00e9 vetada.<\/p>\n<p style=\"text-align: justify;\"><strong>Crise antiga<\/strong><\/p>\n<p style=\"text-align: justify;\">Longe de ser um reflexo da crise econ\u00f4mica, a estagna\u00e7\u00e3o (e retra\u00e7\u00e3o) do or\u00e7amento do Minist\u00e9rio do Meio Ambiente \u00e9 algo que vem acontecendo h\u00e1 anos. Em termos reais, pelo menos desde 2003 se verifica esse processo. \u00c9 o que conclui um estudo feito pelos economistas Carlos Eduardo Young e Marcio Alvarenga Junior, do Grupo de Economia do Meio Ambiente e Desenvolvimento Sustent\u00e1vel da Universidade Federal do Rio de Janeiro (<a href=\"http:\/\/www.ie.ufrj.br\/index.php\/gema\/apresentacao\" target=\"_blank\" rel=\"noopener noreferrer\">GEMA-UFRJ<\/a>), ainda n\u00e3o publicado, do qual ((o))eco teve acesso.<\/p>\n<div id=\"attachment_52588\" class=\"wp-caption alignright\" style=\"width: 491px; text-align: justify;\">\n<img data-recalc-dims=\"1\" loading=\"lazy\" decoding=\"async\" class=\"size-full wp-image-52588\" src=\"https:\/\/i0.wp.com\/www.cenedcursos.com.br\/meio-ambiente\/wp-content\/uploads\/2017\/04\/1491367988_127_Governo-corta-43-do-or%C3%A7amento-do-Minist%C3%A9rio-do-Meio-Ambiente.jpg?resize=481%2C289&#038;ssl=1\" sizes=\"auto, (max-width: 481px) 100vw, 481px\" srcset=\"https:\/\/www.cenedcursos.com.br\/meio-ambiente\/wp-content\/uploads\/2017\/04\/1491367988_127_Governo-corta-43-do-or\u00e7amento-do-Minist\u00e9rio-do-Meio-Ambiente.jpg 481w, http:\/\/www.oeco.org.br\/wp-content\/uploads\/2017\/04\/gr\u00e1ficoMMA-300x180.jpg 300w\" alt=\"Fonte: Young e Alvarenga, 2017.\" width=\"481\" height=\"289\" \/><\/p>\n<p class=\"wp-caption-text\">Fonte: Young e Alvarenga, 2017.<\/p>\n<\/div>\n<p style=\"text-align: justify;\">Entre 2003 e 2013, o or\u00e7amento discricion\u00e1rio, que \u00e9 a parte que n\u00e3o est\u00e1 presa com pagamento de contas fixas, se manteve praticamente estagnado, com exce\u00e7\u00e3o de pontuais redu\u00e7\u00f5es. A partir de 2014, a queda \u00e9 livre (<em>Veja gr\u00e1fico<\/em>).<\/p>\n<p style=\"text-align: justify;\"><strong>\u201c<\/strong>Mais do que a tese de que h\u00e1 uma crise fiscal que atrapalha a aloca\u00e7\u00e3o dos recursos, podemos falar que esse \u00e9 um problema estrutural da pasta. N\u00e3o devemos discutir o contingenciamento somente a partir dessa perspectiva da crise, dessa crise recente, que \u00e9 pontual, mas se olharmos para a quest\u00e3o da pol\u00edtica hist\u00f3rica, mesmo em momentos de crescimento do ciclo econ\u00f4mico, de arrecada\u00e7\u00e3o, isso j\u00e1 \u00e9 um movimento verificado\u201d, explica Alvarenga.<\/p>\n<p style=\"text-align: justify;\">Para o economista, a estagna\u00e7\u00e3o do or\u00e7amento do Minist\u00e9rio do Meio Ambiente, mesmo em tempos pr\u00e9-crise, reflete uma escolha pol\u00edtica por precariza\u00e7\u00e3o da pasta, que sofreu aumento de demanda para licenciar mais obras, para proteger mais unidades de conserva\u00e7\u00e3o, para combater o desmatamento, mas manteve praticamente o mesmo or\u00e7amento.<\/p>\n<p style=\"text-align: justify;\">\u201cO governo federal agiu pressionando as estruturas, a partir da multiplica\u00e7\u00e3o do volume de investimento, de empreendimentos no pa\u00eds, mas n\u00e3o botou na estrutura licenciadora [o Ibama], por exemplo, os recursos que seriam necess\u00e1rios para, pelo menos, manter o cen\u00e1rio que preexistia ao PAC [Programa de Acelera\u00e7\u00e3o do Crescimento]. (&#8230;) A economia estava crescendo, a press\u00e3o sobre o meio ambiente estava crescendo e a capacidade de fiscaliza\u00e7\u00e3o do \u00f3rg\u00e3o ambiental, que est\u00e1 ligada \u00e0 despesa discricion\u00e1ria, estava, e est\u00e1 diminuindo\u201d, diz.<\/p>\n<p style=\"text-align: justify;\"><strong>PEC 241 j\u00e1 funciona para o MMA<\/strong><\/p>\n<p style=\"text-align: justify;\">A pol\u00eamica Proposta de Emenda \u00e0 Constitui\u00e7\u00e3o 241, a chamada PEC do teto dos gastos p\u00fablicos \u00a0(tamb\u00e9m conhecida como &#8220;PEC do Fim do Mundo&#8221;), que congelou o teto dos gastos p\u00fablicos por 20 anos, \u00e9 a realidade em que vive o Minist\u00e9rio do Meio Ambiente h\u00e1 pelo menos 14 anos. Mas agora, com o aperto sendo imposto a todos os minist\u00e9rios, a situa\u00e7\u00e3o da \u00e1rea ambiental, j\u00e1 enfraquecida, tende a piorar. \u00c9 o que acredita o economista Carlos Eduardo Young, que observa uma retra\u00e7\u00e3o do gasto ambiental em rela\u00e7\u00e3o ao or\u00e7amento como um todo. \u201cNa medida em que \u00e1reas como a sa\u00fade, educa\u00e7\u00e3o, seguran\u00e7a e outras v\u00e3o demandar gastos do governo, ele vai sair cortando de outras \u00e1reas, e o Meio Ambiente est\u00e1 sempre no in\u00edcio da fila para ser cortado. O que vai levar o gasto ambiental federal a ser cada vez menor em rela\u00e7\u00e3o \u00e0 demanda\u201d, explica.<\/p>\n<p style=\"text-align: justify;\">Para Young, uma das consequ\u00eancias dever\u00e1 ser a crescente diminui\u00e7\u00e3o do papel do governo federal na \u00e1rea ambiental, exatamente por falta de dinheiro para tocar a agenda. \u201cN\u00e3o se sabe se os institutos estaduais e municipais ambientais seguir\u00e3o essa tend\u00eancia\u201d.<\/p>\n<p><a href=\"http:\/\/www.oeco.org.br\/reportagens\/governo-corta-43-do-orcamento-do-ministerio-do-meio-ambiente\/\">Fonte do Texto<\/a><br \/>\n<strong>Livros na \u00e1rea do Meio Ambiente<\/strong><br \/>\n[content-egg-block template=offers_list]\n<\/div>\n","protected":false},"excerpt":{"rendered":"<p>&nbsp; Arte: M\u00e1rcio L\u00e1zaro. O or\u00e7amento do Minist\u00e9rio do Meio Ambiente est\u00e1 menor (de novo). Em um esfor\u00e7o para garantir o cumprimento do super\u00e1vit prim\u00e1rio, o ministro da Fazenda, Henrique Meirelles, anunciou na semana passada o contingenciamento de R$ 42,1 bilh\u00f5es do or\u00e7amento de 2017. Neste aperto or\u00e7ament\u00e1rio, o Minist\u00e9rio do Meio Ambiente perdeu 43% [&hellip;]<\/p>\n","protected":false},"author":1,"featured_media":0,"comment_status":"open","ping_status":"open","sticky":false,"template":"","format":"standard","meta":{"_jetpack_memberships_contains_paid_content":false,"footnotes":""},"categories":[492],"tags":[374],"class_list":{"0":"post-8335","1":"post","2":"type-post","3":"status-publish","4":"format-standard","6":"category-etica-meio-ambiente","7":"tag-ministerio-do-meio-ambiente"},"yoast_head":"<!-- This site is optimized with the Yoast SEO plugin v25.1 - https:\/\/yoast.com\/wordpress\/plugins\/seo\/ -->\n<title>Governo corta 43% do or\u00e7amento do Minist\u00e9rio do Meio Ambiente - CENED - Meio Ambiente Online<\/title>\n<meta name=\"description\" content=\"O or\u00e7amento do Minist\u00e9rio do Meio Ambiente est\u00e1 menor (de novo). Em um esfor\u00e7o para garantir o cumprimento do super\u00e1vit prim\u00e1rio, o ministro da Fazenda,\" \/>\n<meta name=\"robots\" content=\"index, follow, max-snippet:-1, max-image-preview:large, max-video-preview:-1\" \/>\n<link rel=\"canonical\" href=\"https:\/\/cenedcursos.com.br\/meio-ambiente\/governo-corta-43-ministerio-do-meio-ambiente\/\" \/>\n<meta property=\"og:locale\" content=\"pt_BR\" \/>\n<meta property=\"og:type\" content=\"article\" \/>\n<meta property=\"og:title\" content=\"Governo corta 43% do or\u00e7amento do Minist\u00e9rio do Meio Ambiente - CENED - Meio Ambiente Online\" \/>\n<meta property=\"og:description\" content=\"O or\u00e7amento do Minist\u00e9rio do Meio Ambiente est\u00e1 menor (de novo). Em um esfor\u00e7o para garantir o cumprimento do super\u00e1vit prim\u00e1rio, o ministro da Fazenda,\" \/>\n<meta property=\"og:url\" content=\"https:\/\/cenedcursos.com.br\/meio-ambiente\/governo-corta-43-ministerio-do-meio-ambiente\/\" \/>\n<meta property=\"og:site_name\" content=\"CENED Cursos Online\" \/>\n<meta property=\"article:published_time\" content=\"2017-04-05T04:53:08+00:00\" \/>\n<meta name=\"author\" content=\"Amarildo R. Ferrari\" \/>\n<meta name=\"twitter:card\" content=\"summary_large_image\" \/>\n<meta name=\"twitter:label1\" content=\"Escrito por\" \/>\n\t<meta name=\"twitter:data1\" content=\"Amarildo R. Ferrari\" \/>\n\t<meta name=\"twitter:label2\" content=\"Est. tempo de leitura\" \/>\n\t<meta name=\"twitter:data2\" content=\"4 minutos\" \/>\n<script type=\"application\/ld+json\" class=\"yoast-schema-graph\">{\"@context\":\"https:\/\/schema.org\",\"@graph\":[{\"@type\":\"WebPage\",\"@id\":\"https:\/\/cenedcursos.com.br\/meio-ambiente\/governo-corta-43-ministerio-do-meio-ambiente\/\",\"url\":\"https:\/\/cenedcursos.com.br\/meio-ambiente\/governo-corta-43-ministerio-do-meio-ambiente\/\",\"name\":\"Governo corta 43% do or\u00e7amento do Minist\u00e9rio do Meio Ambiente - CENED - Meio Ambiente Online\",\"isPartOf\":{\"@id\":\"https:\/\/cenedcursos.com.br\/meio-ambiente\/#website\"},\"datePublished\":\"2017-04-05T04:53:08+00:00\",\"author\":{\"@id\":\"https:\/\/cenedcursos.com.br\/meio-ambiente\/#\/schema\/person\/64377d24cdc16779a1eb6229894af388\"},\"description\":\"O or\u00e7amento do Minist\u00e9rio do Meio Ambiente est\u00e1 menor (de novo). Em um esfor\u00e7o para garantir o cumprimento do super\u00e1vit prim\u00e1rio, o ministro da Fazenda,\",\"breadcrumb\":{\"@id\":\"https:\/\/cenedcursos.com.br\/meio-ambiente\/governo-corta-43-ministerio-do-meio-ambiente\/#breadcrumb\"},\"inLanguage\":\"pt-BR\",\"potentialAction\":[{\"@type\":\"ReadAction\",\"target\":[\"https:\/\/cenedcursos.com.br\/meio-ambiente\/governo-corta-43-ministerio-do-meio-ambiente\/\"]}]},{\"@type\":\"BreadcrumbList\",\"@id\":\"https:\/\/cenedcursos.com.br\/meio-ambiente\/governo-corta-43-ministerio-do-meio-ambiente\/#breadcrumb\",\"itemListElement\":[{\"@type\":\"ListItem\",\"position\":1,\"name\":\"In\u00edcio\",\"item\":\"https:\/\/cenedcursos.com.br\/meio-ambiente\/\"},{\"@type\":\"ListItem\",\"position\":2,\"name\":\"Governo corta 43% do or\u00e7amento do Minist\u00e9rio do Meio Ambiente\"}]},{\"@type\":\"WebSite\",\"@id\":\"https:\/\/cenedcursos.com.br\/meio-ambiente\/#website\",\"url\":\"https:\/\/cenedcursos.com.br\/meio-ambiente\/\",\"name\":\"CENED Cursos Online\",\"description\":\"Aqui voc\u00ea encontra artigos em diversas \u00e1reas do conhecimento: meio ambiente, educa\u00e7\u00e3o, marketing digital, neg\u00f3cios online e muito mais.\",\"potentialAction\":[{\"@type\":\"SearchAction\",\"target\":{\"@type\":\"EntryPoint\",\"urlTemplate\":\"https:\/\/cenedcursos.com.br\/meio-ambiente\/?s={search_term_string}\"},\"query-input\":{\"@type\":\"PropertyValueSpecification\",\"valueRequired\":true,\"valueName\":\"search_term_string\"}}],\"inLanguage\":\"pt-BR\"},{\"@type\":\"Person\",\"@id\":\"https:\/\/cenedcursos.com.br\/meio-ambiente\/#\/schema\/person\/64377d24cdc16779a1eb6229894af388\",\"name\":\"Amarildo R. Ferrari\",\"image\":{\"@type\":\"ImageObject\",\"inLanguage\":\"pt-BR\",\"@id\":\"https:\/\/cenedcursos.com.br\/meio-ambiente\/#\/schema\/person\/image\/\",\"url\":\"https:\/\/secure.gravatar.com\/avatar\/6ea4248ca9f295c93f1b72f8398232f0fbbffe30349e6ec3839cfa5e09b0de3c?s=96&d=mm&r=g\",\"contentUrl\":\"https:\/\/secure.gravatar.com\/avatar\/6ea4248ca9f295c93f1b72f8398232f0fbbffe30349e6ec3839cfa5e09b0de3c?s=96&d=mm&r=g\",\"caption\":\"Amarildo R. Ferrari\"},\"sameAs\":[\"https:\/\/cenedcursos.com.br\/meio-ambiente\"],\"url\":\"https:\/\/cenedcursos.com.br\/meio-ambiente\/author\/admin\/\"}]}<\/script>\n<!-- \/ Yoast SEO plugin. -->","yoast_head_json":{"title":"Governo corta 43% do or\u00e7amento do Minist\u00e9rio do Meio Ambiente - CENED - Meio Ambiente Online","description":"O or\u00e7amento do Minist\u00e9rio do Meio Ambiente est\u00e1 menor (de novo). Em um esfor\u00e7o para garantir o cumprimento do super\u00e1vit prim\u00e1rio, o ministro da Fazenda,","robots":{"index":"index","follow":"follow","max-snippet":"max-snippet:-1","max-image-preview":"max-image-preview:large","max-video-preview":"max-video-preview:-1"},"canonical":"https:\/\/cenedcursos.com.br\/meio-ambiente\/governo-corta-43-ministerio-do-meio-ambiente\/","og_locale":"pt_BR","og_type":"article","og_title":"Governo corta 43% do or\u00e7amento do Minist\u00e9rio do Meio Ambiente - CENED - Meio Ambiente Online","og_description":"O or\u00e7amento do Minist\u00e9rio do Meio Ambiente est\u00e1 menor (de novo). Em um esfor\u00e7o para garantir o cumprimento do super\u00e1vit prim\u00e1rio, o ministro da Fazenda,","og_url":"https:\/\/cenedcursos.com.br\/meio-ambiente\/governo-corta-43-ministerio-do-meio-ambiente\/","og_site_name":"CENED Cursos Online","article_published_time":"2017-04-05T04:53:08+00:00","author":"Amarildo R. Ferrari","twitter_card":"summary_large_image","twitter_misc":{"Escrito por":"Amarildo R. Ferrari","Est. tempo de leitura":"4 minutos"},"schema":{"@context":"https:\/\/schema.org","@graph":[{"@type":"WebPage","@id":"https:\/\/cenedcursos.com.br\/meio-ambiente\/governo-corta-43-ministerio-do-meio-ambiente\/","url":"https:\/\/cenedcursos.com.br\/meio-ambiente\/governo-corta-43-ministerio-do-meio-ambiente\/","name":"Governo corta 43% do or\u00e7amento do Minist\u00e9rio do Meio Ambiente - CENED - Meio Ambiente Online","isPartOf":{"@id":"https:\/\/cenedcursos.com.br\/meio-ambiente\/#website"},"datePublished":"2017-04-05T04:53:08+00:00","author":{"@id":"https:\/\/cenedcursos.com.br\/meio-ambiente\/#\/schema\/person\/64377d24cdc16779a1eb6229894af388"},"description":"O or\u00e7amento do Minist\u00e9rio do Meio Ambiente est\u00e1 menor (de novo). Em um esfor\u00e7o para garantir o cumprimento do super\u00e1vit prim\u00e1rio, o ministro da Fazenda,","breadcrumb":{"@id":"https:\/\/cenedcursos.com.br\/meio-ambiente\/governo-corta-43-ministerio-do-meio-ambiente\/#breadcrumb"},"inLanguage":"pt-BR","potentialAction":[{"@type":"ReadAction","target":["https:\/\/cenedcursos.com.br\/meio-ambiente\/governo-corta-43-ministerio-do-meio-ambiente\/"]}]},{"@type":"BreadcrumbList","@id":"https:\/\/cenedcursos.com.br\/meio-ambiente\/governo-corta-43-ministerio-do-meio-ambiente\/#breadcrumb","itemListElement":[{"@type":"ListItem","position":1,"name":"In\u00edcio","item":"https:\/\/cenedcursos.com.br\/meio-ambiente\/"},{"@type":"ListItem","position":2,"name":"Governo corta 43% do or\u00e7amento do Minist\u00e9rio do Meio Ambiente"}]},{"@type":"WebSite","@id":"https:\/\/cenedcursos.com.br\/meio-ambiente\/#website","url":"https:\/\/cenedcursos.com.br\/meio-ambiente\/","name":"CENED Cursos Online","description":"Aqui voc\u00ea encontra artigos em diversas \u00e1reas do conhecimento: meio ambiente, educa\u00e7\u00e3o, marketing digital, neg\u00f3cios online e muito mais.","potentialAction":[{"@type":"SearchAction","target":{"@type":"EntryPoint","urlTemplate":"https:\/\/cenedcursos.com.br\/meio-ambiente\/?s={search_term_string}"},"query-input":{"@type":"PropertyValueSpecification","valueRequired":true,"valueName":"search_term_string"}}],"inLanguage":"pt-BR"},{"@type":"Person","@id":"https:\/\/cenedcursos.com.br\/meio-ambiente\/#\/schema\/person\/64377d24cdc16779a1eb6229894af388","name":"Amarildo R. Ferrari","image":{"@type":"ImageObject","inLanguage":"pt-BR","@id":"https:\/\/cenedcursos.com.br\/meio-ambiente\/#\/schema\/person\/image\/","url":"https:\/\/secure.gravatar.com\/avatar\/6ea4248ca9f295c93f1b72f8398232f0fbbffe30349e6ec3839cfa5e09b0de3c?s=96&d=mm&r=g","contentUrl":"https:\/\/secure.gravatar.com\/avatar\/6ea4248ca9f295c93f1b72f8398232f0fbbffe30349e6ec3839cfa5e09b0de3c?s=96&d=mm&r=g","caption":"Amarildo R. Ferrari"},"sameAs":["https:\/\/cenedcursos.com.br\/meio-ambiente"],"url":"https:\/\/cenedcursos.com.br\/meio-ambiente\/author\/admin\/"}]}},"jetpack_featured_media_url":"","jetpack_sharing_enabled":true,"_links":{"self":[{"href":"https:\/\/cenedcursos.com.br\/meio-ambiente\/wp-json\/wp\/v2\/posts\/8335","targetHints":{"allow":["GET"]}}],"collection":[{"href":"https:\/\/cenedcursos.com.br\/meio-ambiente\/wp-json\/wp\/v2\/posts"}],"about":[{"href":"https:\/\/cenedcursos.com.br\/meio-ambiente\/wp-json\/wp\/v2\/types\/post"}],"author":[{"embeddable":true,"href":"https:\/\/cenedcursos.com.br\/meio-ambiente\/wp-json\/wp\/v2\/users\/1"}],"replies":[{"embeddable":true,"href":"https:\/\/cenedcursos.com.br\/meio-ambiente\/wp-json\/wp\/v2\/comments?post=8335"}],"version-history":[{"count":0,"href":"https:\/\/cenedcursos.com.br\/meio-ambiente\/wp-json\/wp\/v2\/posts\/8335\/revisions"}],"wp:attachment":[{"href":"https:\/\/cenedcursos.com.br\/meio-ambiente\/wp-json\/wp\/v2\/media?parent=8335"}],"wp:term":[{"taxonomy":"category","embeddable":true,"href":"https:\/\/cenedcursos.com.br\/meio-ambiente\/wp-json\/wp\/v2\/categories?post=8335"},{"taxonomy":"post_tag","embeddable":true,"href":"https:\/\/cenedcursos.com.br\/meio-ambiente\/wp-json\/wp\/v2\/tags?post=8335"}],"curies":[{"name":"wp","href":"https:\/\/api.w.org\/{rel}","templated":true}]}}