{"id":8354,"date":"2017-04-05T15:21:03","date_gmt":"2017-04-05T18:21:03","guid":{"rendered":"https:\/\/www.cenedcursos.com.br\/meio-ambiente\/instituicoes-se-unem-para-proteger-o-papagaio-chaua\/"},"modified":"2017-04-05T15:21:03","modified_gmt":"2017-04-05T18:21:03","slug":"proteger-o-papagaio-chaua","status":"publish","type":"post","link":"https:\/\/cenedcursos.com.br\/meio-ambiente\/proteger-o-papagaio-chaua\/","title":{"rendered":"Institui\u00e7\u00f5es se unem para proteger o papagaio-chau\u00e1"},"content":{"rendered":"<p>&nbsp;<\/p>\n<div>\n<div id=\"attachment_52597\" class=\"wp-caption alignnone\" style=\"width: 1162px;\">\n<img data-recalc-dims=\"1\" loading=\"lazy\" decoding=\"async\" class=\"size-full wp-image-52597\" src=\"https:\/\/i0.wp.com\/www.cenedcursos.com.br\/meio-ambiente\/wp-content\/uploads\/2017\/04\/Institui%C3%A7%C3%B5es-se-unem-para-proteger-o-papagaio-chau%C3%A1.jpg?resize=696%2C464&#038;ssl=1\" sizes=\"auto, (max-width: 1152px) 100vw, 1152px\" srcset=\"https:\/\/www.cenedcursos.com.br\/meio-ambiente\/wp-content\/uploads\/2017\/04\/Institui\u00e7\u00f5es-se-unem-para-proteger-o-papagaio-chau\u00e1.jpg 1152w, http:\/\/www.oeco.org.br\/wp-content\/uploads\/2017\/04\/Papagaio-chau\u00e1.-Foto-Carlos-Garske-300x200.jpg 300w, http:\/\/www.oeco.org.br\/wp-content\/uploads\/2017\/04\/Papagaio-chau\u00e1.-Foto-Carlos-Garske-1024x683.jpg 1024w, http:\/\/www.oeco.org.br\/wp-content\/uploads\/2017\/04\/Papagaio-chau\u00e1.-Foto-Carlos-Garske-600x400.jpg 600w, http:\/\/www.oeco.org.br\/wp-content\/uploads\/2017\/04\/Papagaio-chau\u00e1.-Foto-Carlos-Garske-278x185.jpg 278w\" alt=\"Papagaio-chau\u00e1. Foto: Carlos Garske.\" width=\"696\" height=\"464\" \/><\/p>\n<p class=\"wp-caption-text\">Papagaio-chau\u00e1. Foto: Carlos Garske.<\/p>\n<\/div>\n<p style=\"text-align: justify;\">O Brasil sempre abrigou uma vasta variedade de esp\u00e9cies de papagaios em todo o seu territ\u00f3rio, o que nos concedeu, j\u00e1 no s\u00e9culo XVI, o nome de Terra dos Papagaios. Entretanto, hoje, estamos sendo reconhecidos por outra caracter\u00edstica nada agrad\u00e1vel: somos os recordistas em n\u00famero de esp\u00e9cies amea\u00e7adas de extin\u00e7\u00e3o.<\/p>\n<p style=\"text-align: justify;\">Para reduzir essa estat\u00edstica desfavor\u00e1vel, o Grupo Assessor do Plano de A\u00e7\u00e3o Nacional para a Conserva\u00e7\u00e3o dos Papagaios da Mata Atl\u00e2ntica (PAN Papagaios) promove v\u00e1rias a\u00e7\u00f5es de monitoramento da esp\u00e9cie, entre elas, o projeto papagaio-chau\u00e1 (<em>Amazona rhodocorytha<\/em>), considerado a esp\u00e9cie sobre a qual se tem menos dados.<\/p>\n<p style=\"text-align: justify;\">O \u201cilustre desconhecido\u201d \u00e9 uma ave de grande porte, com 40 cm de comprimento, e esp\u00e9cie end\u00eamica da Mata Atl\u00e2ntica brasileira, das serras do mar e baixadas. Habita em florestas tropicais \u00famidas tanto das baixadas litor\u00e2neas quanto das regi\u00f5es altas do interior. A maior concentra\u00e7\u00e3o est\u00e1 no estado do Esp\u00edrito Santo, embora esteja tamb\u00e9m presente em \u00e1reas florestais no sudeste da Bahia e nos estados do Rio de Janeiro e Minas Gerais. Outros locais s\u00e3o o norte do estado de S\u00e3o Paulo e no munic\u00edpio de S\u00e3o Miguel dos Campos, no leste de Alagoas.<\/p>\n<p style=\"text-align: justify;\">Classificado como <a href=\"http:\/\/www.iucnredlist.org\/details\/full\/22686288\/0\" target=\"_blank\" rel=\"noopener noreferrer\">Em perigo de extin\u00e7\u00e3o pela IUCN<\/a>, o papagaio-chau\u00e1 enfrenta a degrada\u00e7\u00e3o do seu habitat, a Mata Atl\u00e2ntica, a explora\u00e7\u00e3o predat\u00f3ria e o tr\u00e1fico ilegal.<\/p>\n<p style=\"text-align: justify;\">O monitoramento do <em>Amazona rhodocorytha<\/em> \u00e9 desenvolvido pela Funda\u00e7\u00e3o Neotr\u00f3pica do Brasil, pelo Parque das Aves e conta com o apoio da Funda\u00e7\u00e3o Grupo Botic\u00e1rio de Prote\u00e7\u00e3o \u00e0 Natureza, Sociedade de Pesquisa em Vida Silvestre e Educa\u00e7\u00e3o Ambiental (SPVS) e Centro de Pesquisa e Conserva\u00e7\u00e3o de Aves Silvestres (Cemave).<\/p>\n<p style=\"text-align: justify;\">O Projeto papagaio-chau\u00e1 tem realizado pesquisas sobre biologia reprodutiva da esp\u00e9cie, atividades de educa\u00e7\u00e3o para a conserva\u00e7\u00e3o e gera\u00e7\u00e3o alternativa de renda. \u201cA ideia \u00e9 alertar a popula\u00e7\u00e3o contra os danos decorrentes do tr\u00e1fico de animais silvestres e mostrar a import\u00e2ncia de manter a integridade dos ambientes onde vivem\u201d, ressalta Gl\u00e1ucia Helena Fernandes Seixas, coordenadora geral do projeto.<\/p>\n<\/div>\n<p><a href=\"http:\/\/www.oeco.org.br\/blogs\/salada-verde\/instituicoes-se-unem-para-proteger-o-papagaio-chaua\/\">Fonte do Texto <\/a><\/p>\n","protected":false},"excerpt":{"rendered":"<p>&nbsp; Papagaio-chau\u00e1. Foto: Carlos Garske. O Brasil sempre abrigou uma vasta variedade de esp\u00e9cies de papagaios em todo o seu territ\u00f3rio, o que nos concedeu, j\u00e1 no s\u00e9culo XVI, o nome de Terra dos Papagaios. Entretanto, hoje, estamos sendo reconhecidos por outra caracter\u00edstica nada agrad\u00e1vel: somos os recordistas em n\u00famero de esp\u00e9cies amea\u00e7adas de extin\u00e7\u00e3o. [&hellip;]<\/p>\n","protected":false},"author":1,"featured_media":0,"comment_status":"open","ping_status":"open","sticky":false,"template":"","format":"standard","meta":{"_jetpack_memberships_contains_paid_content":false,"footnotes":""},"categories":[491],"tags":[375],"class_list":{"0":"post-8354","1":"post","2":"type-post","3":"status-publish","4":"format-standard","6":"category-educacao-ambiental-textos","7":"tag-papagaio-chaua"},"yoast_head":"<!-- This site is optimized with the Yoast SEO plugin v25.1 - https:\/\/yoast.com\/wordpress\/plugins\/seo\/ -->\n<title>Institui\u00e7\u00f5es se unem para proteger o papagaio-chau\u00e1 - CENED - Meio Ambiente Online<\/title>\n<meta name=\"description\" content=\"Classificado como Em perigo de extin\u00e7\u00e3o pela IUCN, o papagaio-chau\u00e1 enfrenta a degrada\u00e7\u00e3o do seu habitat, a Mata Atl\u00e2ntica, a explora\u00e7\u00e3o predat\u00f3ria e o\" \/>\n<meta name=\"robots\" content=\"index, follow, max-snippet:-1, max-image-preview:large, max-video-preview:-1\" \/>\n<link rel=\"canonical\" href=\"https:\/\/cenedcursos.com.br\/meio-ambiente\/proteger-o-papagaio-chaua\/\" \/>\n<meta property=\"og:locale\" content=\"pt_BR\" \/>\n<meta property=\"og:type\" content=\"article\" \/>\n<meta property=\"og:title\" content=\"Institui\u00e7\u00f5es se unem para proteger o papagaio-chau\u00e1 - CENED - Meio Ambiente Online\" \/>\n<meta property=\"og:description\" content=\"Classificado como Em perigo de extin\u00e7\u00e3o pela IUCN, o papagaio-chau\u00e1 enfrenta a degrada\u00e7\u00e3o do seu habitat, a Mata Atl\u00e2ntica, a explora\u00e7\u00e3o predat\u00f3ria e o\" \/>\n<meta property=\"og:url\" content=\"https:\/\/cenedcursos.com.br\/meio-ambiente\/proteger-o-papagaio-chaua\/\" \/>\n<meta property=\"og:site_name\" content=\"CENED Cursos Online\" \/>\n<meta property=\"article:published_time\" content=\"2017-04-05T18:21:03+00:00\" \/>\n<meta name=\"author\" content=\"Amarildo R. Ferrari\" \/>\n<meta name=\"twitter:card\" content=\"summary_large_image\" \/>\n<meta name=\"twitter:label1\" content=\"Escrito por\" \/>\n\t<meta name=\"twitter:data1\" content=\"Amarildo R. Ferrari\" \/>\n\t<meta name=\"twitter:label2\" content=\"Est. tempo de leitura\" \/>\n\t<meta name=\"twitter:data2\" content=\"2 minutos\" \/>\n<script type=\"application\/ld+json\" class=\"yoast-schema-graph\">{\"@context\":\"https:\/\/schema.org\",\"@graph\":[{\"@type\":\"WebPage\",\"@id\":\"https:\/\/cenedcursos.com.br\/meio-ambiente\/proteger-o-papagaio-chaua\/\",\"url\":\"https:\/\/cenedcursos.com.br\/meio-ambiente\/proteger-o-papagaio-chaua\/\",\"name\":\"Institui\u00e7\u00f5es se unem para proteger o papagaio-chau\u00e1 - CENED - Meio Ambiente Online\",\"isPartOf\":{\"@id\":\"https:\/\/cenedcursos.com.br\/meio-ambiente\/#website\"},\"datePublished\":\"2017-04-05T18:21:03+00:00\",\"author\":{\"@id\":\"https:\/\/cenedcursos.com.br\/meio-ambiente\/#\/schema\/person\/64377d24cdc16779a1eb6229894af388\"},\"description\":\"Classificado como Em perigo de extin\u00e7\u00e3o pela IUCN, o papagaio-chau\u00e1 enfrenta a degrada\u00e7\u00e3o do seu habitat, a Mata Atl\u00e2ntica, a explora\u00e7\u00e3o predat\u00f3ria e o\",\"breadcrumb\":{\"@id\":\"https:\/\/cenedcursos.com.br\/meio-ambiente\/proteger-o-papagaio-chaua\/#breadcrumb\"},\"inLanguage\":\"pt-BR\",\"potentialAction\":[{\"@type\":\"ReadAction\",\"target\":[\"https:\/\/cenedcursos.com.br\/meio-ambiente\/proteger-o-papagaio-chaua\/\"]}]},{\"@type\":\"BreadcrumbList\",\"@id\":\"https:\/\/cenedcursos.com.br\/meio-ambiente\/proteger-o-papagaio-chaua\/#breadcrumb\",\"itemListElement\":[{\"@type\":\"ListItem\",\"position\":1,\"name\":\"In\u00edcio\",\"item\":\"https:\/\/cenedcursos.com.br\/meio-ambiente\/\"},{\"@type\":\"ListItem\",\"position\":2,\"name\":\"Institui\u00e7\u00f5es se unem para proteger o papagaio-chau\u00e1\"}]},{\"@type\":\"WebSite\",\"@id\":\"https:\/\/cenedcursos.com.br\/meio-ambiente\/#website\",\"url\":\"https:\/\/cenedcursos.com.br\/meio-ambiente\/\",\"name\":\"CENED Cursos Online\",\"description\":\"Aqui voc\u00ea encontra artigos em diversas \u00e1reas do conhecimento: meio ambiente, educa\u00e7\u00e3o, marketing digital, neg\u00f3cios online e muito mais.\",\"potentialAction\":[{\"@type\":\"SearchAction\",\"target\":{\"@type\":\"EntryPoint\",\"urlTemplate\":\"https:\/\/cenedcursos.com.br\/meio-ambiente\/?s={search_term_string}\"},\"query-input\":{\"@type\":\"PropertyValueSpecification\",\"valueRequired\":true,\"valueName\":\"search_term_string\"}}],\"inLanguage\":\"pt-BR\"},{\"@type\":\"Person\",\"@id\":\"https:\/\/cenedcursos.com.br\/meio-ambiente\/#\/schema\/person\/64377d24cdc16779a1eb6229894af388\",\"name\":\"Amarildo R. Ferrari\",\"image\":{\"@type\":\"ImageObject\",\"inLanguage\":\"pt-BR\",\"@id\":\"https:\/\/cenedcursos.com.br\/meio-ambiente\/#\/schema\/person\/image\/\",\"url\":\"https:\/\/secure.gravatar.com\/avatar\/6ea4248ca9f295c93f1b72f8398232f0fbbffe30349e6ec3839cfa5e09b0de3c?s=96&d=mm&r=g\",\"contentUrl\":\"https:\/\/secure.gravatar.com\/avatar\/6ea4248ca9f295c93f1b72f8398232f0fbbffe30349e6ec3839cfa5e09b0de3c?s=96&d=mm&r=g\",\"caption\":\"Amarildo R. Ferrari\"},\"sameAs\":[\"https:\/\/cenedcursos.com.br\/meio-ambiente\"],\"url\":\"https:\/\/cenedcursos.com.br\/meio-ambiente\/author\/admin\/\"}]}<\/script>\n<!-- \/ Yoast SEO plugin. -->","yoast_head_json":{"title":"Institui\u00e7\u00f5es se unem para proteger o papagaio-chau\u00e1 - CENED - Meio Ambiente Online","description":"Classificado como Em perigo de extin\u00e7\u00e3o pela IUCN, o papagaio-chau\u00e1 enfrenta a degrada\u00e7\u00e3o do seu habitat, a Mata Atl\u00e2ntica, a explora\u00e7\u00e3o predat\u00f3ria e o","robots":{"index":"index","follow":"follow","max-snippet":"max-snippet:-1","max-image-preview":"max-image-preview:large","max-video-preview":"max-video-preview:-1"},"canonical":"https:\/\/cenedcursos.com.br\/meio-ambiente\/proteger-o-papagaio-chaua\/","og_locale":"pt_BR","og_type":"article","og_title":"Institui\u00e7\u00f5es se unem para proteger o papagaio-chau\u00e1 - CENED - Meio Ambiente Online","og_description":"Classificado como Em perigo de extin\u00e7\u00e3o pela IUCN, o papagaio-chau\u00e1 enfrenta a degrada\u00e7\u00e3o do seu habitat, a Mata Atl\u00e2ntica, a explora\u00e7\u00e3o predat\u00f3ria e o","og_url":"https:\/\/cenedcursos.com.br\/meio-ambiente\/proteger-o-papagaio-chaua\/","og_site_name":"CENED Cursos Online","article_published_time":"2017-04-05T18:21:03+00:00","author":"Amarildo R. Ferrari","twitter_card":"summary_large_image","twitter_misc":{"Escrito por":"Amarildo R. Ferrari","Est. tempo de leitura":"2 minutos"},"schema":{"@context":"https:\/\/schema.org","@graph":[{"@type":"WebPage","@id":"https:\/\/cenedcursos.com.br\/meio-ambiente\/proteger-o-papagaio-chaua\/","url":"https:\/\/cenedcursos.com.br\/meio-ambiente\/proteger-o-papagaio-chaua\/","name":"Institui\u00e7\u00f5es se unem para proteger o papagaio-chau\u00e1 - CENED - Meio Ambiente Online","isPartOf":{"@id":"https:\/\/cenedcursos.com.br\/meio-ambiente\/#website"},"datePublished":"2017-04-05T18:21:03+00:00","author":{"@id":"https:\/\/cenedcursos.com.br\/meio-ambiente\/#\/schema\/person\/64377d24cdc16779a1eb6229894af388"},"description":"Classificado como Em perigo de extin\u00e7\u00e3o pela IUCN, o papagaio-chau\u00e1 enfrenta a degrada\u00e7\u00e3o do seu habitat, a Mata Atl\u00e2ntica, a explora\u00e7\u00e3o predat\u00f3ria e o","breadcrumb":{"@id":"https:\/\/cenedcursos.com.br\/meio-ambiente\/proteger-o-papagaio-chaua\/#breadcrumb"},"inLanguage":"pt-BR","potentialAction":[{"@type":"ReadAction","target":["https:\/\/cenedcursos.com.br\/meio-ambiente\/proteger-o-papagaio-chaua\/"]}]},{"@type":"BreadcrumbList","@id":"https:\/\/cenedcursos.com.br\/meio-ambiente\/proteger-o-papagaio-chaua\/#breadcrumb","itemListElement":[{"@type":"ListItem","position":1,"name":"In\u00edcio","item":"https:\/\/cenedcursos.com.br\/meio-ambiente\/"},{"@type":"ListItem","position":2,"name":"Institui\u00e7\u00f5es se unem para proteger o papagaio-chau\u00e1"}]},{"@type":"WebSite","@id":"https:\/\/cenedcursos.com.br\/meio-ambiente\/#website","url":"https:\/\/cenedcursos.com.br\/meio-ambiente\/","name":"CENED Cursos Online","description":"Aqui voc\u00ea encontra artigos em diversas \u00e1reas do conhecimento: meio ambiente, educa\u00e7\u00e3o, marketing digital, neg\u00f3cios online e muito mais.","potentialAction":[{"@type":"SearchAction","target":{"@type":"EntryPoint","urlTemplate":"https:\/\/cenedcursos.com.br\/meio-ambiente\/?s={search_term_string}"},"query-input":{"@type":"PropertyValueSpecification","valueRequired":true,"valueName":"search_term_string"}}],"inLanguage":"pt-BR"},{"@type":"Person","@id":"https:\/\/cenedcursos.com.br\/meio-ambiente\/#\/schema\/person\/64377d24cdc16779a1eb6229894af388","name":"Amarildo R. Ferrari","image":{"@type":"ImageObject","inLanguage":"pt-BR","@id":"https:\/\/cenedcursos.com.br\/meio-ambiente\/#\/schema\/person\/image\/","url":"https:\/\/secure.gravatar.com\/avatar\/6ea4248ca9f295c93f1b72f8398232f0fbbffe30349e6ec3839cfa5e09b0de3c?s=96&d=mm&r=g","contentUrl":"https:\/\/secure.gravatar.com\/avatar\/6ea4248ca9f295c93f1b72f8398232f0fbbffe30349e6ec3839cfa5e09b0de3c?s=96&d=mm&r=g","caption":"Amarildo R. Ferrari"},"sameAs":["https:\/\/cenedcursos.com.br\/meio-ambiente"],"url":"https:\/\/cenedcursos.com.br\/meio-ambiente\/author\/admin\/"}]}},"jetpack_featured_media_url":"","jetpack_sharing_enabled":true,"_links":{"self":[{"href":"https:\/\/cenedcursos.com.br\/meio-ambiente\/wp-json\/wp\/v2\/posts\/8354","targetHints":{"allow":["GET"]}}],"collection":[{"href":"https:\/\/cenedcursos.com.br\/meio-ambiente\/wp-json\/wp\/v2\/posts"}],"about":[{"href":"https:\/\/cenedcursos.com.br\/meio-ambiente\/wp-json\/wp\/v2\/types\/post"}],"author":[{"embeddable":true,"href":"https:\/\/cenedcursos.com.br\/meio-ambiente\/wp-json\/wp\/v2\/users\/1"}],"replies":[{"embeddable":true,"href":"https:\/\/cenedcursos.com.br\/meio-ambiente\/wp-json\/wp\/v2\/comments?post=8354"}],"version-history":[{"count":0,"href":"https:\/\/cenedcursos.com.br\/meio-ambiente\/wp-json\/wp\/v2\/posts\/8354\/revisions"}],"wp:attachment":[{"href":"https:\/\/cenedcursos.com.br\/meio-ambiente\/wp-json\/wp\/v2\/media?parent=8354"}],"wp:term":[{"taxonomy":"category","embeddable":true,"href":"https:\/\/cenedcursos.com.br\/meio-ambiente\/wp-json\/wp\/v2\/categories?post=8354"},{"taxonomy":"post_tag","embeddable":true,"href":"https:\/\/cenedcursos.com.br\/meio-ambiente\/wp-json\/wp\/v2\/tags?post=8354"}],"curies":[{"name":"wp","href":"https:\/\/api.w.org\/{rel}","templated":true}]}}