{"id":836,"date":"2011-06-09T17:27:48","date_gmt":"2011-06-09T17:27:48","guid":{"rendered":"http:\/\/www.cenedcursos.com.br\/?p=836"},"modified":"2011-06-09T17:27:48","modified_gmt":"2011-06-09T17:27:48","slug":"educacao-ambiental-solucao-crise-ambiental","status":"publish","type":"post","link":"https:\/\/cenedcursos.com.br\/meio-ambiente\/educacao-ambiental-solucao-crise-ambiental\/","title":{"rendered":"Educa\u00e7\u00e3o Ambiental como solu\u00e7\u00e3o para a crise ambiental"},"content":{"rendered":"<p style=\"text-align: justify;\"><span style=\"font-size: 10pt; line-height: 115%; font-family: 'Arial','sans-serif';\">\u00c9 um assunto que come\u00e7a a ser tratado hoje como essencial para a evolu\u00e7\u00e3o da humanidade pela qual outros caminhos que a humanidade trilhou at\u00e9 aqui,n\u00e3o se imaginou que chegaria a tal ponto de rever os conceitos e voltar a uma reflex\u00e3o sobre o que seria melhor para o ser humano: viver em comunh\u00e3o com a natureza de forma consciente ou crescer de forma absolutamente avassaladora a qualquer custo para adquirir poder e status desfrutando de uma vida &#8220;boa&#8221; para poucos, enquanto muitos ficariam de lado com a sobra ou mesmo nada para sobreviver e, como resultado disso, ficando desprezado pela sociedade cada vez mais individualista e interessada em preencher o pr\u00f3prio ego.<\/span><\/p>\n<p style=\"text-align: justify;\"><span style=\"font-size: 10pt; line-height: 115%; font-family: 'Arial','sans-serif';\">N\u00e3o podemos ficar de bra\u00e7os cruzados esperando que alguma coisa aconte\u00e7a para fazermos algo de positivo para o meio ambiente. Cada um deve tomar conta de mostrar que tem capacidade de cuidar de si mesmo e da natureza, vivendo em harmonia com todos e participando de a\u00e7\u00f5es na busca de melhoria na \u00e1rea ecol\u00f3gica, seja tratando bem as pessoas, os animais, cuidando do meio ambiente em que se vive sem agredir a natureza fazendo com que a sociedade veja nos exemplos de cada um para estimular e fazer tamb\u00e9m como uma moda, para vivermos em equil\u00edbrio porque fazemos parte da natureza e ela faz parte de n\u00f3s e s\u00f3 nos ajuda e contribui esperando que a gente fa\u00e7a o mesmo.<\/span><\/p>\n<p style=\"text-align: justify;\"><span style=\"font-size: 10pt; line-height: 115%; font-family: 'Arial','sans-serif';\">\u00c9 preciso inserir esse conhecimento na sociedade, nas escolas, para conscientizar desde cedo os alunos a saberem relacionar melhor com a natureza dando voz a cada cidad\u00e3o em fazer sua parte em colaborar com o planeta para lidar melhor com essa situa\u00e7\u00e3o ca\u00f3tica aonde n\u00f3s chegamos, ao ponto de extin\u00e7\u00e3o das esp\u00e9cies e dos seus habitats naturais. \u00c9 preciso investir em novas rela\u00e7\u00f5es entre os seres humanos para termos uma sociedade digna e gratificante proporcionando uma atmosfera de bem-estar e qualidade de vida, envolvendo uma maior intera\u00e7\u00e3o com a fam\u00edlia, os amigos e vizinhos e uma experi\u00eancia mais direta com a natureza e mais dedica\u00e7\u00e3o \u00e0 procura de realiza\u00e7\u00e3o e express\u00e3o criativa do que acumula\u00e7\u00e3o de bens.<\/span><\/p>\n<p style=\"text-align: justify;\"><span style=\"font-size: 10pt; line-height: 115%; font-family: 'Arial','sans-serif';\">Estas enfatizam estilos de vida que evitam abuso da pr\u00f3pria sa\u00fade, do pr\u00f3ximo ou do mundo natural. Ou seja, geram um sentido mais profundo de satisfa\u00e7\u00e3o com a vida do que as pessoas t\u00eam atualmente. Devemos ser mais felizes, sem ter que buscar as coisas desesperadamente e acumul\u00e1-las, depois sem ter sentido e jog\u00e1-las fora como se fosse algo que n\u00e3o v\u00e1 fazer diferen\u00e7a se for parar nos rios, entupir os esgotos, acumular lixos e fazer queimadas sem ao menos respeitar as pessoas que est\u00e3o perto e v\u00e3o prejudicar a sa\u00fade delas. Tudo isso \u00e9 uma quest\u00e3o social, econ\u00f4mica, cultural e ambiental que deve ser enfrentada por todos n\u00f3s.<\/span><\/p>\n<p style=\"text-align: justify;\"><span style=\"font-size: 10pt; line-height: 115%; font-family: 'Arial','sans-serif';\">Hoje a popula\u00e7\u00e3o s\u00f3 vem aumentando cada vez mais, por\u00e9m sem ter qualidade de vida suficiente para manter as gera\u00e7\u00f5es futuras a viverem dignamente com direitos a uma vida melhor. Por\u00e9m, devemos superar essa agressividade concientizando-nos de que a \u00e9tica da responsabilidade associada \u00e0 \u00e9tica da compaix\u00e3o vai gerar um novo modo de entendimento da natureza, formando la\u00e7os construtivos, onde o cuidado passa a ser a for\u00e7a motriz de toda a a\u00e7\u00e3o. <\/span><\/p>\n<p style=\"text-align: justify;\"><span style=\"font-size: 10pt; line-height: 115%; font-family: 'Arial','sans-serif';\">A raz\u00e3o passa a ser um instrumento de distin\u00e7\u00e3o \u00e9tica, auxiliando nas melhores escolhas a serem feitas em favor do bem comum de todos. Uma nova \u00e9tica poder\u00e1 gerar um novo modo de ser no mundo dos seres vivos e poder\u00e1 estabelecer uma nova alia\u00e7a entre raz\u00e3o, compaix\u00e3o e responsabilidade, conservando e promovendo todos os seres em seu equil\u00edbrio din\u00e2mico, especialmente os vivos e, dentre os vivos, os mais fracos e amea\u00e7ados.<\/span><\/p>\n<p style=\"text-align: justify;\"><span style=\"font-size: 10pt; line-height: 115%; font-family: 'Arial','sans-serif';\">Uma nova forma de relacionamento com a natureza e todo o meio ambiente deve levar em considera\u00e7\u00e3o o uso adequado dos recursos naturais, pois nesta atitude demonstramos respeito ao que n\u00e3o \u00e9 humano, mas tamb\u00e9m com as gera\u00e7\u00f5es futuras que merecem usufruir dos recursos naturais que hoje temos.<\/span><\/p>\n<p style=\"text-align: justify;\"><span style=\"font-size: 10pt; line-height: 115%; font-family: 'Arial','sans-serif';\">Resulta disso que a educa\u00e7\u00e3o ambiental pode desempenhar um papel importante na solu\u00e7\u00e3o da crise ambiental, na medida em que possa funcionar como instrumento de conscientiza\u00e7\u00e3o e sensibiliza\u00e7\u00e3o social; de transmiss\u00e3o dos conceitos e viv\u00eancias necess\u00e1rias que lhes permitam atitudes mais respons\u00e1veis sobre as implica\u00e7\u00f5es dos distintos comportamentos do homem frente a seu entorno natural e humano e, sobretudo, de aux\u00edlio aos indiv\u00edduos na resolu\u00e7\u00e3o de problemas concretos. <\/span><\/p>\n<p style=\"text-align: justify;\"><span style=\"font-size: 10pt; line-height: 115%; font-family: 'Arial','sans-serif';\">Neste ponto a educa\u00e7\u00e3o ambiental tem uma grande import\u00e2ncia, pois \u00e9 um instrumento de discuss\u00e3o entre a sociedade. Atrav\u00e9s da educa\u00e7\u00e3o ambiental torna-se poss\u00edvel a tomada de decis\u00f5es com uma maior participa\u00e7\u00e3o da sociedade, bem como \u00e9 uma forma de conscientizar sobre os malef\u00edcios ao meio ambiente ocasionados pelo modelo de desenvolvimento vigente: a degrada\u00e7\u00e3o ambiental, a desigualdade de classes, a pobreza, e a crise civilizacional.<\/span><\/p>\n<p style=\"text-align: right;\"><strong><em><span style=\"font-size: 10pt; font-family: 'Arial','sans-serif';\">Autor: Francisco Antonio de Brito J\u00fanior<\/span><\/em><\/strong><\/p>\n<p style=\"text-align: right;\">[grwebform url=&#8221;http:\/\/app.getresponse.com\/view_webform.js?wid=3381303&amp;u=SK7G&#8221; css=&#8221;on&#8221;\/]<\/p>\n","protected":false},"excerpt":{"rendered":"<p>\u00c9 um assunto que come\u00e7a a ser tratado hoje como essencial para a evolu\u00e7\u00e3o da humanidade pela qual outros caminhos que a humanidade trilhou at\u00e9 aqui,n\u00e3o se imaginou que chegaria a tal ponto de rever os conceitos e voltar a uma reflex\u00e3o sobre o que seria melhor para o ser humano: viver em comunh\u00e3o com [&hellip;]<\/p>\n","protected":false},"author":1,"featured_media":0,"comment_status":"open","ping_status":"open","sticky":false,"template":"","format":"standard","meta":{"_jetpack_memberships_contains_paid_content":false,"footnotes":""},"categories":[491],"tags":[647,134,877,254],"class_list":{"0":"post-836","1":"post","2":"type-post","3":"status-publish","4":"format-standard","6":"category-educacao-ambiental-textos","7":"tag-crise-ambiental","8":"tag-educacao-ambiental","9":"tag-lixo","10":"tag-natureza"},"yoast_head":"<!-- This site is optimized with the Yoast SEO plugin v25.1 - https:\/\/yoast.com\/wordpress\/plugins\/seo\/ -->\n<title>Educa\u00e7\u00e3o Ambiental como solu\u00e7\u00e3o para a crise ambiental - CENED Cursos Online<\/title>\n<meta name=\"robots\" content=\"index, follow, max-snippet:-1, max-image-preview:large, max-video-preview:-1\" \/>\n<link rel=\"canonical\" href=\"https:\/\/cenedcursos.com.br\/meio-ambiente\/educacao-ambiental-solucao-crise-ambiental\/\" \/>\n<meta property=\"og:locale\" content=\"pt_BR\" \/>\n<meta property=\"og:type\" content=\"article\" \/>\n<meta property=\"og:title\" content=\"Educa\u00e7\u00e3o Ambiental como solu\u00e7\u00e3o para a crise ambiental - CENED Cursos Online\" \/>\n<meta property=\"og:description\" content=\"\u00c9 um assunto que come\u00e7a a ser tratado hoje como essencial para a evolu\u00e7\u00e3o da humanidade pela qual outros caminhos que a humanidade trilhou at\u00e9 aqui,n\u00e3o se imaginou que chegaria a tal ponto de rever os conceitos e voltar a uma reflex\u00e3o sobre o que seria melhor para o ser humano: viver em comunh\u00e3o com [&hellip;]\" \/>\n<meta property=\"og:url\" content=\"https:\/\/cenedcursos.com.br\/meio-ambiente\/educacao-ambiental-solucao-crise-ambiental\/\" \/>\n<meta property=\"og:site_name\" content=\"CENED Cursos Online\" \/>\n<meta property=\"article:published_time\" content=\"2011-06-09T17:27:48+00:00\" \/>\n<meta name=\"author\" content=\"Amarildo R. Ferrari\" \/>\n<meta name=\"twitter:card\" content=\"summary_large_image\" \/>\n<meta name=\"twitter:label1\" content=\"Escrito por\" \/>\n\t<meta name=\"twitter:data1\" content=\"Amarildo R. Ferrari\" \/>\n\t<meta name=\"twitter:label2\" content=\"Est. tempo de leitura\" \/>\n\t<meta name=\"twitter:data2\" content=\"4 minutos\" \/>\n<script type=\"application\/ld+json\" class=\"yoast-schema-graph\">{\"@context\":\"https:\/\/schema.org\",\"@graph\":[{\"@type\":\"WebPage\",\"@id\":\"https:\/\/cenedcursos.com.br\/meio-ambiente\/educacao-ambiental-solucao-crise-ambiental\/\",\"url\":\"https:\/\/cenedcursos.com.br\/meio-ambiente\/educacao-ambiental-solucao-crise-ambiental\/\",\"name\":\"Educa\u00e7\u00e3o Ambiental como solu\u00e7\u00e3o para a crise ambiental - CENED Cursos Online\",\"isPartOf\":{\"@id\":\"https:\/\/cenedcursos.com.br\/meio-ambiente\/#website\"},\"datePublished\":\"2011-06-09T17:27:48+00:00\",\"author\":{\"@id\":\"https:\/\/cenedcursos.com.br\/meio-ambiente\/#\/schema\/person\/64377d24cdc16779a1eb6229894af388\"},\"breadcrumb\":{\"@id\":\"https:\/\/cenedcursos.com.br\/meio-ambiente\/educacao-ambiental-solucao-crise-ambiental\/#breadcrumb\"},\"inLanguage\":\"pt-BR\",\"potentialAction\":[{\"@type\":\"ReadAction\",\"target\":[\"https:\/\/cenedcursos.com.br\/meio-ambiente\/educacao-ambiental-solucao-crise-ambiental\/\"]}]},{\"@type\":\"BreadcrumbList\",\"@id\":\"https:\/\/cenedcursos.com.br\/meio-ambiente\/educacao-ambiental-solucao-crise-ambiental\/#breadcrumb\",\"itemListElement\":[{\"@type\":\"ListItem\",\"position\":1,\"name\":\"In\u00edcio\",\"item\":\"https:\/\/cenedcursos.com.br\/meio-ambiente\/\"},{\"@type\":\"ListItem\",\"position\":2,\"name\":\"Educa\u00e7\u00e3o Ambiental como solu\u00e7\u00e3o para a crise ambiental\"}]},{\"@type\":\"WebSite\",\"@id\":\"https:\/\/cenedcursos.com.br\/meio-ambiente\/#website\",\"url\":\"https:\/\/cenedcursos.com.br\/meio-ambiente\/\",\"name\":\"CENED Cursos Online\",\"description\":\"Aqui voc\u00ea encontra artigos em diversas \u00e1reas do conhecimento: meio ambiente, educa\u00e7\u00e3o, marketing digital, neg\u00f3cios online e muito mais.\",\"potentialAction\":[{\"@type\":\"SearchAction\",\"target\":{\"@type\":\"EntryPoint\",\"urlTemplate\":\"https:\/\/cenedcursos.com.br\/meio-ambiente\/?s={search_term_string}\"},\"query-input\":{\"@type\":\"PropertyValueSpecification\",\"valueRequired\":true,\"valueName\":\"search_term_string\"}}],\"inLanguage\":\"pt-BR\"},{\"@type\":\"Person\",\"@id\":\"https:\/\/cenedcursos.com.br\/meio-ambiente\/#\/schema\/person\/64377d24cdc16779a1eb6229894af388\",\"name\":\"Amarildo R. Ferrari\",\"image\":{\"@type\":\"ImageObject\",\"inLanguage\":\"pt-BR\",\"@id\":\"https:\/\/cenedcursos.com.br\/meio-ambiente\/#\/schema\/person\/image\/\",\"url\":\"https:\/\/secure.gravatar.com\/avatar\/6ea4248ca9f295c93f1b72f8398232f0fbbffe30349e6ec3839cfa5e09b0de3c?s=96&d=mm&r=g\",\"contentUrl\":\"https:\/\/secure.gravatar.com\/avatar\/6ea4248ca9f295c93f1b72f8398232f0fbbffe30349e6ec3839cfa5e09b0de3c?s=96&d=mm&r=g\",\"caption\":\"Amarildo R. Ferrari\"},\"sameAs\":[\"https:\/\/cenedcursos.com.br\/meio-ambiente\"],\"url\":\"https:\/\/cenedcursos.com.br\/meio-ambiente\/author\/admin\/\"}]}<\/script>\n<!-- \/ Yoast SEO plugin. -->","yoast_head_json":{"title":"Educa\u00e7\u00e3o Ambiental como solu\u00e7\u00e3o para a crise ambiental - CENED Cursos Online","robots":{"index":"index","follow":"follow","max-snippet":"max-snippet:-1","max-image-preview":"max-image-preview:large","max-video-preview":"max-video-preview:-1"},"canonical":"https:\/\/cenedcursos.com.br\/meio-ambiente\/educacao-ambiental-solucao-crise-ambiental\/","og_locale":"pt_BR","og_type":"article","og_title":"Educa\u00e7\u00e3o Ambiental como solu\u00e7\u00e3o para a crise ambiental - CENED Cursos Online","og_description":"\u00c9 um assunto que come\u00e7a a ser tratado hoje como essencial para a evolu\u00e7\u00e3o da humanidade pela qual outros caminhos que a humanidade trilhou at\u00e9 aqui,n\u00e3o se imaginou que chegaria a tal ponto de rever os conceitos e voltar a uma reflex\u00e3o sobre o que seria melhor para o ser humano: viver em comunh\u00e3o com [&hellip;]","og_url":"https:\/\/cenedcursos.com.br\/meio-ambiente\/educacao-ambiental-solucao-crise-ambiental\/","og_site_name":"CENED Cursos Online","article_published_time":"2011-06-09T17:27:48+00:00","author":"Amarildo R. Ferrari","twitter_card":"summary_large_image","twitter_misc":{"Escrito por":"Amarildo R. Ferrari","Est. tempo de leitura":"4 minutos"},"schema":{"@context":"https:\/\/schema.org","@graph":[{"@type":"WebPage","@id":"https:\/\/cenedcursos.com.br\/meio-ambiente\/educacao-ambiental-solucao-crise-ambiental\/","url":"https:\/\/cenedcursos.com.br\/meio-ambiente\/educacao-ambiental-solucao-crise-ambiental\/","name":"Educa\u00e7\u00e3o Ambiental como solu\u00e7\u00e3o para a crise ambiental - CENED Cursos Online","isPartOf":{"@id":"https:\/\/cenedcursos.com.br\/meio-ambiente\/#website"},"datePublished":"2011-06-09T17:27:48+00:00","author":{"@id":"https:\/\/cenedcursos.com.br\/meio-ambiente\/#\/schema\/person\/64377d24cdc16779a1eb6229894af388"},"breadcrumb":{"@id":"https:\/\/cenedcursos.com.br\/meio-ambiente\/educacao-ambiental-solucao-crise-ambiental\/#breadcrumb"},"inLanguage":"pt-BR","potentialAction":[{"@type":"ReadAction","target":["https:\/\/cenedcursos.com.br\/meio-ambiente\/educacao-ambiental-solucao-crise-ambiental\/"]}]},{"@type":"BreadcrumbList","@id":"https:\/\/cenedcursos.com.br\/meio-ambiente\/educacao-ambiental-solucao-crise-ambiental\/#breadcrumb","itemListElement":[{"@type":"ListItem","position":1,"name":"In\u00edcio","item":"https:\/\/cenedcursos.com.br\/meio-ambiente\/"},{"@type":"ListItem","position":2,"name":"Educa\u00e7\u00e3o Ambiental como solu\u00e7\u00e3o para a crise ambiental"}]},{"@type":"WebSite","@id":"https:\/\/cenedcursos.com.br\/meio-ambiente\/#website","url":"https:\/\/cenedcursos.com.br\/meio-ambiente\/","name":"CENED Cursos Online","description":"Aqui voc\u00ea encontra artigos em diversas \u00e1reas do conhecimento: meio ambiente, educa\u00e7\u00e3o, marketing digital, neg\u00f3cios online e muito mais.","potentialAction":[{"@type":"SearchAction","target":{"@type":"EntryPoint","urlTemplate":"https:\/\/cenedcursos.com.br\/meio-ambiente\/?s={search_term_string}"},"query-input":{"@type":"PropertyValueSpecification","valueRequired":true,"valueName":"search_term_string"}}],"inLanguage":"pt-BR"},{"@type":"Person","@id":"https:\/\/cenedcursos.com.br\/meio-ambiente\/#\/schema\/person\/64377d24cdc16779a1eb6229894af388","name":"Amarildo R. Ferrari","image":{"@type":"ImageObject","inLanguage":"pt-BR","@id":"https:\/\/cenedcursos.com.br\/meio-ambiente\/#\/schema\/person\/image\/","url":"https:\/\/secure.gravatar.com\/avatar\/6ea4248ca9f295c93f1b72f8398232f0fbbffe30349e6ec3839cfa5e09b0de3c?s=96&d=mm&r=g","contentUrl":"https:\/\/secure.gravatar.com\/avatar\/6ea4248ca9f295c93f1b72f8398232f0fbbffe30349e6ec3839cfa5e09b0de3c?s=96&d=mm&r=g","caption":"Amarildo R. Ferrari"},"sameAs":["https:\/\/cenedcursos.com.br\/meio-ambiente"],"url":"https:\/\/cenedcursos.com.br\/meio-ambiente\/author\/admin\/"}]}},"jetpack_featured_media_url":"","jetpack_sharing_enabled":true,"_links":{"self":[{"href":"https:\/\/cenedcursos.com.br\/meio-ambiente\/wp-json\/wp\/v2\/posts\/836","targetHints":{"allow":["GET"]}}],"collection":[{"href":"https:\/\/cenedcursos.com.br\/meio-ambiente\/wp-json\/wp\/v2\/posts"}],"about":[{"href":"https:\/\/cenedcursos.com.br\/meio-ambiente\/wp-json\/wp\/v2\/types\/post"}],"author":[{"embeddable":true,"href":"https:\/\/cenedcursos.com.br\/meio-ambiente\/wp-json\/wp\/v2\/users\/1"}],"replies":[{"embeddable":true,"href":"https:\/\/cenedcursos.com.br\/meio-ambiente\/wp-json\/wp\/v2\/comments?post=836"}],"version-history":[{"count":0,"href":"https:\/\/cenedcursos.com.br\/meio-ambiente\/wp-json\/wp\/v2\/posts\/836\/revisions"}],"wp:attachment":[{"href":"https:\/\/cenedcursos.com.br\/meio-ambiente\/wp-json\/wp\/v2\/media?parent=836"}],"wp:term":[{"taxonomy":"category","embeddable":true,"href":"https:\/\/cenedcursos.com.br\/meio-ambiente\/wp-json\/wp\/v2\/categories?post=836"},{"taxonomy":"post_tag","embeddable":true,"href":"https:\/\/cenedcursos.com.br\/meio-ambiente\/wp-json\/wp\/v2\/tags?post=836"}],"curies":[{"name":"wp","href":"https:\/\/api.w.org\/{rel}","templated":true}]}}