{"id":840,"date":"2011-06-14T17:00:54","date_gmt":"2011-06-14T17:00:54","guid":{"rendered":"http:\/\/www.cenedcursos.com.br\/?p=840"},"modified":"2011-06-14T17:00:54","modified_gmt":"2011-06-14T17:00:54","slug":"agua-uso-consciente","status":"publish","type":"post","link":"https:\/\/cenedcursos.com.br\/meio-ambiente\/agua-uso-consciente\/","title":{"rendered":"A situa\u00e7\u00e3o da \u00e1gua do planeta e seu uso consciente"},"content":{"rendered":"<p style=\"text-align: justify;\"><span style=\"font-size: 10pt; line-height: 115%; font-family: 'Arial','sans-serif';\">Um dos principais problemas ambientais \u00e9 a crescente contamina\u00e7\u00e3o da \u00e1gua, ou seja, este recurso vem sendo polu\u00eddo de tal maneira que j\u00e1 n\u00e3o se pode consumi-lo em seu estado natural. As pessoas utilizam a \u00e1gua n\u00e3o apenas para beber, mas tamb\u00e9m para se desfazer de todo tipo de material e sujeira. Quando as \u00e1guas contaminadas com numerosas subst\u00e2ncias, v\u00e3o para os rios e mares, as subst\u00e2ncias poluentes que elas transportam se acumulam e aumentam a contamina\u00e7\u00e3o geral das \u00e1guas.<\/span><\/p>\n<p style=\"text-align: justify;\"><span style=\"font-size: 10pt; line-height: 115%; font-family: 'Arial','sans-serif';\">Quase toda \u00e1gua do planeta \u00e9 salgada, pois est\u00e1 nos mares e n\u00e3o pode ser consumida pelos seres humanos. Apenas 3%da \u00e1gua do planeta est\u00e1 nos lagos, rios, nascentes e len\u00e7\u00f3is. Por\u00e9m, mais da metade dos rios do mundo diminu\u00edram seus fluxos e est\u00e3o contaminados, tornando-se amea\u00e7a \u00e0 sa\u00fade das pessoas. Esses rios est\u00e3o tanto em pa\u00edses pobres quanto nos pa\u00edses ricos.<\/span><\/p>\n<p style=\"text-align: justify;\"><span style=\"font-size: 10pt; line-height: 115%; font-family: 'Arial','sans-serif';\">O rio Amazonas (maior rio do mundo em volume d&#8217;\u00e1gua e comprimento) e o Congo (s\u00e9timo rio do mundo e segundo maior da \u00c1frica) s\u00e3o considerados rios sobreviventes. Isso explica o interesse do mundo na prote\u00e7\u00e3o da Amaz\u00f4nia porque a bacia do rio Amazonas \u00e9 o maior fil\u00e3o de \u00e1gua doce do planeta.<\/span><\/p>\n<p style=\"text-align: justify;\"><span style=\"font-size: 10pt; line-height: 115%; font-family: 'Arial','sans-serif';\">Relat\u00f3rios da ONU apontam que 1 bilh\u00e3o de pessoas n\u00e3o tem acesso \u00e0 \u00e1gua tratada e, com isso, 4 milh\u00f5es de crian\u00e7as morrem devido a doen\u00e7as como o c\u00f3lera e a mal\u00e1ria. Atualmente a \u00e1gua j\u00e1 \u00e9 uma amea\u00e7a \u00e0 paz mundial, pois muitos pa\u00edses da \u00c1sia e do Oriente M\u00e9dio disputam recursos h\u00eddricos.<\/span><\/p>\n<p style=\"text-align: justify;\"><span style=\"font-size: 10pt; line-height: 115%; font-family: 'Arial','sans-serif';\">Vinte e nove pa\u00edses j\u00e1 t\u00eam problemas de falta d&#8217;\u00e1gua e o quadro tende a piorar. Uma proje\u00e7\u00e3o feita pelos cientistas indica que no ano de 2025, dois de tr\u00eas habitantes do planeta ser\u00e3o afetados pela escassez &#8211; v\u00e3o passar sede ou estar\u00e3o sujeitos a doen\u00e7as como c\u00f3lera e ameb\u00edase, provocadas pela qualidade da \u00e1gua.<\/span><\/p>\n<p style=\"text-align: justify;\"><span style=\"font-size: 10pt; line-height: 115%; font-family: 'Arial','sans-serif';\">A escassez de \u00e1gua se deve \u00e0 m\u00e1 gest\u00e3o dos recursos h\u00eddricos e uma das maiores agress\u00f5es para a forma\u00e7\u00e3o de \u00e1gua doce \u00e9 a ocupa\u00e7\u00e3o e o uso desordenado do solo. A situa\u00e7\u00e3o se agravar\u00e1 com o nascimento de 3 bilh\u00f5es de pessoas, neste s\u00e9culo, sendo a maioria em pa\u00edses que j\u00e1 t\u00eam escassez de \u00e1gua como \u00cdndia, China e Paquist\u00e3o.<\/span><\/p>\n<p style=\"text-align: justify;\"><span style=\"font-size: 10pt; line-height: 115%; font-family: 'Arial','sans-serif';\">A Organiza\u00e7\u00e3o das Na\u00e7\u00f5es Unidas instituiu em 1992, o Dia Mundial da \u00c1gua &#8211; 22 de mar\u00e7o &#8211; para reflex\u00e3o, discuss\u00e3o e busca de solu\u00e7\u00f5es para a polui\u00e7\u00e3o, desperd\u00edcio e escassez de \u00e1gua no mundo todo. No entanto, existem outros desafios: saber us\u00e1-la de forma racional, conhecer os cuidados que devem ser tomados para garantir o consumo de uma \u00e1gua com qualidade e buscar condi\u00e7\u00f5es para filtr\u00e1-la adequadamente, de modo a tirar dela o m\u00e1ximo proveito poss\u00edvel.<\/span><\/p>\n<p style=\"text-align: justify;\"><span style=\"font-size: 10pt; line-height: 115%; font-family: 'Arial','sans-serif';\">Cada ser humano \u00e9 respons\u00e1vel pelo planeta onde vive, pois n\u00e3o pode simplesmente abandon\u00e1-lo quando estiver inserv\u00edvel. A Terra n\u00e3o \u00e9 um meio de transporte que a pessoa pode escolher onde vai descer dele. N\u00e3o podemos, simplesmente, trocar de planeta.O homem deve se conscientizar que faz parte da natureza e do universo. A natureza n\u00e3o existe para servi-lo e seus recursos n\u00e3o s\u00e3o inesgot\u00e1veis.<\/span><\/p>\n<p style=\"text-align: justify;\"><span style=\"font-size: 10pt; line-height: 115%; font-family: 'Arial','sans-serif';\">Os governantes precisam tomar medidas efetivas para conter a devasta\u00e7\u00e3o da Terra, mas como a preocupa\u00e7\u00e3o maior deles \u00e9 com o desenvolvimento econ\u00f4mico e o consumo, cabe \u00e0 comunidade mundial, que tamb\u00e9m precisa ser conscientizada e mobilizada, exigir pol\u00edticas p\u00fablicas que preservem o meio ambiente. N\u00e3o resta outra alternativa a n\u00e3o ser cada um assumir sua responsabilidade e fazer a sua parte.<\/span><\/p>\n<p style=\"text-align: justify;\"><span style=\"font-size: 10pt; line-height: 115%; font-family: 'Arial','sans-serif';\">Abaixo, listamos algumas formas de economizar esse precioso l\u00edquido, pois sem ele, acreditam os cientistas, n\u00e3o existiria vida no planeta.<\/span><\/p>\n<ul>\n<li><span style=\"font-size: 10pt;\"><span style=\"line-height: 115%; font-family: 'Arial','sans-serif';\">Se em apenas cinco minutos voc\u00ea escovar os dentes com a torneira escancarada, 12 litros de \u00e1gua pot\u00e1vel ser\u00e3o desperdi\u00e7ados. Voc\u00ea pode economizar 16.425 litros de \u00e1gua por ano ao escovar os dentes, basta molhar a escova e depois fechar a torneira. Volte a abri-la somente para enxaguar a boca e a escova.<\/span><\/span><\/li>\n<li><span style=\"font-size: 10pt;\"><span style=\"line-height: 115%; font-family: 'Arial','sans-serif';\">N\u00e3o h\u00e1 nada mais fora de moda que usar a mangueira de \u00e1gua para varrer a cal\u00e7ada. Em 15 minutos, 280 litros de \u00e1gua escorrem pelo ralo inutilmente. Espante a pregui\u00e7a, pegue a vassoura, junte a sujeira, recolha com a p\u00e1 e s\u00f3 depois enxague o ch\u00e3o.<\/span><\/span><\/li>\n<li><span style=\"font-size: 10pt;\"><span style=\"line-height: 115%; font-family: 'Arial','sans-serif';\">Ao lavar a roupa, n\u00e3o deixe que a \u00e1gua utilizada des\u00e7a pelo ralo inutilmente. Utilize-a para lavar o ch\u00e3o da cozinha, do quintal, ou at\u00e9 mesmo na descarga do vaso sanit\u00e1rio.<\/span><\/span><\/li>\n<li><span style=\"font-size: 10pt;\"><span style=\"line-height: 115%; font-family: 'Arial','sans-serif';\">N\u00e3o demore muito tempo no chuveiro. Em m\u00e9dia, um banho consome 70 litros de \u00e1gua em apenas 5 minutos, ou seja, 25.550 litros por ano.<\/span><\/span><\/li>\n<li><span style=\"font-size: 10pt; line-height: 115%; font-family: 'Arial','sans-serif';\">Preste aten\u00e7\u00e3o ao consumo mensal da conta de \u00e1gua. Voc\u00ea poder\u00e1 descobrir vazamentos que significam enorme desperd\u00edcio de \u00e1gua. Fa\u00e7a um teste: feche todas as torneiras e os registros de casa e verifique se o hidr\u00f4metro &#8211; aparelho que mede o consumo de \u00e1gua &#8211; sofre alguma altera\u00e7\u00e3o. Se alterar, est\u00e1 comprovado. Tome as provid\u00eancias cab\u00edveis para evitar o desperd\u00edcio de \u00e1gua e de dinheiro.<\/span><\/li>\n<li><span style=\"font-size: 10pt;\">Prefira lavar o carro com balde em lugar da mangueira. O esguicho aberto gasta aproximadamente 600 litros de \u00e1gua. Se voc\u00ea usar o balde, o consumo cair\u00e1 para 60 litros.<\/span><\/li>\n<\/ul>\n<p style=\"text-align: justify;\"><span style=\"font-size: 10pt; line-height: 115%; font-family: 'Arial','sans-serif';\"> S\u00e3o pequenos gestos que conduzir\u00e3o a grandes mudan\u00e7as se forem adotados por todos n\u00f3s. Um bom come\u00e7o \u00e9 praticar os &#8220;tr\u00eas erres&#8221;: reduzir, reutilizar e reciclar. A luta pela sustentabilidade ser\u00e1 vencida em diversas frentes que v\u00e3o da tecnologia \u00e0 pol\u00edtica. Mas em todas elas ser\u00e1 preciso a mudan\u00e7a de h\u00e1bitos pessoais. \u00c9 preciso fazer algo. E devemos fazer j\u00e1.<\/span><\/p>\n<p style=\"text-align: justify;\"><span style=\"font-size: 10pt; line-height: 115%; font-family: 'Arial','sans-serif';\">Um s\u00e1bio chin\u00eas chamado Conf\u00facio disse, h\u00e1 cinco mil anos, que modificar o mundo \u00e9 modificar a si mesmo. Ent\u00e3o, fa\u00e7amos a nossa parte, tomando atitudes positivas e modificando nosso comportamento, se ele estiver inadequado. Vamos discutir com os amigos, vizinhos, o pessoal do pr\u00e9dio, provocar mudan\u00e7as e praticar maneiras efetivas de proteger o meio ambiente.<\/span><\/p>\n<p style=\"text-align: right;\"><strong><em><span style=\"font-size: 10pt; line-height: 115%; font-family: 'Arial','sans-serif';\">Autora: Eliene Ferreira Santos<\/span><\/em><\/strong><\/p>\n","protected":false},"excerpt":{"rendered":"<p>Um dos principais problemas ambientais \u00e9 a crescente contamina\u00e7\u00e3o da \u00e1gua, ou seja, este recurso vem sendo polu\u00eddo de tal maneira que j\u00e1 n\u00e3o se pode consumi-lo em seu estado natural. As pessoas utilizam a \u00e1gua n\u00e3o apenas para beber, mas tamb\u00e9m para se desfazer de todo tipo de material e sujeira. Quando as \u00e1guas [&hellip;]<\/p>\n","protected":false},"author":1,"featured_media":0,"comment_status":"open","ping_status":"open","sticky":false,"template":"","format":"standard","meta":{"_jetpack_memberships_contains_paid_content":false,"footnotes":""},"categories":[488],"tags":[512,637,990,1136],"class_list":{"0":"post-840","1":"post","2":"type-post","3":"status-publish","4":"format-standard","6":"category-agua-textos","7":"tag-agua","8":"tag-contaminacao-da-agua","9":"tag-problemas-ambientais","10":"tag-uso-consciente"},"yoast_head":"<!-- This site is optimized with the Yoast SEO plugin v25.1 - https:\/\/yoast.com\/wordpress\/plugins\/seo\/ -->\n<title>A situa\u00e7\u00e3o da \u00e1gua do planeta e seu uso consciente - CENED Cursos Online<\/title>\n<meta name=\"description\" content=\"Quase toda \u00e1gua do planeta \u00e9 salgada, pois est\u00e1 nos mares e n\u00e3o pode ser consumida pelos seres humanos.\" \/>\n<meta name=\"robots\" content=\"index, follow, max-snippet:-1, max-image-preview:large, max-video-preview:-1\" \/>\n<link rel=\"canonical\" href=\"https:\/\/cenedcursos.com.br\/meio-ambiente\/agua-uso-consciente\/\" \/>\n<meta property=\"og:locale\" content=\"pt_BR\" \/>\n<meta property=\"og:type\" content=\"article\" \/>\n<meta property=\"og:title\" content=\"A situa\u00e7\u00e3o da \u00e1gua do planeta e seu uso consciente - CENED Cursos Online\" \/>\n<meta property=\"og:description\" content=\"Quase toda \u00e1gua do planeta \u00e9 salgada, pois est\u00e1 nos mares e n\u00e3o pode ser consumida pelos seres humanos.\" \/>\n<meta property=\"og:url\" content=\"https:\/\/cenedcursos.com.br\/meio-ambiente\/agua-uso-consciente\/\" \/>\n<meta property=\"og:site_name\" content=\"CENED Cursos Online\" \/>\n<meta property=\"article:published_time\" content=\"2011-06-14T17:00:54+00:00\" \/>\n<meta name=\"author\" content=\"Amarildo R. Ferrari\" \/>\n<meta name=\"twitter:card\" content=\"summary_large_image\" \/>\n<meta name=\"twitter:label1\" content=\"Escrito por\" \/>\n\t<meta name=\"twitter:data1\" content=\"Amarildo R. Ferrari\" \/>\n\t<meta name=\"twitter:label2\" content=\"Est. tempo de leitura\" \/>\n\t<meta name=\"twitter:data2\" content=\"5 minutos\" \/>\n<script type=\"application\/ld+json\" class=\"yoast-schema-graph\">{\"@context\":\"https:\/\/schema.org\",\"@graph\":[{\"@type\":\"WebPage\",\"@id\":\"https:\/\/cenedcursos.com.br\/meio-ambiente\/agua-uso-consciente\/\",\"url\":\"https:\/\/cenedcursos.com.br\/meio-ambiente\/agua-uso-consciente\/\",\"name\":\"A situa\u00e7\u00e3o da \u00e1gua do planeta e seu uso consciente - CENED Cursos Online\",\"isPartOf\":{\"@id\":\"https:\/\/cenedcursos.com.br\/meio-ambiente\/#website\"},\"datePublished\":\"2011-06-14T17:00:54+00:00\",\"author\":{\"@id\":\"https:\/\/cenedcursos.com.br\/meio-ambiente\/#\/schema\/person\/64377d24cdc16779a1eb6229894af388\"},\"description\":\"Quase toda \u00e1gua do planeta \u00e9 salgada, pois est\u00e1 nos mares e n\u00e3o pode ser consumida pelos seres humanos.\",\"breadcrumb\":{\"@id\":\"https:\/\/cenedcursos.com.br\/meio-ambiente\/agua-uso-consciente\/#breadcrumb\"},\"inLanguage\":\"pt-BR\",\"potentialAction\":[{\"@type\":\"ReadAction\",\"target\":[\"https:\/\/cenedcursos.com.br\/meio-ambiente\/agua-uso-consciente\/\"]}]},{\"@type\":\"BreadcrumbList\",\"@id\":\"https:\/\/cenedcursos.com.br\/meio-ambiente\/agua-uso-consciente\/#breadcrumb\",\"itemListElement\":[{\"@type\":\"ListItem\",\"position\":1,\"name\":\"In\u00edcio\",\"item\":\"https:\/\/cenedcursos.com.br\/meio-ambiente\/\"},{\"@type\":\"ListItem\",\"position\":2,\"name\":\"A situa\u00e7\u00e3o da \u00e1gua do planeta e seu uso consciente\"}]},{\"@type\":\"WebSite\",\"@id\":\"https:\/\/cenedcursos.com.br\/meio-ambiente\/#website\",\"url\":\"https:\/\/cenedcursos.com.br\/meio-ambiente\/\",\"name\":\"CENED Cursos Online\",\"description\":\"Aqui voc\u00ea encontra artigos em diversas \u00e1reas do conhecimento: meio ambiente, educa\u00e7\u00e3o, marketing digital, neg\u00f3cios online e muito mais.\",\"potentialAction\":[{\"@type\":\"SearchAction\",\"target\":{\"@type\":\"EntryPoint\",\"urlTemplate\":\"https:\/\/cenedcursos.com.br\/meio-ambiente\/?s={search_term_string}\"},\"query-input\":{\"@type\":\"PropertyValueSpecification\",\"valueRequired\":true,\"valueName\":\"search_term_string\"}}],\"inLanguage\":\"pt-BR\"},{\"@type\":\"Person\",\"@id\":\"https:\/\/cenedcursos.com.br\/meio-ambiente\/#\/schema\/person\/64377d24cdc16779a1eb6229894af388\",\"name\":\"Amarildo R. Ferrari\",\"image\":{\"@type\":\"ImageObject\",\"inLanguage\":\"pt-BR\",\"@id\":\"https:\/\/cenedcursos.com.br\/meio-ambiente\/#\/schema\/person\/image\/\",\"url\":\"https:\/\/secure.gravatar.com\/avatar\/6ea4248ca9f295c93f1b72f8398232f0fbbffe30349e6ec3839cfa5e09b0de3c?s=96&d=mm&r=g\",\"contentUrl\":\"https:\/\/secure.gravatar.com\/avatar\/6ea4248ca9f295c93f1b72f8398232f0fbbffe30349e6ec3839cfa5e09b0de3c?s=96&d=mm&r=g\",\"caption\":\"Amarildo R. Ferrari\"},\"sameAs\":[\"https:\/\/cenedcursos.com.br\/meio-ambiente\"],\"url\":\"https:\/\/cenedcursos.com.br\/meio-ambiente\/author\/admin\/\"}]}<\/script>\n<!-- \/ Yoast SEO plugin. -->","yoast_head_json":{"title":"A situa\u00e7\u00e3o da \u00e1gua do planeta e seu uso consciente - CENED Cursos Online","description":"Quase toda \u00e1gua do planeta \u00e9 salgada, pois est\u00e1 nos mares e n\u00e3o pode ser consumida pelos seres humanos.","robots":{"index":"index","follow":"follow","max-snippet":"max-snippet:-1","max-image-preview":"max-image-preview:large","max-video-preview":"max-video-preview:-1"},"canonical":"https:\/\/cenedcursos.com.br\/meio-ambiente\/agua-uso-consciente\/","og_locale":"pt_BR","og_type":"article","og_title":"A situa\u00e7\u00e3o da \u00e1gua do planeta e seu uso consciente - CENED Cursos Online","og_description":"Quase toda \u00e1gua do planeta \u00e9 salgada, pois est\u00e1 nos mares e n\u00e3o pode ser consumida pelos seres humanos.","og_url":"https:\/\/cenedcursos.com.br\/meio-ambiente\/agua-uso-consciente\/","og_site_name":"CENED Cursos Online","article_published_time":"2011-06-14T17:00:54+00:00","author":"Amarildo R. Ferrari","twitter_card":"summary_large_image","twitter_misc":{"Escrito por":"Amarildo R. Ferrari","Est. tempo de leitura":"5 minutos"},"schema":{"@context":"https:\/\/schema.org","@graph":[{"@type":"WebPage","@id":"https:\/\/cenedcursos.com.br\/meio-ambiente\/agua-uso-consciente\/","url":"https:\/\/cenedcursos.com.br\/meio-ambiente\/agua-uso-consciente\/","name":"A situa\u00e7\u00e3o da \u00e1gua do planeta e seu uso consciente - CENED Cursos Online","isPartOf":{"@id":"https:\/\/cenedcursos.com.br\/meio-ambiente\/#website"},"datePublished":"2011-06-14T17:00:54+00:00","author":{"@id":"https:\/\/cenedcursos.com.br\/meio-ambiente\/#\/schema\/person\/64377d24cdc16779a1eb6229894af388"},"description":"Quase toda \u00e1gua do planeta \u00e9 salgada, pois est\u00e1 nos mares e n\u00e3o pode ser consumida pelos seres humanos.","breadcrumb":{"@id":"https:\/\/cenedcursos.com.br\/meio-ambiente\/agua-uso-consciente\/#breadcrumb"},"inLanguage":"pt-BR","potentialAction":[{"@type":"ReadAction","target":["https:\/\/cenedcursos.com.br\/meio-ambiente\/agua-uso-consciente\/"]}]},{"@type":"BreadcrumbList","@id":"https:\/\/cenedcursos.com.br\/meio-ambiente\/agua-uso-consciente\/#breadcrumb","itemListElement":[{"@type":"ListItem","position":1,"name":"In\u00edcio","item":"https:\/\/cenedcursos.com.br\/meio-ambiente\/"},{"@type":"ListItem","position":2,"name":"A situa\u00e7\u00e3o da \u00e1gua do planeta e seu uso consciente"}]},{"@type":"WebSite","@id":"https:\/\/cenedcursos.com.br\/meio-ambiente\/#website","url":"https:\/\/cenedcursos.com.br\/meio-ambiente\/","name":"CENED Cursos Online","description":"Aqui voc\u00ea encontra artigos em diversas \u00e1reas do conhecimento: meio ambiente, educa\u00e7\u00e3o, marketing digital, neg\u00f3cios online e muito mais.","potentialAction":[{"@type":"SearchAction","target":{"@type":"EntryPoint","urlTemplate":"https:\/\/cenedcursos.com.br\/meio-ambiente\/?s={search_term_string}"},"query-input":{"@type":"PropertyValueSpecification","valueRequired":true,"valueName":"search_term_string"}}],"inLanguage":"pt-BR"},{"@type":"Person","@id":"https:\/\/cenedcursos.com.br\/meio-ambiente\/#\/schema\/person\/64377d24cdc16779a1eb6229894af388","name":"Amarildo R. Ferrari","image":{"@type":"ImageObject","inLanguage":"pt-BR","@id":"https:\/\/cenedcursos.com.br\/meio-ambiente\/#\/schema\/person\/image\/","url":"https:\/\/secure.gravatar.com\/avatar\/6ea4248ca9f295c93f1b72f8398232f0fbbffe30349e6ec3839cfa5e09b0de3c?s=96&d=mm&r=g","contentUrl":"https:\/\/secure.gravatar.com\/avatar\/6ea4248ca9f295c93f1b72f8398232f0fbbffe30349e6ec3839cfa5e09b0de3c?s=96&d=mm&r=g","caption":"Amarildo R. Ferrari"},"sameAs":["https:\/\/cenedcursos.com.br\/meio-ambiente"],"url":"https:\/\/cenedcursos.com.br\/meio-ambiente\/author\/admin\/"}]}},"jetpack_featured_media_url":"","jetpack_sharing_enabled":true,"_links":{"self":[{"href":"https:\/\/cenedcursos.com.br\/meio-ambiente\/wp-json\/wp\/v2\/posts\/840","targetHints":{"allow":["GET"]}}],"collection":[{"href":"https:\/\/cenedcursos.com.br\/meio-ambiente\/wp-json\/wp\/v2\/posts"}],"about":[{"href":"https:\/\/cenedcursos.com.br\/meio-ambiente\/wp-json\/wp\/v2\/types\/post"}],"author":[{"embeddable":true,"href":"https:\/\/cenedcursos.com.br\/meio-ambiente\/wp-json\/wp\/v2\/users\/1"}],"replies":[{"embeddable":true,"href":"https:\/\/cenedcursos.com.br\/meio-ambiente\/wp-json\/wp\/v2\/comments?post=840"}],"version-history":[{"count":0,"href":"https:\/\/cenedcursos.com.br\/meio-ambiente\/wp-json\/wp\/v2\/posts\/840\/revisions"}],"wp:attachment":[{"href":"https:\/\/cenedcursos.com.br\/meio-ambiente\/wp-json\/wp\/v2\/media?parent=840"}],"wp:term":[{"taxonomy":"category","embeddable":true,"href":"https:\/\/cenedcursos.com.br\/meio-ambiente\/wp-json\/wp\/v2\/categories?post=840"},{"taxonomy":"post_tag","embeddable":true,"href":"https:\/\/cenedcursos.com.br\/meio-ambiente\/wp-json\/wp\/v2\/tags?post=840"}],"curies":[{"name":"wp","href":"https:\/\/api.w.org\/{rel}","templated":true}]}}