{"id":844,"date":"2011-07-12T12:36:46","date_gmt":"2011-07-12T12:36:46","guid":{"rendered":"http:\/\/www.cenedcursos.com.br\/?p=844"},"modified":"2011-07-12T12:36:46","modified_gmt":"2011-07-12T12:36:46","slug":"vantagens-da-reciclagem-residuos","status":"publish","type":"post","link":"https:\/\/cenedcursos.com.br\/meio-ambiente\/vantagens-da-reciclagem-residuos\/","title":{"rendered":"Vantagens da Reciclagem"},"content":{"rendered":"<p style=\"text-align: center;\"><span style=\"font-size: 12pt;\"><strong><em>Para compreendermos a reciclagem, \u00e9 importante saber sobre o conceito que temos de res\u00edduo, assim deixando de enxerg\u00e1-lo como uma coisa suja e in\u00fatil.<\/em><\/strong><\/span><\/p>\n<p style=\"text-align: justify;\"><span style=\"font-size: 12pt; font-family: arial, helvetica, sans-serif; color: #000000;\"><em><span style=\"line-height: 115%;\">Introdu\u00e7\u00e3o<\/span><\/em><\/span><\/p>\n<p style=\"text-align: justify;\"><span style=\"font-family: arial, helvetica, sans-serif; color: #000000; font-size: 12pt;\">Vivemos em uma sociedade din\u00e2mica, que nunca p\u00e1ra, sempre consumindo cada vez mais produtos e tecnologias, tentando com isso alcan\u00e7ar o mais alto grau de satisfa\u00e7\u00e3o, satisfa\u00e7\u00e3o essa que nunca \u00e9 alcan\u00e7ada, pois sempre surge no mercado algo mais novo, mais moderno, tornando o produto que acabamos de comprar ultrapassado. <\/span><\/p>\n<p style=\"text-align: justify;\"><span style=\"font-family: arial, helvetica, sans-serif; color: #000000; font-size: 12pt;\">A sociedade imp\u00f5e o que ir\u00e1 trazer satisfa\u00e7\u00e3o, ela \u00e9 quem dita o que se deve consumir, sendo assim essa t\u00e3o desejada satisfa\u00e7\u00e3o nunca ser\u00e1 alcan\u00e7ada. E o que fazer com os produtos que n\u00f3s compramos, mas agora n\u00e3o \u00e9 mais necess\u00e1rio? Jogar fora \u00e9 l\u00f3gico. Mandar para o lixo. Para n\u00f3s o lixo s\u00f3 \u00e9 um problema enquanto est\u00e1 dentro de casa, quando colocamos na rua, n\u00e3o \u00e9 mais problema nosso, por isso, n\u00e3o se pensa em dar uma destina\u00e7\u00e3o correta ao mesmo.<\/span><\/p>\n<p style=\"text-align: justify;\"><span style=\"font-size: 12pt; font-family: arial, helvetica, sans-serif; color: #000000;\"><span style=\"line-height: 115%;\">Nosso consumismo gera res\u00edduos que podem ser reaproveitados ou reciclados, ent\u00e3o porque n\u00e3o dar essa destina\u00e7\u00e3o ao lixo? Todos saem ganhando quando se faz a a\u00e7\u00e3o<\/span><\/span><\/p>\n<p><a href=\"https:\/\/i0.wp.com\/www.cenedcursos.com.br\/meio-ambiente\/wp-content\/uploads\/2011\/07\/reciclagem2.jpg?ssl=1\"><img data-recalc-dims=\"1\" loading=\"lazy\" decoding=\"async\" data-attachment-id=\"1622\" data-permalink=\"https:\/\/cenedcursos.com.br\/meio-ambiente\/reciclagem2\/\" data-orig-file=\"https:\/\/i0.wp.com\/cenedcursos.com.br\/meio-ambiente\/wp-content\/uploads\/2011\/07\/reciclagem2-1.jpg?fit=600%2C564&amp;ssl=1\" data-orig-size=\"600,564\" data-comments-opened=\"1\" data-image-meta=\"{&quot;aperture&quot;:&quot;0&quot;,&quot;credit&quot;:&quot;&quot;,&quot;camera&quot;:&quot;&quot;,&quot;caption&quot;:&quot;&quot;,&quot;created_timestamp&quot;:&quot;0&quot;,&quot;copyright&quot;:&quot;&quot;,&quot;focal_length&quot;:&quot;0&quot;,&quot;iso&quot;:&quot;0&quot;,&quot;shutter_speed&quot;:&quot;0&quot;,&quot;title&quot;:&quot;&quot;,&quot;orientation&quot;:&quot;0&quot;}\" data-image-title=\"vantagens da reciclagem\" data-image-description=\"\" data-image-caption=\"\" data-medium-file=\"https:\/\/i0.wp.com\/cenedcursos.com.br\/meio-ambiente\/wp-content\/uploads\/2011\/07\/reciclagem2-1.jpg?fit=300%2C282&amp;ssl=1\" data-large-file=\"https:\/\/i0.wp.com\/cenedcursos.com.br\/meio-ambiente\/wp-content\/uploads\/2011\/07\/reciclagem2-1.jpg?fit=600%2C564&amp;ssl=1\" class=\"alignright wp-image-1622 size-medium\" src=\"https:\/\/i0.wp.com\/www.cenedcursos.com.br\/meio-ambiente\/wp-content\/uploads\/2011\/07\/reciclagem2-300x282.jpg?resize=300%2C282&#038;ssl=1\" alt=\"vantagens da reciclagem\" width=\"300\" height=\"282\" \/><\/a><\/p>\n<p style=\"text-align: justify;\"><span style=\"font-size: 12pt; font-family: arial, helvetica, sans-serif; color: #000000;\"><span style=\"line-height: 115%;\">correta, o meio ambiente ganha, pois al\u00e9m de evitar ser retirado da natureza o recurso ou a mat\u00e9ria-prima para a fabrica\u00e7\u00e3o do material do res\u00edduo, evita-se tamb\u00e9m que esse ocupe um lugar indevido na natureza, \u00e0s vezes por muitos anos; a sociedade tamb\u00e9m ganha de v\u00e1rias formas, sendo na melhoria da qualidade de vida, na diminui\u00e7\u00e3o da polui\u00e7\u00e3o, nos menos gastos com produ\u00e7\u00e3o.<\/span><\/span><\/p>\n<p style=\"text-align: justify;\"><span style=\"font-size: 12pt; font-family: arial, helvetica, sans-serif; color: #000000;\"><em><span style=\"line-height: 115%;\">Objetivo<\/span><\/em><\/span><\/p>\n<p style=\"text-align: justify;\"><span style=\"font-family: arial, helvetica, sans-serif; color: #000000; font-size: 12pt;\">Para compreendermos a reciclagem, \u00e9 importante saber sobre o conceito que temos de res\u00edduo, assim deixando de enxerg\u00e1-lo como uma coisa suja e in\u00fatil. O primeiro passo \u00e9 perceber a fonte de riqueza do res\u00edduo. No Brasil perde-se muito porque n\u00e3o se recicla tudo o que poderia ser reciclado, apesar de sermos os campe\u00f5es na reciclagem de alum\u00ednio, n\u00e3o reaproveitamos da mesma forma o vidro, o pl\u00e1stico, o papel, o ferro, os pneus, e uma s\u00e9rie de outros mat\u00e9rias.<\/span><br \/>\n<span style=\"font-family: arial, helvetica, sans-serif; color: #000000; font-size: 12pt;\"> Por isso, o objetivo deste trabalho e mostrar os ganhos ambientais, sociais e econ\u00f4micos envolvidos com a reciclagem.<\/span><\/p>\n<p style=\"text-align: justify;\"><span style=\"line-height: 115%; color: #000000; font-size: 12pt; font-family: arial, helvetica, sans-serif;\"><br \/>\n<strong>Contribui\u00e7\u00e3o da segrega\u00e7\u00e3o de res\u00edduo recicl\u00e1vel<\/strong><\/span><\/p>\n<p style=\"text-align: justify;\"><span style=\"font-family: arial, helvetica, sans-serif; color: #000000; font-size: 12pt;\">A segrega\u00e7\u00e3o de res\u00edduos recicl\u00e1veis contribui para diminuir a polui\u00e7\u00e3o do solo, ar e \u00e1gua. Melhora a limpeza da cidade e a qualidade de vida da popula\u00e7\u00e3o e prolonga a vida \u00fatil dos aterros sanit\u00e1rios.<\/span><\/p>\n<p style=\"text-align: justify;\"><span style=\"font-family: arial, helvetica, sans-serif; color: #000000; font-size: 12pt;\">Gera emprego para a popula\u00e7\u00e3o n\u00e3o qualificada, gera receita com a comercializa\u00e7\u00e3o dos recicl\u00e1veis, estimula a concorr\u00eancia, uma vez que os produtos gerados a partir dos reciclados s\u00e3o comercializados em paralelo com aqueles gerados a partir de mat\u00e9rias-primas virgens.<\/span><span style=\"font-family: arial, helvetica, sans-serif; color: #000000; font-size: 12pt;\">Contribui para a valoriza\u00e7\u00e3o da limpeza p\u00fablica e para formar uma consci\u00eancia ecol\u00f3gica.<\/span><\/p>\n<p style=\"text-align: justify;\"><span style=\"font-family: arial, helvetica, sans-serif; color: #000000; font-size: 12pt;\">No Brasil, seria importante que as cooperativas e as pequenas e m\u00e9dias empresas de reciclagem tivessem apoio financeiro e tecnol\u00f3gico do Governo Federal, Estadual e Municipal para melhorar seus procedimentos de reciclagem, pois assim estariam contribuindo na gera\u00e7\u00e3o de empregos, na diminui\u00e7\u00e3o de res\u00edduos e na produ\u00e7\u00e3o de produtos de melhor qualidade com tecnologia limpa.<\/span><br \/>\n<span style=\"font-family: arial, helvetica, sans-serif; color: #000000; font-size: 12pt;\"> A reciclagem surgiu como uma maneira de reintroduzir no sistema uma parte de mat\u00e9ria e energia, que se tornariam res\u00edduos; assim desviados, os res\u00edduos s\u00e3o coletados, separados e processados para serem usados como mat\u00e9ria-prima na manufatura de bens, os quais eram feitos anteriormente com mat\u00e9ria-prima virgem. Dessa forma, os recursos naturais ficam menos comprometidos.<\/span><\/p>\n<p style=\"text-align: justify;\"><span style=\"font-family: arial, helvetica, sans-serif; color: #000000; font-size: 12pt;\"><strong>Reciclagem do pl\u00e1stico<\/strong><\/span><\/p>\n<p style=\"text-align: justify;\"><span style=\"font-family: arial, helvetica, sans-serif; color: #000000; font-size: 12pt;\">O pl\u00e1stico \u00e9 um material proveniente de resinas geralmente sint\u00e9ticas e derivadas do petr\u00f3leo. Ambientalmente o uso do pl\u00e1stico \u00e9 considerado problem\u00e1tico pela sua alta durabilidade (estima-se que a degrada\u00e7\u00e3o natural do pl\u00e1stico necessita de muitos s\u00e9culos para ocorrer) e grande volume na composi\u00e7\u00e3o total do lixo (que vem aumentando assustadoramente).\u00a0<\/span><\/p>\n<p style=\"text-align: justify;\"><span style=\"font-family: arial, helvetica, sans-serif; color: #000000; font-size: 12pt;\">Quando depositados em lix\u00f5es, os pl\u00e1sticos apresentam risco pela queima indevida e sem controle, que pode resultar em emana\u00e7\u00f5es t\u00f3xicas na atmosfera. Quando colocado em aterros sanit\u00e1rios, esse material dificulta a compacta\u00e7\u00e3o do material e prejudica a decomposi\u00e7\u00e3o dos elementos biologicamente degrad\u00e1veis.\u00a0<\/span><\/p>\n<p style=\"text-align: justify;\"><span style=\"font-family: arial, helvetica, sans-serif; color: #000000; font-size: 12pt;\">A reciclagem do pl\u00e1stico \u00e9 dificultada pela exist\u00eancia de in\u00fameros tipos diferentes de resinas pl\u00e1sticas que s\u00e3o incompat\u00edveis entre si e n\u00e3o podem ser misturadas no processo de reciclagem, sob pena de perderem suas qualidades de flexibilidade, resist\u00eancia ou transpar\u00eancia, entre outras. Por esse motivo, os recicladores de pl\u00e1sticos utilizam-se quase que exclusivamente de mat\u00e9ria-prima advinda de res\u00edduos industriais, pois esse tipo de res\u00edduo \u00e9 normalmente constitu\u00eddo por um s\u00f3 tipo de resina e n\u00e3o apresenta sujeira ou contamina\u00e7\u00e3o.\u00a0<\/span><\/p>\n<p style=\"text-align: justify;\"><span style=\"font-family: arial, helvetica, sans-serif; color: #000000; font-size: 12pt;\"><strong>Reciclagem do papel<\/strong><\/span><\/p>\n<p style=\"text-align: justify;\"><span style=\"font-family: arial, helvetica, sans-serif; color: #000000; font-size: 12pt;\">A reciclagem do papel apresenta muitas vantagens, como a preserva\u00e7\u00e3o de recursos naturais, economia de \u00e1gua e energia e menor custo da mat\u00e9ria-prima. A manuten\u00e7\u00e3o das florestas naturais, com a redu\u00e7\u00e3o de \u00e1reas reservadas ao plantio de esp\u00e9cies pr\u00f3prias para a produ\u00e7\u00e3o de papel \u00e9 um importante fator de manuten\u00e7\u00e3o do equil\u00edbrio ecol\u00f3gico do planeta e redu\u00e7\u00e3o dos poluentes atmosf\u00e9ricos. Por outro lado, a qualidade do papel produzido com aparas \u00e9 inferior \u00e0 do material produzido com mat\u00e9ria-prima virgem, desvantagem que tem sido solucionada, por conta das inova\u00e7\u00f5es tecnol\u00f3gicas.\u00a0<\/span><\/p>\n<p style=\"text-align: justify;\"><span style=\"font-family: arial, helvetica, sans-serif; color: #000000; font-size: 12pt;\">O papel \u00e9 um material de f\u00e1cil encaminhamento para reciclagem, quando segregado em programas de coleta seletiva, pois tem sido sempre poss\u00edvel encontrar um catador aut\u00f4nomo, uma institui\u00e7\u00e3o beneficente ou mesmo um sucateiro interessado em retir\u00e1-lo. Isso se deve ao interesse econ\u00f4mico da ind\u00fastria produtora de papel em absorver todo o material coletado, pois a adi\u00e7\u00e3o de aparas reduz sensivelmente o custo de produ\u00e7\u00e3o.\u00a0<\/span><\/p>\n<p style=\"text-align: justify;\"><span style=\"font-family: arial, helvetica, sans-serif; color: #000000; font-size: 12pt;\">O papel apresenta tamb\u00e9m a possibilidade de reciclagem artesanal, em pequenas oficinas, processo que n\u00e3o exige equipamentos caros nem complexos. Por esse motivo, existem atualmente muitos grupos, principalmente ligados a entidades de aux\u00edlio a popula\u00e7\u00f5es carentes, deficientes f\u00edsicos ou com problemas mentais, produzindo artigos de papelaria feitos artesanalmente, o que resulta em uma importante fonte de recursos econ\u00f4micos e de emprego para esses indiv\u00edduos.\u00a0<\/span><\/p>\n<p style=\"text-align: justify;\"><span style=\"font-family: arial, helvetica, sans-serif; color: #000000; font-size: 12pt;\"><strong>Reciclagem do metal<\/strong><\/span><\/p>\n<p style=\"text-align: justify;\"><span style=\"font-family: arial, helvetica, sans-serif; color: #000000; font-size: 12pt;\">Os metais s\u00e3o classificados em dois grandes grupos: os ferrosos (basicamente ferro e a\u00e7o) e os n\u00e3o-ferrosos (alum\u00ednio, cobre, chumbo, etc.). Os metais mais presentes no lixo domiciliar s\u00e3o aqueles utilizados para embalagens de produtos aliment\u00edcios e tampas de recipientes de vidro. Em menor quantidade encontram-se outros produtos de uso dom\u00e9stico, como panelas, esquadrias, restos de equipamentos de cozinha, etc.\u00a0<\/span><\/p>\n<p style=\"text-align: justify;\"><span style=\"font-family: arial, helvetica, sans-serif; color: #000000; font-size: 12pt;\">A reciclagem do metal \u00e9 ambientalmente muito interessante, pois evita a retirada de min\u00e9rios do solo, minimizando o impacto ambiental acarretado pela atividade mineradora, al\u00e9m de reduzir em muito o volume de \u00e1gua e energia necess\u00e1rios para a produ\u00e7\u00e3o de novos artigos.\u00a0<\/span><\/p>\n<p style=\"text-align: justify;\"><span style=\"font-family: arial, helvetica, sans-serif; color: #000000; font-size: 12pt;\">Esse princ\u00edpio vale para todos os tipos de metal, entretanto h\u00e1 maior interesse reciclador na ind\u00fastria produtora de embalagens de alum\u00ednio, o que determina aumento no valor de venda do material. Por esse motivo, (e tamb\u00e9m devido \u00e0 situa\u00e7\u00e3o atual de desemprego) o Brasil \u00e9 atualmente um dos campe\u00f5es mundiais na reciclagem de alum\u00ednio, coletadas na sua maior parte por catadores aut\u00f4nomos, que reviram os sacos de lixo da popula\u00e7\u00e3o em busca do material para revenda.\u00a0<\/span><\/p>\n<p style=\"text-align: justify;\"><span style=\"font-family: arial, helvetica, sans-serif; color: #000000; font-size: 12pt;\"><strong>Reciclagem do vidro<\/strong><\/span><\/p>\n<p style=\"text-align: justify;\"><span style=\"font-family: arial, helvetica, sans-serif; color: #000000; font-size: 12pt;\">O vidro \u00e9 um material ideal para a reciclagem e pode, dependendo das circunst\u00e2ncias, ser infinitamente reciclado. O uso de vidro reciclado em novos recipientes possibilita a conserva\u00e7\u00e3o de materiais, a redu\u00e7\u00e3o do consumo de energia e reduz o volume de lixo que \u00e9 enviado para aterros sanit\u00e1rios.<\/span><\/p>\n<p style=\"text-align: justify;\"><span style=\"font-family: arial, helvetica, sans-serif; color: #000000; font-size: 12pt;\"><strong>Reciclagem do entulho<\/strong><\/span><\/p>\n<p style=\"text-align: justify;\"><span style=\"font-family: arial, helvetica, sans-serif; color: #000000; font-size: 12pt;\">Entulho \u00e9 o res\u00edduo resultante das atividades relacionadas \u00e0 constru\u00e7\u00e3o civil, constitu\u00eddo por fragmentos ou restos de tijolos, argamassa, a\u00e7o, madeira, azulejos, etc.\u00a0<\/span><\/p>\n<p style=\"text-align: justify;\"><span style=\"font-family: arial, helvetica, sans-serif; color: #000000; font-size: 12pt;\">O entulho forma uma parcela importante na composi\u00e7\u00e3o do lixo das cidades. Esse volume, entretanto, pode ser na realidade muito maior, pois grande parte desses res\u00edduos \u00e9 coletada clandestinamente e disposto em terrenos baldios, vias p\u00fablicas, margens de rios, etc., causando graves problemas ambientais.\u00a0<\/span><\/p>\n<p style=\"text-align: justify;\"><span style=\"font-family: arial, helvetica, sans-serif; color: #000000; font-size: 12pt;\">O entulho pode ser transformado, atrav\u00e9s da reciclagem, em um produto a ser utilizado na pavimenta\u00e7\u00e3o de estradas, constru\u00e7\u00e3o de guias e sarjetas, obras de drenagem, cal\u00e7adas ou outros usos pr\u00f3prios da constru\u00e7\u00e3o civil.\u00a0<\/span><\/p>\n<p style=\"text-align: justify;\"><span style=\"font-family: arial, helvetica, sans-serif; color: #000000; font-size: 12pt;\">A reciclagem do entulho, como dos demais materiais, exige participa\u00e7\u00e3o da popula\u00e7\u00e3o (para que n\u00e3o haja contamina\u00e7\u00e3o do material inerte com res\u00edduos org\u00e2nicos, por exemplo) e coleta diferenciada.\u00a0<\/span><\/p>\n<p style=\"text-align: justify;\"><span style=\"font-family: arial, helvetica, sans-serif; color: #000000; font-size: 12pt;\"><strong>Reciclagem do pneu<\/strong><\/span><\/p>\n<p style=\"text-align: justify;\"><span style=\"font-family: arial, helvetica, sans-serif; color: #000000; font-size: 12pt;\">Os pneus causam problemas quando descartados e misturados ao lixo comum, pois n\u00e3o podem ser colocados em aterros sanit\u00e1rios, uma vez que tendem a subir e sair \u00e0 superf\u00edcie. Os pneus, por n\u00e3o serem recolhidos pela coleta municipal, costumam ser dispostos inadequadamente pela popula\u00e7\u00e3o, assoreando rios e lagos e constituindo-se em focos de inc\u00eandios ou prolifera\u00e7\u00e3o de insetos transmissores de doen\u00e7as.\u00a0<\/span><\/p>\n<p style=\"text-align: justify;\"><span style=\"font-family: arial, helvetica, sans-serif; color: #000000; font-size: 12pt;\">H\u00e1 diversas possibilidades de reciclagem de pneus, como por exemplo, para transforma\u00e7\u00e3o em produto para pavimenta\u00e7\u00e3o de estradas ou para utiliza\u00e7\u00e3o como combust\u00edvel na gera\u00e7\u00e3o de energia. \u00c9 poss\u00edvel tamb\u00e9m sua reutiliza\u00e7\u00e3o na engenharia civil, para a constru\u00e7\u00e3o de quebra-mares, barreiras de conten\u00e7\u00e3o ou acostamento de estradas<\/span><\/p>\n<p style=\"text-align: justify;\"><span style=\"font-family: arial, helvetica, sans-serif; color: #000000; font-size: 12pt;\"><strong>Reciclagem de eletr\u00f4nicos<\/strong><\/span><\/p>\n<p style=\"text-align: justify;\"><span style=\"font-family: arial, helvetica, sans-serif; color: #000000; font-size: 12pt;\">A cada ano surgem aparelhos de celulares mais modernos, computadores mais eficientes, TVs maiores. O lixo eletr\u00f4nico \u00e9 um grande problema no mundo e principalmente nos pa\u00edses em desenvolvimento, o Brasil \u00e9 o maior produtor de lixo eletr\u00f4nico entre os pa\u00edses emergentes. Esta situa\u00e7\u00e3o \u00e9 muito grave, pois o lixo eletr\u00f4nico possui componentes t\u00f3xicos que podem contaminar o solo e a \u00e1gua, causando danos \u00e0 sa\u00fade das pessoas.<\/span><\/p>\n<p style=\"text-align: justify;\"><span style=\"font-family: arial, helvetica, sans-serif; color: #000000; font-size: 12pt;\">A reciclagem consiste em separar os materiais que comp\u00f5em um objeto e prepar\u00e1-los para serem usados novamente como mat\u00e9ria-prima dentro do processo industrial. Nem sempre a reciclagem se destina \u00e0 reinser\u00e7\u00e3o dentro do mesmo ciclo produtivo: um computador reciclado pode gerar materiais que v\u00e3o ser utilizados em outras ind\u00fastrias.<\/span><\/p>\n<p style=\"text-align: justify;\"><span style=\"font-family: arial, helvetica, sans-serif; color: #000000; font-size: 12pt;\"><em>Conclus\u00e3o<\/em><\/span><\/p>\n<p style=\"text-align: justify;\"><span style=\"font-family: arial, helvetica, sans-serif; color: #000000; font-size: 12pt;\">A melhor medida que podemos tomar para minimizar o <a href=\"http:\/\/www.planalto.gov.br\/ccivil_03\/_ato2007-2010\/2010\/lei\/l12305.htm\" target=\"_blank\" rel=\"noopener noreferrer\">problema dos res\u00edduos s\u00f3lidos<\/a> \u00e9 a reciclagem, pois \u00e9 uma medida que pode ser tomada em curto prazo, ou seja, hoje mesmo voc\u00ea pode separar o res\u00edduo e destin\u00e1-lo corretamente. O<\/span><\/p>\n<p style=\"text-align: justify;\"><span style=\"font-family: arial, helvetica, sans-serif; color: #000000; font-size: 12pt;\">utra medida que possa ser at\u00e9 melhor que a reciclagem, pois a mesma no seu processo utiliza-se de energia e \u00e1gua, mas de uma forma menor do que se estivesse fazendo o material pela primeira vez, \u00e9 diminuir o consumismo, mas talvez leve um prazo maior para acontecer, pois essa medida requer uma mudan\u00e7a maior de comportamento e acima de tudo uma mudan\u00e7a de \u00c9tica.<\/span><\/p>\n<p style=\"text-align: right;\"><span style=\"color: #000000; font-size: 12pt;\"><em>Autor:\u00a0Guilherme Furlan Coletti<\/em><\/span><\/p>\n","protected":false},"excerpt":{"rendered":"<p>Para compreendermos a reciclagem, \u00e9 importante saber sobre o conceito que temos de res\u00edduo, assim deixando de enxerg\u00e1-lo como uma coisa suja e in\u00fatil. Introdu\u00e7\u00e3o Vivemos em uma sociedade din\u00e2mica, que nunca p\u00e1ra, sempre consumindo cada vez mais produtos e tecnologias, tentando com isso alcan\u00e7ar o mais alto grau de satisfa\u00e7\u00e3o, satisfa\u00e7\u00e3o essa que nunca [&hellip;]<\/p>\n","protected":false},"author":1,"featured_media":0,"comment_status":"open","ping_status":"open","sticky":false,"template":"","format":"standard","meta":{"_jetpack_memberships_contains_paid_content":false,"footnotes":""},"categories":[498],"tags":[545,633,877,990,1011,1014,1015,1017,1018,1040,1041,1046],"class_list":{"0":"post-844","1":"post","2":"type-post","3":"status-publish","4":"format-standard","6":"category-residuos-solidos-textos","7":"tag-aterro-sanitario","8":"tag-consumismo","9":"tag-lixo","10":"tag-problemas-ambientais","11":"tag-reaproveitados","12":"tag-reciclados","13":"tag-reciclagem","14":"tag-reciclagem-do-papel","15":"tag-reciclagem-do-plastico","16":"tag-residuo-reciclavel","17":"tag-residuos","18":"tag-residuos-industriais"},"yoast_head":"<!-- This site is optimized with the Yoast SEO plugin v25.1 - https:\/\/yoast.com\/wordpress\/plugins\/seo\/ -->\n<title>Reciclagem e suas vantagens - CENED Cursos Ambientais<\/title>\n<meta name=\"description\" content=\"A melhor medida que podemos tomar para minimizar o problema dos res\u00edduos s\u00f3lidos \u00e9 a reciclagem, pois \u00e9 uma medida que pode ser tomada em curto prazo\" \/>\n<meta name=\"robots\" content=\"index, follow, max-snippet:-1, max-image-preview:large, max-video-preview:-1\" \/>\n<link rel=\"canonical\" href=\"https:\/\/cenedcursos.com.br\/meio-ambiente\/vantagens-da-reciclagem-residuos\/\" \/>\n<meta property=\"og:locale\" content=\"pt_BR\" \/>\n<meta property=\"og:type\" content=\"article\" \/>\n<meta property=\"og:title\" content=\"Reciclagem e suas vantagens - CENED Cursos Ambientais\" \/>\n<meta property=\"og:description\" content=\"A melhor medida que podemos tomar para minimizar o problema dos res\u00edduos s\u00f3lidos \u00e9 a reciclagem, pois \u00e9 uma medida que pode ser tomada em curto prazo\" \/>\n<meta property=\"og:url\" content=\"https:\/\/cenedcursos.com.br\/meio-ambiente\/vantagens-da-reciclagem-residuos\/\" \/>\n<meta property=\"og:site_name\" content=\"CENED Cursos Online\" \/>\n<meta property=\"article:published_time\" content=\"2011-07-12T12:36:46+00:00\" \/>\n<meta name=\"author\" content=\"Amarildo R. Ferrari\" \/>\n<meta name=\"twitter:card\" content=\"summary_large_image\" \/>\n<meta name=\"twitter:image\" content=\"https:\/\/www.cenedcursos.com.br\/meio-ambiente\/wp-content\/uploads\/2011\/07\/reciclagem2-300x282.jpg\" \/>\n<meta name=\"twitter:label1\" content=\"Escrito por\" \/>\n\t<meta name=\"twitter:data1\" content=\"Amarildo R. Ferrari\" \/>\n\t<meta name=\"twitter:label2\" content=\"Est. tempo de leitura\" \/>\n\t<meta name=\"twitter:data2\" content=\"9 minutos\" \/>\n<script type=\"application\/ld+json\" class=\"yoast-schema-graph\">{\"@context\":\"https:\/\/schema.org\",\"@graph\":[{\"@type\":\"WebPage\",\"@id\":\"https:\/\/cenedcursos.com.br\/meio-ambiente\/vantagens-da-reciclagem-residuos\/\",\"url\":\"https:\/\/cenedcursos.com.br\/meio-ambiente\/vantagens-da-reciclagem-residuos\/\",\"name\":\"Reciclagem e suas vantagens - CENED Cursos Ambientais\",\"isPartOf\":{\"@id\":\"https:\/\/cenedcursos.com.br\/meio-ambiente\/#website\"},\"primaryImageOfPage\":{\"@id\":\"https:\/\/cenedcursos.com.br\/meio-ambiente\/vantagens-da-reciclagem-residuos\/#primaryimage\"},\"image\":{\"@id\":\"https:\/\/cenedcursos.com.br\/meio-ambiente\/vantagens-da-reciclagem-residuos\/#primaryimage\"},\"thumbnailUrl\":\"https:\/\/www.cenedcursos.com.br\/meio-ambiente\/wp-content\/uploads\/2011\/07\/reciclagem2-300x282.jpg\",\"datePublished\":\"2011-07-12T12:36:46+00:00\",\"author\":{\"@id\":\"https:\/\/cenedcursos.com.br\/meio-ambiente\/#\/schema\/person\/64377d24cdc16779a1eb6229894af388\"},\"description\":\"A melhor medida que podemos tomar para minimizar o problema dos res\u00edduos s\u00f3lidos \u00e9 a reciclagem, pois \u00e9 uma medida que pode ser tomada em curto prazo\",\"breadcrumb\":{\"@id\":\"https:\/\/cenedcursos.com.br\/meio-ambiente\/vantagens-da-reciclagem-residuos\/#breadcrumb\"},\"inLanguage\":\"pt-BR\",\"potentialAction\":[{\"@type\":\"ReadAction\",\"target\":[\"https:\/\/cenedcursos.com.br\/meio-ambiente\/vantagens-da-reciclagem-residuos\/\"]}]},{\"@type\":\"ImageObject\",\"inLanguage\":\"pt-BR\",\"@id\":\"https:\/\/cenedcursos.com.br\/meio-ambiente\/vantagens-da-reciclagem-residuos\/#primaryimage\",\"url\":\"https:\/\/www.cenedcursos.com.br\/meio-ambiente\/wp-content\/uploads\/2011\/07\/reciclagem2-300x282.jpg\",\"contentUrl\":\"https:\/\/www.cenedcursos.com.br\/meio-ambiente\/wp-content\/uploads\/2011\/07\/reciclagem2-300x282.jpg\"},{\"@type\":\"BreadcrumbList\",\"@id\":\"https:\/\/cenedcursos.com.br\/meio-ambiente\/vantagens-da-reciclagem-residuos\/#breadcrumb\",\"itemListElement\":[{\"@type\":\"ListItem\",\"position\":1,\"name\":\"In\u00edcio\",\"item\":\"https:\/\/cenedcursos.com.br\/meio-ambiente\/\"},{\"@type\":\"ListItem\",\"position\":2,\"name\":\"Vantagens da Reciclagem\"}]},{\"@type\":\"WebSite\",\"@id\":\"https:\/\/cenedcursos.com.br\/meio-ambiente\/#website\",\"url\":\"https:\/\/cenedcursos.com.br\/meio-ambiente\/\",\"name\":\"CENED Cursos Online\",\"description\":\"Aqui voc\u00ea encontra artigos em diversas \u00e1reas do conhecimento: meio ambiente, educa\u00e7\u00e3o, marketing digital, neg\u00f3cios online e muito mais.\",\"potentialAction\":[{\"@type\":\"SearchAction\",\"target\":{\"@type\":\"EntryPoint\",\"urlTemplate\":\"https:\/\/cenedcursos.com.br\/meio-ambiente\/?s={search_term_string}\"},\"query-input\":{\"@type\":\"PropertyValueSpecification\",\"valueRequired\":true,\"valueName\":\"search_term_string\"}}],\"inLanguage\":\"pt-BR\"},{\"@type\":\"Person\",\"@id\":\"https:\/\/cenedcursos.com.br\/meio-ambiente\/#\/schema\/person\/64377d24cdc16779a1eb6229894af388\",\"name\":\"Amarildo R. Ferrari\",\"image\":{\"@type\":\"ImageObject\",\"inLanguage\":\"pt-BR\",\"@id\":\"https:\/\/cenedcursos.com.br\/meio-ambiente\/#\/schema\/person\/image\/\",\"url\":\"https:\/\/secure.gravatar.com\/avatar\/6ea4248ca9f295c93f1b72f8398232f0fbbffe30349e6ec3839cfa5e09b0de3c?s=96&d=mm&r=g\",\"contentUrl\":\"https:\/\/secure.gravatar.com\/avatar\/6ea4248ca9f295c93f1b72f8398232f0fbbffe30349e6ec3839cfa5e09b0de3c?s=96&d=mm&r=g\",\"caption\":\"Amarildo R. Ferrari\"},\"sameAs\":[\"https:\/\/cenedcursos.com.br\/meio-ambiente\"],\"url\":\"https:\/\/cenedcursos.com.br\/meio-ambiente\/author\/admin\/\"}]}<\/script>\n<!-- \/ Yoast SEO plugin. -->","yoast_head_json":{"title":"Reciclagem e suas vantagens - CENED Cursos Ambientais","description":"A melhor medida que podemos tomar para minimizar o problema dos res\u00edduos s\u00f3lidos \u00e9 a reciclagem, pois \u00e9 uma medida que pode ser tomada em curto prazo","robots":{"index":"index","follow":"follow","max-snippet":"max-snippet:-1","max-image-preview":"max-image-preview:large","max-video-preview":"max-video-preview:-1"},"canonical":"https:\/\/cenedcursos.com.br\/meio-ambiente\/vantagens-da-reciclagem-residuos\/","og_locale":"pt_BR","og_type":"article","og_title":"Reciclagem e suas vantagens - CENED Cursos Ambientais","og_description":"A melhor medida que podemos tomar para minimizar o problema dos res\u00edduos s\u00f3lidos \u00e9 a reciclagem, pois \u00e9 uma medida que pode ser tomada em curto prazo","og_url":"https:\/\/cenedcursos.com.br\/meio-ambiente\/vantagens-da-reciclagem-residuos\/","og_site_name":"CENED Cursos Online","article_published_time":"2011-07-12T12:36:46+00:00","author":"Amarildo R. Ferrari","twitter_card":"summary_large_image","twitter_image":"https:\/\/www.cenedcursos.com.br\/meio-ambiente\/wp-content\/uploads\/2011\/07\/reciclagem2-300x282.jpg","twitter_misc":{"Escrito por":"Amarildo R. Ferrari","Est. tempo de leitura":"9 minutos"},"schema":{"@context":"https:\/\/schema.org","@graph":[{"@type":"WebPage","@id":"https:\/\/cenedcursos.com.br\/meio-ambiente\/vantagens-da-reciclagem-residuos\/","url":"https:\/\/cenedcursos.com.br\/meio-ambiente\/vantagens-da-reciclagem-residuos\/","name":"Reciclagem e suas vantagens - CENED Cursos Ambientais","isPartOf":{"@id":"https:\/\/cenedcursos.com.br\/meio-ambiente\/#website"},"primaryImageOfPage":{"@id":"https:\/\/cenedcursos.com.br\/meio-ambiente\/vantagens-da-reciclagem-residuos\/#primaryimage"},"image":{"@id":"https:\/\/cenedcursos.com.br\/meio-ambiente\/vantagens-da-reciclagem-residuos\/#primaryimage"},"thumbnailUrl":"https:\/\/www.cenedcursos.com.br\/meio-ambiente\/wp-content\/uploads\/2011\/07\/reciclagem2-300x282.jpg","datePublished":"2011-07-12T12:36:46+00:00","author":{"@id":"https:\/\/cenedcursos.com.br\/meio-ambiente\/#\/schema\/person\/64377d24cdc16779a1eb6229894af388"},"description":"A melhor medida que podemos tomar para minimizar o problema dos res\u00edduos s\u00f3lidos \u00e9 a reciclagem, pois \u00e9 uma medida que pode ser tomada em curto prazo","breadcrumb":{"@id":"https:\/\/cenedcursos.com.br\/meio-ambiente\/vantagens-da-reciclagem-residuos\/#breadcrumb"},"inLanguage":"pt-BR","potentialAction":[{"@type":"ReadAction","target":["https:\/\/cenedcursos.com.br\/meio-ambiente\/vantagens-da-reciclagem-residuos\/"]}]},{"@type":"ImageObject","inLanguage":"pt-BR","@id":"https:\/\/cenedcursos.com.br\/meio-ambiente\/vantagens-da-reciclagem-residuos\/#primaryimage","url":"https:\/\/www.cenedcursos.com.br\/meio-ambiente\/wp-content\/uploads\/2011\/07\/reciclagem2-300x282.jpg","contentUrl":"https:\/\/www.cenedcursos.com.br\/meio-ambiente\/wp-content\/uploads\/2011\/07\/reciclagem2-300x282.jpg"},{"@type":"BreadcrumbList","@id":"https:\/\/cenedcursos.com.br\/meio-ambiente\/vantagens-da-reciclagem-residuos\/#breadcrumb","itemListElement":[{"@type":"ListItem","position":1,"name":"In\u00edcio","item":"https:\/\/cenedcursos.com.br\/meio-ambiente\/"},{"@type":"ListItem","position":2,"name":"Vantagens da Reciclagem"}]},{"@type":"WebSite","@id":"https:\/\/cenedcursos.com.br\/meio-ambiente\/#website","url":"https:\/\/cenedcursos.com.br\/meio-ambiente\/","name":"CENED Cursos Online","description":"Aqui voc\u00ea encontra artigos em diversas \u00e1reas do conhecimento: meio ambiente, educa\u00e7\u00e3o, marketing digital, neg\u00f3cios online e muito mais.","potentialAction":[{"@type":"SearchAction","target":{"@type":"EntryPoint","urlTemplate":"https:\/\/cenedcursos.com.br\/meio-ambiente\/?s={search_term_string}"},"query-input":{"@type":"PropertyValueSpecification","valueRequired":true,"valueName":"search_term_string"}}],"inLanguage":"pt-BR"},{"@type":"Person","@id":"https:\/\/cenedcursos.com.br\/meio-ambiente\/#\/schema\/person\/64377d24cdc16779a1eb6229894af388","name":"Amarildo R. Ferrari","image":{"@type":"ImageObject","inLanguage":"pt-BR","@id":"https:\/\/cenedcursos.com.br\/meio-ambiente\/#\/schema\/person\/image\/","url":"https:\/\/secure.gravatar.com\/avatar\/6ea4248ca9f295c93f1b72f8398232f0fbbffe30349e6ec3839cfa5e09b0de3c?s=96&d=mm&r=g","contentUrl":"https:\/\/secure.gravatar.com\/avatar\/6ea4248ca9f295c93f1b72f8398232f0fbbffe30349e6ec3839cfa5e09b0de3c?s=96&d=mm&r=g","caption":"Amarildo R. Ferrari"},"sameAs":["https:\/\/cenedcursos.com.br\/meio-ambiente"],"url":"https:\/\/cenedcursos.com.br\/meio-ambiente\/author\/admin\/"}]}},"jetpack_featured_media_url":"","jetpack_sharing_enabled":true,"_links":{"self":[{"href":"https:\/\/cenedcursos.com.br\/meio-ambiente\/wp-json\/wp\/v2\/posts\/844","targetHints":{"allow":["GET"]}}],"collection":[{"href":"https:\/\/cenedcursos.com.br\/meio-ambiente\/wp-json\/wp\/v2\/posts"}],"about":[{"href":"https:\/\/cenedcursos.com.br\/meio-ambiente\/wp-json\/wp\/v2\/types\/post"}],"author":[{"embeddable":true,"href":"https:\/\/cenedcursos.com.br\/meio-ambiente\/wp-json\/wp\/v2\/users\/1"}],"replies":[{"embeddable":true,"href":"https:\/\/cenedcursos.com.br\/meio-ambiente\/wp-json\/wp\/v2\/comments?post=844"}],"version-history":[{"count":0,"href":"https:\/\/cenedcursos.com.br\/meio-ambiente\/wp-json\/wp\/v2\/posts\/844\/revisions"}],"wp:attachment":[{"href":"https:\/\/cenedcursos.com.br\/meio-ambiente\/wp-json\/wp\/v2\/media?parent=844"}],"wp:term":[{"taxonomy":"category","embeddable":true,"href":"https:\/\/cenedcursos.com.br\/meio-ambiente\/wp-json\/wp\/v2\/categories?post=844"},{"taxonomy":"post_tag","embeddable":true,"href":"https:\/\/cenedcursos.com.br\/meio-ambiente\/wp-json\/wp\/v2\/tags?post=844"}],"curies":[{"name":"wp","href":"https:\/\/api.w.org\/{rel}","templated":true}]}}