{"id":846,"date":"2011-07-12T14:23:20","date_gmt":"2011-07-12T14:23:20","guid":{"rendered":"http:\/\/www.cenedcursos.com.br\/?p=846"},"modified":"2023-07-31T14:57:42","modified_gmt":"2023-07-31T17:57:42","slug":"coleta-seletiva-stj","status":"publish","type":"post","link":"https:\/\/cenedcursos.com.br\/meio-ambiente\/coleta-seletiva-stj\/","title":{"rendered":"A Coleta Seletiva no Superior Tribunal de Justi\u00e7a"},"content":{"rendered":"<p style=\"text-align: center;\"><span style=\"font-size: 12pt;\"><em><span style=\"font-family: arial, helvetica, sans-serif;\">&#8220;A coleta seletiva \u00e9 essencial para preservar o meio ambiente, separando res\u00edduos e promovendo a reciclagem.&#8221;<\/span><\/em><\/span><\/p>\n<p style=\"text-align: justify;\"><span style=\"font-size: 12pt; line-height: 115%; font-family: arial, helvetica, sans-serif;\">A ado\u00e7\u00e3o de crit\u00e9rios ambientais na administra\u00e7\u00e3o p\u00fablica almeja reduzir os impactos ambientais de suas a\u00e7\u00f5es, projetos e tamb\u00e9m contribuir para a mudan\u00e7a dos padr\u00f5es atuais de produ\u00e7\u00e3o e consumo da sociedade rumo a sustentabilidade.<br \/>\n<\/span><\/p>\n<figure id=\"attachment_845\" aria-describedby=\"caption-attachment-845\" style=\"width: 300px\" class=\"wp-caption alignright\"><img data-recalc-dims=\"1\" loading=\"lazy\" decoding=\"async\" data-attachment-id=\"845\" data-permalink=\"https:\/\/cenedcursos.com.br\/meio-ambiente\/coleta-seletiva\/\" data-orig-file=\"https:\/\/i0.wp.com\/cenedcursos.com.br\/meio-ambiente\/wp-content\/uploads\/2011\/07\/coleta-seletiva-1.jpg?fit=400%2C300&amp;ssl=1\" data-orig-size=\"400,300\" data-comments-opened=\"1\" data-image-meta=\"{&quot;aperture&quot;:&quot;0&quot;,&quot;credit&quot;:&quot;&quot;,&quot;camera&quot;:&quot;&quot;,&quot;caption&quot;:&quot;&quot;,&quot;created_timestamp&quot;:&quot;0&quot;,&quot;copyright&quot;:&quot;&quot;,&quot;focal_length&quot;:&quot;0&quot;,&quot;iso&quot;:&quot;0&quot;,&quot;shutter_speed&quot;:&quot;0&quot;,&quot;title&quot;:&quot;&quot;,&quot;orientation&quot;:&quot;0&quot;}\" data-image-title=\"coleta-seletiva\" data-image-description=\"\" data-image-caption=\"\" data-medium-file=\"https:\/\/i0.wp.com\/cenedcursos.com.br\/meio-ambiente\/wp-content\/uploads\/2011\/07\/coleta-seletiva-1.jpg?fit=300%2C225&amp;ssl=1\" data-large-file=\"https:\/\/i0.wp.com\/cenedcursos.com.br\/meio-ambiente\/wp-content\/uploads\/2011\/07\/coleta-seletiva-1.jpg?fit=400%2C300&amp;ssl=1\" class=\"wp-image-845 size-medium\" style=\"float: left;\" title=\"coleta seletiva lixo\" src=\"https:\/\/i0.wp.com\/www.cenedcursos.com.br\/meio-ambiente\/wp-content\/uploads\/2011\/07\/coleta-seletiva-300x225.jpg?resize=300%2C225&#038;ssl=1\" alt=\"coleta seletiva lixo\" width=\"300\" height=\"225\" \/><figcaption id=\"caption-attachment-845\" class=\"wp-caption-text\"><\/span><\/p>\n<h2><span style=\"font-family: arial, helvetica, sans-serif; font-size: 12pt;\">Coleta Seletiva<\/span><\/h2>\n<p><\/figcaption><\/figure>\n<p style=\"text-align: justify;\"><span style=\"font-size: 10pt; line-height: 115%; font-family: arial, helvetica, sans-serif;\"><span style=\"font-size: 12pt;\">A sustentabilidade na Administra\u00e7\u00e3o P\u00fablica busca a constru\u00e7\u00e3o de uma nova cultura institucional, adotando princ\u00edpios e crit\u00e9rios de gest\u00e3o socioambiental, servindo de exemplo no exerc\u00edcio de boas pr\u00e1ticas para toda a sociedade. Isto implica na gera\u00e7\u00e3o de economia de recursos naturais e institucionais, e por consequ\u00eancia, uma redu\u00e7\u00e3o dos gastos.<\/span><br \/>\n<\/span><\/p>\n<p style=\"text-align: justify;\"><span style=\"font-size: 10pt; line-height: 115%; font-family: arial, helvetica, sans-serif;\"><span style=\"font-size: 12pt;\">Nesse sentido, o Superior Tribunal de Justi\u00e7a como \u00f3rg\u00e3o p\u00fablico do Poder Judici\u00e1rio, vem ao encontro do pensamento atual, instituindo um programa de responsabilidade socioambiental que tem como objetivo sensibilizar seus servidores, prestadores de servi\u00e7os e visitantes quanto \u00e0 Responsabilidade Socioambiental, implementando a\u00e7\u00f5es que promovam o exerc\u00edcio dos direitos sociais, a gest\u00e3o adequada dos res\u00edduos gerados, incentivo ao combate de todas as formas de desperd\u00edcio dos recursos naturais e \u00e0 inclus\u00e3o de crit\u00e9rios socioambientais nos investimentos, compras e contrata\u00e7\u00f5es de servi\u00e7os da Institui\u00e7\u00e3o.<\/span><br \/>\n<\/span><\/p>\n<p style=\"text-align: justify;\"><span style=\"font-size: 12pt; line-height: 115%; font-family: arial, helvetica, sans-serif;\">Encontra respaldo para sua implementa\u00e7\u00e3o na Constitui\u00e7\u00e3o Brasileira em seu artigo 225:<br \/>\n<em>\u201cArt. 225 Todos t\u00eam direito ao meio ambiente ecologicamente equilibrado, bem de uso comum do povo e essencial \u00e0 sadia qualidade de vida, impondo-se ao poder p\u00fablico e \u00e0 coletividade o dever de defend\u00ea-lo e preserv\u00e1-lo para as presentes e futuras gera\u00e7\u00f5es\u201d.<\/em><br \/>\n<\/span><\/p>\n<p style=\"text-align: justify;\"><span style=\"font-size: 12pt; line-height: 115%; font-family: arial, helvetica, sans-serif;\">Adveio tamb\u00e9m, o Decreto n\u00ba 5.940, de 25 de outubro de 2006, que instituiu a separa\u00e7\u00e3o dos res\u00edduos recicl\u00e1veis descartados pelos \u00f3rg\u00e3os e entidades da administra\u00e7\u00e3o p\u00fablica direta e indireta.<\/span><\/p>\n<p style=\"text-align: justify;\"><span style=\"font-size: 12pt; line-height: 115%; font-family: arial, helvetica, sans-serif;\">Corrobora, ainda, a Recomenda\u00e7\u00e3o n\u00ba 11 do Conselho Nacional de Justi\u00e7a, de 22 de maio de 2007, para que os tribunais adotem pol\u00edticas p\u00fablicas visando \u00e0 forma\u00e7\u00e3o e recupera\u00e7\u00e3o de um ambiente ecologicamente equilibrado, al\u00e9m da conscientiza\u00e7\u00e3o dos pr\u00f3prios servidores e jurisdicionados sobre a necessidade de efetiva prote\u00e7\u00e3o ao meio ambiente, bem como instituam comiss\u00f5es ambientais para o planejamento, elabora\u00e7\u00e3o e acompanhamento de medidas, com fixa\u00e7\u00e3o de metas anuais, visando \u00e0 correta preserva\u00e7\u00e3o e recupera\u00e7\u00e3o do meio ambiente.<\/span><\/p>\n<p style=\"text-align: justify;\"><span style=\"font-family: arial, helvetica, sans-serif; font-size: 12pt;\"><i><span style=\"line-height: 115%;\">Objetivo<\/span><\/i><\/span><\/p>\n<p style=\"text-align: justify;\"><span style=\"font-size: 12pt; line-height: 115%; font-family: arial, helvetica, sans-serif;\">Instituir o sistema de descarte e coleta seletiva dos res\u00edduos gerados nas instala\u00e7\u00f5es do Superior Tribunal de Justi\u00e7a.<br \/>\n<\/span><\/p>\n<p style=\"text-align: justify;\"><span style=\"font-size: 12pt; line-height: 115%; font-family: arial, helvetica, sans-serif;\"><strong>Breves considera\u00e7\u00f5es sobre a import\u00e2ncia da coleta seletiva<\/strong><br \/>\n<\/span><\/p>\n<p style=\"text-align: justify;\"><span style=\"font-size: 12pt; line-height: 115%; font-family: arial, helvetica, sans-serif;\">A reciclagem de lixo tem um papel muito importante para o meio ambiente. Por meio dela, recuperam-se mat\u00e9rias-primas que de outro modo seriam tiradas da natureza. A amea\u00e7a de exaust\u00e3o dos recursos naturais n\u00e3o-renov\u00e1veis aumenta a necessidade de reaproveitamento dos materiais recicl\u00e1veis, que s\u00e3o separados na <strong>coleta seletiva de lixo<\/strong>.<br \/>\n<\/span><\/p>\n<p style=\"text-align: justify;\"><span style=\"font-size: 10pt; line-height: 115%; font-family: arial, helvetica, sans-serif;\"><span style=\"font-size: 12pt;\">A <strong>coleta seletiva<\/strong> de lixo \u00e9 de extrema import\u00e2ncia para a sociedade. Al\u00e9m de gerar renda para milh\u00f5es de pessoas e economia para as empresa, tamb\u00e9m significa uma grande vantagem para o meio ambiente uma vez que diminui a polui\u00e7\u00e3o dos solos e rios. Este tipo de coleta contribui para o desenvolvimento sustent\u00e1vel do planeta.<\/span><br \/>\n<\/span><\/p>\n<p style=\"text-align: justify;\"><span style=\"font-size: 12pt; line-height: 115%; font-family: arial, helvetica, sans-serif;\">Para se ter ideia, 75 latas de a\u00e7o, recicladas, preserva-se uma \u00e1rvore que seria usada como carv\u00e3o; cada tonelada de papel reciclado, evita-se a derrubada de 16 a 30 \u00e1rvores adulta, em m\u00e9dia; cada 100 toneladas de pl\u00e1stico reciclado, evita-se a extra\u00e7\u00e3o de 1 tonelada de petr\u00f3leo e a economia em torno de 90% de energia; e 10% de vidro reciclado, economiza-se 4% de energia e reduz 10% no consumo de \u00e1gua.<br \/>\n<\/span><\/p>\n<p style=\"text-align: justify;\"><span style=\"font-size: 10pt; line-height: 115%; font-family: arial, helvetica, sans-serif;\"><span style=\"font-size: 12pt;\">Ao colocar um res\u00edduo n\u00e3o recicl\u00e1vel junto com outros que poder\u00e3o ser aproveitados, pode-se perder todo o material. Por isto, a aten\u00e7\u00e3o na hora de depositar o lixo \u00e9 fundamental para o \u00eaxito da coleta seletiva.<\/span><br \/>\n<\/span><\/p>\n<p style=\"text-align: justify;\"><span style=\"font-size: 12pt; line-height: 115%; font-family: arial, helvetica, sans-serif;\">A <strong>coleta seletiva<\/strong> contribui para a melhoria do meio ambiente, na medida em que diminui a explora\u00e7\u00e3o de recursos naturais; reduz o consumo de energia; diminui a polui\u00e7\u00e3o do solo, da \u00e1gua e do ar; prolonga a vida \u00fatil dos aterros sanit\u00e1rios; possibilita a reciclagem de materiais que iriam para o lixo; diminui os custos da produ\u00e7\u00e3o, com o aproveitamento de recicl\u00e1veis pelas ind\u00fastrias; diminui o desperd\u00edcio; diminui os gastos com a limpeza urbana; cria oportunidade de fortalecer organiza\u00e7\u00f5es comunit\u00e1rias; e gera emprego e renda pela comercializa\u00e7\u00e3o dos recicl\u00e1veis.<br \/>\n<\/span><\/p>\n<p style=\"text-align: justify;\"><span style=\"font-size: 10pt; line-height: 115%; font-family: arial, helvetica, sans-serif;\"><span style=\"font-size: 12pt;\">Mas, sem a efetiva participa\u00e7\u00e3o das pessoas n\u00e3o \u00e9 poss\u00edvel fazer a coleta seletiva e muito menos reciclar os res\u00edduos. S\u00e3o pequenas a\u00e7\u00f5es de descarte apropriado do lixo que fazem a diferen\u00e7a no resultado deste processo.<\/span><br \/>\n<\/span><\/p>\n<p style=\"text-align: justify;\"><span style=\"font-size: 12pt; line-height: 115%; font-family: arial, helvetica, sans-serif;\"><strong>Hist\u00f3rico do STJ<\/strong><br \/>\n<\/span><\/p>\n<p style=\"text-align: justify;\"><span style=\"font-size: 12pt; line-height: 115%; font-family: arial, helvetica, sans-serif;\">At\u00e9 2008, o sistema geral de coleta, sele\u00e7\u00e3o e armazenamento do lixo do STJ apresentava in\u00fameras falhas em decorr\u00eancia da falta de coletores adequados e insuficientes para o material de descarte e, em decorr\u00eancia disso, n\u00e3o havia engajamento dos servidores, estagi\u00e1rios e terceirizados para a sele\u00e7\u00e3o do lixo.<br \/>\n<\/span><\/p>\n<p style=\"text-align: justify;\"><span style=\"font-size: 10pt; line-height: 115%; font-family: arial, helvetica, sans-serif;\"><span style=\"font-size: 12pt;\">O lixo, fosse ele de qualquer tipo, era descartado de maneira aleat\u00f3ria e inadequada. Os res\u00edduos de papel eram inadvertidamente vendidos pelos funcion\u00e1rios terceirizados da limpeza que rateavam o lucro.<\/span><br \/>\n<\/span><\/p>\n<p style=\"text-align: justify;\"><span style=\"font-size: 12pt; line-height: 115%; font-family: arial, helvetica, sans-serif;\">Pap\u00e9is, garrafinhas e copos pl\u00e1sticos e latinhas de alum\u00ednio que podem ser reciclados eram descartados junto com lixo org\u00e2nico ou res\u00edduos gerais n\u00e3o recicl\u00e1veis nas<a href=\"https:\/\/ivendita.com.br\/produtos\/lixeira-dobravel-4-litros-retratil-armario-pia-banheiro-branca\/\" target=\"_blank\" rel=\"noopener\"> lixeiras<\/a> comuns. A separa\u00e7\u00e3o e armazenamento do lixo careciam de cont\u00eaineres e lixeiras coloridos, em conformidade com a Resolu\u00e7\u00e3o CONAMA n\u00ba 275, 25 de abril de 2001, que regulamenta padr\u00f5es de cores das lixeiras para cada material recicl\u00e1vel.<br \/>\n<\/span><\/p>\n<p style=\"text-align: justify;\"><span style=\"font-size: 12pt; line-height: 115%; font-family: arial, helvetica, sans-serif;\">Eram usadas lixeiras pretas pequenas em todas as salas, copas e \u00e1reas comuns, e containeres verdes nas \u00e1reas externas, nos quais eram depositados os sacos pl\u00e1sticos pretos repletos de res\u00edduos misturados.<br \/>\nPara todo o tribunal, no qual circulam aproximadamente 5.000 servidores, funcion\u00e1rios terceirizados, estagi\u00e1rios, advogados e visitantes, haviam apenas 4 jogos de lixeiras nas cores amarelo, vermelho, azul e verde.<\/span><\/p>\n<p style=\"text-align: justify;\"><span style=\"font-family: arial, helvetica, sans-serif; font-size: 12pt;\"><i><span style=\"line-height: 115%;\">Metodologia<\/span><\/i><\/span><\/p>\n<p style=\"text-align: justify;\"><span style=\"font-size: 12pt; line-height: 115%; font-family: arial, helvetica, sans-serif;\">A partir de novembro de 2008, com o objetivo de mudar o quadro exposto, o Programa de Responsabilidade Socioambiental do STJ \u2013 PRSA deu in\u00edcio aos procedimentos administrativos para regulariza\u00e7\u00e3o e implanta\u00e7\u00e3o do descarte e coleta seletiva nas depend\u00eancias do tribunal.<br \/>\n<\/span><\/p>\n<p style=\"text-align: justify;\"><span style=\"font-size: 12pt; line-height: 115%; font-family: arial, helvetica, sans-serif;\">Foram tomadas as seguintes provid\u00eancias:<br \/>\n<\/span><\/p>\n<p style=\"text-align: justify;\"><span style=\"font-size: 10pt; line-height: 115%; font-family: arial, helvetica, sans-serif;\"><span style=\"font-size: 12pt;\">a) levantamento dos tipos de lixo gerados;<\/span><br \/>\n<span style=\"font-size: 12pt;\">b) levantamento de quantidades descartadas (o lixo passou a ser pesado);<\/span><br \/>\n<span style=\"font-size: 12pt;\">c) aquisi\u00e7\u00e3o de lixeiras e containeres adequados, nas cores internacionais, em conformidade com a citada Resolu\u00e7\u00e3o do Conama, para disposi\u00e7\u00e3o nos corredores e subsolo, de acordo com a quantidade de res\u00edduos gerados;<\/span><br \/>\n<span style=\"font-size: 12pt;\">d) aquisi\u00e7\u00e3o de sacos de lixo coloridos para auxiliar no recolhimento e identifica\u00e7\u00e3o dos res\u00edduos;<\/span><br \/>\n<span style=\"font-size: 12pt;\">e) aquisi\u00e7\u00e3o de caixinhas individuais para coleta de papel, com o objetivo de facilitar o descarte pelos servidores, evitando que o res\u00edduo fosse misturado nas lixeiras pequenas pretas (agora somente usada para o descarte de n\u00e3o recicl\u00e1veis ou org\u00e2nicos)<\/span><br \/>\n<span style=\"font-size: 12pt;\">f) aquisi\u00e7\u00e3o de lixeiras de papel\u00e3o em tamanho maior para disposi\u00e7\u00e3o nas unidades que descartam grande quantidade de papel e tamb\u00e9m para serem utilizadas ao lado das copiadoras;<\/span><br \/>\n<span style=\"font-size: 12pt;\">g) assinatura de termo de parceria com cooperativas de catadores de recicl\u00e1veis, em conformidade com o Decreto n\u00ba 5.940, de 25 de outubro de 2006 (ap\u00f3s procedimento de habilita\u00e7\u00e3o nos termos legais).<\/span><br \/>\n<\/span><\/p>\n<p style=\"text-align: justify;\"><span style=\"font-size: 10pt; line-height: 115%; font-family: arial, helvetica, sans-serif;\"><span style=\"font-size: 12pt;\">Feito isto, o PRSA iniciou a conscientiza\u00e7\u00e3o e sensibiliza\u00e7\u00e3o dos servidores e p\u00fablico do tribunal em geral, no sentido de despert\u00e1-los para a import\u00e2ncia do descarte de forma seletiva.<\/span><br \/>\n<\/span><\/p>\n<p style=\"text-align: justify;\"><span style=\"font-size: 12pt; line-height: 115%; font-family: arial, helvetica, sans-serif;\">Os funcion\u00e1rios terceirizados foram treinados em palestras e demonstra\u00e7\u00f5es, ocasi\u00f5es nas quais tamb\u00e9m foram exibidos filmes e document\u00e1rios. Tamb\u00e9m foram organizadas visitas ao lix\u00e3o da cidade para que todos entendessem o que acontece com o lixo que \u00e9 descartado e coletado de forma incorreta. Em seguida, as cooperativas tamb\u00e9m foram contempladas com as visitas, ficando claro assim, no que \u00e9 poss\u00edvel transformar o lixo: renda.<br \/>\n<\/span><\/p>\n<p style=\"text-align: justify;\"><span style=\"font-size: 12pt; line-height: 115%; font-family: arial, helvetica, sans-serif;\">Em conjunto com a \u00e1rea de programa\u00e7\u00e3o visual, foram criadas logomarca e nome para a campanha, com desenvolvimento de s\u00edtio na intranet e internet. Mensalmente s\u00e3o encaminhados correios eletr\u00f4nicos com dicas sobre o meio ambiente e a import\u00e2ncia da coleta seletiva<br \/>\n<\/span><\/p>\n<p style=\"text-align: justify;\"><span style=\"font-size: 12pt; line-height: 115%; font-family: arial, helvetica, sans-serif;\">Foi firmada uma parceria com a companhia de \u00e1gua e da cidade para o descarte correto do \u00f3leo, incentivando a participa\u00e7\u00e3o em trabalhos comunit\u00e1rios sociais.<br \/>\n<\/span><\/p>\n<p style=\"text-align: justify;\"><span style=\"font-size: 12pt; line-height: 115%; font-family: arial, helvetica, sans-serif;\">Para as pilhas e baterias h\u00e1 lixeiras espec\u00edficas e o PRSA conta com o aux\u00edlio de um shopping da cidade que realiza o descarte ecologicamente correto das mesmas. Tamb\u00e9m h\u00e1 um contrato para a descontamina\u00e7\u00e3o de merc\u00fario das l\u00e2mpadas fluorescentes.<br \/>\n<\/span><\/p>\n<p style=\"text-align: justify;\"><span style=\"font-size: 12pt; line-height: 115%; font-family: arial, helvetica, sans-serif;\">Atualmente, o PRSA atua em campanhas paralelas que refor\u00e7am o objetivo inicial, ou seja, o consumo consciente e o combate ao desperd\u00edcio.<\/span><\/p>\n<p style=\"text-align: justify;\"><span style=\"font-family: arial, helvetica, sans-serif; font-size: 12pt;\"><i><span style=\"line-height: 115%;\">Conclus\u00e3o<\/span><\/i><\/span><\/p>\n<p style=\"text-align: justify;\"><span style=\"font-family: arial, helvetica, sans-serif; font-size: 12pt;\">Com o advento da Lei 12.305, de 2 de agosto de 2010 e do Decreto n\u00ba 7.404, de 9 de mar\u00e7o de 2011, que instituiu e regulamentou a Pol\u00edtica Nacional de <a href=\"https:\/\/cenedcursos.com.br\/meio-ambiente\/curso-de-gestao-de-residuos-solidos\/\" target=\"_blank\" rel=\"noopener\">Res\u00edduos S\u00f3lidos<\/a>, respectivamente, o STJ tem atuado com amplo respaldo legal quanto aos procedimentos de descarte e coleta seletiva.<\/span><\/p>\n<p style=\"text-align: justify;\"><span style=\"font-size: 12pt; line-height: 115%; font-family: arial, helvetica, sans-serif;\">Desde 2010, vem procurando inserir crit\u00e9rios de sustentabilidade na aquisi\u00e7\u00e3o de bens, servi\u00e7os e obras de engenharia, implementando assim as licita\u00e7\u00f5es sustent\u00e1veis. <\/span><\/p>\n<p style=\"text-align: justify;\"><span style=\"font-size: 12pt; line-height: 115%; font-family: arial, helvetica, sans-serif;\">O resultado de todas essas a\u00e7\u00f5es reflete-se nos planejamentos de recursos da unidades, na redu\u00e7\u00e3o de consumo de material (comparando os cinco primeiros meses de 2010 e 2011, a redu\u00e7\u00e3o de consumo de papel \u00e9 de 4.413 resmas) e no combate ao desperd\u00edcio.<\/span><\/p>\n<p style=\"text-align: justify;\"><span style=\"font-size: 12pt; line-height: 115%; font-family: arial, helvetica, sans-serif;\">O STJ espera, com tudo isso, despertar uma efetiva consci\u00eancia ambiental no seu quadro de servidores e servir de exemplo, como \u00f3rg\u00e3o do judici\u00e1rio, de que \u00e9 poss\u00edvel manter um alto n\u00edvel de produ\u00e7\u00e3o e atendimento, contribuindo para o uso racional do recursos p\u00fablicos, na gest\u00e3o adequada dos res\u00edduos, da licita\u00e7\u00e3o sustent\u00e1vel e da promo\u00e7\u00e3o da qualidade de vida no ambiente de trabalho.<\/span><\/p>\n<p style=\"text-align: right;\" align=\"right\"><span style=\"font-family: arial, helvetica, sans-serif;\"><i><span style=\"font-size: 10pt; line-height: 115%;\">Autora: Ketlin Feitosa de Albuquerque Lima Ramos<\/span><\/i><\/span><\/p>\n","protected":false},"excerpt":{"rendered":"<p>&#8220;A coleta seletiva \u00e9 essencial para preservar o meio ambiente, separando res\u00edduos e promovendo a reciclagem.&#8221; A ado\u00e7\u00e3o de crit\u00e9rios ambientais na administra\u00e7\u00e3o p\u00fablica almeja reduzir os impactos ambientais de suas a\u00e7\u00f5es, projetos e tamb\u00e9m contribuir para a mudan\u00e7a dos padr\u00f5es atuais de produ\u00e7\u00e3o e consumo da sociedade rumo a sustentabilidade. A sustentabilidade na Administra\u00e7\u00e3o [&hellip;]<\/p>\n","protected":false},"author":1,"featured_media":12859,"comment_status":"open","ping_status":"open","sticky":false,"template":"","format":"standard","meta":{"_jetpack_memberships_contains_paid_content":false,"footnotes":""},"categories":[498],"tags":[282,677,876,877,52,1020,1041],"class_list":{"0":"post-846","1":"post","2":"type-post","3":"status-publish","4":"format-standard","5":"has-post-thumbnail","7":"category-residuos-solidos-textos","8":"tag-coleta-seletiva","9":"tag-descarte","10":"tag-lixeira","11":"tag-lixo","12":"tag-meio-ambiente","13":"tag-reciclaveis","14":"tag-residuos"},"yoast_head":"<!-- This site is optimized with the Yoast SEO plugin v25.1 - https:\/\/yoast.com\/wordpress\/plugins\/seo\/ -->\n<title>Coleta Seletiva no Superior Tribunal de Justi\u00e7a<\/title>\n<meta name=\"description\" content=\"A coleta seletiva de lixo \u00e9 de extrema import\u00e2ncia para a sociedade. Al\u00e9m de gerar renda para milh\u00f5es de pessoas e economia para as empresa\" \/>\n<meta name=\"robots\" content=\"index, follow, max-snippet:-1, max-image-preview:large, max-video-preview:-1\" \/>\n<link rel=\"canonical\" href=\"https:\/\/cenedcursos.com.br\/meio-ambiente\/coleta-seletiva-stj\/\" \/>\n<meta property=\"og:locale\" content=\"pt_BR\" \/>\n<meta property=\"og:type\" content=\"article\" \/>\n<meta property=\"og:title\" content=\"Coleta Seletiva no Superior Tribunal de Justi\u00e7a\" \/>\n<meta property=\"og:description\" content=\"A coleta seletiva de lixo \u00e9 de extrema import\u00e2ncia para a sociedade. Al\u00e9m de gerar renda para milh\u00f5es de pessoas e economia para as empresa\" \/>\n<meta property=\"og:url\" content=\"https:\/\/cenedcursos.com.br\/meio-ambiente\/coleta-seletiva-stj\/\" \/>\n<meta property=\"og:site_name\" content=\"CENED Cursos Online\" \/>\n<meta property=\"article:published_time\" content=\"2011-07-12T14:23:20+00:00\" \/>\n<meta property=\"article:modified_time\" content=\"2023-07-31T17:57:42+00:00\" \/>\n<meta property=\"og:image\" content=\"https:\/\/cenedcursos.com.br\/meio-ambiente\/wp-content\/uploads\/2011\/07\/coleta-seletiva-1.jpeg\" \/>\n\t<meta property=\"og:image:width\" content=\"800\" \/>\n\t<meta property=\"og:image:height\" content=\"533\" \/>\n\t<meta property=\"og:image:type\" content=\"image\/jpeg\" \/>\n<meta name=\"author\" content=\"Amarildo R. Ferrari\" \/>\n<meta name=\"twitter:card\" content=\"summary_large_image\" \/>\n<meta name=\"twitter:label1\" content=\"Escrito por\" \/>\n\t<meta name=\"twitter:data1\" content=\"Amarildo R. Ferrari\" \/>\n\t<meta name=\"twitter:label2\" content=\"Est. tempo de leitura\" \/>\n\t<meta name=\"twitter:data2\" content=\"9 minutos\" \/>\n<script type=\"application\/ld+json\" class=\"yoast-schema-graph\">{\"@context\":\"https:\/\/schema.org\",\"@graph\":[{\"@type\":\"WebPage\",\"@id\":\"https:\/\/cenedcursos.com.br\/meio-ambiente\/coleta-seletiva-stj\/\",\"url\":\"https:\/\/cenedcursos.com.br\/meio-ambiente\/coleta-seletiva-stj\/\",\"name\":\"Coleta Seletiva no Superior Tribunal de Justi\u00e7a\",\"isPartOf\":{\"@id\":\"https:\/\/cenedcursos.com.br\/meio-ambiente\/#website\"},\"primaryImageOfPage\":{\"@id\":\"https:\/\/cenedcursos.com.br\/meio-ambiente\/coleta-seletiva-stj\/#primaryimage\"},\"image\":{\"@id\":\"https:\/\/cenedcursos.com.br\/meio-ambiente\/coleta-seletiva-stj\/#primaryimage\"},\"thumbnailUrl\":\"https:\/\/i0.wp.com\/cenedcursos.com.br\/meio-ambiente\/wp-content\/uploads\/2011\/07\/coleta-seletiva-1.jpeg?fit=800%2C533&ssl=1\",\"datePublished\":\"2011-07-12T14:23:20+00:00\",\"dateModified\":\"2023-07-31T17:57:42+00:00\",\"author\":{\"@id\":\"https:\/\/cenedcursos.com.br\/meio-ambiente\/#\/schema\/person\/64377d24cdc16779a1eb6229894af388\"},\"description\":\"A coleta seletiva de lixo \u00e9 de extrema import\u00e2ncia para a sociedade. Al\u00e9m de gerar renda para milh\u00f5es de pessoas e economia para as empresa\",\"breadcrumb\":{\"@id\":\"https:\/\/cenedcursos.com.br\/meio-ambiente\/coleta-seletiva-stj\/#breadcrumb\"},\"inLanguage\":\"pt-BR\",\"potentialAction\":[{\"@type\":\"ReadAction\",\"target\":[\"https:\/\/cenedcursos.com.br\/meio-ambiente\/coleta-seletiva-stj\/\"]}]},{\"@type\":\"ImageObject\",\"inLanguage\":\"pt-BR\",\"@id\":\"https:\/\/cenedcursos.com.br\/meio-ambiente\/coleta-seletiva-stj\/#primaryimage\",\"url\":\"https:\/\/i0.wp.com\/cenedcursos.com.br\/meio-ambiente\/wp-content\/uploads\/2011\/07\/coleta-seletiva-1.jpeg?fit=800%2C533&ssl=1\",\"contentUrl\":\"https:\/\/i0.wp.com\/cenedcursos.com.br\/meio-ambiente\/wp-content\/uploads\/2011\/07\/coleta-seletiva-1.jpeg?fit=800%2C533&ssl=1\",\"width\":800,\"height\":533,\"caption\":\"coleta seletiva\"},{\"@type\":\"BreadcrumbList\",\"@id\":\"https:\/\/cenedcursos.com.br\/meio-ambiente\/coleta-seletiva-stj\/#breadcrumb\",\"itemListElement\":[{\"@type\":\"ListItem\",\"position\":1,\"name\":\"In\u00edcio\",\"item\":\"https:\/\/cenedcursos.com.br\/meio-ambiente\/\"},{\"@type\":\"ListItem\",\"position\":2,\"name\":\"A Coleta Seletiva no Superior Tribunal de Justi\u00e7a\"}]},{\"@type\":\"WebSite\",\"@id\":\"https:\/\/cenedcursos.com.br\/meio-ambiente\/#website\",\"url\":\"https:\/\/cenedcursos.com.br\/meio-ambiente\/\",\"name\":\"CENED Cursos Online\",\"description\":\"Aqui voc\u00ea encontra artigos em diversas \u00e1reas do conhecimento: meio ambiente, educa\u00e7\u00e3o, marketing digital, neg\u00f3cios online e muito mais.\",\"potentialAction\":[{\"@type\":\"SearchAction\",\"target\":{\"@type\":\"EntryPoint\",\"urlTemplate\":\"https:\/\/cenedcursos.com.br\/meio-ambiente\/?s={search_term_string}\"},\"query-input\":{\"@type\":\"PropertyValueSpecification\",\"valueRequired\":true,\"valueName\":\"search_term_string\"}}],\"inLanguage\":\"pt-BR\"},{\"@type\":\"Person\",\"@id\":\"https:\/\/cenedcursos.com.br\/meio-ambiente\/#\/schema\/person\/64377d24cdc16779a1eb6229894af388\",\"name\":\"Amarildo R. Ferrari\",\"image\":{\"@type\":\"ImageObject\",\"inLanguage\":\"pt-BR\",\"@id\":\"https:\/\/cenedcursos.com.br\/meio-ambiente\/#\/schema\/person\/image\/\",\"url\":\"https:\/\/secure.gravatar.com\/avatar\/6ea4248ca9f295c93f1b72f8398232f0fbbffe30349e6ec3839cfa5e09b0de3c?s=96&d=mm&r=g\",\"contentUrl\":\"https:\/\/secure.gravatar.com\/avatar\/6ea4248ca9f295c93f1b72f8398232f0fbbffe30349e6ec3839cfa5e09b0de3c?s=96&d=mm&r=g\",\"caption\":\"Amarildo R. Ferrari\"},\"sameAs\":[\"https:\/\/cenedcursos.com.br\/meio-ambiente\"],\"url\":\"https:\/\/cenedcursos.com.br\/meio-ambiente\/author\/admin\/\"}]}<\/script>\n<!-- \/ Yoast SEO plugin. -->","yoast_head_json":{"title":"Coleta Seletiva no Superior Tribunal de Justi\u00e7a","description":"A coleta seletiva de lixo \u00e9 de extrema import\u00e2ncia para a sociedade. Al\u00e9m de gerar renda para milh\u00f5es de pessoas e economia para as empresa","robots":{"index":"index","follow":"follow","max-snippet":"max-snippet:-1","max-image-preview":"max-image-preview:large","max-video-preview":"max-video-preview:-1"},"canonical":"https:\/\/cenedcursos.com.br\/meio-ambiente\/coleta-seletiva-stj\/","og_locale":"pt_BR","og_type":"article","og_title":"Coleta Seletiva no Superior Tribunal de Justi\u00e7a","og_description":"A coleta seletiva de lixo \u00e9 de extrema import\u00e2ncia para a sociedade. Al\u00e9m de gerar renda para milh\u00f5es de pessoas e economia para as empresa","og_url":"https:\/\/cenedcursos.com.br\/meio-ambiente\/coleta-seletiva-stj\/","og_site_name":"CENED Cursos Online","article_published_time":"2011-07-12T14:23:20+00:00","article_modified_time":"2023-07-31T17:57:42+00:00","og_image":[{"width":800,"height":533,"url":"https:\/\/cenedcursos.com.br\/meio-ambiente\/wp-content\/uploads\/2011\/07\/coleta-seletiva-1.jpeg","type":"image\/jpeg"}],"author":"Amarildo R. Ferrari","twitter_card":"summary_large_image","twitter_misc":{"Escrito por":"Amarildo R. Ferrari","Est. tempo de leitura":"9 minutos"},"schema":{"@context":"https:\/\/schema.org","@graph":[{"@type":"WebPage","@id":"https:\/\/cenedcursos.com.br\/meio-ambiente\/coleta-seletiva-stj\/","url":"https:\/\/cenedcursos.com.br\/meio-ambiente\/coleta-seletiva-stj\/","name":"Coleta Seletiva no Superior Tribunal de Justi\u00e7a","isPartOf":{"@id":"https:\/\/cenedcursos.com.br\/meio-ambiente\/#website"},"primaryImageOfPage":{"@id":"https:\/\/cenedcursos.com.br\/meio-ambiente\/coleta-seletiva-stj\/#primaryimage"},"image":{"@id":"https:\/\/cenedcursos.com.br\/meio-ambiente\/coleta-seletiva-stj\/#primaryimage"},"thumbnailUrl":"https:\/\/i0.wp.com\/cenedcursos.com.br\/meio-ambiente\/wp-content\/uploads\/2011\/07\/coleta-seletiva-1.jpeg?fit=800%2C533&ssl=1","datePublished":"2011-07-12T14:23:20+00:00","dateModified":"2023-07-31T17:57:42+00:00","author":{"@id":"https:\/\/cenedcursos.com.br\/meio-ambiente\/#\/schema\/person\/64377d24cdc16779a1eb6229894af388"},"description":"A coleta seletiva de lixo \u00e9 de extrema import\u00e2ncia para a sociedade. Al\u00e9m de gerar renda para milh\u00f5es de pessoas e economia para as empresa","breadcrumb":{"@id":"https:\/\/cenedcursos.com.br\/meio-ambiente\/coleta-seletiva-stj\/#breadcrumb"},"inLanguage":"pt-BR","potentialAction":[{"@type":"ReadAction","target":["https:\/\/cenedcursos.com.br\/meio-ambiente\/coleta-seletiva-stj\/"]}]},{"@type":"ImageObject","inLanguage":"pt-BR","@id":"https:\/\/cenedcursos.com.br\/meio-ambiente\/coleta-seletiva-stj\/#primaryimage","url":"https:\/\/i0.wp.com\/cenedcursos.com.br\/meio-ambiente\/wp-content\/uploads\/2011\/07\/coleta-seletiva-1.jpeg?fit=800%2C533&ssl=1","contentUrl":"https:\/\/i0.wp.com\/cenedcursos.com.br\/meio-ambiente\/wp-content\/uploads\/2011\/07\/coleta-seletiva-1.jpeg?fit=800%2C533&ssl=1","width":800,"height":533,"caption":"coleta seletiva"},{"@type":"BreadcrumbList","@id":"https:\/\/cenedcursos.com.br\/meio-ambiente\/coleta-seletiva-stj\/#breadcrumb","itemListElement":[{"@type":"ListItem","position":1,"name":"In\u00edcio","item":"https:\/\/cenedcursos.com.br\/meio-ambiente\/"},{"@type":"ListItem","position":2,"name":"A Coleta Seletiva no Superior Tribunal de Justi\u00e7a"}]},{"@type":"WebSite","@id":"https:\/\/cenedcursos.com.br\/meio-ambiente\/#website","url":"https:\/\/cenedcursos.com.br\/meio-ambiente\/","name":"CENED Cursos Online","description":"Aqui voc\u00ea encontra artigos em diversas \u00e1reas do conhecimento: meio ambiente, educa\u00e7\u00e3o, marketing digital, neg\u00f3cios online e muito mais.","potentialAction":[{"@type":"SearchAction","target":{"@type":"EntryPoint","urlTemplate":"https:\/\/cenedcursos.com.br\/meio-ambiente\/?s={search_term_string}"},"query-input":{"@type":"PropertyValueSpecification","valueRequired":true,"valueName":"search_term_string"}}],"inLanguage":"pt-BR"},{"@type":"Person","@id":"https:\/\/cenedcursos.com.br\/meio-ambiente\/#\/schema\/person\/64377d24cdc16779a1eb6229894af388","name":"Amarildo R. Ferrari","image":{"@type":"ImageObject","inLanguage":"pt-BR","@id":"https:\/\/cenedcursos.com.br\/meio-ambiente\/#\/schema\/person\/image\/","url":"https:\/\/secure.gravatar.com\/avatar\/6ea4248ca9f295c93f1b72f8398232f0fbbffe30349e6ec3839cfa5e09b0de3c?s=96&d=mm&r=g","contentUrl":"https:\/\/secure.gravatar.com\/avatar\/6ea4248ca9f295c93f1b72f8398232f0fbbffe30349e6ec3839cfa5e09b0de3c?s=96&d=mm&r=g","caption":"Amarildo R. Ferrari"},"sameAs":["https:\/\/cenedcursos.com.br\/meio-ambiente"],"url":"https:\/\/cenedcursos.com.br\/meio-ambiente\/author\/admin\/"}]}},"jetpack_featured_media_url":"https:\/\/i0.wp.com\/cenedcursos.com.br\/meio-ambiente\/wp-content\/uploads\/2011\/07\/coleta-seletiva-1.jpeg?fit=800%2C533&ssl=1","jetpack_sharing_enabled":true,"_links":{"self":[{"href":"https:\/\/cenedcursos.com.br\/meio-ambiente\/wp-json\/wp\/v2\/posts\/846","targetHints":{"allow":["GET"]}}],"collection":[{"href":"https:\/\/cenedcursos.com.br\/meio-ambiente\/wp-json\/wp\/v2\/posts"}],"about":[{"href":"https:\/\/cenedcursos.com.br\/meio-ambiente\/wp-json\/wp\/v2\/types\/post"}],"author":[{"embeddable":true,"href":"https:\/\/cenedcursos.com.br\/meio-ambiente\/wp-json\/wp\/v2\/users\/1"}],"replies":[{"embeddable":true,"href":"https:\/\/cenedcursos.com.br\/meio-ambiente\/wp-json\/wp\/v2\/comments?post=846"}],"version-history":[{"count":0,"href":"https:\/\/cenedcursos.com.br\/meio-ambiente\/wp-json\/wp\/v2\/posts\/846\/revisions"}],"wp:featuredmedia":[{"embeddable":true,"href":"https:\/\/cenedcursos.com.br\/meio-ambiente\/wp-json\/wp\/v2\/media\/12859"}],"wp:attachment":[{"href":"https:\/\/cenedcursos.com.br\/meio-ambiente\/wp-json\/wp\/v2\/media?parent=846"}],"wp:term":[{"taxonomy":"category","embeddable":true,"href":"https:\/\/cenedcursos.com.br\/meio-ambiente\/wp-json\/wp\/v2\/categories?post=846"},{"taxonomy":"post_tag","embeddable":true,"href":"https:\/\/cenedcursos.com.br\/meio-ambiente\/wp-json\/wp\/v2\/tags?post=846"}],"curies":[{"name":"wp","href":"https:\/\/api.w.org\/{rel}","templated":true}]}}