{"id":848,"date":"2023-07-06T13:52:22","date_gmt":"2023-07-06T16:52:22","guid":{"rendered":"http:\/\/www.cenedcursos.com.br\/?p=848"},"modified":"2023-07-06T17:47:29","modified_gmt":"2023-07-06T20:47:29","slug":"coleta-seletiva-orgaos-publicos-privados","status":"publish","type":"post","link":"https:\/\/cenedcursos.com.br\/meio-ambiente\/coleta-seletiva-orgaos-publicos-privados\/","title":{"rendered":"Implementa\u00e7\u00e3o da coleta seletiva em \u00f3rg\u00e3os p\u00fablicos e privados"},"content":{"rendered":"<h2 style=\"text-align: justify;\">Introdu\u00e7\u00e3o<\/h2>\n<p style=\"text-align: justify;\">A implementa\u00e7\u00e3o da coleta seletiva em \u00f3rg\u00e3os p\u00fablicos e privados \u00e9 uma iniciativa fundamental para promover a sustentabilidade e o cuidado com o meio ambiente. Com a crescente preocupa\u00e7\u00e3o com as quest\u00f5es ambientais, \u00e9 cada vez mais importante adotar pr\u00e1ticas que visem a redu\u00e7\u00e3o do impacto ambiental causado pelo descarte inadequado de res\u00edduos. Neste artigo, exploraremos os benef\u00edcios da implementa\u00e7\u00e3o da coleta seletiva, as etapas envolvidas no processo e como essa pr\u00e1tica pode ser aplicada tanto em \u00f3rg\u00e3os p\u00fablicos quanto em empresas privadas.<\/p>\n<h2 style=\"text-align: justify;\">Implementa\u00e7\u00e3o da coleta seletiva em \u00f3rg\u00e3os p\u00fablicos e privados: O que \u00e9?<\/h2>\n<p style=\"text-align: justify;\">A implementa\u00e7\u00e3o da coleta seletiva em \u00f3rg\u00e3os p\u00fablicos e privados consiste na ado\u00e7\u00e3o de um sistema de separa\u00e7\u00e3o e recolhimento de res\u00edduos, levando em considera\u00e7\u00e3o suas caracter\u00edsticas e destinos finais adequados. Esse processo tem como objetivo principal promover a reciclagem e a reutiliza\u00e7\u00e3o dos materiais descartados, reduzindo assim o volume de res\u00edduos enviados para aterros sanit\u00e1rios e minimizando os impactos ambientais associados a essa pr\u00e1tica.<\/p>\n<h2 style=\"text-align: justify;\">Por que implementar a coleta seletiva em \u00f3rg\u00e3os p\u00fablicos e privados?<\/h2>\n<h3 style=\"text-align: justify;\">Benef\u00edcios ambientais<\/h3>\n<p style=\"text-align: justify;\">A implementa\u00e7\u00e3o da coleta seletiva em \u00f3rg\u00e3os p\u00fablicos e privados traz uma s\u00e9rie de benef\u00edcios ambientais. Ao separar os res\u00edduos de forma adequada, \u00e9 poss\u00edvel direcionar cada tipo de material para o seu processo de reciclagem correspondente, contribuindo para a redu\u00e7\u00e3o do consumo de recursos naturais, a economia de energia e a diminui\u00e7\u00e3o da emiss\u00e3o de gases de efeito estufa.<\/p>\n<h3 style=\"text-align: justify;\">Redu\u00e7\u00e3o de custos<\/h3>\n<p style=\"text-align: justify;\">Al\u00e9m dos benef\u00edcios ambientais, a coleta seletiva tamb\u00e9m pode trazer vantagens econ\u00f4micas para \u00f3rg\u00e3os p\u00fablicos e empresas privadas. Ao reciclar e reutilizar materiais, \u00e9 poss\u00edvel reduzir a quantidade de res\u00edduos enviados para aterros sanit\u00e1rios, o que implica em uma diminui\u00e7\u00e3o nos custos com a destina\u00e7\u00e3o final dos res\u00edduos.<\/p>\n<h3 style=\"text-align: justify;\">Cumprimento da legisla\u00e7\u00e3o<\/h3>\n<p style=\"text-align: justify;\">A implementa\u00e7\u00e3o da coleta seletiva tamb\u00e9m est\u00e1 relacionada ao cumprimento da legisla\u00e7\u00e3o ambiental. No Brasil, a <a href=\"https:\/\/www.planalto.gov.br\/ccivil_03\/_ato2007-2010\/2010\/lei\/l12305.htm\" target=\"_blank\" rel=\"noopener\">Pol\u00edtica Nacional de Res\u00edduos S\u00f3lidos (PNRS)<\/a> estabelece diretrizes para a gest\u00e3o adequada dos res\u00edduos, incluindo a obrigatoriedade da implementa\u00e7\u00e3o da coleta seletiva em determinados estabelecimentos. Dessa forma, a ado\u00e7\u00e3o desse sistema \u00e9 uma forma de estar em conformidade com a legisla\u00e7\u00e3o vigente.<\/p>\n<h2 style=\"text-align: justify;\">Implementa\u00e7\u00e3o da coleta seletiva em \u00f3rg\u00e3os p\u00fablicos e privados: Passo a passo<\/h2>\n<p style=\"text-align: justify;\">A implementa\u00e7\u00e3o da coleta seletiva em \u00f3rg\u00e3os p\u00fablicos e privados requer a ado\u00e7\u00e3o de algumas etapas. A seguir, apresentamos um passo a passo para auxiliar nesse processo:<\/p>\n<h3 style=\"text-align: justify;\">1. Diagn\u00f3stico inicial<\/h3>\n<p style=\"text-align: justify;\">O primeiro passo para a implementa\u00e7\u00e3o da coleta seletiva \u00e9 realizar um diagn\u00f3stico inicial da situa\u00e7\u00e3o atual. \u00c9 importante identificar quais res\u00edduos s\u00e3o gerados, em que quantidade e como s\u00e3o descartados atualmente. Esse levantamento permitir\u00e1 tra\u00e7ar um plano de a\u00e7\u00e3o mais eficiente.<\/p>\n<h3 style=\"text-align: justify;\">2. Sensibiliza\u00e7\u00e3o e treinamento<\/h3>\n<p style=\"text-align: justify;\">Ap\u00f3s o diagn\u00f3stico, \u00e9 fundamental sensibilizar e capacitar os colaboradores e funcion\u00e1rios sobre a import\u00e2ncia da coleta seletiva e como realizar a separa\u00e7\u00e3o adequada dos res\u00edduos. Treinamentos e campanhas de conscientiza\u00e7\u00e3o podem ser realizados para disseminar as informa\u00e7\u00f5es necess\u00e1rias.<\/p>\n<h3 style=\"text-align: justify;\">3. Infraestrutura adequada<\/h3>\n<p style=\"text-align: justify;\">Outro passo importante \u00e9 garantir a infraestrutura adequada para a coleta seletiva. Isso inclui a disponibiliza\u00e7\u00e3o de recipientes identificados para cada tipo de material, como papel, pl\u00e1stico, vidro e metal. \u00c9 essencial que esses recipientes estejam distribu\u00eddos de forma estrat\u00e9gica nos espa\u00e7os f\u00edsicos.<\/p>\n<h3 style=\"text-align: justify;\">4. Parcerias com cooperativas e empresas de reciclagem<\/h3>\n<p style=\"text-align: justify;\">Para garantir a destina\u00e7\u00e3o correta dos materiais recicl\u00e1veis coletados, \u00e9 interessante estabelecer parcerias com cooperativas e empresas de reciclagem. Essas parcerias podem viabilizar a coleta dos res\u00edduos e a destina\u00e7\u00e3o para recicladoras, garantindo a efetividade da coleta seletiva.<\/p>\n<h3 style=\"text-align: justify;\">5. Monitoramento e avalia\u00e7\u00e3o<\/h3>\n<p style=\"text-align: justify;\">Ap\u00f3s a implementa\u00e7\u00e3o da coleta seletiva, \u00e9 importante monitorar e avaliar periodicamente os resultados obtidos. Esse acompanhamento permitir\u00e1 identificar poss\u00edveis ajustes e melhorias no sistema, garantindo a efic\u00e1cia da iniciativa.<\/p>\n<h2 style=\"text-align: justify;\">Implementa\u00e7\u00e3o da coleta seletiva em \u00f3rg\u00e3os p\u00fablicos e privados: Perguntas frequentes<\/h2>\n<h3 style=\"text-align: justify;\">1. Quais s\u00e3o os principais materiais recicl\u00e1veis?<\/h3>\n<p style=\"text-align: justify;\">Os principais materiais recicl\u00e1veis incluem papel, pl\u00e1stico, vidro, metal, papel\u00e3o, embalagens cartonadas, entre outros. Esses materiais podem ser reaproveitados e transformados em novos produtos, reduzindo a demanda por mat\u00e9ria-prima virgem e os impactos ambientais associados \u00e0 extra\u00e7\u00e3o desses recursos.<\/p>\n<h3 style=\"text-align: justify;\">2. Quais s\u00e3o os benef\u00edcios econ\u00f4micos da coleta seletiva?<\/h3>\n<p style=\"text-align: justify;\">A coleta seletiva pode trazer benef\u00edcios econ\u00f4micos significativos. Al\u00e9m da redu\u00e7\u00e3o de custos com a destina\u00e7\u00e3o final dos res\u00edduos, a reciclagem e a reutiliza\u00e7\u00e3o de materiais podem gerar empregos e estimular a economia local. Al\u00e9m disso, a imagem da empresa ou do \u00f3rg\u00e3o p\u00fablico perante a sociedade pode ser positivamente impactada, o que pode resultar em vantagens competitivas.<\/p>\n<h3 style=\"text-align: justify;\">3. Como engajar os colaboradores nesse processo?<\/h3>\n<p style=\"text-align: justify;\">O engajamento dos colaboradores \u00e9 fundamental para o sucesso da implementa\u00e7\u00e3o da coleta seletiva. \u00c9 importante promover a conscientiza\u00e7\u00e3o sobre a import\u00e2ncia da pr\u00e1tica e oferecer treinamentos para que todos saibam como realizar a separa\u00e7\u00e3o correta dos res\u00edduos. Al\u00e9m disso, a cria\u00e7\u00e3o de comit\u00eas internos e a realiza\u00e7\u00e3o de campanhas de incentivo podem estimular a participa\u00e7\u00e3o ativa dos colaboradores.<\/p>\n<h3 style=\"text-align: justify;\">4. Quais s\u00e3o os desafios enfrentados na implementa\u00e7\u00e3o da coleta seletiva?<\/h3>\n<p style=\"text-align: justify;\">A implementa\u00e7\u00e3o da coleta seletiva pode enfrentar alguns desafios, como a resist\u00eancia por parte dos colaboradores em aderir \u00e0 pr\u00e1tica, a falta de infraestrutura adequada e a aus\u00eancia de parcerias com cooperativas e empresas de reciclagem. No entanto, com um planejamento adequado e a conscientiza\u00e7\u00e3o de todos os envolvidos, \u00e9 poss\u00edvel superar esses desafios e obter resultados positivos.<\/p>\n<h3 style=\"text-align: justify;\">5. Como medir os resultados da coleta seletiva?<\/h3>\n<p style=\"text-align: justify;\">Para medir os resultados da coleta seletiva, podem ser estabelecidos indicadores, como a quantidade de res\u00edduos recicl\u00e1veis coletados, a redu\u00e7\u00e3o do volume de res\u00edduos destinados a aterros sanit\u00e1rios, a economia de recursos naturais e a redu\u00e7\u00e3o das emiss\u00f5es de gases de <a href=\"https:\/\/cenedcursos.com.br\/meio-ambiente\/o-efeito-estufa-e-o-mecanismo-de-desenvolvimento-limpo\/\">efeito estufa<\/a>. Esses indicadores podem ser monitorados ao longo do tempo e comparados com as metas estabelecidas.<\/p>\n<h3 style=\"text-align: justify;\">6. A coleta seletiva \u00e9 obrigat\u00f3ria para todos os \u00f3rg\u00e3os p\u00fablicos e empresas privadas?<\/h3>\n<p style=\"text-align: justify;\">No Brasil, a obrigatoriedade da coleta seletiva em \u00f3rg\u00e3os p\u00fablicos e empresas privadas varia de acordo com a legisla\u00e7\u00e3o municipal e estadual. Entretanto, mesmo que n\u00e3o seja uma obrigatoriedade, \u00e9 recomend\u00e1vel que todas as organiza\u00e7\u00f5es adotem pr\u00e1ticas sustent\u00e1veis, como a coleta seletiva, como forma de contribuir para a preserva\u00e7\u00e3o do meio ambiente e a promo\u00e7\u00e3o da sustentabilidade.<\/p>\n<h2 style=\"text-align: justify;\">Conclus\u00e3o<\/h2>\n<p style=\"text-align: justify;\">A implementa\u00e7\u00e3o da coleta seletiva em \u00f3rg\u00e3os p\u00fablicos e privados \u00e9 um passo importante para promover a sustentabilidade e o cuidado com o meio ambiente. Essa pr\u00e1tica traz benef\u00edcios ambientais, econ\u00f4micos e est\u00e1 relacionada ao cumprimento da legisla\u00e7\u00e3o. Com um planejamento adequado, sensibiliza\u00e7\u00e3o dos colaboradores e parcerias estrat\u00e9gicas, \u00e9 poss\u00edvel obter resultados positivos e contribuir para um futuro mais sustent\u00e1vel. Portanto, \u00e9 essencial que \u00f3rg\u00e3os p\u00fablicos e empresas privadas considerem a implementa\u00e7\u00e3o da coleta seletiva como uma a\u00e7\u00e3o priorit\u00e1ria em suas pol\u00edticas ambientais.<\/p>\n","protected":false},"excerpt":{"rendered":"<p>Introdu\u00e7\u00e3o A implementa\u00e7\u00e3o da coleta seletiva em \u00f3rg\u00e3os p\u00fablicos e privados \u00e9 uma iniciativa fundamental para promover a sustentabilidade e o cuidado com o meio ambiente. Com a crescente preocupa\u00e7\u00e3o com as quest\u00f5es ambientais, \u00e9 cada vez mais importante adotar pr\u00e1ticas que visem a redu\u00e7\u00e3o do impacto ambiental causado pelo descarte inadequado de res\u00edduos. Neste [&hellip;]<\/p>\n","protected":false},"author":1,"featured_media":12837,"comment_status":"open","ping_status":"open","sticky":false,"template":"","format":"standard","meta":{"_jetpack_memberships_contains_paid_content":false,"footnotes":""},"categories":[498],"tags":[282],"class_list":{"0":"post-848","1":"post","2":"type-post","3":"status-publish","4":"format-standard","5":"has-post-thumbnail","7":"category-residuos-solidos-textos","8":"tag-coleta-seletiva"},"yoast_head":"<!-- This site is optimized with the Yoast SEO plugin v25.1 - https:\/\/yoast.com\/wordpress\/plugins\/seo\/ -->\n<title>Coleta seletiva em \u00f3rg\u00e3os p\u00fablicos e privados - CENED Cursos<\/title>\n<meta name=\"description\" content=\"A implementa\u00e7\u00e3o da coleta seletiva em \u00f3rg\u00e3os p\u00fablicos e privados \u00e9 uma iniciativa fundamental para promover a sustentabilidade e o cuidado\" \/>\n<meta name=\"robots\" content=\"index, follow, max-snippet:-1, max-image-preview:large, max-video-preview:-1\" \/>\n<link rel=\"canonical\" href=\"https:\/\/cenedcursos.com.br\/meio-ambiente\/coleta-seletiva-orgaos-publicos-privados\/\" \/>\n<meta property=\"og:locale\" content=\"pt_BR\" \/>\n<meta property=\"og:type\" content=\"article\" \/>\n<meta property=\"og:title\" content=\"Coleta seletiva em \u00f3rg\u00e3os p\u00fablicos e privados - CENED Cursos\" \/>\n<meta property=\"og:description\" content=\"Coleta Seletiva de Lixo. A quest\u00e3o ambiental, no Brasil e no mundo, tornou-se um tema amplamente debatido em todos os meios, em vista da crescente...\" \/>\n<meta property=\"og:url\" content=\"https:\/\/cenedcursos.com.br\/meio-ambiente\/coleta-seletiva-orgaos-publicos-privados\/\" \/>\n<meta property=\"og:site_name\" content=\"CENED Cursos Online\" \/>\n<meta property=\"article:published_time\" content=\"2023-07-06T16:52:22+00:00\" \/>\n<meta property=\"article:modified_time\" content=\"2023-07-06T20:47:29+00:00\" \/>\n<meta name=\"author\" content=\"Amarildo R. Ferrari\" \/>\n<meta name=\"twitter:card\" content=\"summary_large_image\" \/>\n<meta name=\"twitter:image\" content=\"https:\/\/i0.wp.com\/cenedcursos.com.br\/meio-ambiente\/wp-content\/uploads\/2011\/07\/coleta-seletiva.jpeg?fit=1000%2C667&ssl=1\" \/>\n<meta name=\"twitter:label1\" content=\"Escrito por\" \/>\n\t<meta name=\"twitter:data1\" content=\"Amarildo R. Ferrari\" \/>\n\t<meta name=\"twitter:label2\" content=\"Est. tempo de leitura\" \/>\n\t<meta name=\"twitter:data2\" content=\"6 minutos\" \/>\n<script type=\"application\/ld+json\" class=\"yoast-schema-graph\">{\"@context\":\"https:\/\/schema.org\",\"@graph\":[{\"@type\":\"WebPage\",\"@id\":\"https:\/\/cenedcursos.com.br\/meio-ambiente\/coleta-seletiva-orgaos-publicos-privados\/\",\"url\":\"https:\/\/cenedcursos.com.br\/meio-ambiente\/coleta-seletiva-orgaos-publicos-privados\/\",\"name\":\"Coleta seletiva em \u00f3rg\u00e3os p\u00fablicos e privados - CENED Cursos\",\"isPartOf\":{\"@id\":\"https:\/\/cenedcursos.com.br\/meio-ambiente\/#website\"},\"primaryImageOfPage\":{\"@id\":\"https:\/\/cenedcursos.com.br\/meio-ambiente\/coleta-seletiva-orgaos-publicos-privados\/#primaryimage\"},\"image\":{\"@id\":\"https:\/\/cenedcursos.com.br\/meio-ambiente\/coleta-seletiva-orgaos-publicos-privados\/#primaryimage\"},\"thumbnailUrl\":\"https:\/\/i0.wp.com\/cenedcursos.com.br\/meio-ambiente\/wp-content\/uploads\/2011\/07\/coleta-seletiva.jpeg?fit=1000%2C667&ssl=1\",\"datePublished\":\"2023-07-06T16:52:22+00:00\",\"dateModified\":\"2023-07-06T20:47:29+00:00\",\"author\":{\"@id\":\"https:\/\/cenedcursos.com.br\/meio-ambiente\/#\/schema\/person\/64377d24cdc16779a1eb6229894af388\"},\"description\":\"A implementa\u00e7\u00e3o da coleta seletiva em \u00f3rg\u00e3os p\u00fablicos e privados \u00e9 uma iniciativa fundamental para promover a sustentabilidade e o cuidado\",\"breadcrumb\":{\"@id\":\"https:\/\/cenedcursos.com.br\/meio-ambiente\/coleta-seletiva-orgaos-publicos-privados\/#breadcrumb\"},\"inLanguage\":\"pt-BR\",\"potentialAction\":[{\"@type\":\"ReadAction\",\"target\":[\"https:\/\/cenedcursos.com.br\/meio-ambiente\/coleta-seletiva-orgaos-publicos-privados\/\"]}]},{\"@type\":\"ImageObject\",\"inLanguage\":\"pt-BR\",\"@id\":\"https:\/\/cenedcursos.com.br\/meio-ambiente\/coleta-seletiva-orgaos-publicos-privados\/#primaryimage\",\"url\":\"https:\/\/i0.wp.com\/cenedcursos.com.br\/meio-ambiente\/wp-content\/uploads\/2011\/07\/coleta-seletiva.jpeg?fit=1000%2C667&ssl=1\",\"contentUrl\":\"https:\/\/i0.wp.com\/cenedcursos.com.br\/meio-ambiente\/wp-content\/uploads\/2011\/07\/coleta-seletiva.jpeg?fit=1000%2C667&ssl=1\",\"width\":1000,\"height\":667,\"caption\":\"Coleta seletiva em \u00f3rg\u00e3os p\u00fablicos\"},{\"@type\":\"BreadcrumbList\",\"@id\":\"https:\/\/cenedcursos.com.br\/meio-ambiente\/coleta-seletiva-orgaos-publicos-privados\/#breadcrumb\",\"itemListElement\":[{\"@type\":\"ListItem\",\"position\":1,\"name\":\"In\u00edcio\",\"item\":\"https:\/\/cenedcursos.com.br\/meio-ambiente\/\"},{\"@type\":\"ListItem\",\"position\":2,\"name\":\"Implementa\u00e7\u00e3o da coleta seletiva em \u00f3rg\u00e3os p\u00fablicos e privados\"}]},{\"@type\":\"WebSite\",\"@id\":\"https:\/\/cenedcursos.com.br\/meio-ambiente\/#website\",\"url\":\"https:\/\/cenedcursos.com.br\/meio-ambiente\/\",\"name\":\"CENED Cursos Online\",\"description\":\"Aqui voc\u00ea encontra artigos em diversas \u00e1reas do conhecimento: meio ambiente, educa\u00e7\u00e3o, marketing digital, neg\u00f3cios online e muito mais.\",\"potentialAction\":[{\"@type\":\"SearchAction\",\"target\":{\"@type\":\"EntryPoint\",\"urlTemplate\":\"https:\/\/cenedcursos.com.br\/meio-ambiente\/?s={search_term_string}\"},\"query-input\":{\"@type\":\"PropertyValueSpecification\",\"valueRequired\":true,\"valueName\":\"search_term_string\"}}],\"inLanguage\":\"pt-BR\"},{\"@type\":\"Person\",\"@id\":\"https:\/\/cenedcursos.com.br\/meio-ambiente\/#\/schema\/person\/64377d24cdc16779a1eb6229894af388\",\"name\":\"Amarildo R. Ferrari\",\"image\":{\"@type\":\"ImageObject\",\"inLanguage\":\"pt-BR\",\"@id\":\"https:\/\/cenedcursos.com.br\/meio-ambiente\/#\/schema\/person\/image\/\",\"url\":\"https:\/\/secure.gravatar.com\/avatar\/6ea4248ca9f295c93f1b72f8398232f0fbbffe30349e6ec3839cfa5e09b0de3c?s=96&d=mm&r=g\",\"contentUrl\":\"https:\/\/secure.gravatar.com\/avatar\/6ea4248ca9f295c93f1b72f8398232f0fbbffe30349e6ec3839cfa5e09b0de3c?s=96&d=mm&r=g\",\"caption\":\"Amarildo R. Ferrari\"},\"sameAs\":[\"https:\/\/cenedcursos.com.br\/meio-ambiente\"],\"url\":\"https:\/\/cenedcursos.com.br\/meio-ambiente\/author\/admin\/\"}]}<\/script>\n<!-- \/ Yoast SEO plugin. -->","yoast_head_json":{"title":"Coleta seletiva em \u00f3rg\u00e3os p\u00fablicos e privados - CENED Cursos","description":"A implementa\u00e7\u00e3o da coleta seletiva em \u00f3rg\u00e3os p\u00fablicos e privados \u00e9 uma iniciativa fundamental para promover a sustentabilidade e o cuidado","robots":{"index":"index","follow":"follow","max-snippet":"max-snippet:-1","max-image-preview":"max-image-preview:large","max-video-preview":"max-video-preview:-1"},"canonical":"https:\/\/cenedcursos.com.br\/meio-ambiente\/coleta-seletiva-orgaos-publicos-privados\/","og_locale":"pt_BR","og_type":"article","og_title":"Coleta seletiva em \u00f3rg\u00e3os p\u00fablicos e privados - CENED Cursos","og_description":"Coleta Seletiva de Lixo. A quest\u00e3o ambiental, no Brasil e no mundo, tornou-se um tema amplamente debatido em todos os meios, em vista da crescente...","og_url":"https:\/\/cenedcursos.com.br\/meio-ambiente\/coleta-seletiva-orgaos-publicos-privados\/","og_site_name":"CENED Cursos Online","article_published_time":"2023-07-06T16:52:22+00:00","article_modified_time":"2023-07-06T20:47:29+00:00","author":"Amarildo R. Ferrari","twitter_card":"summary_large_image","twitter_image":"https:\/\/i0.wp.com\/cenedcursos.com.br\/meio-ambiente\/wp-content\/uploads\/2011\/07\/coleta-seletiva.jpeg?fit=1000%2C667&ssl=1","twitter_misc":{"Escrito por":"Amarildo R. Ferrari","Est. tempo de leitura":"6 minutos"},"schema":{"@context":"https:\/\/schema.org","@graph":[{"@type":"WebPage","@id":"https:\/\/cenedcursos.com.br\/meio-ambiente\/coleta-seletiva-orgaos-publicos-privados\/","url":"https:\/\/cenedcursos.com.br\/meio-ambiente\/coleta-seletiva-orgaos-publicos-privados\/","name":"Coleta seletiva em \u00f3rg\u00e3os p\u00fablicos e privados - CENED Cursos","isPartOf":{"@id":"https:\/\/cenedcursos.com.br\/meio-ambiente\/#website"},"primaryImageOfPage":{"@id":"https:\/\/cenedcursos.com.br\/meio-ambiente\/coleta-seletiva-orgaos-publicos-privados\/#primaryimage"},"image":{"@id":"https:\/\/cenedcursos.com.br\/meio-ambiente\/coleta-seletiva-orgaos-publicos-privados\/#primaryimage"},"thumbnailUrl":"https:\/\/i0.wp.com\/cenedcursos.com.br\/meio-ambiente\/wp-content\/uploads\/2011\/07\/coleta-seletiva.jpeg?fit=1000%2C667&ssl=1","datePublished":"2023-07-06T16:52:22+00:00","dateModified":"2023-07-06T20:47:29+00:00","author":{"@id":"https:\/\/cenedcursos.com.br\/meio-ambiente\/#\/schema\/person\/64377d24cdc16779a1eb6229894af388"},"description":"A implementa\u00e7\u00e3o da coleta seletiva em \u00f3rg\u00e3os p\u00fablicos e privados \u00e9 uma iniciativa fundamental para promover a sustentabilidade e o cuidado","breadcrumb":{"@id":"https:\/\/cenedcursos.com.br\/meio-ambiente\/coleta-seletiva-orgaos-publicos-privados\/#breadcrumb"},"inLanguage":"pt-BR","potentialAction":[{"@type":"ReadAction","target":["https:\/\/cenedcursos.com.br\/meio-ambiente\/coleta-seletiva-orgaos-publicos-privados\/"]}]},{"@type":"ImageObject","inLanguage":"pt-BR","@id":"https:\/\/cenedcursos.com.br\/meio-ambiente\/coleta-seletiva-orgaos-publicos-privados\/#primaryimage","url":"https:\/\/i0.wp.com\/cenedcursos.com.br\/meio-ambiente\/wp-content\/uploads\/2011\/07\/coleta-seletiva.jpeg?fit=1000%2C667&ssl=1","contentUrl":"https:\/\/i0.wp.com\/cenedcursos.com.br\/meio-ambiente\/wp-content\/uploads\/2011\/07\/coleta-seletiva.jpeg?fit=1000%2C667&ssl=1","width":1000,"height":667,"caption":"Coleta seletiva em \u00f3rg\u00e3os p\u00fablicos"},{"@type":"BreadcrumbList","@id":"https:\/\/cenedcursos.com.br\/meio-ambiente\/coleta-seletiva-orgaos-publicos-privados\/#breadcrumb","itemListElement":[{"@type":"ListItem","position":1,"name":"In\u00edcio","item":"https:\/\/cenedcursos.com.br\/meio-ambiente\/"},{"@type":"ListItem","position":2,"name":"Implementa\u00e7\u00e3o da coleta seletiva em \u00f3rg\u00e3os p\u00fablicos e privados"}]},{"@type":"WebSite","@id":"https:\/\/cenedcursos.com.br\/meio-ambiente\/#website","url":"https:\/\/cenedcursos.com.br\/meio-ambiente\/","name":"CENED Cursos Online","description":"Aqui voc\u00ea encontra artigos em diversas \u00e1reas do conhecimento: meio ambiente, educa\u00e7\u00e3o, marketing digital, neg\u00f3cios online e muito mais.","potentialAction":[{"@type":"SearchAction","target":{"@type":"EntryPoint","urlTemplate":"https:\/\/cenedcursos.com.br\/meio-ambiente\/?s={search_term_string}"},"query-input":{"@type":"PropertyValueSpecification","valueRequired":true,"valueName":"search_term_string"}}],"inLanguage":"pt-BR"},{"@type":"Person","@id":"https:\/\/cenedcursos.com.br\/meio-ambiente\/#\/schema\/person\/64377d24cdc16779a1eb6229894af388","name":"Amarildo R. Ferrari","image":{"@type":"ImageObject","inLanguage":"pt-BR","@id":"https:\/\/cenedcursos.com.br\/meio-ambiente\/#\/schema\/person\/image\/","url":"https:\/\/secure.gravatar.com\/avatar\/6ea4248ca9f295c93f1b72f8398232f0fbbffe30349e6ec3839cfa5e09b0de3c?s=96&d=mm&r=g","contentUrl":"https:\/\/secure.gravatar.com\/avatar\/6ea4248ca9f295c93f1b72f8398232f0fbbffe30349e6ec3839cfa5e09b0de3c?s=96&d=mm&r=g","caption":"Amarildo R. Ferrari"},"sameAs":["https:\/\/cenedcursos.com.br\/meio-ambiente"],"url":"https:\/\/cenedcursos.com.br\/meio-ambiente\/author\/admin\/"}]}},"jetpack_featured_media_url":"https:\/\/i0.wp.com\/cenedcursos.com.br\/meio-ambiente\/wp-content\/uploads\/2011\/07\/coleta-seletiva.jpeg?fit=1000%2C667&ssl=1","jetpack_sharing_enabled":true,"_links":{"self":[{"href":"https:\/\/cenedcursos.com.br\/meio-ambiente\/wp-json\/wp\/v2\/posts\/848","targetHints":{"allow":["GET"]}}],"collection":[{"href":"https:\/\/cenedcursos.com.br\/meio-ambiente\/wp-json\/wp\/v2\/posts"}],"about":[{"href":"https:\/\/cenedcursos.com.br\/meio-ambiente\/wp-json\/wp\/v2\/types\/post"}],"author":[{"embeddable":true,"href":"https:\/\/cenedcursos.com.br\/meio-ambiente\/wp-json\/wp\/v2\/users\/1"}],"replies":[{"embeddable":true,"href":"https:\/\/cenedcursos.com.br\/meio-ambiente\/wp-json\/wp\/v2\/comments?post=848"}],"version-history":[{"count":0,"href":"https:\/\/cenedcursos.com.br\/meio-ambiente\/wp-json\/wp\/v2\/posts\/848\/revisions"}],"wp:featuredmedia":[{"embeddable":true,"href":"https:\/\/cenedcursos.com.br\/meio-ambiente\/wp-json\/wp\/v2\/media\/12837"}],"wp:attachment":[{"href":"https:\/\/cenedcursos.com.br\/meio-ambiente\/wp-json\/wp\/v2\/media?parent=848"}],"wp:term":[{"taxonomy":"category","embeddable":true,"href":"https:\/\/cenedcursos.com.br\/meio-ambiente\/wp-json\/wp\/v2\/categories?post=848"},{"taxonomy":"post_tag","embeddable":true,"href":"https:\/\/cenedcursos.com.br\/meio-ambiente\/wp-json\/wp\/v2\/tags?post=848"}],"curies":[{"name":"wp","href":"https:\/\/api.w.org\/{rel}","templated":true}]}}