{"id":8509,"date":"2017-04-06T18:31:24","date_gmt":"2017-04-06T21:31:24","guid":{"rendered":"https:\/\/www.cenedcursos.com.br\/meio-ambiente\/?p=8509"},"modified":"2017-04-06T18:31:24","modified_gmt":"2017-04-06T21:31:24","slug":"135-mi-serao-investidos-gestao-das-aguas","status":"publish","type":"post","link":"https:\/\/cenedcursos.com.br\/meio-ambiente\/135-mi-serao-investidos-gestao-das-aguas\/","title":{"rendered":"Cerca de R$ 135 mi ser\u00e3o investidos para ampliar programa de gest\u00e3o das \u00e1guas"},"content":{"rendered":"<p style=\"text-align: center;\"><em>Iniciativa do Minist\u00e9rio do Meio Ambiente deve ser renovada por mais cinco anos e destinar\u00e1 anualmente R$ 1 milh\u00e3o a cada estado<\/em><\/p>\n<div id=\"viewlet-below-content-title\"><\/div>\n<div>\n<p style=\"text-align: justify;\">O Minist\u00e9rio do Meio Ambiente (MMA) informa que o Programa de Consolida\u00e7\u00e3o do Pacto Nacional pela Gest\u00e3o das \u00c1guas (Progest\u00e3o) deve ser renovado por mais cinco anos. Para isso, ser\u00e3o destinados R$ 135 milh\u00f5es em recursos no per\u00edodo.<\/p>\n<p style=\"text-align: justify;\">A iniciativa possibilitar\u00e1 que o investimento anual destinado ao segmento h\u00eddrico, por estado, seja ampliado para R$ 1 milh\u00e3o. O an\u00fancio foi feito pelo secret\u00e1rio executivo do MMA, Marcelo Cruz, na ter\u00e7a-feira (28), durante a abertura da 2\u00aa Reuni\u00e3o para o Fortalecimento da Gest\u00e3o dos Recursos H\u00eddricos, realizada em Bras\u00edlia.<\/p>\n<p>Na ocasi\u00e3o, o secret\u00e1rio executivo\u00a0destacou a import\u00e2ncia da extens\u00e3o da iniciativa. \u201cEstaremos investindo, assim, para a gest\u00e3o de recursos h\u00eddricos no Pa\u00eds, de forma democr\u00e1tica e descentralizada, como determina a Lei 9.433 [Lei das \u00c1guas]\u201d, declarou. A legisla\u00e7\u00e3o completou, neste ano, 20 anos.<br \/>\nOutras pol\u00edticas ambientais, com foco na gest\u00e3o dos recursos h\u00eddricos, tamb\u00e9m foram apontadas no evento. O secret\u00e1rio executivo ressaltou o programa de Recupera\u00e7\u00e3o de \u00c1reas de Preserva\u00e7\u00e3o Permanente para Produ\u00e7\u00e3o de \u00c1gua, que promove a recupera\u00e7\u00e3o de vegeta\u00e7\u00e3o nativa em nascentes. Ser\u00e3o R$ 48 milh\u00f5es para recuperar uma \u00e1rea de 5,6 mil hectares. \u201cA\u00e7\u00f5es de recomposi\u00e7\u00e3o da cobertura vegetal merecem destaque no combate \u00e0 crise h\u00eddrica\u201d, afirmou.<\/p>\n<p style=\"text-align: justify;\"><strong>M\u00eas da \u00e1gua<\/strong><\/p>\n<p style=\"text-align: justify;\">A reuni\u00e3o faz parte da programa\u00e7\u00e3o do<a href=\"http:\/\/www.mma.gov.br\/eventos-do-mma\/item\/10990\">\u00a0M\u00eas das \u00c1guas<\/a>, celebrado com diversas atividades desde o in\u00edcio de mar\u00e7o. O secret\u00e1rio de Recursos H\u00eddricos e Ambiente Urbano do MMA, Jair Tann\u00fas, afirmou que a integra\u00e7\u00e3o entre o governo federal, estados, munic\u00edpios e sociedade \u00e9 fundamental. \u201cOs desafios reafirmam a import\u00e2ncia de uma articula\u00e7\u00e3o planejada\u201d, explicou.<\/p>\n<p style=\"text-align: justify;\">Os trabalhos focaram ainda o planejamento do 8\u00ba F\u00f3rum Mundial da \u00c1gua, que ser\u00e1 realizado em mar\u00e7o de 2018, em Bras\u00edlia. Ser\u00e1 a primeira vez que a maior reuni\u00e3o sobre o tema ser\u00e1 realizada no Brasil.<\/p>\n<p style=\"text-align: justify;\">\u201cNossa ambi\u00e7\u00e3o \u00e9 transformar o F\u00f3rum num momento de discuss\u00e3o global para o fortalecimento t\u00e9cnico, institucional e pol\u00edtico do Sistema Nacional de Recursos H\u00eddricos\u201d, declarou o diretor-presidente da Ag\u00eancia Nacional de \u00c1guas, Vicente Andreu.<\/p>\n<p style=\"text-align: justify;\"><span class=\"discreet\">Fonte: Portal Brasil, com informa\u00e7\u00f5es do <a href=\"http:\/\/www.mma.gov.br\/\">MMA<\/a><\/span><\/p>\n<\/div>\n<p style=\"text-align: justify;\">[ad_2]<\/p>\n<p><a href=\"http:\/\/feedproxy.google.com\/~r\/Rss-MeioAmbiente\/~3\/Vk3CPq12SgM\/cerca-de-r-135-mi-serao-investidos-para-ampliar-programa-de-gestao-das-aguas\">Fonte do Texto <\/a><\/p>\n","protected":false},"excerpt":{"rendered":"<p>Iniciativa do Minist\u00e9rio do Meio Ambiente deve ser renovada por mais cinco anos e destinar\u00e1 anualmente R$ 1 milh\u00e3o a cada estado O Minist\u00e9rio do Meio Ambiente (MMA) informa que o Programa de Consolida\u00e7\u00e3o do Pacto Nacional pela Gest\u00e3o das \u00c1guas (Progest\u00e3o) deve ser renovado por mais cinco anos. Para isso, ser\u00e3o destinados R$ 135 [&hellip;]<\/p>\n","protected":false},"author":1,"featured_media":0,"comment_status":"open","ping_status":"open","sticky":false,"template":"","format":"standard","meta":{"_jetpack_memberships_contains_paid_content":false,"footnotes":""},"categories":[489],"tags":[377],"class_list":{"0":"post-8509","1":"post","2":"type-post","3":"status-publish","4":"format-standard","6":"category-biodiversidade-textos","7":"tag-gestao-das-aguas"},"yoast_head":"<!-- This site is optimized with the Yoast SEO plugin v25.1 - https:\/\/yoast.com\/wordpress\/plugins\/seo\/ -->\n<title>Cerca de R$ 135 mi ser\u00e3o investidos para ampliar programa de gest\u00e3o das \u00e1guas - CENED Cursos Online<\/title>\n<meta name=\"description\" content=\"O Minist\u00e9rio do Meio Ambiente (MMA) informa que o Programa de Consolida\u00e7\u00e3o do Pacto Nacional pela Gest\u00e3o das \u00c1guas (Progest\u00e3o) deve ser renovado por mais\" \/>\n<meta name=\"robots\" content=\"index, follow, max-snippet:-1, max-image-preview:large, max-video-preview:-1\" \/>\n<link rel=\"canonical\" href=\"https:\/\/cenedcursos.com.br\/meio-ambiente\/135-mi-serao-investidos-gestao-das-aguas\/\" \/>\n<meta property=\"og:locale\" content=\"pt_BR\" \/>\n<meta property=\"og:type\" content=\"article\" \/>\n<meta property=\"og:title\" content=\"Cerca de R$ 135 mi ser\u00e3o investidos para ampliar programa de gest\u00e3o das \u00e1guas - CENED Cursos Online\" \/>\n<meta property=\"og:description\" content=\"O Minist\u00e9rio do Meio Ambiente (MMA) informa que o Programa de Consolida\u00e7\u00e3o do Pacto Nacional pela Gest\u00e3o das \u00c1guas (Progest\u00e3o) deve ser renovado por mais\" \/>\n<meta property=\"og:url\" content=\"https:\/\/cenedcursos.com.br\/meio-ambiente\/135-mi-serao-investidos-gestao-das-aguas\/\" \/>\n<meta property=\"og:site_name\" content=\"CENED Cursos Online\" \/>\n<meta property=\"article:published_time\" content=\"2017-04-06T21:31:24+00:00\" \/>\n<meta name=\"author\" content=\"Amarildo R. Ferrari\" \/>\n<meta name=\"twitter:card\" content=\"summary_large_image\" \/>\n<meta name=\"twitter:label1\" content=\"Escrito por\" \/>\n\t<meta name=\"twitter:data1\" content=\"Amarildo R. Ferrari\" \/>\n\t<meta name=\"twitter:label2\" content=\"Est. tempo de leitura\" \/>\n\t<meta name=\"twitter:data2\" content=\"2 minutos\" \/>\n<script type=\"application\/ld+json\" class=\"yoast-schema-graph\">{\"@context\":\"https:\/\/schema.org\",\"@graph\":[{\"@type\":\"WebPage\",\"@id\":\"https:\/\/cenedcursos.com.br\/meio-ambiente\/135-mi-serao-investidos-gestao-das-aguas\/\",\"url\":\"https:\/\/cenedcursos.com.br\/meio-ambiente\/135-mi-serao-investidos-gestao-das-aguas\/\",\"name\":\"Cerca de R$ 135 mi ser\u00e3o investidos para ampliar programa de gest\u00e3o das \u00e1guas - CENED Cursos Online\",\"isPartOf\":{\"@id\":\"https:\/\/cenedcursos.com.br\/meio-ambiente\/#website\"},\"datePublished\":\"2017-04-06T21:31:24+00:00\",\"author\":{\"@id\":\"https:\/\/cenedcursos.com.br\/meio-ambiente\/#\/schema\/person\/64377d24cdc16779a1eb6229894af388\"},\"description\":\"O Minist\u00e9rio do Meio Ambiente (MMA) informa que o Programa de Consolida\u00e7\u00e3o do Pacto Nacional pela Gest\u00e3o das \u00c1guas (Progest\u00e3o) deve ser renovado por mais\",\"breadcrumb\":{\"@id\":\"https:\/\/cenedcursos.com.br\/meio-ambiente\/135-mi-serao-investidos-gestao-das-aguas\/#breadcrumb\"},\"inLanguage\":\"pt-BR\",\"potentialAction\":[{\"@type\":\"ReadAction\",\"target\":[\"https:\/\/cenedcursos.com.br\/meio-ambiente\/135-mi-serao-investidos-gestao-das-aguas\/\"]}]},{\"@type\":\"BreadcrumbList\",\"@id\":\"https:\/\/cenedcursos.com.br\/meio-ambiente\/135-mi-serao-investidos-gestao-das-aguas\/#breadcrumb\",\"itemListElement\":[{\"@type\":\"ListItem\",\"position\":1,\"name\":\"In\u00edcio\",\"item\":\"https:\/\/cenedcursos.com.br\/meio-ambiente\/\"},{\"@type\":\"ListItem\",\"position\":2,\"name\":\"Cerca de R$ 135 mi ser\u00e3o investidos para ampliar programa de gest\u00e3o das \u00e1guas\"}]},{\"@type\":\"WebSite\",\"@id\":\"https:\/\/cenedcursos.com.br\/meio-ambiente\/#website\",\"url\":\"https:\/\/cenedcursos.com.br\/meio-ambiente\/\",\"name\":\"CENED Cursos Online\",\"description\":\"Aqui voc\u00ea encontra artigos em diversas \u00e1reas do conhecimento: meio ambiente, educa\u00e7\u00e3o, marketing digital, neg\u00f3cios online e muito mais.\",\"potentialAction\":[{\"@type\":\"SearchAction\",\"target\":{\"@type\":\"EntryPoint\",\"urlTemplate\":\"https:\/\/cenedcursos.com.br\/meio-ambiente\/?s={search_term_string}\"},\"query-input\":{\"@type\":\"PropertyValueSpecification\",\"valueRequired\":true,\"valueName\":\"search_term_string\"}}],\"inLanguage\":\"pt-BR\"},{\"@type\":\"Person\",\"@id\":\"https:\/\/cenedcursos.com.br\/meio-ambiente\/#\/schema\/person\/64377d24cdc16779a1eb6229894af388\",\"name\":\"Amarildo R. Ferrari\",\"image\":{\"@type\":\"ImageObject\",\"inLanguage\":\"pt-BR\",\"@id\":\"https:\/\/cenedcursos.com.br\/meio-ambiente\/#\/schema\/person\/image\/\",\"url\":\"https:\/\/secure.gravatar.com\/avatar\/6ea4248ca9f295c93f1b72f8398232f0fbbffe30349e6ec3839cfa5e09b0de3c?s=96&d=mm&r=g\",\"contentUrl\":\"https:\/\/secure.gravatar.com\/avatar\/6ea4248ca9f295c93f1b72f8398232f0fbbffe30349e6ec3839cfa5e09b0de3c?s=96&d=mm&r=g\",\"caption\":\"Amarildo R. Ferrari\"},\"sameAs\":[\"https:\/\/cenedcursos.com.br\/meio-ambiente\"],\"url\":\"https:\/\/cenedcursos.com.br\/meio-ambiente\/author\/admin\/\"}]}<\/script>\n<!-- \/ Yoast SEO plugin. -->","yoast_head_json":{"title":"Cerca de R$ 135 mi ser\u00e3o investidos para ampliar programa de gest\u00e3o das \u00e1guas - CENED Cursos Online","description":"O Minist\u00e9rio do Meio Ambiente (MMA) informa que o Programa de Consolida\u00e7\u00e3o do Pacto Nacional pela Gest\u00e3o das \u00c1guas (Progest\u00e3o) deve ser renovado por mais","robots":{"index":"index","follow":"follow","max-snippet":"max-snippet:-1","max-image-preview":"max-image-preview:large","max-video-preview":"max-video-preview:-1"},"canonical":"https:\/\/cenedcursos.com.br\/meio-ambiente\/135-mi-serao-investidos-gestao-das-aguas\/","og_locale":"pt_BR","og_type":"article","og_title":"Cerca de R$ 135 mi ser\u00e3o investidos para ampliar programa de gest\u00e3o das \u00e1guas - CENED Cursos Online","og_description":"O Minist\u00e9rio do Meio Ambiente (MMA) informa que o Programa de Consolida\u00e7\u00e3o do Pacto Nacional pela Gest\u00e3o das \u00c1guas (Progest\u00e3o) deve ser renovado por mais","og_url":"https:\/\/cenedcursos.com.br\/meio-ambiente\/135-mi-serao-investidos-gestao-das-aguas\/","og_site_name":"CENED Cursos Online","article_published_time":"2017-04-06T21:31:24+00:00","author":"Amarildo R. Ferrari","twitter_card":"summary_large_image","twitter_misc":{"Escrito por":"Amarildo R. Ferrari","Est. tempo de leitura":"2 minutos"},"schema":{"@context":"https:\/\/schema.org","@graph":[{"@type":"WebPage","@id":"https:\/\/cenedcursos.com.br\/meio-ambiente\/135-mi-serao-investidos-gestao-das-aguas\/","url":"https:\/\/cenedcursos.com.br\/meio-ambiente\/135-mi-serao-investidos-gestao-das-aguas\/","name":"Cerca de R$ 135 mi ser\u00e3o investidos para ampliar programa de gest\u00e3o das \u00e1guas - CENED Cursos Online","isPartOf":{"@id":"https:\/\/cenedcursos.com.br\/meio-ambiente\/#website"},"datePublished":"2017-04-06T21:31:24+00:00","author":{"@id":"https:\/\/cenedcursos.com.br\/meio-ambiente\/#\/schema\/person\/64377d24cdc16779a1eb6229894af388"},"description":"O Minist\u00e9rio do Meio Ambiente (MMA) informa que o Programa de Consolida\u00e7\u00e3o do Pacto Nacional pela Gest\u00e3o das \u00c1guas (Progest\u00e3o) deve ser renovado por mais","breadcrumb":{"@id":"https:\/\/cenedcursos.com.br\/meio-ambiente\/135-mi-serao-investidos-gestao-das-aguas\/#breadcrumb"},"inLanguage":"pt-BR","potentialAction":[{"@type":"ReadAction","target":["https:\/\/cenedcursos.com.br\/meio-ambiente\/135-mi-serao-investidos-gestao-das-aguas\/"]}]},{"@type":"BreadcrumbList","@id":"https:\/\/cenedcursos.com.br\/meio-ambiente\/135-mi-serao-investidos-gestao-das-aguas\/#breadcrumb","itemListElement":[{"@type":"ListItem","position":1,"name":"In\u00edcio","item":"https:\/\/cenedcursos.com.br\/meio-ambiente\/"},{"@type":"ListItem","position":2,"name":"Cerca de R$ 135 mi ser\u00e3o investidos para ampliar programa de gest\u00e3o das \u00e1guas"}]},{"@type":"WebSite","@id":"https:\/\/cenedcursos.com.br\/meio-ambiente\/#website","url":"https:\/\/cenedcursos.com.br\/meio-ambiente\/","name":"CENED Cursos Online","description":"Aqui voc\u00ea encontra artigos em diversas \u00e1reas do conhecimento: meio ambiente, educa\u00e7\u00e3o, marketing digital, neg\u00f3cios online e muito mais.","potentialAction":[{"@type":"SearchAction","target":{"@type":"EntryPoint","urlTemplate":"https:\/\/cenedcursos.com.br\/meio-ambiente\/?s={search_term_string}"},"query-input":{"@type":"PropertyValueSpecification","valueRequired":true,"valueName":"search_term_string"}}],"inLanguage":"pt-BR"},{"@type":"Person","@id":"https:\/\/cenedcursos.com.br\/meio-ambiente\/#\/schema\/person\/64377d24cdc16779a1eb6229894af388","name":"Amarildo R. Ferrari","image":{"@type":"ImageObject","inLanguage":"pt-BR","@id":"https:\/\/cenedcursos.com.br\/meio-ambiente\/#\/schema\/person\/image\/","url":"https:\/\/secure.gravatar.com\/avatar\/6ea4248ca9f295c93f1b72f8398232f0fbbffe30349e6ec3839cfa5e09b0de3c?s=96&d=mm&r=g","contentUrl":"https:\/\/secure.gravatar.com\/avatar\/6ea4248ca9f295c93f1b72f8398232f0fbbffe30349e6ec3839cfa5e09b0de3c?s=96&d=mm&r=g","caption":"Amarildo R. Ferrari"},"sameAs":["https:\/\/cenedcursos.com.br\/meio-ambiente"],"url":"https:\/\/cenedcursos.com.br\/meio-ambiente\/author\/admin\/"}]}},"jetpack_featured_media_url":"","jetpack_sharing_enabled":true,"_links":{"self":[{"href":"https:\/\/cenedcursos.com.br\/meio-ambiente\/wp-json\/wp\/v2\/posts\/8509","targetHints":{"allow":["GET"]}}],"collection":[{"href":"https:\/\/cenedcursos.com.br\/meio-ambiente\/wp-json\/wp\/v2\/posts"}],"about":[{"href":"https:\/\/cenedcursos.com.br\/meio-ambiente\/wp-json\/wp\/v2\/types\/post"}],"author":[{"embeddable":true,"href":"https:\/\/cenedcursos.com.br\/meio-ambiente\/wp-json\/wp\/v2\/users\/1"}],"replies":[{"embeddable":true,"href":"https:\/\/cenedcursos.com.br\/meio-ambiente\/wp-json\/wp\/v2\/comments?post=8509"}],"version-history":[{"count":0,"href":"https:\/\/cenedcursos.com.br\/meio-ambiente\/wp-json\/wp\/v2\/posts\/8509\/revisions"}],"wp:attachment":[{"href":"https:\/\/cenedcursos.com.br\/meio-ambiente\/wp-json\/wp\/v2\/media?parent=8509"}],"wp:term":[{"taxonomy":"category","embeddable":true,"href":"https:\/\/cenedcursos.com.br\/meio-ambiente\/wp-json\/wp\/v2\/categories?post=8509"},{"taxonomy":"post_tag","embeddable":true,"href":"https:\/\/cenedcursos.com.br\/meio-ambiente\/wp-json\/wp\/v2\/tags?post=8509"}],"curies":[{"name":"wp","href":"https:\/\/api.w.org\/{rel}","templated":true}]}}