{"id":859,"date":"2011-07-28T19:20:43","date_gmt":"2011-07-28T19:20:43","guid":{"rendered":"http:\/\/www.cenedcursos.com.br\/?p=859"},"modified":"2011-07-28T19:20:43","modified_gmt":"2011-07-28T19:20:43","slug":"sustentabilidade-e-ser-etico-e-solidario","status":"publish","type":"post","link":"https:\/\/cenedcursos.com.br\/meio-ambiente\/sustentabilidade-e-ser-etico-e-solidario\/","title":{"rendered":"Sustentabilidade \u00e9 ser \u00e9tico e solid\u00e1rio"},"content":{"rendered":"<p style=\"text-align: justify;\"><span style=\"font-size: 10pt; line-height: 115%; font-family: 'Arial','sans-serif';\">Uma palavra que est\u00e1 na moda e na m\u00eddia. Mas, ser\u00e1 que a sustentabilidade ser\u00e1 a redentora do caos em que estamos? <strong>Sustentabilidade<\/strong> \u00e9 ser \u00e9tico e solid\u00e1rio. \u00c9 ter compaix\u00e3o pela Terra. \u00c9 estar atento ao grito de socorro que ela nos emite atrav\u00e9s das cat\u00e1strofes ambientais. N\u00e3o seremos sustent\u00e1veis enquanto n\u00e3o deixarmos de lado o nosso ego\u00edsmo, enquanto cedemos aos apelos do mundo consumista. Enquanto milhares de pessoas morrem de fome e n\u00f3s muitas vezes colocamos a comida no lixo, ou porque n\u00e3o queremos ou n\u00e3o sabemos como reaproveit\u00e1-la, porque temos demais e n\u00e3o nos preocupamos com quem n\u00e3o tem. Enquanto n\u00e3o sairmos do nosso comodismo da nossa in\u00e9rcia um mundo sustent\u00e1vel ser\u00e1 dif\u00edcil.<\/span><\/p>\n<p style=\"text-align: justify;\"><span style=\"font-size: 10pt; line-height: 115%; font-family: 'Arial','sans-serif';\">A <strong>sustentabilidade<\/strong> clama pela uni\u00e3o de todos. Na escola, por exemplo, s\u00f3 a equipe diretiva n\u00e3o a promove, necessita do apoio e compromisso de docentes, discentes e cooperadores em geral. O mesmo acontece nas empresas; alta dire\u00e7\u00e3o e colaboradores todos s\u00e3o important\u00edssimos para que venha surgir ind\u00edcios da sustentabilidade. O presidente e os governadores com todos os pol\u00edticos podem at\u00e9 planej\u00e1-la, por\u00e9m sem a participa\u00e7\u00e3o conjunta de toda a sociedade n\u00e3o haver\u00e1 sustentabilidade. Todos n\u00f3s somos convocados a contribuir. <\/span><\/p>\n<p style=\"text-align: justify;\"><span style=\"font-size: 10pt; line-height: 115%; font-family: 'Arial','sans-serif';\">Toda vez que um professor que conhece sobre a solidariedade, que sabe da sua responsabilidade em informar e formar um novo cidad\u00e3o abre m\u00e3o desse papel, n\u00e3o ensinando todo o conte\u00fado necess\u00e1rio a forma\u00e7\u00e3o desse sujeito, n\u00e3o<a href=\"https:\/\/i0.wp.com\/www.cenedcursos.com.br\/meio-ambiente\/wp-content\/uploads\/2011\/07\/sustentabilidade-ser-etico-solidario.jpg?ssl=1\" rel=\"attachment wp-att-7957\"><img data-recalc-dims=\"1\" loading=\"lazy\" decoding=\"async\" data-attachment-id=\"7957\" data-permalink=\"https:\/\/cenedcursos.com.br\/meio-ambiente\/sustentabilidade-ser-etico-solidario\/\" data-orig-file=\"https:\/\/i0.wp.com\/cenedcursos.com.br\/meio-ambiente\/wp-content\/uploads\/2011\/07\/sustentabilidade-ser-etico-solidario-1.jpg?fit=425%2C366&amp;ssl=1\" data-orig-size=\"425,366\" data-comments-opened=\"1\" data-image-meta=\"{&quot;aperture&quot;:&quot;0&quot;,&quot;credit&quot;:&quot;&quot;,&quot;camera&quot;:&quot;&quot;,&quot;caption&quot;:&quot;&quot;,&quot;created_timestamp&quot;:&quot;0&quot;,&quot;copyright&quot;:&quot;&quot;,&quot;focal_length&quot;:&quot;0&quot;,&quot;iso&quot;:&quot;0&quot;,&quot;shutter_speed&quot;:&quot;0&quot;,&quot;title&quot;:&quot;&quot;,&quot;orientation&quot;:&quot;0&quot;}\" data-image-title=\"sustentabilidade ser etico solidario\" data-image-description=\"\" data-image-caption=\"\" data-medium-file=\"https:\/\/i0.wp.com\/cenedcursos.com.br\/meio-ambiente\/wp-content\/uploads\/2011\/07\/sustentabilidade-ser-etico-solidario-1.jpg?fit=300%2C258&amp;ssl=1\" data-large-file=\"https:\/\/i0.wp.com\/cenedcursos.com.br\/meio-ambiente\/wp-content\/uploads\/2011\/07\/sustentabilidade-ser-etico-solidario-1.jpg?fit=425%2C366&amp;ssl=1\" class=\"alignright wp-image-7957 size-medium\" src=\"https:\/\/i0.wp.com\/www.cenedcursos.com.br\/meio-ambiente\/wp-content\/uploads\/2011\/07\/sustentabilidade-ser-etico-solidario-300x258.jpg?resize=300%2C258&#038;ssl=1\" alt=\"sustentabilidade ser etico solidario\" width=\"300\" height=\"258\" \/><\/a> mostrando a ele que a vida n\u00e3o \u00e9 mole, oferecendo a este a aprova\u00e7\u00e3o sem a condi\u00e7\u00e3o, esse profissional est\u00e1 pecando contra a sustentabilidade. Para ser sustent\u00e1vel \u00e9 necess\u00e1rio querer mudar, querer se superar. E todo educando deve compreender que aprender \u00e9 uma li\u00e7\u00e3o de supera\u00e7\u00e3o a cada dia. O ato de estudar, n\u00e3o \u00e9 meramente abrir os livros na sala de aula, ler em meio \u00e0 conversa paralela. \u00c9 entender o que leu e aplicar no seu cotidiano quando poss\u00edvel. Ser estudante \u00e9 trabalhoso. Em casa \u00e9 dever do discente revisar todo o conte\u00fado para fix\u00e1-lo melhor. Sustentabilidade \u00e9 dif\u00edcil de viver, de aplicar.<\/span><\/p>\n<p style=\"text-align: justify;\"><span style=\"font-size: 10pt; line-height: 115%; font-family: 'Arial','sans-serif';\">Toda vez que o diretor da empresa doa um percentual do faturamento desta para entidades filantr\u00f3picas, mas l\u00e1 na empresa n\u00e3o h\u00e1 preocupa\u00e7\u00e3o com os funcion\u00e1rios, sua condi\u00e7\u00e3o de vida, seu sal\u00e1rio que razoavelmente alimenta a fam\u00edlia. N\u00e3o acontece uma pol\u00edtica ambiental de cuidado com os arredores onde a empresa est\u00e1 instalada, a sustentabilidade est\u00e1 apenas no papel. Ser\u00e1 que a \u00e1gua contaminada, os res\u00edduos gerados por ela s\u00e3o tratados, separados e tratados corretamente? A responsabilidade social das empresas existe de fato quando estas se responsabilizam por todos os danos causados por ela \u00e0 natureza. Se isto n\u00e3o acontece, o resto \u00e9 conversa, discurso para marketing verde que est\u00e1 no papel.<\/span><\/p>\n<p style=\"text-align: justify;\"><span style=\"font-size: 10pt; line-height: 115%; font-family: 'Arial','sans-serif';\">A \u00e1gua, esse recurso t\u00e3o essencial para qualquer tipo de vida cabe um novo texto, uma nova reflex\u00e3o, por\u00e9m, n\u00e3o pode ficar de fora. Como acontecer\u00e1 a sustentabilidade se cada vez mais aumenta a popula\u00e7\u00e3o mundial e \u00e1gua vai se tornando cada vez mais uma preciosidade? <\/span><\/p>\n<p style=\"text-align: justify;\"><span style=\"font-size: 10pt; line-height: 115%; font-family: 'Arial','sans-serif';\">Vejamos n\u00f3s brasileiros como exemplos de descaso de descompromisso com este l\u00edquido t\u00e3o importante. O Brasil conta com grandes reservas de \u00e1gua doce. Est\u00e3o em territ\u00f3rio brasileiro 70% do Aqu\u00edfero Guarani, uma das maiores reservas de \u00e1gua doce subterr\u00e2neas do mundo. Triste \u00e9 concluir que n\u00e3o h\u00e1 uma pol\u00edtica de conscientiza\u00e7\u00e3o a respeito do uso deste recurso que sabemos \u00e9 inesgot\u00e1vel sim. \u00c9 uma ideologia a sustentabilidade num mundo onde n\u00e3o h\u00e1 o recurso mais essencial \u00e0 vida. No Brasil at\u00e9 h\u00e1, mas falta o cuidado e sobra o desperd\u00edcio. Quantos de n\u00f3s que leva \u00e0 s\u00e9rio um banho de cinco minutos? Escovar os dentes ou lavar a lou\u00e7a com a torneira fechada? Reutilizar a \u00e1gua que se lava verduras, vegetais para aguar plantas, para outras limpezas? Nas casas, quando haver\u00e1 uma exig\u00eancia para que haja um reservat\u00f3rio para recolhimento de \u00e1gua da chuva, ou at\u00e9 mesmo do enx\u00e1gue da m\u00e1quina de lavar? \u00c1gua que poderia ser utilizada nas descargas dos banheiros, regar os jardins, limpeza de cal\u00e7adas e vias p\u00fablicas. Por que apenas pr\u00e9dios grandiosos est\u00e3o tendo esta oportunidade? Quando essa oportunidade vai chegar at\u00e9 as casas mais simples? A sustentabilidade n\u00e3o acontece sem planejamento de consumo. Com a \u00e1gua, principalmente, \u00e9 quase imposs\u00edvel. <\/span><\/p>\n<p style=\"text-align: justify;\"><span style=\"font-size: 10pt; line-height: 115%; font-family: 'Arial','sans-serif';\">Com os pol\u00edticos do Brasil \u00e9 outra vez mais imposs\u00edvel reinar a sustentabilidade. A maioria n\u00e3o vive o discurso que prega. S\u00e3o contra exemplo. N\u00e3o possui nem \u00e9tica, nem moral para representar ningu\u00e9m. Representa apenas o pr\u00f3prio interesse e o interesse de pessoas que partilham da mesma classe deles. Passa a ser outra vez uma ideologia, um discurso pol\u00edtico poderoso, a sustentabilidade. Por que um trabalhador ganha 570,00 para manter por um m\u00eas toda a sua fam\u00edlia? E o pol\u00edtico recebe vergonhosamente 11.500 por minuto de trabalho? Os nossos pol\u00edticos s\u00e3o de dar vergonha! Por que pagamos impostos t\u00e3o altos? Se necessitarmos de sa\u00fade, educa\u00e7\u00e3o, seguran\u00e7a e nada temos. Tudo novamente, temos que pagar! Quando dermos um basta nos altos sal\u00e1rios dos pol\u00edticos, talvez sobre um pouquinho de esperan\u00e7a para as \u00e1reas acima.<\/span><\/p>\n<p style=\"text-align: justify;\"><span style=\"font-size: 10pt; line-height: 115%; font-family: 'Arial','sans-serif';\">N\u00f3s humanos estamos numa crise, onde reina a falta de \u00e9tica e supera a gan\u00e2ncia e a arrog\u00e2ncia. Se n\u00e3o enxergamos nem o nosso pr\u00f3ximo, como \u00e9 que vamos pensar em preservar algo para as gera\u00e7\u00f5es futuras? E o nosso pr\u00f3ximo que est\u00e1 vivendo agora, aquele que mora em \u00e1reas de risco, que sofre com enchentes, que n\u00e3o tem saneamento, e muitas vezes nem o que comer? Eis o que prega o desenvolvimento sustent\u00e1vel: <em>\u2018\u2018desenvolvimento sustent\u00e1vel \u00e9 o desenvolvimento capaz de suprir as necessidades da gera\u00e7\u00e3o atual, sem comprometer a capacidade de atender as necessidades das futuras gera\u00e7\u00f5es\u201d. <\/em><\/span><\/p>\n<p style=\"text-align: justify;\"><span style=\"font-size: 10pt; line-height: 115%; font-family: 'Arial','sans-serif';\"> Se de fato queremos viver num mundo melhor, num mundo mais seguro, precisamos reaprender a ser pessoa. Precisamos ser solid\u00e1rios de verdade! Tomar atitudes perante as injusti\u00e7as contra os mais fracos. <em>Hugo Asmann<\/em> diz: \u2018<em>Os seres humanos n\u00e3o s\u00e3o \u201cnaturalmente\u201d t\u00e3o solid\u00e1rios quanto parecem supor nossos sonhos de uma sociedade justa e fraternal. \u2019<\/em><\/span><\/p>\n<p style=\"text-align: justify;\"><span style=\"font-size: 10pt; line-height: 115%; font-family: 'Arial','sans-serif';\">Como queremos defender a natureza, se n\u00e3o defendemos muitas vezes o outro, para que tenha direito \u00e0 alimenta\u00e7\u00e3o, sa\u00fade, moradia e educa\u00e7\u00e3o? Devemos sim defender o que nos resta da natureza, mas devemos cuidar da sociedade. Necessitamos urgentemente acordar e compreender a frase de <em>Mahatma Gandhi<\/em>: \u2018<em>A terra satisfaz a necessidade de todos, mas n\u00e3o a voracidade dos consumistas. \u2019<\/em><\/span><\/p>\n<p style=\"text-align: justify;\"><span style=\"font-size: 10pt; line-height: 115%; font-family: 'Arial','sans-serif';\">Se pretendermos implantar a sustentabilidade em nosso planeta, precisamos ser primeiramente solid\u00e1rios. H\u00e1 um descompasso muito grande entre ricos e pobres. Como podemos admitir que apenas 2% de pessoas detenham 50% de toda a riqueza mundial? Que o consumo de um cidad\u00e3o em alguns pa\u00edses do Norte, chega a ser, em determinados aspectos, vinte vezes maiores ao de um habitante de pa\u00edses do Sul. Como admitir que apenas 20% da humanidade consomem 75% de tudo que \u00e9 produzido no planeta? Falando em combust\u00edveis f\u00f3sseis, os Estados Unidos representam no m\u00e1ximo 6% da popula\u00e7\u00e3o mundial e consomem 30% da energia mundial. Como atingir a sustentabilidade?<\/span><\/p>\n<p style=\"text-align: justify;\"><span style=\"font-size: 10pt; line-height: 115%; font-family: 'Arial','sans-serif';\">Sabemos que: <em>\u201cA educa\u00e7\u00e3o n\u00e3o muda o mundo. A educa\u00e7\u00e3o muda as pessoas. As pessoas mudam o mundo.\u201d <\/em>N\u00f3s estamos carentes de educa\u00e7\u00e3o para aprendizagem da solidariedade. Necessitamos lembrar que estamos na terra apenas de passagem, ent\u00e3o porque juntar tanto? Como superar o germe da gan\u00e2ncia? Ser\u00e1 que h\u00e1 caminhos que nos leve a sustentabilidade se continuarmos a viver como vivemos? Ser\u00e1 que estamos dispostos a reaprender a viver abrindo m\u00e3o do nosso conforto conquistado?<\/span><\/p>\n<p style=\"text-align: justify;\"><span style=\"font-size: 10pt; line-height: 115%; font-family: 'Arial','sans-serif';\">Se quisermos viver a sustentabilidade, ent\u00e3o que estejamos dispostos a dar o primeiro passo. Mudando a n\u00f3s pr\u00f3prios. Viver na solidariedade, generosidade e esperan\u00e7a para uma nova humanidade.<\/span><\/p>\n<p style=\"text-align: right;\"><em><span style=\"font-size: 10pt; line-height: 115%; font-family: 'Arial','sans-serif';\">Autora: Nadir Ap. Dias Ferrari<\/span><\/em><\/p>\n<p style=\"text-align: center;\">[grwebform url=&#8221;http:\/\/app.getresponse.com\/view_webform.js?wid=3381303&amp;u=SK7G&#8221; css=&#8221;on&#8221;\/]<\/p>\n","protected":false},"excerpt":{"rendered":"<p>Uma palavra que est\u00e1 na moda e na m\u00eddia. Mas, ser\u00e1 que a sustentabilidade ser\u00e1 a redentora do caos em que estamos? Sustentabilidade \u00e9 ser \u00e9tico e solid\u00e1rio. \u00c9 ter compaix\u00e3o pela Terra. \u00c9 estar atento ao grito de socorro que ela nos emite atrav\u00e9s das cat\u00e1strofes ambientais. N\u00e3o seremos sustent\u00e1veis enquanto n\u00e3o deixarmos de [&hellip;]<\/p>\n","protected":false},"author":1,"featured_media":0,"comment_status":"open","ping_status":"open","sticky":false,"template":"","format":"standard","meta":{"_jetpack_memberships_contains_paid_content":false,"footnotes":""},"categories":[499],"tags":[526,683,188,781,803,52,934,1041,1049,1100,1105,113,1107,1108,161],"class_list":{"0":"post-859","1":"post","2":"type-post","3":"status-publish","4":"format-standard","6":"category-sustentabilidade-textos","7":"tag-ambiental","8":"tag-desenvolvimento-sustentavel","9":"tag-educacao","10":"tag-etico","11":"tag-gerenciamento","12":"tag-meio-ambiente","13":"tag-palestras","14":"tag-residuos","15":"tag-residuos-solidos","16":"tag-solidario","17":"tag-sustentabilidade","18":"tag-sustentabilidade-ambiental","19":"tag-sustentaveis","20":"tag-sustentavel","21":"tag-terra"},"yoast_head":"<!-- This site is optimized with the Yoast SEO plugin v25.1 - https:\/\/yoast.com\/wordpress\/plugins\/seo\/ -->\n<title>Sustentabilidade \u00e9 ser \u00e9tico e solid\u00e1rio - CENED Cursos Online<\/title>\n<meta name=\"robots\" content=\"index, follow, max-snippet:-1, max-image-preview:large, max-video-preview:-1\" \/>\n<link rel=\"canonical\" href=\"https:\/\/cenedcursos.com.br\/meio-ambiente\/sustentabilidade-e-ser-etico-e-solidario\/\" \/>\n<meta property=\"og:locale\" content=\"pt_BR\" \/>\n<meta property=\"og:type\" content=\"article\" \/>\n<meta property=\"og:title\" content=\"Sustentabilidade \u00e9 ser \u00e9tico e solid\u00e1rio - CENED Cursos Online\" \/>\n<meta property=\"og:description\" content=\"Uma palavra que est\u00e1 na moda e na m\u00eddia. Mas, ser\u00e1 que a sustentabilidade ser\u00e1 a redentora do caos em que estamos? Sustentabilidade \u00e9 ser \u00e9tico e solid\u00e1rio. \u00c9 ter compaix\u00e3o pela Terra. \u00c9 estar atento ao grito de socorro que ela nos emite atrav\u00e9s das cat\u00e1strofes ambientais. N\u00e3o seremos sustent\u00e1veis enquanto n\u00e3o deixarmos de [&hellip;]\" \/>\n<meta property=\"og:url\" content=\"https:\/\/cenedcursos.com.br\/meio-ambiente\/sustentabilidade-e-ser-etico-e-solidario\/\" \/>\n<meta property=\"og:site_name\" content=\"CENED Cursos Online\" \/>\n<meta property=\"article:published_time\" content=\"2011-07-28T19:20:43+00:00\" \/>\n<meta property=\"og:image\" content=\"https:\/\/www.cenedcursos.com.br\/meio-ambiente\/wp-content\/uploads\/2011\/07\/sustentabilidade-ser-etico-solidario-300x258.jpg\" \/>\n<meta name=\"author\" content=\"Amarildo R. Ferrari\" \/>\n<meta name=\"twitter:card\" content=\"summary_large_image\" \/>\n<meta name=\"twitter:label1\" content=\"Escrito por\" \/>\n\t<meta name=\"twitter:data1\" content=\"Amarildo R. Ferrari\" \/>\n\t<meta name=\"twitter:label2\" content=\"Est. tempo de leitura\" \/>\n\t<meta name=\"twitter:data2\" content=\"7 minutos\" \/>\n<script type=\"application\/ld+json\" class=\"yoast-schema-graph\">{\"@context\":\"https:\/\/schema.org\",\"@graph\":[{\"@type\":\"WebPage\",\"@id\":\"https:\/\/cenedcursos.com.br\/meio-ambiente\/sustentabilidade-e-ser-etico-e-solidario\/\",\"url\":\"https:\/\/cenedcursos.com.br\/meio-ambiente\/sustentabilidade-e-ser-etico-e-solidario\/\",\"name\":\"Sustentabilidade \u00e9 ser \u00e9tico e solid\u00e1rio - CENED Cursos Online\",\"isPartOf\":{\"@id\":\"https:\/\/cenedcursos.com.br\/meio-ambiente\/#website\"},\"primaryImageOfPage\":{\"@id\":\"https:\/\/cenedcursos.com.br\/meio-ambiente\/sustentabilidade-e-ser-etico-e-solidario\/#primaryimage\"},\"image\":{\"@id\":\"https:\/\/cenedcursos.com.br\/meio-ambiente\/sustentabilidade-e-ser-etico-e-solidario\/#primaryimage\"},\"thumbnailUrl\":\"https:\/\/www.cenedcursos.com.br\/meio-ambiente\/wp-content\/uploads\/2011\/07\/sustentabilidade-ser-etico-solidario-300x258.jpg\",\"datePublished\":\"2011-07-28T19:20:43+00:00\",\"author\":{\"@id\":\"https:\/\/cenedcursos.com.br\/meio-ambiente\/#\/schema\/person\/64377d24cdc16779a1eb6229894af388\"},\"breadcrumb\":{\"@id\":\"https:\/\/cenedcursos.com.br\/meio-ambiente\/sustentabilidade-e-ser-etico-e-solidario\/#breadcrumb\"},\"inLanguage\":\"pt-BR\",\"potentialAction\":[{\"@type\":\"ReadAction\",\"target\":[\"https:\/\/cenedcursos.com.br\/meio-ambiente\/sustentabilidade-e-ser-etico-e-solidario\/\"]}]},{\"@type\":\"ImageObject\",\"inLanguage\":\"pt-BR\",\"@id\":\"https:\/\/cenedcursos.com.br\/meio-ambiente\/sustentabilidade-e-ser-etico-e-solidario\/#primaryimage\",\"url\":\"https:\/\/www.cenedcursos.com.br\/meio-ambiente\/wp-content\/uploads\/2011\/07\/sustentabilidade-ser-etico-solidario-300x258.jpg\",\"contentUrl\":\"https:\/\/www.cenedcursos.com.br\/meio-ambiente\/wp-content\/uploads\/2011\/07\/sustentabilidade-ser-etico-solidario-300x258.jpg\"},{\"@type\":\"BreadcrumbList\",\"@id\":\"https:\/\/cenedcursos.com.br\/meio-ambiente\/sustentabilidade-e-ser-etico-e-solidario\/#breadcrumb\",\"itemListElement\":[{\"@type\":\"ListItem\",\"position\":1,\"name\":\"In\u00edcio\",\"item\":\"https:\/\/cenedcursos.com.br\/meio-ambiente\/\"},{\"@type\":\"ListItem\",\"position\":2,\"name\":\"Sustentabilidade \u00e9 ser \u00e9tico e solid\u00e1rio\"}]},{\"@type\":\"WebSite\",\"@id\":\"https:\/\/cenedcursos.com.br\/meio-ambiente\/#website\",\"url\":\"https:\/\/cenedcursos.com.br\/meio-ambiente\/\",\"name\":\"CENED Cursos Online\",\"description\":\"Aqui voc\u00ea encontra artigos em diversas \u00e1reas do conhecimento: meio ambiente, educa\u00e7\u00e3o, marketing digital, neg\u00f3cios online e muito mais.\",\"potentialAction\":[{\"@type\":\"SearchAction\",\"target\":{\"@type\":\"EntryPoint\",\"urlTemplate\":\"https:\/\/cenedcursos.com.br\/meio-ambiente\/?s={search_term_string}\"},\"query-input\":{\"@type\":\"PropertyValueSpecification\",\"valueRequired\":true,\"valueName\":\"search_term_string\"}}],\"inLanguage\":\"pt-BR\"},{\"@type\":\"Person\",\"@id\":\"https:\/\/cenedcursos.com.br\/meio-ambiente\/#\/schema\/person\/64377d24cdc16779a1eb6229894af388\",\"name\":\"Amarildo R. Ferrari\",\"image\":{\"@type\":\"ImageObject\",\"inLanguage\":\"pt-BR\",\"@id\":\"https:\/\/cenedcursos.com.br\/meio-ambiente\/#\/schema\/person\/image\/\",\"url\":\"https:\/\/secure.gravatar.com\/avatar\/6ea4248ca9f295c93f1b72f8398232f0fbbffe30349e6ec3839cfa5e09b0de3c?s=96&d=mm&r=g\",\"contentUrl\":\"https:\/\/secure.gravatar.com\/avatar\/6ea4248ca9f295c93f1b72f8398232f0fbbffe30349e6ec3839cfa5e09b0de3c?s=96&d=mm&r=g\",\"caption\":\"Amarildo R. Ferrari\"},\"sameAs\":[\"https:\/\/cenedcursos.com.br\/meio-ambiente\"],\"url\":\"https:\/\/cenedcursos.com.br\/meio-ambiente\/author\/admin\/\"}]}<\/script>\n<!-- \/ Yoast SEO plugin. -->","yoast_head_json":{"title":"Sustentabilidade \u00e9 ser \u00e9tico e solid\u00e1rio - CENED Cursos Online","robots":{"index":"index","follow":"follow","max-snippet":"max-snippet:-1","max-image-preview":"max-image-preview:large","max-video-preview":"max-video-preview:-1"},"canonical":"https:\/\/cenedcursos.com.br\/meio-ambiente\/sustentabilidade-e-ser-etico-e-solidario\/","og_locale":"pt_BR","og_type":"article","og_title":"Sustentabilidade \u00e9 ser \u00e9tico e solid\u00e1rio - CENED Cursos Online","og_description":"Uma palavra que est\u00e1 na moda e na m\u00eddia. Mas, ser\u00e1 que a sustentabilidade ser\u00e1 a redentora do caos em que estamos? Sustentabilidade \u00e9 ser \u00e9tico e solid\u00e1rio. \u00c9 ter compaix\u00e3o pela Terra. \u00c9 estar atento ao grito de socorro que ela nos emite atrav\u00e9s das cat\u00e1strofes ambientais. N\u00e3o seremos sustent\u00e1veis enquanto n\u00e3o deixarmos de [&hellip;]","og_url":"https:\/\/cenedcursos.com.br\/meio-ambiente\/sustentabilidade-e-ser-etico-e-solidario\/","og_site_name":"CENED Cursos Online","article_published_time":"2011-07-28T19:20:43+00:00","og_image":[{"url":"https:\/\/www.cenedcursos.com.br\/meio-ambiente\/wp-content\/uploads\/2011\/07\/sustentabilidade-ser-etico-solidario-300x258.jpg","type":"","width":"","height":""}],"author":"Amarildo R. Ferrari","twitter_card":"summary_large_image","twitter_misc":{"Escrito por":"Amarildo R. Ferrari","Est. tempo de leitura":"7 minutos"},"schema":{"@context":"https:\/\/schema.org","@graph":[{"@type":"WebPage","@id":"https:\/\/cenedcursos.com.br\/meio-ambiente\/sustentabilidade-e-ser-etico-e-solidario\/","url":"https:\/\/cenedcursos.com.br\/meio-ambiente\/sustentabilidade-e-ser-etico-e-solidario\/","name":"Sustentabilidade \u00e9 ser \u00e9tico e solid\u00e1rio - CENED Cursos Online","isPartOf":{"@id":"https:\/\/cenedcursos.com.br\/meio-ambiente\/#website"},"primaryImageOfPage":{"@id":"https:\/\/cenedcursos.com.br\/meio-ambiente\/sustentabilidade-e-ser-etico-e-solidario\/#primaryimage"},"image":{"@id":"https:\/\/cenedcursos.com.br\/meio-ambiente\/sustentabilidade-e-ser-etico-e-solidario\/#primaryimage"},"thumbnailUrl":"https:\/\/www.cenedcursos.com.br\/meio-ambiente\/wp-content\/uploads\/2011\/07\/sustentabilidade-ser-etico-solidario-300x258.jpg","datePublished":"2011-07-28T19:20:43+00:00","author":{"@id":"https:\/\/cenedcursos.com.br\/meio-ambiente\/#\/schema\/person\/64377d24cdc16779a1eb6229894af388"},"breadcrumb":{"@id":"https:\/\/cenedcursos.com.br\/meio-ambiente\/sustentabilidade-e-ser-etico-e-solidario\/#breadcrumb"},"inLanguage":"pt-BR","potentialAction":[{"@type":"ReadAction","target":["https:\/\/cenedcursos.com.br\/meio-ambiente\/sustentabilidade-e-ser-etico-e-solidario\/"]}]},{"@type":"ImageObject","inLanguage":"pt-BR","@id":"https:\/\/cenedcursos.com.br\/meio-ambiente\/sustentabilidade-e-ser-etico-e-solidario\/#primaryimage","url":"https:\/\/www.cenedcursos.com.br\/meio-ambiente\/wp-content\/uploads\/2011\/07\/sustentabilidade-ser-etico-solidario-300x258.jpg","contentUrl":"https:\/\/www.cenedcursos.com.br\/meio-ambiente\/wp-content\/uploads\/2011\/07\/sustentabilidade-ser-etico-solidario-300x258.jpg"},{"@type":"BreadcrumbList","@id":"https:\/\/cenedcursos.com.br\/meio-ambiente\/sustentabilidade-e-ser-etico-e-solidario\/#breadcrumb","itemListElement":[{"@type":"ListItem","position":1,"name":"In\u00edcio","item":"https:\/\/cenedcursos.com.br\/meio-ambiente\/"},{"@type":"ListItem","position":2,"name":"Sustentabilidade \u00e9 ser \u00e9tico e solid\u00e1rio"}]},{"@type":"WebSite","@id":"https:\/\/cenedcursos.com.br\/meio-ambiente\/#website","url":"https:\/\/cenedcursos.com.br\/meio-ambiente\/","name":"CENED Cursos Online","description":"Aqui voc\u00ea encontra artigos em diversas \u00e1reas do conhecimento: meio ambiente, educa\u00e7\u00e3o, marketing digital, neg\u00f3cios online e muito mais.","potentialAction":[{"@type":"SearchAction","target":{"@type":"EntryPoint","urlTemplate":"https:\/\/cenedcursos.com.br\/meio-ambiente\/?s={search_term_string}"},"query-input":{"@type":"PropertyValueSpecification","valueRequired":true,"valueName":"search_term_string"}}],"inLanguage":"pt-BR"},{"@type":"Person","@id":"https:\/\/cenedcursos.com.br\/meio-ambiente\/#\/schema\/person\/64377d24cdc16779a1eb6229894af388","name":"Amarildo R. Ferrari","image":{"@type":"ImageObject","inLanguage":"pt-BR","@id":"https:\/\/cenedcursos.com.br\/meio-ambiente\/#\/schema\/person\/image\/","url":"https:\/\/secure.gravatar.com\/avatar\/6ea4248ca9f295c93f1b72f8398232f0fbbffe30349e6ec3839cfa5e09b0de3c?s=96&d=mm&r=g","contentUrl":"https:\/\/secure.gravatar.com\/avatar\/6ea4248ca9f295c93f1b72f8398232f0fbbffe30349e6ec3839cfa5e09b0de3c?s=96&d=mm&r=g","caption":"Amarildo R. Ferrari"},"sameAs":["https:\/\/cenedcursos.com.br\/meio-ambiente"],"url":"https:\/\/cenedcursos.com.br\/meio-ambiente\/author\/admin\/"}]}},"jetpack_featured_media_url":"","jetpack_sharing_enabled":true,"_links":{"self":[{"href":"https:\/\/cenedcursos.com.br\/meio-ambiente\/wp-json\/wp\/v2\/posts\/859","targetHints":{"allow":["GET"]}}],"collection":[{"href":"https:\/\/cenedcursos.com.br\/meio-ambiente\/wp-json\/wp\/v2\/posts"}],"about":[{"href":"https:\/\/cenedcursos.com.br\/meio-ambiente\/wp-json\/wp\/v2\/types\/post"}],"author":[{"embeddable":true,"href":"https:\/\/cenedcursos.com.br\/meio-ambiente\/wp-json\/wp\/v2\/users\/1"}],"replies":[{"embeddable":true,"href":"https:\/\/cenedcursos.com.br\/meio-ambiente\/wp-json\/wp\/v2\/comments?post=859"}],"version-history":[{"count":0,"href":"https:\/\/cenedcursos.com.br\/meio-ambiente\/wp-json\/wp\/v2\/posts\/859\/revisions"}],"wp:attachment":[{"href":"https:\/\/cenedcursos.com.br\/meio-ambiente\/wp-json\/wp\/v2\/media?parent=859"}],"wp:term":[{"taxonomy":"category","embeddable":true,"href":"https:\/\/cenedcursos.com.br\/meio-ambiente\/wp-json\/wp\/v2\/categories?post=859"},{"taxonomy":"post_tag","embeddable":true,"href":"https:\/\/cenedcursos.com.br\/meio-ambiente\/wp-json\/wp\/v2\/tags?post=859"}],"curies":[{"name":"wp","href":"https:\/\/api.w.org\/{rel}","templated":true}]}}