{"id":870,"date":"2011-09-22T14:01:04","date_gmt":"2011-09-22T14:01:04","guid":{"rendered":"http:\/\/www.cenedcursos.com.br\/?p=870"},"modified":"2025-05-23T14:53:43","modified_gmt":"2025-05-23T17:53:43","slug":"reuso-de-agua-no-brasil","status":"publish","type":"post","link":"https:\/\/cenedcursos.com.br\/meio-ambiente\/reuso-de-agua-no-brasil\/","title":{"rendered":"Re\u00faso de \u00c1gua no Brasil"},"content":{"rendered":"<p><span style=\"font-size: 10pt;\"><strong><span style=\"font-family: Arial, sans-serif;\">INTRODU\u00c7\u00c3O<\/span><\/strong><span class=\"Apple-style-span\" style=\"line-height: 16px;\"><strong><span style=\"font-family: Arial, sans-serif;\">\u00a0<\/span><\/strong><\/span><\/span><\/p>\n<p style=\"text-align: justify; line-height: 150%;\"><span style=\"font-family: Arial, sans-serif; font-size: 10pt;\">A gest\u00e3o dos recursos h\u00eddricos tem um grande desafio: equilibrar a necessidade dos usu\u00e1rios e a disponibilidade de \u00e1gua. A press\u00e3o sobre os recursos h\u00eddricos pode ser reduzida com o controle das demandas.<\/span><\/p>\n<p style=\"text-align: justify; line-height: 150%;\"><span style=\"font-family: Arial, sans-serif; font-size: 10pt;\">Segundo Rodrigues (2005) o <strong>re\u00faso de \u00e1gua<\/strong> surge atuando em dois aspectos:<br \/>\n<\/span><\/p>\n<ul>\n<li><span style=\"font-family: Arial, sans-serif; font-size: 10pt;\">Instrumento para redu\u00e7\u00e3o do consumo de \u00e1gua (controle de demanda);<\/span><\/li>\n<li><span style=\"font-family: Arial, sans-serif; font-size: 10pt;\">\u00c1gua de re\u00faso considerada recurso h\u00eddrico complementar.<br \/>\n<\/span><\/li>\n<\/ul>\n<p style=\"text-align: justify; line-height: 150%;\"><span style=\"font-family: Arial, sans-serif; font-size: 10pt;\">Algumas consequ\u00eancias da aus\u00eancia de legisla\u00e7\u00e3o sobre o assunto podem ocorrer, tais como: altos riscos de contamina\u00e7\u00e3o do meio ambiente (caso a \u00e1gua n\u00e3o tenha sido tratada corretamente); pr\u00e1ticas inadequadas (car\u00eancia de informa\u00e7\u00e3o dos usu\u00e1rios); riscos \u00e0 sa\u00fade p\u00fablica; dificuldade de autoriza\u00e7\u00e3o dos \u00f3rg\u00e3os ambientais.<a href=\"https:\/\/i0.wp.com\/www.cenedcursos.com.br\/meio-ambiente\/wp-content\/uploads\/2011\/09\/reuso-da-agua.png?ssl=1\" rel=\"attachment wp-att-7894\"><img data-recalc-dims=\"1\" loading=\"lazy\" decoding=\"async\" data-attachment-id=\"7894\" data-permalink=\"https:\/\/cenedcursos.com.br\/meio-ambiente\/reuso-da-agua\/\" data-orig-file=\"https:\/\/i0.wp.com\/cenedcursos.com.br\/meio-ambiente\/wp-content\/uploads\/2011\/09\/reuso-da-agua-1.png?fit=248%2C300&amp;ssl=1\" data-orig-size=\"248,300\" data-comments-opened=\"1\" data-image-meta=\"{&quot;aperture&quot;:&quot;0&quot;,&quot;credit&quot;:&quot;&quot;,&quot;camera&quot;:&quot;&quot;,&quot;caption&quot;:&quot;&quot;,&quot;created_timestamp&quot;:&quot;0&quot;,&quot;copyright&quot;:&quot;&quot;,&quot;focal_length&quot;:&quot;0&quot;,&quot;iso&quot;:&quot;0&quot;,&quot;shutter_speed&quot;:&quot;0&quot;,&quot;title&quot;:&quot;&quot;,&quot;orientation&quot;:&quot;0&quot;}\" data-image-title=\"reuso de \u00e1gua\" data-image-description=\"\" data-image-caption=\"\" data-medium-file=\"https:\/\/i0.wp.com\/cenedcursos.com.br\/meio-ambiente\/wp-content\/uploads\/2011\/09\/reuso-da-agua-1.png?fit=248%2C300&amp;ssl=1\" data-large-file=\"https:\/\/i0.wp.com\/cenedcursos.com.br\/meio-ambiente\/wp-content\/uploads\/2011\/09\/reuso-da-agua-1.png?fit=248%2C300&amp;ssl=1\" class=\"alignright size-medium wp-image-7894\" src=\"https:\/\/i0.wp.com\/www.cenedcursos.com.br\/meio-ambiente\/wp-content\/uploads\/2011\/09\/reuso-da-agua-248x300.png?resize=248%2C300&#038;ssl=1\" alt=\"reuso de \u00e1gua\" width=\"248\" height=\"300\" \/><\/a><\/span><\/p>\n<p style=\"text-align: justify; line-height: 150%;\"><span style=\"font-family: Arial, sans-serif; font-size: 10pt;\">Em fun\u00e7\u00e3o dessas caracter\u00edsticas, o re\u00faso vem sendo difundido de forma crescente no Brasil, impulsionado pelos reflexos financeiros associados aos instrumentos trazidos pela Lei 9.433 de 1997, que visam a implementa\u00e7\u00e3o da Pol\u00edtica Nacional de Recursos H\u00eddricos: outorga e a cobran\u00e7a pelo uso dos recursos h\u00eddricos (RODRIGUES, 2005).<\/span><\/p>\n<p style=\"margin-right: 3.5pt; text-align: justify; line-height: 150%;\"><span style=\"font-family: Arial, sans-serif; font-size: 10pt;\">A reutiliza\u00e7\u00e3o ou o re\u00faso de \u00e1gua ou o uso de <a href=\"https:\/\/cenedcursos.com.br\/meio-ambiente\/135-mi-serao-investidos-gestao-das-aguas\/\">\u00e1guas residu\u00e1rias<\/a> n\u00e3o \u00e9 um conceito novo e tem sido praticado em todo o mundo h\u00e1 muitos anos. Existem relatos de sua pr\u00e1tica na Gr\u00e9cia Antiga, com a disposi\u00e7\u00e3o de esgotos e sua utiliza\u00e7\u00e3o na irriga\u00e7\u00e3o. No entanto, a demanda crescente por \u00e1gua tem feito do re\u00faso planejado da \u00e1gua um tema atual e de grande import\u00e2ncia (www.cetesb.sp.gov.br \u2013 04.02.2010). O re\u00faso de \u00e1gua deve ser considerado como parte de uma atividade mais abrangente que \u00e9 o uso racional ou eficiente da \u00e1gua, o qual compreende tamb\u00e9m o controle de perdas e desperd\u00edcios, e a minimiza\u00e7\u00e3o da produ\u00e7\u00e3o de efluentes e do consumo de \u00e1gua. <\/span><\/p>\n<p style=\"margin-right: 3.5pt; text-align: justify; line-height: 150%;\"><span style=\"font-family: Arial, sans-serif; font-size: 10pt;\">Podem-se poupar grandes volumes de \u00e1gua pot\u00e1vel atrav\u00e9s do re\u00faso com a utiliza\u00e7\u00e3o de \u00e1gua de qualidade inferior (geralmente efluentes p\u00f3s-tratados) para atendimento das finalidades que podem prescindir desse recurso dentro dos padr\u00f5es de potabilidade.<\/span><\/p>\n<p style=\"margin-right: 3.5pt; text-align: justify; line-height: 150%;\"><span style=\"font-family: Arial, sans-serif; font-size: 10pt;\">A pesquisa justifica-se pelo fato de caracterizar \u00e1gua residu\u00e1ria, re\u00faso e a import\u00e2ncia da reutiliza\u00e7\u00e3o da \u00e1gua; identificar medidas para redu\u00e7\u00e3o do consumo de \u00e1gua; indicar diretrizes para promo\u00e7\u00e3o do re\u00faso; relacionar o re\u00faso com a irriga\u00e7\u00e3o; identificar condi\u00e7\u00f5es de prote\u00e7\u00e3o \u00e0 sa\u00fade e ao meio ambiente.<\/span><\/p>\n","protected":false},"excerpt":{"rendered":"<p>INTRODU\u00c7\u00c3O\u00a0 A gest\u00e3o dos recursos h\u00eddricos tem um grande desafio: equilibrar a necessidade dos usu\u00e1rios e a disponibilidade de \u00e1gua. A press\u00e3o sobre os recursos h\u00eddricos pode ser reduzida com o controle das demandas. Segundo Rodrigues (2005) o re\u00faso de \u00e1gua surge atuando em dois aspectos: Instrumento para redu\u00e7\u00e3o do consumo de \u00e1gua (controle de [&hellip;]<\/p>\n","protected":false},"author":1,"featured_media":0,"comment_status":"open","ping_status":"open","sticky":false,"template":"","format":"standard","meta":{"_jetpack_memberships_contains_paid_content":false,"footnotes":""},"categories":[488],"tags":[430,635,1030,1049,392],"class_list":{"0":"post-870","1":"post","2":"type-post","3":"status-publish","4":"format-standard","6":"category-agua-textos","7":"tag-agua-de-reuso","8":"tag-consumo-de-agua","9":"tag-recursos-hidricos","10":"tag-residuos-solidos","11":"tag-reuso-de-agua"},"yoast_head":"<!-- This site is optimized with the Yoast SEO plugin v25.1 - https:\/\/yoast.com\/wordpress\/plugins\/seo\/ -->\n<title>Re\u00faso de \u00c1gua no Brasil - CENED Cursos Online<\/title>\n<meta name=\"robots\" content=\"index, follow, max-snippet:-1, max-image-preview:large, max-video-preview:-1\" \/>\n<link rel=\"canonical\" href=\"https:\/\/cenedcursos.com.br\/meio-ambiente\/reuso-de-agua-no-brasil\/\" \/>\n<meta property=\"og:locale\" content=\"pt_BR\" \/>\n<meta property=\"og:type\" content=\"article\" \/>\n<meta property=\"og:title\" content=\"Re\u00faso de \u00c1gua no Brasil - CENED Cursos Online\" \/>\n<meta property=\"og:description\" content=\"INTRODU\u00c7\u00c3O\u00a0 A gest\u00e3o dos recursos h\u00eddricos tem um grande desafio: equilibrar a necessidade dos usu\u00e1rios e a disponibilidade de \u00e1gua. A press\u00e3o sobre os recursos h\u00eddricos pode ser reduzida com o controle das demandas. Segundo Rodrigues (2005) o re\u00faso de \u00e1gua surge atuando em dois aspectos: Instrumento para redu\u00e7\u00e3o do consumo de \u00e1gua (controle de [&hellip;]\" \/>\n<meta property=\"og:url\" content=\"https:\/\/cenedcursos.com.br\/meio-ambiente\/reuso-de-agua-no-brasil\/\" \/>\n<meta property=\"og:site_name\" content=\"CENED Cursos Online\" \/>\n<meta property=\"article:published_time\" content=\"2011-09-22T14:01:04+00:00\" \/>\n<meta property=\"article:modified_time\" content=\"2025-05-23T17:53:43+00:00\" \/>\n<meta property=\"og:image\" content=\"https:\/\/www.cenedcursos.com.br\/meio-ambiente\/wp-content\/uploads\/2011\/09\/reuso-da-agua-248x300.png\" \/>\n<meta name=\"author\" content=\"Amarildo R. Ferrari\" \/>\n<meta name=\"twitter:card\" content=\"summary_large_image\" \/>\n<meta name=\"twitter:label1\" content=\"Escrito por\" \/>\n\t<meta name=\"twitter:data1\" content=\"Amarildo R. Ferrari\" \/>\n\t<meta name=\"twitter:label2\" content=\"Est. tempo de leitura\" \/>\n\t<meta name=\"twitter:data2\" content=\"3 minutos\" \/>\n<script type=\"application\/ld+json\" class=\"yoast-schema-graph\">{\"@context\":\"https:\/\/schema.org\",\"@graph\":[{\"@type\":\"WebPage\",\"@id\":\"https:\/\/cenedcursos.com.br\/meio-ambiente\/reuso-de-agua-no-brasil\/\",\"url\":\"https:\/\/cenedcursos.com.br\/meio-ambiente\/reuso-de-agua-no-brasil\/\",\"name\":\"Re\u00faso de \u00c1gua no Brasil - CENED Cursos Online\",\"isPartOf\":{\"@id\":\"https:\/\/cenedcursos.com.br\/meio-ambiente\/#website\"},\"primaryImageOfPage\":{\"@id\":\"https:\/\/cenedcursos.com.br\/meio-ambiente\/reuso-de-agua-no-brasil\/#primaryimage\"},\"image\":{\"@id\":\"https:\/\/cenedcursos.com.br\/meio-ambiente\/reuso-de-agua-no-brasil\/#primaryimage\"},\"thumbnailUrl\":\"https:\/\/www.cenedcursos.com.br\/meio-ambiente\/wp-content\/uploads\/2011\/09\/reuso-da-agua-248x300.png\",\"datePublished\":\"2011-09-22T14:01:04+00:00\",\"dateModified\":\"2025-05-23T17:53:43+00:00\",\"author\":{\"@id\":\"https:\/\/cenedcursos.com.br\/meio-ambiente\/#\/schema\/person\/64377d24cdc16779a1eb6229894af388\"},\"breadcrumb\":{\"@id\":\"https:\/\/cenedcursos.com.br\/meio-ambiente\/reuso-de-agua-no-brasil\/#breadcrumb\"},\"inLanguage\":\"pt-BR\",\"potentialAction\":[{\"@type\":\"ReadAction\",\"target\":[\"https:\/\/cenedcursos.com.br\/meio-ambiente\/reuso-de-agua-no-brasil\/\"]}]},{\"@type\":\"ImageObject\",\"inLanguage\":\"pt-BR\",\"@id\":\"https:\/\/cenedcursos.com.br\/meio-ambiente\/reuso-de-agua-no-brasil\/#primaryimage\",\"url\":\"https:\/\/www.cenedcursos.com.br\/meio-ambiente\/wp-content\/uploads\/2011\/09\/reuso-da-agua-248x300.png\",\"contentUrl\":\"https:\/\/www.cenedcursos.com.br\/meio-ambiente\/wp-content\/uploads\/2011\/09\/reuso-da-agua-248x300.png\"},{\"@type\":\"BreadcrumbList\",\"@id\":\"https:\/\/cenedcursos.com.br\/meio-ambiente\/reuso-de-agua-no-brasil\/#breadcrumb\",\"itemListElement\":[{\"@type\":\"ListItem\",\"position\":1,\"name\":\"In\u00edcio\",\"item\":\"https:\/\/cenedcursos.com.br\/meio-ambiente\/\"},{\"@type\":\"ListItem\",\"position\":2,\"name\":\"Re\u00faso de \u00c1gua no Brasil\"}]},{\"@type\":\"WebSite\",\"@id\":\"https:\/\/cenedcursos.com.br\/meio-ambiente\/#website\",\"url\":\"https:\/\/cenedcursos.com.br\/meio-ambiente\/\",\"name\":\"CENED Cursos Online\",\"description\":\"Aqui voc\u00ea encontra artigos em diversas \u00e1reas do conhecimento: meio ambiente, educa\u00e7\u00e3o, marketing digital, neg\u00f3cios online e muito mais.\",\"potentialAction\":[{\"@type\":\"SearchAction\",\"target\":{\"@type\":\"EntryPoint\",\"urlTemplate\":\"https:\/\/cenedcursos.com.br\/meio-ambiente\/?s={search_term_string}\"},\"query-input\":{\"@type\":\"PropertyValueSpecification\",\"valueRequired\":true,\"valueName\":\"search_term_string\"}}],\"inLanguage\":\"pt-BR\"},{\"@type\":\"Person\",\"@id\":\"https:\/\/cenedcursos.com.br\/meio-ambiente\/#\/schema\/person\/64377d24cdc16779a1eb6229894af388\",\"name\":\"Amarildo R. Ferrari\",\"image\":{\"@type\":\"ImageObject\",\"inLanguage\":\"pt-BR\",\"@id\":\"https:\/\/cenedcursos.com.br\/meio-ambiente\/#\/schema\/person\/image\/\",\"url\":\"https:\/\/secure.gravatar.com\/avatar\/6ea4248ca9f295c93f1b72f8398232f0fbbffe30349e6ec3839cfa5e09b0de3c?s=96&d=mm&r=g\",\"contentUrl\":\"https:\/\/secure.gravatar.com\/avatar\/6ea4248ca9f295c93f1b72f8398232f0fbbffe30349e6ec3839cfa5e09b0de3c?s=96&d=mm&r=g\",\"caption\":\"Amarildo R. Ferrari\"},\"sameAs\":[\"https:\/\/cenedcursos.com.br\/meio-ambiente\"],\"url\":\"https:\/\/cenedcursos.com.br\/meio-ambiente\/author\/admin\/\"}]}<\/script>\n<!-- \/ Yoast SEO plugin. -->","yoast_head_json":{"title":"Re\u00faso de \u00c1gua no Brasil - CENED Cursos Online","robots":{"index":"index","follow":"follow","max-snippet":"max-snippet:-1","max-image-preview":"max-image-preview:large","max-video-preview":"max-video-preview:-1"},"canonical":"https:\/\/cenedcursos.com.br\/meio-ambiente\/reuso-de-agua-no-brasil\/","og_locale":"pt_BR","og_type":"article","og_title":"Re\u00faso de \u00c1gua no Brasil - CENED Cursos Online","og_description":"INTRODU\u00c7\u00c3O\u00a0 A gest\u00e3o dos recursos h\u00eddricos tem um grande desafio: equilibrar a necessidade dos usu\u00e1rios e a disponibilidade de \u00e1gua. A press\u00e3o sobre os recursos h\u00eddricos pode ser reduzida com o controle das demandas. Segundo Rodrigues (2005) o re\u00faso de \u00e1gua surge atuando em dois aspectos: Instrumento para redu\u00e7\u00e3o do consumo de \u00e1gua (controle de [&hellip;]","og_url":"https:\/\/cenedcursos.com.br\/meio-ambiente\/reuso-de-agua-no-brasil\/","og_site_name":"CENED Cursos Online","article_published_time":"2011-09-22T14:01:04+00:00","article_modified_time":"2025-05-23T17:53:43+00:00","og_image":[{"url":"https:\/\/www.cenedcursos.com.br\/meio-ambiente\/wp-content\/uploads\/2011\/09\/reuso-da-agua-248x300.png","type":"","width":"","height":""}],"author":"Amarildo R. Ferrari","twitter_card":"summary_large_image","twitter_misc":{"Escrito por":"Amarildo R. Ferrari","Est. tempo de leitura":"3 minutos"},"schema":{"@context":"https:\/\/schema.org","@graph":[{"@type":"WebPage","@id":"https:\/\/cenedcursos.com.br\/meio-ambiente\/reuso-de-agua-no-brasil\/","url":"https:\/\/cenedcursos.com.br\/meio-ambiente\/reuso-de-agua-no-brasil\/","name":"Re\u00faso de \u00c1gua no Brasil - CENED Cursos Online","isPartOf":{"@id":"https:\/\/cenedcursos.com.br\/meio-ambiente\/#website"},"primaryImageOfPage":{"@id":"https:\/\/cenedcursos.com.br\/meio-ambiente\/reuso-de-agua-no-brasil\/#primaryimage"},"image":{"@id":"https:\/\/cenedcursos.com.br\/meio-ambiente\/reuso-de-agua-no-brasil\/#primaryimage"},"thumbnailUrl":"https:\/\/www.cenedcursos.com.br\/meio-ambiente\/wp-content\/uploads\/2011\/09\/reuso-da-agua-248x300.png","datePublished":"2011-09-22T14:01:04+00:00","dateModified":"2025-05-23T17:53:43+00:00","author":{"@id":"https:\/\/cenedcursos.com.br\/meio-ambiente\/#\/schema\/person\/64377d24cdc16779a1eb6229894af388"},"breadcrumb":{"@id":"https:\/\/cenedcursos.com.br\/meio-ambiente\/reuso-de-agua-no-brasil\/#breadcrumb"},"inLanguage":"pt-BR","potentialAction":[{"@type":"ReadAction","target":["https:\/\/cenedcursos.com.br\/meio-ambiente\/reuso-de-agua-no-brasil\/"]}]},{"@type":"ImageObject","inLanguage":"pt-BR","@id":"https:\/\/cenedcursos.com.br\/meio-ambiente\/reuso-de-agua-no-brasil\/#primaryimage","url":"https:\/\/www.cenedcursos.com.br\/meio-ambiente\/wp-content\/uploads\/2011\/09\/reuso-da-agua-248x300.png","contentUrl":"https:\/\/www.cenedcursos.com.br\/meio-ambiente\/wp-content\/uploads\/2011\/09\/reuso-da-agua-248x300.png"},{"@type":"BreadcrumbList","@id":"https:\/\/cenedcursos.com.br\/meio-ambiente\/reuso-de-agua-no-brasil\/#breadcrumb","itemListElement":[{"@type":"ListItem","position":1,"name":"In\u00edcio","item":"https:\/\/cenedcursos.com.br\/meio-ambiente\/"},{"@type":"ListItem","position":2,"name":"Re\u00faso de \u00c1gua no Brasil"}]},{"@type":"WebSite","@id":"https:\/\/cenedcursos.com.br\/meio-ambiente\/#website","url":"https:\/\/cenedcursos.com.br\/meio-ambiente\/","name":"CENED Cursos Online","description":"Aqui voc\u00ea encontra artigos em diversas \u00e1reas do conhecimento: meio ambiente, educa\u00e7\u00e3o, marketing digital, neg\u00f3cios online e muito mais.","potentialAction":[{"@type":"SearchAction","target":{"@type":"EntryPoint","urlTemplate":"https:\/\/cenedcursos.com.br\/meio-ambiente\/?s={search_term_string}"},"query-input":{"@type":"PropertyValueSpecification","valueRequired":true,"valueName":"search_term_string"}}],"inLanguage":"pt-BR"},{"@type":"Person","@id":"https:\/\/cenedcursos.com.br\/meio-ambiente\/#\/schema\/person\/64377d24cdc16779a1eb6229894af388","name":"Amarildo R. Ferrari","image":{"@type":"ImageObject","inLanguage":"pt-BR","@id":"https:\/\/cenedcursos.com.br\/meio-ambiente\/#\/schema\/person\/image\/","url":"https:\/\/secure.gravatar.com\/avatar\/6ea4248ca9f295c93f1b72f8398232f0fbbffe30349e6ec3839cfa5e09b0de3c?s=96&d=mm&r=g","contentUrl":"https:\/\/secure.gravatar.com\/avatar\/6ea4248ca9f295c93f1b72f8398232f0fbbffe30349e6ec3839cfa5e09b0de3c?s=96&d=mm&r=g","caption":"Amarildo R. Ferrari"},"sameAs":["https:\/\/cenedcursos.com.br\/meio-ambiente"],"url":"https:\/\/cenedcursos.com.br\/meio-ambiente\/author\/admin\/"}]}},"jetpack_featured_media_url":"","jetpack_sharing_enabled":true,"_links":{"self":[{"href":"https:\/\/cenedcursos.com.br\/meio-ambiente\/wp-json\/wp\/v2\/posts\/870","targetHints":{"allow":["GET"]}}],"collection":[{"href":"https:\/\/cenedcursos.com.br\/meio-ambiente\/wp-json\/wp\/v2\/posts"}],"about":[{"href":"https:\/\/cenedcursos.com.br\/meio-ambiente\/wp-json\/wp\/v2\/types\/post"}],"author":[{"embeddable":true,"href":"https:\/\/cenedcursos.com.br\/meio-ambiente\/wp-json\/wp\/v2\/users\/1"}],"replies":[{"embeddable":true,"href":"https:\/\/cenedcursos.com.br\/meio-ambiente\/wp-json\/wp\/v2\/comments?post=870"}],"version-history":[{"count":0,"href":"https:\/\/cenedcursos.com.br\/meio-ambiente\/wp-json\/wp\/v2\/posts\/870\/revisions"}],"wp:attachment":[{"href":"https:\/\/cenedcursos.com.br\/meio-ambiente\/wp-json\/wp\/v2\/media?parent=870"}],"wp:term":[{"taxonomy":"category","embeddable":true,"href":"https:\/\/cenedcursos.com.br\/meio-ambiente\/wp-json\/wp\/v2\/categories?post=870"},{"taxonomy":"post_tag","embeddable":true,"href":"https:\/\/cenedcursos.com.br\/meio-ambiente\/wp-json\/wp\/v2\/tags?post=870"}],"curies":[{"name":"wp","href":"https:\/\/api.w.org\/{rel}","templated":true}]}}