{"id":8898,"date":"2017-04-29T11:58:09","date_gmt":"2017-04-29T14:58:09","guid":{"rendered":"https:\/\/www.cenedcursos.com.br\/meio-ambiente\/?p=8898"},"modified":"2025-05-23T14:21:20","modified_gmt":"2025-05-23T17:21:20","slug":"brasil-perde-20-seus-mangues-mata-atlantica-regenerar","status":"publish","type":"post","link":"https:\/\/cenedcursos.com.br\/meio-ambiente\/brasil-perde-20-seus-mangues-mata-atlantica-regenerar\/","title":{"rendered":"Brasil perde 20% de seus mangues em 15 anos, mas Mata Atl\u00e2ntica come\u00e7a a se regenerar"},"content":{"rendered":"<p><strong><i>Floresta mais amea\u00e7ada do pa\u00eds (Mata Atl\u00e2ntica) \u00a0tem aumento de 2,5 milh\u00f5es de hectares entre 2001 e 2015<\/i><i>. <\/i><i>Pantanal, nosso bioma mais preservado, tem redu\u00e7\u00e3o de 13<\/i><i>%<\/i><\/strong><\/p>\n<div><img data-recalc-dims=\"1\" loading=\"lazy\" decoding=\"async\" class=\"alignnone wp-image-14707\" src=\"https:\/\/i0.wp.com\/www.cenedcursos.com.br\/meio-ambiente\/wp-content\/uploads\/2017\/04\/Brasil-perde-20-de-seus-mangues-em-15-anos-mas-Mata-Atl%C3%A2ntica-come%C3%A7a-a-se-regenerar.jpg?resize=696%2C363&#038;ssl=1\" alt=\"manguezal\" width=\"696\" height=\"363\" \/><\/p>\n<p style=\"text-align: justify;\">O maior esfor\u00e7o j\u00e1 feito de mapeamento da cobertura vegetal do Brasil traz algumas m\u00e1s not\u00edcias: em apenas 15 anos, entre 2001 e 2015, o pa\u00eds perdeu 20 % de sua \u00e1rea de manguezais, em parte destru\u00eddos pela expans\u00e3o urbana. O Pantanal, bioma brasileiro mais preservado, assiste a uma convers\u00e3o da vegeta\u00e7\u00e3o natural, onde o uso de pastagens naturais \u00e9 alterado para pastagens plantadas com vegeta\u00e7\u00e3o ex\u00f3tica \u2013 13 % \u00e1rea (incluindo gram\u00edneas e florestas) virou pasto no mesmo per\u00edodo. E o Cerrado teve perdas proporcionalmente tr\u00eas vezes mais elevadas do que a Amaz\u00f4nia. Mas h\u00e1 tamb\u00e9m esperan\u00e7as: a quase extinta Mata Atl\u00e2ntica passa por um renascimento, tendo ganho 2,5 milh\u00f5es de hectares (o equivalente a quase uma B\u00e9lgica) neste s\u00e9culo.<\/p>\n<h3 style=\"text-align: justify;\"><strong><em>MapBiomas<\/em><\/strong><\/h3>\n<p style=\"text-align: justify;\">Os dados, in\u00e9ditos, foram revelados pela segunda cole\u00e7\u00e3o de mapas do MapBiomas (Projeto de Mapeamento Anual da Cobertura e Uso do Solo no Brasil), iniciativa do Observat\u00f3rio do Clima emcolabora\u00e7\u00e3o com 18 institui\u00e7\u00f5es, entre universidades, ONGs e empresas de tecnologia. Os mapas, lan\u00e7ados recentemente em Bras\u00edlia, mostram como o territ\u00f3rio brasileiro se transformou ao longo do s\u00e9culo XXI, com imagens de sat\u00e9lite que v\u00e3o de 2000 a 2016.<\/p>\n<p style=\"text-align: justify;\">A nova s\u00e9rie de mapas permitir\u00e1 pela primeira vez acompanhar a evolu\u00e7\u00e3o da ocupa\u00e7\u00e3o do territ\u00f3rio em todos os biomas brasileiros ao mesmo tempo \u2013 hoje essa informa\u00e7\u00e3o s\u00f3 est\u00e1 dispon\u00edvel para a Amaz\u00f4nia e Mata Atl\u00e2ntica e, de dois em dois anos, para o Pantanal \u2013\u00a0e calcular com maior precis\u00e3o as emiss\u00f5es de gases de efeito estufa dele resultantes. Mas tamb\u00e9m possibilitar\u00e1 saber quanta floresta est\u00e1 se regenerando no Brasil, informa\u00e7\u00e3o crucial para monitorar o cumprimento das metas nacionais no acordo do clima de Paris (a NDC).<\/p>\n<p style=\"text-align: justify;\">A volta gradual da floresta atl\u00e2ntica \u00e9 um exemplo. O bioma, que teve sua cobertura original reduzida a 12,5 %, cresceu de 276.000 Km\u00b2 em 2001 para 301.000 Km\u00b2 em 2015.<\/p>\n<h3 style=\"text-align: justify;\"><strong>Paran\u00e1 foi o Estado campe\u00e3o de regenera\u00e7\u00e3o<\/strong><\/h3>\n<p style=\"text-align: justify;\">O Estado campe\u00e3o de regenera\u00e7\u00e3o foi o Paran\u00e1, que ganhou 5 mil quil\u00f4metros quadrados de mata, principalmente por recupera\u00e7\u00e3o de \u00e1reas de preserva\u00e7\u00e3o permanente, como margens de rios. Mas quem ganhou mais mata em rela\u00e7\u00e3o \u00e0 \u00e1rea total do Estado foi o Rio de Janeiro: 17,8 % de florestas a mais em 2015 em compara\u00e7\u00e3o com 2001 ( um crescimento de 10.000 Km\u00b2 para 12.000 Km\u00b2 ).<\/p>\n<p style=\"text-align: justify;\">\u201cN\u00e3o \u00e9 que exista uma grande \u00e1rea de recupera\u00e7\u00e3o; s\u00e3o \u00e1reas pequenas, que foram abertas no passado para agricultura ou pastagem e foram abandonadas ou por serem inadequadas (relevo, solo, isolamento, etc.) e n\u00e3o sustentar atividades agropecu\u00e1rias, ou por causa da migra\u00e7\u00e3o da popula\u00e7\u00e3o rural para as grandes cidades, ou para atender a Lei da Mata Atl\u00e2ntica, de 2006, que estabeleceu prote\u00e7\u00e3o especial ao bioma. Essas florestas est\u00e3o come\u00e7ando a voltar, em parte naturalmente e, em partes isoladas, induzidas por diversas iniciativas\u201d, diz Marcos Reis Rosa, da ArcPlan, coordenador de Mata Atl\u00e2ntica e Pantanal do MapBiomas.<\/p>\n<h3 style=\"text-align: justify;\"><strong>Cobertura vegetal e sequestro de carbono<\/strong><\/h3>\n<p style=\"text-align: justify;\">O crescimento de florestas secund\u00e1rias na Mata Atl\u00e2ntica est\u00e1 longe de significar que o bioma esteja salvo: o <a href=\"https:\/\/cenedcursos.com.br\/meio-ambiente\/comite-combater-desmatamento\/\">desmatamento nas matas<\/a> prim\u00e1rias permanece, em taxas relativamente menores, mas ainda inaceit\u00e1veis para um bioma do qual j\u00e1 resta pouco de cobertura original. Mesmo assim, trata-se de uma boa not\u00edcia, j\u00e1 que florestas secund\u00e1rias sequestram carbono (mitigando o aquecimento global), protegem fontes de \u00e1gua e criam corredores entre fragmentos.<\/p>\n<p style=\"text-align: justify;\">A mesma sorte n\u00e3o teve o Pantanal. No per\u00edodo observado, a maior plan\u00edcie alag\u00e1vel do mundo perdeu 14.000 Km\u00b2, com a vegeta\u00e7\u00e3o natural caindo de 86 % para 73 %. O Pantanal era muito preservado por ter grandes extens\u00f5es de pastagens naturais, onde o gado convivia com a vegeta\u00e7\u00e3o nativa. Neste s\u00e9culo, por\u00e9m, foi intensificada a derrubada de \u00e1reas de mata, as chamadas \u201ccordilheiras\u201d, para a planta\u00e7\u00e3o de pastagens e intensifica\u00e7\u00e3o da pecu\u00e1ria.<\/p>\n<p style=\"text-align: justify;\">Outro dado que surpreendeu os pesquisadores foi a perda dos manguezais: no per\u00edodo de 2001 a 2015, eles tiveram redu\u00e7\u00e3o l\u00edquida de 20 % no pa\u00eds.\u00a0Entre os culpados est\u00e3o a expans\u00e3o urbana e o assoreamento de estu\u00e1rios.<\/p>\n<h3 style=\"text-align: justify;\"><strong>Manguezal<\/strong><\/h3>\n<p style=\"text-align: justify;\">O mangue \u00e9 um ecossistema insubstitu\u00edvel. Primeiro, por servir de ber\u00e7\u00e1rio a esp\u00e9cies de peixes, crust\u00e1ceos e moluscos que mant\u00eam a economia de v\u00e1rias regi\u00f5es brasileiras. Segundo, por proteger a costa contra o efeito da eleva\u00e7\u00e3o do n\u00edvel do mar, um dos piores impactos do aquecimento global. Os manguezais s\u00e3o uma barreira natural contra as ressacas, que j\u00e1 est\u00e3o mais fortes e devem ficar ainda piores ao longo deste s\u00e9culo.<\/p>\n<h3 style=\"text-align: justify;\"><strong>Cerrado<\/strong><\/h3>\n<p style=\"text-align: justify;\">O MapBiomas tamb\u00e9m deve ajudar a solucionar uma quest\u00e3o que perturba a comunidade cient\u00edfica brasileira h\u00e1 tempos: qual \u00e9 o desmatamento anual no Cerrado, segundo maior bioma brasileiro e palco principal da expans\u00e3o da nossa fronteira agr\u00edcola.<\/p>\n<p style=\"text-align: justify;\">Devido \u00e0s caracter\u00edsticas do bioma, formado por florestas, savanas e campos abertos, o Cerrado tem desafiado as medi\u00e7\u00f5es por sat\u00e9lite, j\u00e1 que nem sempre essas forma\u00e7\u00f5es s\u00e3o facilmente mapeadas. A equipe do MapBiomas j\u00e1\u00a0conseguiu estimar as perdas nas \u00e1reas de Cerrado arb\u00f3reo e de savana, que cobrem 74% da \u00e1rea do bioma. \u201c\u00c9 um esfor\u00e7o in\u00e9dito nesta escala e nesta abrang\u00eancia\u201d, disse Ane Alencar, pesquisadora do Ipam (Instituto de Pesquisa Ambiental da Amaz\u00f4nia), que coordena a equipe respons\u00e1vel pelo cerrado no MapBiomas.<\/p>\n<p style=\"text-align: justify;\">No per\u00edodo de 2001 a 2013, a perda total em savanas e florestas do Cerrado foi de 6.700 quil\u00f4metros quadrados por ano, em m\u00e9dia, o que d\u00e1 um total acumulado de 8% de perda em rela\u00e7\u00e3o \u00e0 \u00e1rea total dessas duas forma\u00e7\u00f5es.\u00a0\u00c9 uma taxa tr\u00eas vezes mais r\u00e1pida do que na Amaz\u00f4nia, se comparada ao total remanescente do bioma (o Cerrado restante tem um ter\u00e7o do tamanho da Amaz\u00f4nia).<\/p>\n<p style=\"text-align: justify;\">Segundo Alencar, al\u00e9m da perda de carbono e da eros\u00e3o da biodiversidade \u2013 o Cerrado \u00e9 a savana mais biodiversa do planeta \u2013, o desmatamento verificado nas \u00e1reas florestais do bioma tamb\u00e9m pode impactar o abastecimento de \u00e1gua. \u201cO papel das florestas no Cerrado \u00e9 resguardar os mananciais, j\u00e1 que todas as principais bacias do pa\u00eds t\u00eam nascentes no bioma. O desmatamento nessas florestas tem impacto direto na seguran\u00e7a h\u00eddrica.<strong>\u00a0<\/strong><\/p>\n<h3 style=\"text-align: justify;\"><strong>COMPUTA\u00c7\u00c3O EM NUVEM<\/strong><\/h3>\n<p style=\"text-align: justify;\">Para gerar os mapas de todo o pa\u00eds, o MapBiomas lan\u00e7ou m\u00e3o de dois recursos que nunca haviam sido empregados em conjunto no entendimento do uso do solo no Brasil. O primeiro \u00e9 o trabalho em rede, com especialistas da academia, do setor privado e de organiza\u00e7\u00f5es ambientais. O segundo \u00e9 a computa\u00e7\u00e3o em nuvem, o que multiplica o poder de processamento de dados do projeto. Isso \u00e9 feito a partir da plataforma Earth Engine, do Google \u2013 a mesma que alimenta o Google Earth \u2013, numa parceria estabelecida em 2015.<\/p>\n<p style=\"text-align: justify;\">\u201cTecnologicamente, a parceria com a Google foi o pulo do gato. A computa\u00e7\u00e3o em nuvem permite gerar mapas anuais de forma automatizada, mais barata e muito mais r\u00e1pida\u201d, diz Tasso Azevedo, do Observat\u00f3rio do Clima\/SEEG, coordenador geral do MapBiomas. \u201cIsso n\u00e3o substitui outros sistemas de monitoramento, mas complementa-os, para dar um quadro mais completo de como nosso territ\u00f3rio vem se transformando.\u201d<\/p>\n<p style=\"text-align: justify;\">Fonte:\u00a0Luciana Vic\u00e1ria.<\/p>\n<hr \/>\n<\/div>\n","protected":false},"excerpt":{"rendered":"<p>Floresta mais amea\u00e7ada do pa\u00eds (Mata Atl\u00e2ntica) \u00a0tem aumento de 2,5 milh\u00f5es de hectares entre 2001 e 2015. Pantanal, nosso bioma mais preservado, tem redu\u00e7\u00e3o de 13% O maior esfor\u00e7o j\u00e1 feito de mapeamento da cobertura vegetal do Brasil traz algumas m\u00e1s not\u00edcias: em apenas 15 anos, entre 2001 e 2015, o pa\u00eds perdeu 20 [&hellip;]<\/p>\n","protected":false},"author":1,"featured_media":0,"comment_status":"open","ping_status":"open","sticky":false,"template":"","format":"standard","meta":{"_jetpack_memberships_contains_paid_content":false,"footnotes":""},"categories":[495],"tags":[889,897],"class_list":{"0":"post-8898","1":"post","2":"type-post","3":"status-publish","4":"format-standard","6":"category-impactos-ambientais-textos","7":"tag-mangues","8":"tag-mata-atlantica"},"yoast_head":"<!-- This site is optimized with the Yoast SEO plugin v25.1 - https:\/\/yoast.com\/wordpress\/plugins\/seo\/ -->\n<title>Brasil perde 20% de seus mangues em 15 anos, mas Mata Atl\u00e2ntica come\u00e7a a se regenerar<\/title>\n<meta name=\"description\" content=\"Floresta mais amea\u00e7ada do pa\u00eds (Mata Atl\u00e2ntica) tem aumento de 2,5 milh\u00f5es de hectares entre 2001 e 2015. Pantanal, nosso bioma mais preservado\" \/>\n<meta name=\"robots\" content=\"index, follow, max-snippet:-1, max-image-preview:large, max-video-preview:-1\" \/>\n<link rel=\"canonical\" href=\"https:\/\/cenedcursos.com.br\/meio-ambiente\/brasil-perde-20-seus-mangues-mata-atlantica-regenerar\/\" \/>\n<meta property=\"og:locale\" content=\"pt_BR\" \/>\n<meta property=\"og:type\" content=\"article\" \/>\n<meta property=\"og:title\" content=\"Brasil perde 20% de seus mangues em 15 anos, mas Mata Atl\u00e2ntica come\u00e7a a se regenerar\" \/>\n<meta property=\"og:description\" content=\"Floresta mais amea\u00e7ada do pa\u00eds (Mata Atl\u00e2ntica) tem aumento de 2,5 milh\u00f5es de hectares entre 2001 e 2015. Pantanal, nosso bioma mais preservado\" \/>\n<meta property=\"og:url\" content=\"https:\/\/cenedcursos.com.br\/meio-ambiente\/brasil-perde-20-seus-mangues-mata-atlantica-regenerar\/\" \/>\n<meta property=\"og:site_name\" content=\"CENED Cursos Online\" \/>\n<meta property=\"article:published_time\" content=\"2017-04-29T14:58:09+00:00\" \/>\n<meta property=\"article:modified_time\" content=\"2025-05-23T17:21:20+00:00\" \/>\n<meta name=\"author\" content=\"Amarildo R. Ferrari\" \/>\n<meta name=\"twitter:card\" content=\"summary_large_image\" \/>\n<meta name=\"twitter:label1\" content=\"Escrito por\" \/>\n\t<meta name=\"twitter:data1\" content=\"Amarildo R. Ferrari\" \/>\n\t<meta name=\"twitter:label2\" content=\"Est. tempo de leitura\" \/>\n\t<meta name=\"twitter:data2\" content=\"7 minutos\" \/>\n<script type=\"application\/ld+json\" class=\"yoast-schema-graph\">{\"@context\":\"https:\/\/schema.org\",\"@graph\":[{\"@type\":\"WebPage\",\"@id\":\"https:\/\/cenedcursos.com.br\/meio-ambiente\/brasil-perde-20-seus-mangues-mata-atlantica-regenerar\/\",\"url\":\"https:\/\/cenedcursos.com.br\/meio-ambiente\/brasil-perde-20-seus-mangues-mata-atlantica-regenerar\/\",\"name\":\"Brasil perde 20% de seus mangues em 15 anos, mas Mata Atl\u00e2ntica come\u00e7a a se regenerar\",\"isPartOf\":{\"@id\":\"https:\/\/cenedcursos.com.br\/meio-ambiente\/#website\"},\"datePublished\":\"2017-04-29T14:58:09+00:00\",\"dateModified\":\"2025-05-23T17:21:20+00:00\",\"author\":{\"@id\":\"https:\/\/cenedcursos.com.br\/meio-ambiente\/#\/schema\/person\/64377d24cdc16779a1eb6229894af388\"},\"description\":\"Floresta mais amea\u00e7ada do pa\u00eds (Mata Atl\u00e2ntica) tem aumento de 2,5 milh\u00f5es de hectares entre 2001 e 2015. Pantanal, nosso bioma mais preservado\",\"breadcrumb\":{\"@id\":\"https:\/\/cenedcursos.com.br\/meio-ambiente\/brasil-perde-20-seus-mangues-mata-atlantica-regenerar\/#breadcrumb\"},\"inLanguage\":\"pt-BR\",\"potentialAction\":[{\"@type\":\"ReadAction\",\"target\":[\"https:\/\/cenedcursos.com.br\/meio-ambiente\/brasil-perde-20-seus-mangues-mata-atlantica-regenerar\/\"]}]},{\"@type\":\"BreadcrumbList\",\"@id\":\"https:\/\/cenedcursos.com.br\/meio-ambiente\/brasil-perde-20-seus-mangues-mata-atlantica-regenerar\/#breadcrumb\",\"itemListElement\":[{\"@type\":\"ListItem\",\"position\":1,\"name\":\"In\u00edcio\",\"item\":\"https:\/\/cenedcursos.com.br\/meio-ambiente\/\"},{\"@type\":\"ListItem\",\"position\":2,\"name\":\"Brasil perde 20% de seus mangues em 15 anos, mas Mata Atl\u00e2ntica come\u00e7a a se regenerar\"}]},{\"@type\":\"WebSite\",\"@id\":\"https:\/\/cenedcursos.com.br\/meio-ambiente\/#website\",\"url\":\"https:\/\/cenedcursos.com.br\/meio-ambiente\/\",\"name\":\"CENED Cursos Online\",\"description\":\"Aqui voc\u00ea encontra artigos em diversas \u00e1reas do conhecimento: meio ambiente, educa\u00e7\u00e3o, marketing digital, neg\u00f3cios online e muito mais.\",\"potentialAction\":[{\"@type\":\"SearchAction\",\"target\":{\"@type\":\"EntryPoint\",\"urlTemplate\":\"https:\/\/cenedcursos.com.br\/meio-ambiente\/?s={search_term_string}\"},\"query-input\":{\"@type\":\"PropertyValueSpecification\",\"valueRequired\":true,\"valueName\":\"search_term_string\"}}],\"inLanguage\":\"pt-BR\"},{\"@type\":\"Person\",\"@id\":\"https:\/\/cenedcursos.com.br\/meio-ambiente\/#\/schema\/person\/64377d24cdc16779a1eb6229894af388\",\"name\":\"Amarildo R. Ferrari\",\"image\":{\"@type\":\"ImageObject\",\"inLanguage\":\"pt-BR\",\"@id\":\"https:\/\/cenedcursos.com.br\/meio-ambiente\/#\/schema\/person\/image\/\",\"url\":\"https:\/\/secure.gravatar.com\/avatar\/6ea4248ca9f295c93f1b72f8398232f0fbbffe30349e6ec3839cfa5e09b0de3c?s=96&d=mm&r=g\",\"contentUrl\":\"https:\/\/secure.gravatar.com\/avatar\/6ea4248ca9f295c93f1b72f8398232f0fbbffe30349e6ec3839cfa5e09b0de3c?s=96&d=mm&r=g\",\"caption\":\"Amarildo R. Ferrari\"},\"sameAs\":[\"https:\/\/cenedcursos.com.br\/meio-ambiente\"],\"url\":\"https:\/\/cenedcursos.com.br\/meio-ambiente\/author\/admin\/\"}]}<\/script>\n<!-- \/ Yoast SEO plugin. -->","yoast_head_json":{"title":"Brasil perde 20% de seus mangues em 15 anos, mas Mata Atl\u00e2ntica come\u00e7a a se regenerar","description":"Floresta mais amea\u00e7ada do pa\u00eds (Mata Atl\u00e2ntica) tem aumento de 2,5 milh\u00f5es de hectares entre 2001 e 2015. Pantanal, nosso bioma mais preservado","robots":{"index":"index","follow":"follow","max-snippet":"max-snippet:-1","max-image-preview":"max-image-preview:large","max-video-preview":"max-video-preview:-1"},"canonical":"https:\/\/cenedcursos.com.br\/meio-ambiente\/brasil-perde-20-seus-mangues-mata-atlantica-regenerar\/","og_locale":"pt_BR","og_type":"article","og_title":"Brasil perde 20% de seus mangues em 15 anos, mas Mata Atl\u00e2ntica come\u00e7a a se regenerar","og_description":"Floresta mais amea\u00e7ada do pa\u00eds (Mata Atl\u00e2ntica) tem aumento de 2,5 milh\u00f5es de hectares entre 2001 e 2015. Pantanal, nosso bioma mais preservado","og_url":"https:\/\/cenedcursos.com.br\/meio-ambiente\/brasil-perde-20-seus-mangues-mata-atlantica-regenerar\/","og_site_name":"CENED Cursos Online","article_published_time":"2017-04-29T14:58:09+00:00","article_modified_time":"2025-05-23T17:21:20+00:00","author":"Amarildo R. Ferrari","twitter_card":"summary_large_image","twitter_misc":{"Escrito por":"Amarildo R. Ferrari","Est. tempo de leitura":"7 minutos"},"schema":{"@context":"https:\/\/schema.org","@graph":[{"@type":"WebPage","@id":"https:\/\/cenedcursos.com.br\/meio-ambiente\/brasil-perde-20-seus-mangues-mata-atlantica-regenerar\/","url":"https:\/\/cenedcursos.com.br\/meio-ambiente\/brasil-perde-20-seus-mangues-mata-atlantica-regenerar\/","name":"Brasil perde 20% de seus mangues em 15 anos, mas Mata Atl\u00e2ntica come\u00e7a a se regenerar","isPartOf":{"@id":"https:\/\/cenedcursos.com.br\/meio-ambiente\/#website"},"datePublished":"2017-04-29T14:58:09+00:00","dateModified":"2025-05-23T17:21:20+00:00","author":{"@id":"https:\/\/cenedcursos.com.br\/meio-ambiente\/#\/schema\/person\/64377d24cdc16779a1eb6229894af388"},"description":"Floresta mais amea\u00e7ada do pa\u00eds (Mata Atl\u00e2ntica) tem aumento de 2,5 milh\u00f5es de hectares entre 2001 e 2015. Pantanal, nosso bioma mais preservado","breadcrumb":{"@id":"https:\/\/cenedcursos.com.br\/meio-ambiente\/brasil-perde-20-seus-mangues-mata-atlantica-regenerar\/#breadcrumb"},"inLanguage":"pt-BR","potentialAction":[{"@type":"ReadAction","target":["https:\/\/cenedcursos.com.br\/meio-ambiente\/brasil-perde-20-seus-mangues-mata-atlantica-regenerar\/"]}]},{"@type":"BreadcrumbList","@id":"https:\/\/cenedcursos.com.br\/meio-ambiente\/brasil-perde-20-seus-mangues-mata-atlantica-regenerar\/#breadcrumb","itemListElement":[{"@type":"ListItem","position":1,"name":"In\u00edcio","item":"https:\/\/cenedcursos.com.br\/meio-ambiente\/"},{"@type":"ListItem","position":2,"name":"Brasil perde 20% de seus mangues em 15 anos, mas Mata Atl\u00e2ntica come\u00e7a a se regenerar"}]},{"@type":"WebSite","@id":"https:\/\/cenedcursos.com.br\/meio-ambiente\/#website","url":"https:\/\/cenedcursos.com.br\/meio-ambiente\/","name":"CENED Cursos Online","description":"Aqui voc\u00ea encontra artigos em diversas \u00e1reas do conhecimento: meio ambiente, educa\u00e7\u00e3o, marketing digital, neg\u00f3cios online e muito mais.","potentialAction":[{"@type":"SearchAction","target":{"@type":"EntryPoint","urlTemplate":"https:\/\/cenedcursos.com.br\/meio-ambiente\/?s={search_term_string}"},"query-input":{"@type":"PropertyValueSpecification","valueRequired":true,"valueName":"search_term_string"}}],"inLanguage":"pt-BR"},{"@type":"Person","@id":"https:\/\/cenedcursos.com.br\/meio-ambiente\/#\/schema\/person\/64377d24cdc16779a1eb6229894af388","name":"Amarildo R. Ferrari","image":{"@type":"ImageObject","inLanguage":"pt-BR","@id":"https:\/\/cenedcursos.com.br\/meio-ambiente\/#\/schema\/person\/image\/","url":"https:\/\/secure.gravatar.com\/avatar\/6ea4248ca9f295c93f1b72f8398232f0fbbffe30349e6ec3839cfa5e09b0de3c?s=96&d=mm&r=g","contentUrl":"https:\/\/secure.gravatar.com\/avatar\/6ea4248ca9f295c93f1b72f8398232f0fbbffe30349e6ec3839cfa5e09b0de3c?s=96&d=mm&r=g","caption":"Amarildo R. Ferrari"},"sameAs":["https:\/\/cenedcursos.com.br\/meio-ambiente"],"url":"https:\/\/cenedcursos.com.br\/meio-ambiente\/author\/admin\/"}]}},"jetpack_featured_media_url":"","jetpack_sharing_enabled":true,"_links":{"self":[{"href":"https:\/\/cenedcursos.com.br\/meio-ambiente\/wp-json\/wp\/v2\/posts\/8898","targetHints":{"allow":["GET"]}}],"collection":[{"href":"https:\/\/cenedcursos.com.br\/meio-ambiente\/wp-json\/wp\/v2\/posts"}],"about":[{"href":"https:\/\/cenedcursos.com.br\/meio-ambiente\/wp-json\/wp\/v2\/types\/post"}],"author":[{"embeddable":true,"href":"https:\/\/cenedcursos.com.br\/meio-ambiente\/wp-json\/wp\/v2\/users\/1"}],"replies":[{"embeddable":true,"href":"https:\/\/cenedcursos.com.br\/meio-ambiente\/wp-json\/wp\/v2\/comments?post=8898"}],"version-history":[{"count":0,"href":"https:\/\/cenedcursos.com.br\/meio-ambiente\/wp-json\/wp\/v2\/posts\/8898\/revisions"}],"wp:attachment":[{"href":"https:\/\/cenedcursos.com.br\/meio-ambiente\/wp-json\/wp\/v2\/media?parent=8898"}],"wp:term":[{"taxonomy":"category","embeddable":true,"href":"https:\/\/cenedcursos.com.br\/meio-ambiente\/wp-json\/wp\/v2\/categories?post=8898"},{"taxonomy":"post_tag","embeddable":true,"href":"https:\/\/cenedcursos.com.br\/meio-ambiente\/wp-json\/wp\/v2\/tags?post=8898"}],"curies":[{"name":"wp","href":"https:\/\/api.w.org\/{rel}","templated":true}]}}