{"id":902,"date":"2012-02-29T12:15:49","date_gmt":"2012-02-29T12:15:49","guid":{"rendered":"http:\/\/www.cenedcursos.com.br\/?p=902"},"modified":"2025-05-11T14:21:47","modified_gmt":"2025-05-11T17:21:47","slug":"ciclo-pdca-gestao-de-residuos-solidos","status":"publish","type":"post","link":"https:\/\/cenedcursos.com.br\/meio-ambiente\/ciclo-pdca-gestao-de-residuos-solidos\/","title":{"rendered":"A Aplica\u00e7\u00e3o do Ciclo PDCA no Gerenciamento de Res\u00edduos S\u00f3lidos"},"content":{"rendered":"<div style=\"text-align: justify;\"><span style=\"font-family: arial,helvetica,sans-serif;\"><span style=\"font-size: 12px;\">Com a promulga\u00e7\u00e3o da lei 12305 de 2010 \u2013 Pol\u00edtica Nacional de Res\u00edduos S\u00f3lidos, um novo in\u00edcio no que discerne ao tema Res\u00edduos S\u00f3lidos come\u00e7a no Brasil. Um tema, que possu\u00eda movimenta\u00e7\u00f5es isoladas de alguns estados e prefeituras tentando resolver a problem\u00e1tica do lixo, agora toma a for\u00e7a de lei, com um norteamento no que pode ser feito, principalmente com instrumentos de gest\u00e3o bem como futuros incentivos para o desenvolvimento desse ramo ainda adormecido.\u00a0 <\/span><\/span><span style=\"font-size: 12px; font-family: arial, helvetica, sans-serif;\">Uma dessas pr\u00e1ticas obrigat\u00f3rias conforme artigo 8\u00ba da lei supracitada \u00e9 <\/span><span style=\"font-family: arial, helvetica, sans-serif; font-size: 12px;\"><span style=\"font-family: arial, helvetica, sans-serif; font-size: 12px;\">o Plano de Res\u00edduos, isto \u00e9, a forma a qual uma organiza\u00e7\u00e3o faz a gest\u00e3o dos res\u00edduos que s\u00e3o gerados, sejam <\/span><\/span><span style=\"font-family: arial, helvetica, sans-serif; font-size: 12px;\">eles em sua produ\u00e7\u00e3o ou servi\u00e7o, bem como na log\u00edstica reversa do seu produto final. <\/span><span style=\"font-family: arial,helvetica,sans-serif;\"><span style=\"font-size: 12px;\">No gerenciamento de res\u00edduos, uma das formas mais comuns de se guiar a fim de garantir o sucesso seria utilizar o Ciclo PDCA no plano de gerenciamento dos res\u00edduos, bem como a NBR ISO \u00a014001:2004 \u2013 Sistema de Gest\u00e3o Ambiental que conseguem dar um norteamento ao modo de organizar e gerir os res\u00edduos.<\/span><\/span><\/div>\n<div style=\"text-align: justify;\"><\/div>\n<div style=\"text-align: justify;\"><em><strong><span style=\"font-family: arial,helvetica,sans-serif;\"><span style=\"font-size: 12px;\">2 \u2013 O Ciclo PDCA<\/span><\/span><\/strong><\/em><\/div>\n<div style=\"text-align: justify;\"><\/div>\n<div style=\"text-align: justify;\"><span style=\"font-family: arial,helvetica,sans-serif;\"><span style=\"font-size: 12px;\">O ciclo PDCA consiste em seguir o ciclo proposto dos quatro preceitos, sempre retornando ao primeiro ap\u00f3s o plano \u201crodar\u201d, ou seja, um ciclo de monitoramento finalizado, avaliando seus pontos fortes e fracos para que no pr\u00f3ximo ciclo possam se aproveitar os acertos e atacar os erros, mirando a melhoria cont\u00ednua da gest\u00e3o.<\/span><\/span><\/div>\n<div style=\"text-align: justify;\"><span style=\"font-size: 12px; font-family: arial, helvetica, sans-serif;\"><a href=\"http:\/\/pt.slideshare.net\/antoniovirgilho3334\/ciclo-pdca-23689980\" target=\"_blank\" rel=\"noopener noreferrer\">A sigla PDCA<\/a> significa a uni\u00e3o de quatro palavras em ingl\u00eas ( que formam o Ciclo PDCA conforme dito a cima) a seguir:<\/span><\/div>\n<div style=\"text-align: justify;\"><span style=\"font-family: arial,helvetica,sans-serif;\"><span style=\"font-size: 12px;\"><strong>Plan<\/strong> \u2013 Planejamento, Estabelecendo os processos e objetivos necess\u00e1rios para atingir os resultados em concord\u00e2ncia com a pol\u00edtica da organiza\u00e7\u00e3o, bem como de todos os requisitos legais;<\/span><\/span><\/div>\n<div style=\"text-align: justify;\"><span style=\"font-family: arial,helvetica,sans-serif;\"><span style=\"font-size: 12px;\"><strong>Do<\/strong> \u2013 Implementa\u00e7\u00e3o e opera\u00e7\u00e3o dos processos;<\/span><\/span><\/div>\n<div style=\"text-align: justify;\"><strong style=\"font-size: 12px; font-family: arial, helvetica, sans-serif;\">Check<\/strong><span style=\"font-size: 12px; font-family: arial, helvetica, sans-serif;\"> \u2013 Verificar, monitorando e medindo os processos em conformidade com a pol\u00edtica da organiza\u00e7\u00e3o, programa de objetivos e metas, requisitos legais e outros, relatando os resultados.<\/span><\/div>\n<div style=\"text-align: justify;\"><span style=\"font-family: arial,helvetica,sans-serif;\"><span style=\"font-size: 12px;\"><strong>Act<\/strong> \u2013 Agir para continuamente melhorar o desempenho do sistema de gest\u00e3o.<\/span><\/span><\/div>\n<div style=\"text-align: justify;\"><span style=\"font-family: arial,helvetica,sans-serif;\"><span style=\"font-size: 12px;\">Abaixo cada um desses pontos ser\u00e1 desdobrado de acordo com um plano de gerenciamento de res\u00edduos:<\/span><\/span><\/div>\n<div style=\"text-align: justify;\"><\/div>\n<div style=\"text-align: justify;\"><strong><em><span style=\"font-family: arial,helvetica,sans-serif;\"><span style=\"font-size: 12px;\">2.1 \u2013 Plan ou Planejamento<\/span><\/span><\/em><\/strong><\/div>\n<div style=\"text-align: justify;\"><\/div>\n<div style=\"text-align: justify;\"><span style=\"font-family: arial,helvetica,sans-serif;\"><span style=\"font-size: 12px;\">Primeiro ponto do Ciclo PDCA, o planejamento consiste em estabelecer todos os processos para o plano de gerenciamento, assim como o seu programa de objetivos e metas para a verifica\u00e7\u00e3o no final do ciclo, sempre em concord\u00e2ncia com os requisitos da organiza\u00e7\u00e3o e legais.<\/span><\/span><\/div>\n<div style=\"text-align: justify;\"><span style=\"font-family: arial,helvetica,sans-serif;\"><span style=\"font-size: 12px;\">No gerenciamento de res\u00edduos, nesta fase s\u00e3o levantados todos os processos da organiza\u00e7\u00e3o, consequentemente quais os res\u00edduos que s\u00e3o gerados. Os res\u00edduos s\u00e3o classificados de acordo com a sua origem e periculosidade, e tamb\u00e9m \u00e9 implementada a metodologia de quantifica\u00e7\u00e3o dos mesmos de acordo com o processo. Diante deste levantamento, s\u00e3o verificados quais s\u00e3o os diplomas legais relacionados a cada tipo de res\u00edduos, sendo estes no \u00e2mbito federal, estadual e municipal.<\/span><\/span><\/div>\n<div style=\"text-align: justify;\"><span style=\"font-family: arial,helvetica,sans-serif;\"><span style=\"font-size: 12px;\">Outro ponto importante \u00e9 a defini\u00e7\u00e3o de como ser\u00e1 realizado todo o processo desde a gera\u00e7\u00e3o do res\u00edduo, passando pela sua segrega\u00e7\u00e3o, coleta, classifica\u00e7\u00e3o, manuseio, acondicionamento, armazenamento tempor\u00e1rio, transporte, se necessita de tratamento e qual ser\u00e1 o sua destina\u00e7\u00e3o final, se ser\u00e1 reaproveitado, reintroduzido, reciclado, ou caso n\u00e3o se enquadre em nenhuma das alternativas anteriores, encaminhar para disposi\u00e7\u00e3o final, como \u00a0por exemplo em \u00a0um \u00a0aterro \u00a0sanit\u00e1rio. Importante\u00a0<\/span><\/span><span style=\"font-family: arial, helvetica, sans-serif; font-size: 12px;\">ressaltar que para todos esses subprocessos dever\u00e3o ser respeitados os preceitos legais de \u00e2mbito nacional.<\/span><\/div>\n<div style=\"text-align: justify;\"><span style=\"font-family: arial,helvetica,sans-serif;\"><span style=\"font-size: 12px;\">O \u00faltimo instrumento do planejamento \u00e9 a elabora\u00e7\u00e3o de um programa de objetivos e metas. Podemos dizer que sem esse programa o plano de gerenciamento n\u00e3o possui uma diretriz, ou seja, n\u00e3o consegue tomar a\u00e7\u00f5es para que se consigam atingir os objetivos propostos.<\/span><\/span><\/div>\n<div><\/div>\n<div><img data-recalc-dims=\"1\" loading=\"lazy\" decoding=\"async\" data-attachment-id=\"13433\" data-permalink=\"https:\/\/cenedcursos.com.br\/meio-ambiente\/ciclo-pdca-gestao-de-residuos-solidos\/ciclo-pdca11\/\" data-orig-file=\"https:\/\/i0.wp.com\/cenedcursos.com.br\/meio-ambiente\/wp-content\/uploads\/2012\/02\/ciclo-pdca11.webp?fit=1200%2C801&amp;ssl=1\" data-orig-size=\"1200,801\" data-comments-opened=\"1\" data-image-meta=\"{&quot;aperture&quot;:&quot;0&quot;,&quot;credit&quot;:&quot;&quot;,&quot;camera&quot;:&quot;&quot;,&quot;caption&quot;:&quot;&quot;,&quot;created_timestamp&quot;:&quot;0&quot;,&quot;copyright&quot;:&quot;&quot;,&quot;focal_length&quot;:&quot;0&quot;,&quot;iso&quot;:&quot;0&quot;,&quot;shutter_speed&quot;:&quot;0&quot;,&quot;title&quot;:&quot;&quot;,&quot;orientation&quot;:&quot;0&quot;}\" data-image-title=\"ciclo pdca\" data-image-description=\"\" data-image-caption=\"\" data-medium-file=\"https:\/\/i0.wp.com\/cenedcursos.com.br\/meio-ambiente\/wp-content\/uploads\/2012\/02\/ciclo-pdca11.webp?fit=300%2C200&amp;ssl=1\" data-large-file=\"https:\/\/i0.wp.com\/cenedcursos.com.br\/meio-ambiente\/wp-content\/uploads\/2012\/02\/ciclo-pdca11.webp?fit=696%2C465&amp;ssl=1\" class=\"alignnone wp-image-13433 size-large\" src=\"https:\/\/i0.wp.com\/cenedcursos.com.br\/meio-ambiente\/wp-content\/uploads\/2012\/02\/ciclo-pdca11.webp?resize=696%2C465&#038;ssl=1\" alt=\"ciclo pdca\" width=\"696\" height=\"465\" srcset=\"https:\/\/i0.wp.com\/cenedcursos.com.br\/meio-ambiente\/wp-content\/uploads\/2012\/02\/ciclo-pdca11.webp?resize=1024%2C684&amp;ssl=1 1024w, https:\/\/i0.wp.com\/cenedcursos.com.br\/meio-ambiente\/wp-content\/uploads\/2012\/02\/ciclo-pdca11.webp?resize=300%2C200&amp;ssl=1 300w, https:\/\/i0.wp.com\/cenedcursos.com.br\/meio-ambiente\/wp-content\/uploads\/2012\/02\/ciclo-pdca11.webp?resize=768%2C513&amp;ssl=1 768w, https:\/\/i0.wp.com\/cenedcursos.com.br\/meio-ambiente\/wp-content\/uploads\/2012\/02\/ciclo-pdca11.webp?resize=696%2C465&amp;ssl=1 696w, https:\/\/i0.wp.com\/cenedcursos.com.br\/meio-ambiente\/wp-content\/uploads\/2012\/02\/ciclo-pdca11.webp?resize=1068%2C713&amp;ssl=1 1068w, https:\/\/i0.wp.com\/cenedcursos.com.br\/meio-ambiente\/wp-content\/uploads\/2012\/02\/ciclo-pdca11.webp?resize=629%2C420&amp;ssl=1 629w, https:\/\/i0.wp.com\/cenedcursos.com.br\/meio-ambiente\/wp-content\/uploads\/2012\/02\/ciclo-pdca11.webp?w=1200&amp;ssl=1 1200w\" sizes=\"auto, (max-width: 696px) 100vw, 696px\" \/><\/div>\n<div style=\"text-align: justify;\"><\/div>\n<div style=\"text-align: justify;\"><em><strong><span style=\"font-family: arial,helvetica,sans-serif;\"><span style=\"font-size: 12px;\">2.2 \u2013 Do ou Implementa\u00e7\u00e3o dos Processos<\/span><\/span><\/strong><\/em><\/div>\n<div style=\"text-align: justify;\"><\/div>\n<div style=\"text-align: justify;\"><span style=\"font-family: arial,helvetica,sans-serif;\"><span style=\"font-size: 12px;\">Neste segundo ponto do plano de gerenciamento, o objetivo \u00e9 a implanta\u00e7\u00e3o \u00a0dos \u00a0processos. \u00a0S\u00e3o \u00a0definidas \u00a0as \u00a0responsabilidades, autoridades e fun\u00e7\u00f5es para cada atividade, bem como os recursos necess\u00e1rios para a implementa\u00e7\u00e3o do plano.<\/span><\/span><\/div>\n<div style=\"text-align: justify;\"><span style=\"font-family: arial,helvetica,sans-serif;\"><span style=\"font-size: 12px;\">Outra quest\u00e3o important\u00edssima para o sucesso do plano \u00e9 a compet\u00eancia requerida para cada fun\u00e7\u00e3o, ou seja, qual forma\u00e7\u00e3o, experi\u00eancia e treinamento s\u00e3o necess\u00e1rios para que uma pessoa realize aquela atividade. Al\u00e9m do levantamento dos treinamentos necess\u00e1rios, s\u00e3o verificados outros treinamentos com o intuito de especializar cada vez mais a m\u00e3o de obra envolvida.<\/span><\/span><\/div>\n<div style=\"text-align: justify;\"><span style=\"font-family: arial,helvetica,sans-serif;\"><span style=\"font-size: 12px;\">Outro ponto a se pensar seria a comunica\u00e7\u00e3o, dita em outras palavras, a maneira pela qual os empregados da organiza\u00e7\u00e3o recebem informativos a respeito dos res\u00edduos, qual a import\u00e2ncia de cada um para o sucesso do plano, bem como as comunica\u00e7\u00f5es no \u00e2mbito externo como, por exemplo algum \u00f3rg\u00e3o ambiental.<\/span><\/span><\/div>\n<div style=\"text-align: justify;\"><span style=\"font-family: arial,helvetica,sans-serif;\"><span style=\"font-size: 12px;\">Tamb\u00e9m s\u00e3o definidas nesta etapa quais s\u00e3o as particularidades de cada processo desde a gera\u00e7\u00e3o at\u00e9 uma poss\u00edvel disposi\u00e7\u00e3o final, como ser\u00e1 feita para cada res\u00edduo, como e onde ser\u00e1 feita a coleta seletiva, qual ser\u00e1 o pr\u00e9-tratamento dado, qual a destina\u00e7\u00e3o final para cada tipo de res\u00edduos, e quais ser\u00e3o aqueles que ter\u00e3o uma disposi\u00e7\u00e3o final. Um ponto importante a se observar no processo \u00e9 o levantamento de quais s\u00e3o os res\u00edduos classificados como perigosos para adotar um controle maior para que os mesmos n\u00e3o tenham uma destina\u00e7\u00e3o incorreta e assim desrespeite preceitos legais existentes.<\/span><\/span><\/div>\n<div style=\"text-align: justify;\"><span style=\"font-size: 12px; font-family: arial, helvetica, sans-serif;\">O \u00faltimo ponto a se comentar na implementa\u00e7\u00e3o diz respeito ao controle da \u00a0 documenta\u00e7\u00e3o \u00a0 e \u00a0 dos \u00a0 registros, \u00a0 identificando-os, \u00a0assegurando \u00a0 a utiliza\u00e7\u00e3o dos mais atuais, sua maneira de arquiv\u00e1-los, bem como os registros gerados pelo plano.<\/span><\/div>\n<div style=\"text-align: justify;\"><span style=\"font-family: arial,helvetica,sans-serif;\"><span style=\"font-size: 12px;\">Um ponto o qual merece coment\u00e1rio \u00e9 que caso a organiza\u00e7\u00e3o seja certificada, principalmente por sistema de gest\u00e3o ambiental, \u00e9 necess\u00e1rio incluir os poss\u00edveis incidentes com os res\u00edduos em seu plano de resposta \u00e0s emerg\u00eancias.<\/span><\/span><\/div>\n<div style=\"text-align: justify;\"><\/div>\n<div style=\"text-align: justify;\"><em><strong><span style=\"font-family: arial,helvetica,sans-serif;\"><span style=\"font-size: 12px;\">2.3 \u2013 Check ou Verifica\u00e7\u00e3o\/Monitoramento<\/span><\/span><\/strong><\/em><\/div>\n<div style=\"text-align: justify;\"><\/div>\n<div style=\"text-align: justify;\"><span style=\"font-family: arial,helvetica,sans-serif;\"><span style=\"font-size: 12px;\">Neste terceiro e \u00faltimo passo do ciclo PDCA, todos os processos implementados s\u00e3o verificados e monitorados, com o objetivo de verificar se todos eles est\u00e3o conforme o primeiro ponto \u2013 o planejamento.<\/span><\/span><\/div>\n<div style=\"text-align: justify;\"><span style=\"font-family: arial,helvetica,sans-serif;\"><span style=\"font-size: 12px;\">Isso \u00e9 feito com o monitoramento e medi\u00e7\u00e3o dos processos envolvidos, principalmente de acordo com o plano de objetivos e metas desenhado para o plano de gerenciamento de res\u00edduos.<\/span><\/span><\/div>\n<div style=\"text-align: justify;\"><span style=\"font-family: arial,helvetica,sans-serif;\"><span style=\"font-size: 12px;\">Outra verifica\u00e7\u00e3o feita \u00e9 a avalia\u00e7\u00e3o do atendimento aos requisitos legais do sistema, uma pr\u00e1tica para verificar se todos os diplomas est\u00e3o sendo respeitados na pr\u00e1tica do <a href=\"https:\/\/cenedcursos.com.br\/meio-ambiente\/residuos-solidos-urbanos-lixo\/\">gerenciamento de res\u00edduos<\/a>. Nesta fase tamb\u00e9m deve ser realizadas auditorias internas para a verifica\u00e7\u00e3o do funcionamento do plano de acordo com os requisitos pr\u00e9-estabelecidos.<\/span><\/span><\/div>\n<div style=\"text-align: justify;\"><span style=\"font-family: arial,helvetica,sans-serif;\"><span style=\"font-size: 12px;\">Diante de todas as verifica\u00e7\u00f5es, s\u00e3o introduzidos os seguintes preceitos: N\u00e3o conformidade, a\u00e7\u00e3o corretiva e preventiva. A n\u00e3o conformidade \u00e9 verificada quando algum requisito contemplado no sistema n\u00e3o est\u00e1 sendo cumprido. Com isso, \u00e9 elaborada uma a\u00e7\u00e3o corretiva com o intuito de sanar essa n\u00e3o conformidade, prevenindo a sua ocorr\u00eancia no futuro. A a\u00e7\u00e3o preventiva \u00e9 uma a\u00e7\u00e3o tomada antes da ocorr\u00eancia da n\u00e3o conformidade, por exemplo, caso seja observado em algum monitoramento do sistema que alguma meta n\u00e3o ser\u00e1 cumprida, o respons\u00e1vel abre uma a\u00e7\u00e3o preventiva com \u00a0atitudes \u00a0que \u00a0possam \u00a0alterar \u00a0o \u00a0processo \u00a0para \u00a0que \u00a0a \u00a0meta \u00a0seja cumprida, antes do t\u00e9rmino do per\u00edodo.<\/span><\/span><\/div>\n<div style=\"text-align: justify;\"><\/div>\n<div style=\"text-align: justify;\"><em><strong><span style=\"font-family: arial,helvetica,sans-serif;\"><span style=\"font-size: 12px;\">2.4 \u2013 Act ou Agir<\/span><\/span><\/strong><\/em><\/div>\n<div style=\"text-align: justify;\"><\/div>\n<div style=\"text-align: justify;\"><span style=\"font-family: arial,helvetica,sans-serif;\"><span style=\"font-size: 12px;\">Nesta \u00faltima etapa do Ciclo\u00a0PDCA, diante dos dados gerados pela etapa anterior de monitoramento e verifica\u00e7\u00e3o, s\u00e3o tomadas as a\u00e7\u00f5es para o pr\u00f3ximo ciclo do plano. S\u00e3o realizadas reuni\u00f5es com os respons\u00e1veis pelo plano para definir quais ser\u00e3o os pr\u00f3ximos objetivos dos planos, se existe alguma nova tecnologia \u00a0 para \u00a0 ser \u00a0 incorporada \u00a0 no \u00a0 processo, \u00a0 sendo \u00a0 factualmente verificadas com todos os resultados monitorados e medidos no plano.<\/span><\/span><\/div>\n<div style=\"text-align: justify;\"><\/div>\n<div style=\"text-align: justify;\"><em><strong><span style=\"font-family: arial,helvetica,sans-serif;\"><span style=\"font-size: 12px;\">3 \u2013 Conclus\u00e3o<\/span><\/span><\/strong><\/em><\/div>\n<div style=\"text-align: justify;\"><\/div>\n<div style=\"text-align: justify;\"><span style=\"font-family: arial,helvetica,sans-serif;\"><span style=\"font-size: 12px;\">O modelo de plano acima sugerido foi embasado no ciclo PDCA. Foram relatadas linhas gerais do plano, onde uma exposi\u00e7\u00e3o mais elaborada n\u00e3o seria o objetivo do trabalho de conclus\u00e3o do curso realizado.<\/span><\/span><\/div>\n<div style=\"text-align: justify;\"><span style=\"font-family: arial,helvetica,sans-serif;\"><span style=\"font-size: 12px;\">Acredito que desta metodologia as empresas, cada uma com a sua particularidade na gera\u00e7\u00e3o de res\u00edduos, consigam desenvolver planos mais complexos, e at\u00e9 mesmo tirando bastante proveito, n\u00e3o s\u00f3 para a pr\u00f3pria organiza\u00e7\u00e3o, \u00a0podendo \u00a0gerar \u00a0receitas \u00a0e \u00a0externalidades \u00a0positivas \u00a0com \u00a0a gest\u00e3o dos res\u00edduos, mas tamb\u00e9m para o meio ambiente e a sociedade.<\/span><\/span><\/div>\n<div style=\"text-align: justify;\"><\/div>\n<div style=\"text-align: justify;\"><em><strong><span style=\"font-family: arial,helvetica,sans-serif;\"><span style=\"font-size: 12px;\">Autor: Marcelo Tardin<\/span><\/span><\/strong><\/em><\/div>\n","protected":false},"excerpt":{"rendered":"<p>Com a promulga\u00e7\u00e3o da lei 12305 de 2010 \u2013 Pol\u00edtica Nacional de Res\u00edduos S\u00f3lidos, um novo in\u00edcio no que discerne ao tema Res\u00edduos S\u00f3lidos come\u00e7a no Brasil. Um tema, que possu\u00eda movimenta\u00e7\u00f5es isoladas de alguns estados e prefeituras tentando resolver a problem\u00e1tica do lixo, agora toma a for\u00e7a de lei, com um norteamento no que [&hellip;]<\/p>\n","protected":false},"author":1,"featured_media":13432,"comment_status":"open","ping_status":"open","sticky":false,"template":"","format":"standard","meta":{"_jetpack_memberships_contains_paid_content":false,"footnotes":""},"categories":[498],"tags":[601,813,877,957],"class_list":{"0":"post-902","1":"post","2":"type-post","3":"status-publish","4":"format-standard","5":"has-post-thumbnail","7":"category-residuos-solidos-textos","8":"tag-ciclo-pdca","9":"tag-gestao-de-residuos-solidos","10":"tag-lixo","11":"tag-plano-de-residuos"},"yoast_head":"<!-- This site is optimized with the Yoast SEO plugin v25.1 - https:\/\/yoast.com\/wordpress\/plugins\/seo\/ -->\n<title>Ciclo PDCA e sua aplica\u00e7\u00e3o no Gerenciamento de Res\u00edduos<\/title>\n<meta name=\"description\" content=\"O ciclo PDCA consiste em seguir o ciclo proposto dos quatro preceitos: Planejar, implementar, verificar e agir sempre retornando ao primeiro\" \/>\n<meta name=\"robots\" content=\"index, follow, max-snippet:-1, max-image-preview:large, max-video-preview:-1\" \/>\n<link rel=\"canonical\" href=\"https:\/\/cenedcursos.com.br\/meio-ambiente\/ciclo-pdca-gestao-de-residuos-solidos\/\" \/>\n<meta property=\"og:locale\" content=\"pt_BR\" \/>\n<meta property=\"og:type\" content=\"article\" \/>\n<meta property=\"og:title\" content=\"Ciclo PDCA e sua aplica\u00e7\u00e3o no Gerenciamento de Res\u00edduos\" \/>\n<meta property=\"og:description\" content=\"O ciclo PDCA consiste em seguir o ciclo proposto dos quatro preceitos: Planejar, implementar, verificar e agir sempre retornando ao primeiro ap\u00f3s o plano...\" \/>\n<meta property=\"og:url\" content=\"https:\/\/cenedcursos.com.br\/meio-ambiente\/ciclo-pdca-gestao-de-residuos-solidos\/\" \/>\n<meta property=\"og:site_name\" content=\"CENED Cursos Online\" \/>\n<meta property=\"article:published_time\" content=\"2012-02-29T12:15:49+00:00\" \/>\n<meta property=\"article:modified_time\" content=\"2025-05-11T17:21:47+00:00\" \/>\n<meta name=\"author\" content=\"Amarildo R. Ferrari\" \/>\n<meta name=\"twitter:card\" content=\"summary_large_image\" \/>\n<meta name=\"twitter:image\" content=\"https:\/\/i0.wp.com\/cenedcursos.com.br\/meio-ambiente\/wp-content\/uploads\/2012\/02\/ciclo-pdca.webp?fit=1200%2C800&ssl=1\" \/>\n<meta name=\"twitter:label1\" content=\"Escrito por\" \/>\n\t<meta name=\"twitter:data1\" content=\"Amarildo R. Ferrari\" \/>\n\t<meta name=\"twitter:label2\" content=\"Est. tempo de leitura\" \/>\n\t<meta name=\"twitter:data2\" content=\"8 minutos\" \/>\n<script type=\"application\/ld+json\" class=\"yoast-schema-graph\">{\"@context\":\"https:\/\/schema.org\",\"@graph\":[{\"@type\":\"WebPage\",\"@id\":\"https:\/\/cenedcursos.com.br\/meio-ambiente\/ciclo-pdca-gestao-de-residuos-solidos\/\",\"url\":\"https:\/\/cenedcursos.com.br\/meio-ambiente\/ciclo-pdca-gestao-de-residuos-solidos\/\",\"name\":\"Ciclo PDCA e sua aplica\u00e7\u00e3o no Gerenciamento de Res\u00edduos\",\"isPartOf\":{\"@id\":\"https:\/\/cenedcursos.com.br\/meio-ambiente\/#website\"},\"primaryImageOfPage\":{\"@id\":\"https:\/\/cenedcursos.com.br\/meio-ambiente\/ciclo-pdca-gestao-de-residuos-solidos\/#primaryimage\"},\"image\":{\"@id\":\"https:\/\/cenedcursos.com.br\/meio-ambiente\/ciclo-pdca-gestao-de-residuos-solidos\/#primaryimage\"},\"thumbnailUrl\":\"https:\/\/i0.wp.com\/cenedcursos.com.br\/meio-ambiente\/wp-content\/uploads\/2012\/02\/ciclo-pdca.webp?fit=1200%2C800&ssl=1\",\"datePublished\":\"2012-02-29T12:15:49+00:00\",\"dateModified\":\"2025-05-11T17:21:47+00:00\",\"author\":{\"@id\":\"https:\/\/cenedcursos.com.br\/meio-ambiente\/#\/schema\/person\/64377d24cdc16779a1eb6229894af388\"},\"description\":\"O ciclo PDCA consiste em seguir o ciclo proposto dos quatro preceitos: Planejar, implementar, verificar e agir sempre retornando ao primeiro\",\"breadcrumb\":{\"@id\":\"https:\/\/cenedcursos.com.br\/meio-ambiente\/ciclo-pdca-gestao-de-residuos-solidos\/#breadcrumb\"},\"inLanguage\":\"pt-BR\",\"potentialAction\":[{\"@type\":\"ReadAction\",\"target\":[\"https:\/\/cenedcursos.com.br\/meio-ambiente\/ciclo-pdca-gestao-de-residuos-solidos\/\"]}]},{\"@type\":\"ImageObject\",\"inLanguage\":\"pt-BR\",\"@id\":\"https:\/\/cenedcursos.com.br\/meio-ambiente\/ciclo-pdca-gestao-de-residuos-solidos\/#primaryimage\",\"url\":\"https:\/\/i0.wp.com\/cenedcursos.com.br\/meio-ambiente\/wp-content\/uploads\/2012\/02\/ciclo-pdca.webp?fit=1200%2C800&ssl=1\",\"contentUrl\":\"https:\/\/i0.wp.com\/cenedcursos.com.br\/meio-ambiente\/wp-content\/uploads\/2012\/02\/ciclo-pdca.webp?fit=1200%2C800&ssl=1\",\"width\":1200,\"height\":800,\"caption\":\"ciclo pdca\"},{\"@type\":\"BreadcrumbList\",\"@id\":\"https:\/\/cenedcursos.com.br\/meio-ambiente\/ciclo-pdca-gestao-de-residuos-solidos\/#breadcrumb\",\"itemListElement\":[{\"@type\":\"ListItem\",\"position\":1,\"name\":\"In\u00edcio\",\"item\":\"https:\/\/cenedcursos.com.br\/meio-ambiente\/\"},{\"@type\":\"ListItem\",\"position\":2,\"name\":\"A Aplica\u00e7\u00e3o do Ciclo PDCA no Gerenciamento de Res\u00edduos S\u00f3lidos\"}]},{\"@type\":\"WebSite\",\"@id\":\"https:\/\/cenedcursos.com.br\/meio-ambiente\/#website\",\"url\":\"https:\/\/cenedcursos.com.br\/meio-ambiente\/\",\"name\":\"CENED Cursos Online\",\"description\":\"Aqui voc\u00ea encontra artigos em diversas \u00e1reas do conhecimento: meio ambiente, educa\u00e7\u00e3o, marketing digital, neg\u00f3cios online e muito mais.\",\"potentialAction\":[{\"@type\":\"SearchAction\",\"target\":{\"@type\":\"EntryPoint\",\"urlTemplate\":\"https:\/\/cenedcursos.com.br\/meio-ambiente\/?s={search_term_string}\"},\"query-input\":{\"@type\":\"PropertyValueSpecification\",\"valueRequired\":true,\"valueName\":\"search_term_string\"}}],\"inLanguage\":\"pt-BR\"},{\"@type\":\"Person\",\"@id\":\"https:\/\/cenedcursos.com.br\/meio-ambiente\/#\/schema\/person\/64377d24cdc16779a1eb6229894af388\",\"name\":\"Amarildo R. Ferrari\",\"image\":{\"@type\":\"ImageObject\",\"inLanguage\":\"pt-BR\",\"@id\":\"https:\/\/cenedcursos.com.br\/meio-ambiente\/#\/schema\/person\/image\/\",\"url\":\"https:\/\/secure.gravatar.com\/avatar\/6ea4248ca9f295c93f1b72f8398232f0fbbffe30349e6ec3839cfa5e09b0de3c?s=96&d=mm&r=g\",\"contentUrl\":\"https:\/\/secure.gravatar.com\/avatar\/6ea4248ca9f295c93f1b72f8398232f0fbbffe30349e6ec3839cfa5e09b0de3c?s=96&d=mm&r=g\",\"caption\":\"Amarildo R. Ferrari\"},\"sameAs\":[\"https:\/\/cenedcursos.com.br\/meio-ambiente\"],\"url\":\"https:\/\/cenedcursos.com.br\/meio-ambiente\/author\/admin\/\"}]}<\/script>\n<!-- \/ Yoast SEO plugin. -->","yoast_head_json":{"title":"Ciclo PDCA e sua aplica\u00e7\u00e3o no Gerenciamento de Res\u00edduos","description":"O ciclo PDCA consiste em seguir o ciclo proposto dos quatro preceitos: Planejar, implementar, verificar e agir sempre retornando ao primeiro","robots":{"index":"index","follow":"follow","max-snippet":"max-snippet:-1","max-image-preview":"max-image-preview:large","max-video-preview":"max-video-preview:-1"},"canonical":"https:\/\/cenedcursos.com.br\/meio-ambiente\/ciclo-pdca-gestao-de-residuos-solidos\/","og_locale":"pt_BR","og_type":"article","og_title":"Ciclo PDCA e sua aplica\u00e7\u00e3o no Gerenciamento de Res\u00edduos","og_description":"O ciclo PDCA consiste em seguir o ciclo proposto dos quatro preceitos: Planejar, implementar, verificar e agir sempre retornando ao primeiro ap\u00f3s o plano...","og_url":"https:\/\/cenedcursos.com.br\/meio-ambiente\/ciclo-pdca-gestao-de-residuos-solidos\/","og_site_name":"CENED Cursos Online","article_published_time":"2012-02-29T12:15:49+00:00","article_modified_time":"2025-05-11T17:21:47+00:00","author":"Amarildo R. Ferrari","twitter_card":"summary_large_image","twitter_image":"https:\/\/i0.wp.com\/cenedcursos.com.br\/meio-ambiente\/wp-content\/uploads\/2012\/02\/ciclo-pdca.webp?fit=1200%2C800&ssl=1","twitter_misc":{"Escrito por":"Amarildo R. Ferrari","Est. tempo de leitura":"8 minutos"},"schema":{"@context":"https:\/\/schema.org","@graph":[{"@type":"WebPage","@id":"https:\/\/cenedcursos.com.br\/meio-ambiente\/ciclo-pdca-gestao-de-residuos-solidos\/","url":"https:\/\/cenedcursos.com.br\/meio-ambiente\/ciclo-pdca-gestao-de-residuos-solidos\/","name":"Ciclo PDCA e sua aplica\u00e7\u00e3o no Gerenciamento de Res\u00edduos","isPartOf":{"@id":"https:\/\/cenedcursos.com.br\/meio-ambiente\/#website"},"primaryImageOfPage":{"@id":"https:\/\/cenedcursos.com.br\/meio-ambiente\/ciclo-pdca-gestao-de-residuos-solidos\/#primaryimage"},"image":{"@id":"https:\/\/cenedcursos.com.br\/meio-ambiente\/ciclo-pdca-gestao-de-residuos-solidos\/#primaryimage"},"thumbnailUrl":"https:\/\/i0.wp.com\/cenedcursos.com.br\/meio-ambiente\/wp-content\/uploads\/2012\/02\/ciclo-pdca.webp?fit=1200%2C800&ssl=1","datePublished":"2012-02-29T12:15:49+00:00","dateModified":"2025-05-11T17:21:47+00:00","author":{"@id":"https:\/\/cenedcursos.com.br\/meio-ambiente\/#\/schema\/person\/64377d24cdc16779a1eb6229894af388"},"description":"O ciclo PDCA consiste em seguir o ciclo proposto dos quatro preceitos: Planejar, implementar, verificar e agir sempre retornando ao primeiro","breadcrumb":{"@id":"https:\/\/cenedcursos.com.br\/meio-ambiente\/ciclo-pdca-gestao-de-residuos-solidos\/#breadcrumb"},"inLanguage":"pt-BR","potentialAction":[{"@type":"ReadAction","target":["https:\/\/cenedcursos.com.br\/meio-ambiente\/ciclo-pdca-gestao-de-residuos-solidos\/"]}]},{"@type":"ImageObject","inLanguage":"pt-BR","@id":"https:\/\/cenedcursos.com.br\/meio-ambiente\/ciclo-pdca-gestao-de-residuos-solidos\/#primaryimage","url":"https:\/\/i0.wp.com\/cenedcursos.com.br\/meio-ambiente\/wp-content\/uploads\/2012\/02\/ciclo-pdca.webp?fit=1200%2C800&ssl=1","contentUrl":"https:\/\/i0.wp.com\/cenedcursos.com.br\/meio-ambiente\/wp-content\/uploads\/2012\/02\/ciclo-pdca.webp?fit=1200%2C800&ssl=1","width":1200,"height":800,"caption":"ciclo pdca"},{"@type":"BreadcrumbList","@id":"https:\/\/cenedcursos.com.br\/meio-ambiente\/ciclo-pdca-gestao-de-residuos-solidos\/#breadcrumb","itemListElement":[{"@type":"ListItem","position":1,"name":"In\u00edcio","item":"https:\/\/cenedcursos.com.br\/meio-ambiente\/"},{"@type":"ListItem","position":2,"name":"A Aplica\u00e7\u00e3o do Ciclo PDCA no Gerenciamento de Res\u00edduos S\u00f3lidos"}]},{"@type":"WebSite","@id":"https:\/\/cenedcursos.com.br\/meio-ambiente\/#website","url":"https:\/\/cenedcursos.com.br\/meio-ambiente\/","name":"CENED Cursos Online","description":"Aqui voc\u00ea encontra artigos em diversas \u00e1reas do conhecimento: meio ambiente, educa\u00e7\u00e3o, marketing digital, neg\u00f3cios online e muito mais.","potentialAction":[{"@type":"SearchAction","target":{"@type":"EntryPoint","urlTemplate":"https:\/\/cenedcursos.com.br\/meio-ambiente\/?s={search_term_string}"},"query-input":{"@type":"PropertyValueSpecification","valueRequired":true,"valueName":"search_term_string"}}],"inLanguage":"pt-BR"},{"@type":"Person","@id":"https:\/\/cenedcursos.com.br\/meio-ambiente\/#\/schema\/person\/64377d24cdc16779a1eb6229894af388","name":"Amarildo R. Ferrari","image":{"@type":"ImageObject","inLanguage":"pt-BR","@id":"https:\/\/cenedcursos.com.br\/meio-ambiente\/#\/schema\/person\/image\/","url":"https:\/\/secure.gravatar.com\/avatar\/6ea4248ca9f295c93f1b72f8398232f0fbbffe30349e6ec3839cfa5e09b0de3c?s=96&d=mm&r=g","contentUrl":"https:\/\/secure.gravatar.com\/avatar\/6ea4248ca9f295c93f1b72f8398232f0fbbffe30349e6ec3839cfa5e09b0de3c?s=96&d=mm&r=g","caption":"Amarildo R. Ferrari"},"sameAs":["https:\/\/cenedcursos.com.br\/meio-ambiente"],"url":"https:\/\/cenedcursos.com.br\/meio-ambiente\/author\/admin\/"}]}},"jetpack_featured_media_url":"https:\/\/i0.wp.com\/cenedcursos.com.br\/meio-ambiente\/wp-content\/uploads\/2012\/02\/ciclo-pdca.webp?fit=1200%2C800&ssl=1","jetpack_sharing_enabled":true,"_links":{"self":[{"href":"https:\/\/cenedcursos.com.br\/meio-ambiente\/wp-json\/wp\/v2\/posts\/902","targetHints":{"allow":["GET"]}}],"collection":[{"href":"https:\/\/cenedcursos.com.br\/meio-ambiente\/wp-json\/wp\/v2\/posts"}],"about":[{"href":"https:\/\/cenedcursos.com.br\/meio-ambiente\/wp-json\/wp\/v2\/types\/post"}],"author":[{"embeddable":true,"href":"https:\/\/cenedcursos.com.br\/meio-ambiente\/wp-json\/wp\/v2\/users\/1"}],"replies":[{"embeddable":true,"href":"https:\/\/cenedcursos.com.br\/meio-ambiente\/wp-json\/wp\/v2\/comments?post=902"}],"version-history":[{"count":0,"href":"https:\/\/cenedcursos.com.br\/meio-ambiente\/wp-json\/wp\/v2\/posts\/902\/revisions"}],"wp:featuredmedia":[{"embeddable":true,"href":"https:\/\/cenedcursos.com.br\/meio-ambiente\/wp-json\/wp\/v2\/media\/13432"}],"wp:attachment":[{"href":"https:\/\/cenedcursos.com.br\/meio-ambiente\/wp-json\/wp\/v2\/media?parent=902"}],"wp:term":[{"taxonomy":"category","embeddable":true,"href":"https:\/\/cenedcursos.com.br\/meio-ambiente\/wp-json\/wp\/v2\/categories?post=902"},{"taxonomy":"post_tag","embeddable":true,"href":"https:\/\/cenedcursos.com.br\/meio-ambiente\/wp-json\/wp\/v2\/tags?post=902"}],"curies":[{"name":"wp","href":"https:\/\/api.w.org\/{rel}","templated":true}]}}