{"id":906,"date":"2012-05-02T14:08:49","date_gmt":"2012-05-02T14:08:49","guid":{"rendered":"http:\/\/www.cenedcursos.com.br\/?p=906"},"modified":"2012-05-02T14:08:49","modified_gmt":"2012-05-02T14:08:49","slug":"desenvolvimento-sustentavel","status":"publish","type":"post","link":"https:\/\/cenedcursos.com.br\/meio-ambiente\/desenvolvimento-sustentavel\/","title":{"rendered":"Desenvolvimento Sustent\u00e1vel"},"content":{"rendered":"<p><span style=\"font-size: 12pt;\"><em><span style=\"font-family: arial, helvetica, sans-serif;\">O termo Desenvolvimento Sustent\u00e1vel foi usado pela 1\u00ba vez no documento \u201cO nosso futuro comum\u201d que ficou conhecido tamb\u00e9m como\u00a0 \u201cRelat\u00f3rio Brundtland\u201d(1987),que foi elaborado pela Comiss\u00e3o Mundial Sobre Meio Ambiente e Desenvolvimento das Na\u00e7\u00f5es Unidas.<\/span><\/em><\/span><br \/>\n<span style=\"font-family: arial, helvetica, sans-serif; font-size: 12pt;\"><strong>Defini\u00e7\u00e3o:<\/strong><\/span><\/p>\n<p style=\"margin-left: 36pt; text-align: justify;\"><span style=\"font-family: arial, helvetica, sans-serif; font-size: 12pt;\">\u201cO desenvolvimento que procura satisfazer as necessidades da gera\u00e7\u00e3o atual, sem comprometer a capacidade das gera\u00e7\u00f5es futuras de satisfazerem as suas pr\u00f3prias necessidades, significa possibilitar que as pessoas, agora e no futuro, atinjam um n\u00edvel satisfat\u00f3rio de desenvolvimento social e econ\u00f4mico e de realiza\u00e7\u00e3o humana e cultural, fazendo, ao mesmo tempo, um uso razo\u00e1vel dos recursos da terra e preservando as esp\u00e9cies e os habitats naturais. \u201c\u00a0\u00a0Fonte: Relat\u00f3rio Brundtland<\/span><\/p>\n<p><span style=\"font-family: arial, helvetica, sans-serif; font-size: 12pt;\"><strong>Pilares:<\/strong><\/span><\/p>\n<ul>\n<li style=\"margin-left: 36pt;\"><span style=\"font-family: arial, helvetica, sans-serif; font-size: 12pt;\"><span style=\"font-family: arial,helvetica,sans-serif;\">Crescimento da economia<\/span><\/span><br \/>\n<span style=\"font-size: 12pt;\"> <a href=\"https:\/\/i0.wp.com\/www.cenedcursos.com.br\/meio-ambiente\/wp-content\/uploads\/2012\/05\/pinwheel-1037541_640.jpg?ssl=1\"><img data-recalc-dims=\"1\" loading=\"lazy\" decoding=\"async\" data-attachment-id=\"8544\" data-permalink=\"https:\/\/cenedcursos.com.br\/meio-ambiente\/pinwheel-1037541_640\/\" data-orig-file=\"https:\/\/i0.wp.com\/cenedcursos.com.br\/meio-ambiente\/wp-content\/uploads\/2012\/05\/pinwheel-1037541_640-1.jpg?fit=640%2C426&amp;ssl=1\" data-orig-size=\"640,426\" data-comments-opened=\"1\" data-image-meta=\"{&quot;aperture&quot;:&quot;0&quot;,&quot;credit&quot;:&quot;&quot;,&quot;camera&quot;:&quot;&quot;,&quot;caption&quot;:&quot;&quot;,&quot;created_timestamp&quot;:&quot;0&quot;,&quot;copyright&quot;:&quot;&quot;,&quot;focal_length&quot;:&quot;0&quot;,&quot;iso&quot;:&quot;0&quot;,&quot;shutter_speed&quot;:&quot;0&quot;,&quot;title&quot;:&quot;&quot;,&quot;orientation&quot;:&quot;0&quot;}\" data-image-title=\"desenvolvimento sustent\u00e1vel\" data-image-description=\"\" data-image-caption=\"\" data-medium-file=\"https:\/\/i0.wp.com\/cenedcursos.com.br\/meio-ambiente\/wp-content\/uploads\/2012\/05\/pinwheel-1037541_640-1.jpg?fit=300%2C200&amp;ssl=1\" data-large-file=\"https:\/\/i0.wp.com\/cenedcursos.com.br\/meio-ambiente\/wp-content\/uploads\/2012\/05\/pinwheel-1037541_640-1.jpg?fit=640%2C426&amp;ssl=1\" class=\"alignnone wp-image-8544 size-medium\" src=\"https:\/\/i0.wp.com\/www.cenedcursos.com.br\/meio-ambiente\/wp-content\/uploads\/2012\/05\/pinwheel-1037541_640-300x200.jpg?resize=300%2C200&#038;ssl=1\" alt=\"desenvolvimento sustent\u00e1vel\" width=\"300\" height=\"200\" \/><\/a><\/span><\/li>\n<li style=\"margin-left: 36pt;\"><span style=\"font-family: arial, helvetica, sans-serif; font-size: 12pt;\">Melhoria da qualidade do ambiente<\/span><\/li>\n<li style=\"margin-left: 36pt;\"><span style=\"font-family: arial, helvetica, sans-serif; font-size: 12pt;\">Melhoria\u00a0 s\u00f3cio-pol\u00edtica<\/span><\/li>\n<\/ul>\n<p><span style=\"font-family: arial, helvetica, sans-serif; font-size: 12pt;\"><strong>Necessidade de cria\u00e7\u00e3o de indicadores, objetivos e metas:<\/strong><\/span><\/p>\n<p style=\"margin-left: 36.0pt;\"><span style=\"font-family: arial, helvetica, sans-serif; font-size: 12pt;\">Houve em 1996, publica\u00e7\u00e3o do Livro Azul, que traz os 134 indicadores que devem ser localmente aferidos pelos pa\u00edses signat\u00e1rios da Agenda 21. Em 2000, a lista foi reduzida para 57 e recebeu diretrizes metodol\u00f3gicas.<\/span><\/p>\n<p><span style=\"font-family: arial, helvetica, sans-serif; font-size: 12pt;\"><strong>Indicadores:<\/strong><\/span><\/p>\n<ul>\n<li style=\"margin-left: 36pt;\"><span style=\"font-family: arial, helvetica, sans-serif; font-size: 12pt;\">\u00a0Ambientais<\/span><\/li>\n<li style=\"margin-left: 36pt;\"><span style=\"font-family: arial, helvetica, sans-serif; font-size: 12pt;\">Econ\u00f4micos<\/span><\/li>\n<li style=\"margin-left: 36pt;\"><span style=\"font-family: arial, helvetica, sans-serif; font-size: 12pt;\">Sociais<\/span><\/li>\n<li style=\"margin-left: 36pt;\"><span style=\"font-family: arial, helvetica, sans-serif; font-size: 12pt;\">Institucionais<\/span><\/li>\n<\/ul>\n<p><span style=\"font-family: arial, helvetica, sans-serif; font-size: 12pt;\"><strong>Indicadores e seus \u00edndices:<\/strong><\/span><\/p>\n<ul>\n<li style=\"margin-left: 36pt;\"><span style=\"font-family: arial, helvetica, sans-serif; font-size: 12pt;\"><span style=\"text-decoration: underline;\">Ambientais<\/span>: Atmosfera; Terra; \u00c1gua doce; Oceanos, mares e \u00e1reas costeiras; biodiversidade; Saneamento.<\/span><\/li>\n<li style=\"margin-left: 36pt;\"><span style=\"font-family: arial, helvetica, sans-serif; font-size: 12pt;\"><span style=\"text-decoration: underline;\">Social<\/span> : Popula\u00e7\u00e3o; Trabalho e rendimento; Sa\u00fade; Educa\u00e7\u00e3o; Habita\u00e7\u00e3o.<\/span><\/li>\n<li style=\"margin-left: 36pt;\"><span style=\"font-family: arial, helvetica, sans-serif; font-size: 12pt;\"><span style=\"text-decoration: underline;\">Econ\u00f4mica<\/span>: Quadro econ\u00f4mico; Padr\u00f5es de produ\u00e7\u00e3o e consumo;<\/span><\/li>\n<li style=\"margin-left: 36pt;\"><span style=\"font-family: arial, helvetica, sans-serif; font-size: 12pt;\"><span style=\"text-decoration: underline;\">Institucional<\/span>: Quadro institucional; Capacidade Institucional.\u00a0\u00a0<\/span><\/li>\n<\/ul>\n<p><span style=\"font-family: arial, helvetica, sans-serif; font-size: 12pt;\"><strong>Os Indicadores est\u00e3o relacionados em quatro diretrizes:<\/strong><\/span><\/p>\n<ul>\n<li style=\"margin-left: 36pt;\"><span style=\"font-family: arial, helvetica, sans-serif; font-size: 12pt;\"><span style=\"text-decoration: underline;\">Equidade<\/span>: aspectos distributivos;<\/span><\/li>\n<li style=\"margin-left: 36pt;\"><span style=\"font-family: arial, helvetica, sans-serif; font-size: 12pt;\"><span style=\"text-decoration: underline;\">Efici\u00eancia<\/span>: uso racional dos recursos;<\/span><\/li>\n<li style=\"margin-left: 36pt;\"><span style=\"font-family: arial, helvetica, sans-serif; font-size: 12pt;\"><span style=\"text-decoration: underline;\">Adaptabilidade<\/span>: diversifica\u00e7\u00e3o, alternativas nos processos de produ\u00e7\u00e3o;<\/span><\/li>\n<li style=\"margin-left: 36pt;\"><span style=\"font-size: 12pt;\"><span style=\"font-family: arial, helvetica, sans-serif; text-decoration: underline;\">Aten\u00e7\u00e3o as gera\u00e7\u00f5es futuras<\/span><span style=\"font-family: arial, helvetica, sans-serif;\">: recursos e os bens econ\u00f4micos, ecol\u00f3gicos e humanos que ser\u00e3o legados as futuras gera\u00e7\u00f5es.<\/span><\/span><\/li>\n<\/ul>\n<p><span style=\"font-family: arial, helvetica, sans-serif; font-size: 12pt;\"><strong>Objetivos:<\/strong><\/span><br \/>\n<span style=\"font-family: arial, helvetica, sans-serif; font-size: 12pt;\">\u00a0O conjunto destas informa\u00e7\u00f5es, valiosas para a compreens\u00e3o dos temas relevantes ao desenvolvimento sustent\u00e1vel do Pa\u00eds, permite estabelecer compara\u00e7\u00f5es inter-regionais no Brasil, bem como entre pa\u00edses, e indica as necessidades\u00a0 e prioridades para a formula\u00e7\u00e3o e avalia\u00e7\u00e3o de pol\u00edticas de desenvolvimento com essa perspectiva.<\/span><br \/>\n<span style=\"font-family: arial, helvetica, sans-serif; font-size: 12pt;\"><strong>No Brasil:<\/strong><\/span><br \/>\n<span style=\"font-family: arial, helvetica, sans-serif; font-size: 12pt;\">\u00a0Desenvolvido a partir da Eco \u2013 92 , com o estabelecimento de metas e objetivos acordados e estabelecidos na Agenda 21.<\/span><br \/>\n<span style=\"font-family: arial, helvetica, sans-serif; font-size: 12pt;\">\u00a0O IBGE , \u00e9 institui\u00e7\u00e3o que avalia e divulga os valores e resultados dos dados coletados atrav\u00e9s de pesquisas feitas por ele e outros \u00f3rg\u00e3os.<\/span><br \/>\n<span style=\"font-family: arial, helvetica, sans-serif; font-size: 12pt;\">A partir de 2002 foi publicado no Brasil o primeiro\u00a0 relat\u00f3rio de desenvolvimento sustentado:<\/span><br \/>\n<span style=\"font-family: arial, helvetica, sans-serif; font-size: 12pt;\">\u00a0\u00a0\u00a0 1\u00ba 2002: analisados 50 indicadores;<\/span><br \/>\n<span style=\"font-family: arial, helvetica, sans-serif; font-size: 12pt;\">\u00a0\u00a0\u00a0 2\u00ba 2004: analisados 59 indicadores, dentre eles 12 novos relativos as quest\u00f5es emergentes;<\/span><br \/>\n<span style=\"font-family: arial, helvetica, sans-serif; font-size: 12pt;\">\u00a0\u00a0\u00a0 3\u00ba 2008: analisados 60 indicadores, poucas mudan\u00e7as.<\/span><br \/>\n<span style=\"font-family: arial, helvetica, sans-serif; font-size: 12pt;\">\u00a0\u00a0\u00a0 4\u00ba 2010: analisados\u00a0 55 indicadores.<\/span><br \/>\n<span style=\"font-family: arial, helvetica, sans-serif; font-size: 12pt;\"><strong>Conclus\u00e3o:<\/strong><\/span><br \/>\n<span style=\"font-family: arial, helvetica, sans-serif; font-size: 12pt;\">O mundo vem lutando e ressaltando a import\u00e2ncia do direito ao Desenvolvimento Sustent\u00e1vel. Seja de forma pol\u00edtica ou atrav\u00e9s das rea\u00e7\u00f5es da pr\u00f3pria natureza.<\/span><br \/>\n<span style=\"font-family: arial, helvetica, sans-serif; font-size: 12pt;\">Assim, temos o direito e a obriga\u00e7\u00e3o de transformar nossas atividades e interesses, em realiza\u00e7\u00f5es que propiciem este fim. Visando de fato, o Desenvolvimento Sustent\u00e1vel.<\/span><br \/>\n<span style=\"font-family: arial, helvetica, sans-serif; font-size: 12pt;\"><strong>Anexos:<\/strong><\/span><br \/>\n<span style=\"font-size: 12pt;\"><em><span style=\"font-family: arial,helvetica,sans-serif;\">Imagem ilustrando a vis\u00e3o de gr\u00e1fica de inser\u00e7\u00e3o da sustentabilidade e a forma com que ela esta inserida em nosso cotidiano.<\/span><\/em><\/span><br \/>\n<span style=\"font-family: arial, helvetica, sans-serif; font-size: 12pt;\"><img data-recalc-dims=\"1\" loading=\"lazy\" decoding=\"async\" class=\" size-full wp-image-904\" style=\"width: 471px; height: 287px;\" title=\"\" src=\"https:\/\/i0.wp.com\/www.cenedcursos.com.br\/meio-ambiente\/wp-content\/uploads\/2012\/05\/imag1.jpg?resize=696%2C425&#038;ssl=1\" alt=\"Relat\u00f3rio Brundtland\" width=\"696\" height=\"425\" \/><\/span><\/p>\n<p style=\"text-align: center;\"><span style=\"font-size: 12pt;\"><span style=\"font-family: arial,helvetica,sans-serif;\">Fonte:pt.wikipedia.org<\/span><\/span><\/p>\n<p><span style=\"font-size: 12pt;\"><em><span style=\"font-family: arial,helvetica,sans-serif;\">Esquema datando os acontecimentos mais relevantes ao Tema.<\/span><\/em><\/span><br \/>\n<span style=\"font-family: arial, helvetica, sans-serif; font-size: 12pt;\"><img data-recalc-dims=\"1\" loading=\"lazy\" decoding=\"async\" class=\" size-full wp-image-905\" style=\"width: 567px; height: 314px;\" title=\"\" src=\"https:\/\/i0.wp.com\/www.cenedcursos.com.br\/meio-ambiente\/wp-content\/uploads\/2012\/05\/img2.jpg?resize=696%2C387&#038;ssl=1\" alt=\"desenvolvimento sustent\u00e1vel\" width=\"696\" height=\"387\" \/><\/span><br \/>\n<span style=\"font-size: 12pt;\"><span style=\"font-family: arial,helvetica,sans-serif;\">Fonte: Disserta\u00e7\u00e3o mestrado KRAMA,M\u00c1RCIA REGINA ( Copenhague 2009).<\/span><\/span><\/p>\n<p style=\"text-align: right;\"><span style=\"font-size: 12pt;\"><em><strong><span style=\"font-family: arial,helvetica,sans-serif;\">Autora: Rafhaella Cavalcante de Melo<\/span><\/strong><\/em><\/span><\/p>\n<hr \/>\n<p><span style=\"font-size: 12pt;\"><strong><span style=\"font-family: arial, helvetica, sans-serif;\">Refer\u00eancias Bibliogr\u00e1ficas:<\/span><\/strong><\/span><\/p>\n<ul>\n<li style=\"margin-left: 36pt;\"><span style=\"font-family: arial, helvetica, sans-serif; font-size: 12pt;\">pt.wikipedia.org\/wiki\/Desenvolvimento_sustent%C3%A1vel<\/span><\/li>\n<li style=\"margin-left: 36pt;\"><span style=\"font-family: arial, helvetica, sans-serif; font-size: 12pt;\">http:\/\/www.produtronica.pucpr.br\/sip\/conteudo\/dissertacoes\/pdf\/MarciaKrama.pdf<\/span><\/li>\n<li style=\"margin-left: 36pt;\"><span style=\"font-family: arial, helvetica, sans-serif; font-size: 12pt;\">ligadonageografia.blogspot.com\/2010\/09\/ids-indicadores-de-desenvolvimento.html<\/span><\/li>\n<li style=\"margin-left: 36pt;\"><span style=\"font-size: 12pt;\"><a href=\"http:\/\/www.ibge.gov.br\/home\/geociencias\/recursosnaturais\/ids\/default_2010.shtm\" target=\"_blank\" rel=\"noopener noreferrer\"><span style=\"font-family: arial,helvetica,sans-serif;\">http:\/\/www.ibge.gov.br\/home\/geociencias\/recursosnaturais\/ids\/default_2010.shtm<\/span><\/a><\/span><\/li>\n<li style=\"margin-left: 36pt;\"><span style=\"font-family: arial, helvetica, sans-serif; font-size: 12pt;\"><em>www.apambiente.pt\/Instrumentos\/&#8230;\/default.aspx <\/em><\/span><\/li>\n<li style=\"margin-left: 36pt;\"><span style=\"font-family: arial, helvetica, sans-serif; font-size: 12pt;\"><em>www.compendiosustentabilidade.com.br\/compendiode<strong>indicadores<\/strong>\/<strong>indicadores<\/strong>\/default.asp?<\/em><\/span><\/li>\n<li style=\"margin-left: 36pt;\"><span style=\"font-family: arial, helvetica, sans-serif; font-size: 12pt;\">http:\/\/ambiente.maiadigital.pt\/ambiente\/indicadores\/o-que-sao-indicadores-de-sustentabilidade<\/span><\/li>\n<li style=\"margin-left: 36pt;\"><span style=\"font-family: arial, helvetica, sans-serif; font-size: 12pt;\">http:\/\/www.ceg.ul.pt\/finisterra\/numeros\/2002-74\/74_10.pdf<\/span><\/li>\n<li style=\"margin-left: 36pt;\"><span style=\"font-family: arial, helvetica, sans-serif; font-size: 12pt;\">http:\/\/www.ecodesenvolvimento.org.br\/biblioteca\/pesquisas\/indicadores-de-desenvolvimento-sustentavel-brasil<\/span><\/li>\n<\/ul>\n","protected":false},"excerpt":{"rendered":"<p>O termo Desenvolvimento Sustent\u00e1vel foi usado pela 1\u00ba vez no documento \u201cO nosso futuro comum\u201d que ficou conhecido tamb\u00e9m como\u00a0 \u201cRelat\u00f3rio Brundtland\u201d(1987),que foi elaborado pela Comiss\u00e3o Mundial Sobre Meio Ambiente e Desenvolvimento das Na\u00e7\u00f5es Unidas. Defini\u00e7\u00e3o: \u201cO desenvolvimento que procura satisfazer as necessidades da gera\u00e7\u00e3o atual, sem comprometer a capacidade das gera\u00e7\u00f5es futuras de satisfazerem [&hellip;]<\/p>\n","protected":false},"author":1,"featured_media":0,"comment_status":"open","ping_status":"open","sticky":false,"template":"","format":"standard","meta":{"_jetpack_memberships_contains_paid_content":false,"footnotes":""},"categories":[499],"tags":[683,1036],"class_list":{"0":"post-906","1":"post","2":"type-post","3":"status-publish","4":"format-standard","6":"category-sustentabilidade-textos","7":"tag-desenvolvimento-sustentavel","8":"tag-relatorio-brundtland"},"yoast_head":"<!-- This site is optimized with the Yoast SEO plugin v25.1 - https:\/\/yoast.com\/wordpress\/plugins\/seo\/ -->\n<title>Desenvolvimento Sustent\u00e1vel - CENED Cursos Ambientais<\/title>\n<meta name=\"description\" content=\"O desenvolvimento sustent\u00e1vel do Pa\u00eds, permite estabelecer compara\u00e7\u00f5es inter-regionais no Brasil, bem como entre pa\u00edses, e indica as necessidades e...\" \/>\n<meta name=\"robots\" content=\"index, follow, max-snippet:-1, max-image-preview:large, max-video-preview:-1\" \/>\n<link rel=\"canonical\" href=\"https:\/\/cenedcursos.com.br\/meio-ambiente\/desenvolvimento-sustentavel\/\" \/>\n<meta property=\"og:locale\" content=\"pt_BR\" \/>\n<meta property=\"og:type\" content=\"article\" \/>\n<meta property=\"og:title\" content=\"Desenvolvimento Sustent\u00e1vel - CENED Cursos Ambientais\" \/>\n<meta property=\"og:description\" content=\"O desenvolvimento sustent\u00e1vel do Pa\u00eds, permite estabelecer compara\u00e7\u00f5es inter-regionais no Brasil, bem como entre pa\u00edses, e indica as necessidades e...\" \/>\n<meta property=\"og:url\" content=\"https:\/\/cenedcursos.com.br\/meio-ambiente\/desenvolvimento-sustentavel\/\" \/>\n<meta property=\"og:site_name\" content=\"CENED Cursos Online\" \/>\n<meta property=\"article:published_time\" content=\"2012-05-02T14:08:49+00:00\" \/>\n<meta property=\"og:image\" content=\"https:\/\/www.cenedcursos.com.br\/meio-ambiente\/wp-content\/uploads\/2012\/05\/pinwheel-1037541_640-300x200.jpg\" \/>\n<meta name=\"author\" content=\"Amarildo R. Ferrari\" \/>\n<meta name=\"twitter:card\" content=\"summary_large_image\" \/>\n<meta name=\"twitter:label1\" content=\"Escrito por\" \/>\n\t<meta name=\"twitter:data1\" content=\"Amarildo R. Ferrari\" \/>\n\t<meta name=\"twitter:label2\" content=\"Est. tempo de leitura\" \/>\n\t<meta name=\"twitter:data2\" content=\"3 minutos\" \/>\n<script type=\"application\/ld+json\" class=\"yoast-schema-graph\">{\"@context\":\"https:\/\/schema.org\",\"@graph\":[{\"@type\":\"WebPage\",\"@id\":\"https:\/\/cenedcursos.com.br\/meio-ambiente\/desenvolvimento-sustentavel\/\",\"url\":\"https:\/\/cenedcursos.com.br\/meio-ambiente\/desenvolvimento-sustentavel\/\",\"name\":\"Desenvolvimento Sustent\u00e1vel - CENED Cursos Ambientais\",\"isPartOf\":{\"@id\":\"https:\/\/cenedcursos.com.br\/meio-ambiente\/#website\"},\"primaryImageOfPage\":{\"@id\":\"https:\/\/cenedcursos.com.br\/meio-ambiente\/desenvolvimento-sustentavel\/#primaryimage\"},\"image\":{\"@id\":\"https:\/\/cenedcursos.com.br\/meio-ambiente\/desenvolvimento-sustentavel\/#primaryimage\"},\"thumbnailUrl\":\"https:\/\/www.cenedcursos.com.br\/meio-ambiente\/wp-content\/uploads\/2012\/05\/pinwheel-1037541_640-300x200.jpg\",\"datePublished\":\"2012-05-02T14:08:49+00:00\",\"author\":{\"@id\":\"https:\/\/cenedcursos.com.br\/meio-ambiente\/#\/schema\/person\/64377d24cdc16779a1eb6229894af388\"},\"description\":\"O desenvolvimento sustent\u00e1vel do Pa\u00eds, permite estabelecer compara\u00e7\u00f5es inter-regionais no Brasil, bem como entre pa\u00edses, e indica as necessidades e...\",\"breadcrumb\":{\"@id\":\"https:\/\/cenedcursos.com.br\/meio-ambiente\/desenvolvimento-sustentavel\/#breadcrumb\"},\"inLanguage\":\"pt-BR\",\"potentialAction\":[{\"@type\":\"ReadAction\",\"target\":[\"https:\/\/cenedcursos.com.br\/meio-ambiente\/desenvolvimento-sustentavel\/\"]}]},{\"@type\":\"ImageObject\",\"inLanguage\":\"pt-BR\",\"@id\":\"https:\/\/cenedcursos.com.br\/meio-ambiente\/desenvolvimento-sustentavel\/#primaryimage\",\"url\":\"https:\/\/www.cenedcursos.com.br\/meio-ambiente\/wp-content\/uploads\/2012\/05\/pinwheel-1037541_640-300x200.jpg\",\"contentUrl\":\"https:\/\/www.cenedcursos.com.br\/meio-ambiente\/wp-content\/uploads\/2012\/05\/pinwheel-1037541_640-300x200.jpg\"},{\"@type\":\"BreadcrumbList\",\"@id\":\"https:\/\/cenedcursos.com.br\/meio-ambiente\/desenvolvimento-sustentavel\/#breadcrumb\",\"itemListElement\":[{\"@type\":\"ListItem\",\"position\":1,\"name\":\"In\u00edcio\",\"item\":\"https:\/\/cenedcursos.com.br\/meio-ambiente\/\"},{\"@type\":\"ListItem\",\"position\":2,\"name\":\"Desenvolvimento Sustent\u00e1vel\"}]},{\"@type\":\"WebSite\",\"@id\":\"https:\/\/cenedcursos.com.br\/meio-ambiente\/#website\",\"url\":\"https:\/\/cenedcursos.com.br\/meio-ambiente\/\",\"name\":\"CENED Cursos Online\",\"description\":\"Aqui voc\u00ea encontra artigos em diversas \u00e1reas do conhecimento: meio ambiente, educa\u00e7\u00e3o, marketing digital, neg\u00f3cios online e muito mais.\",\"potentialAction\":[{\"@type\":\"SearchAction\",\"target\":{\"@type\":\"EntryPoint\",\"urlTemplate\":\"https:\/\/cenedcursos.com.br\/meio-ambiente\/?s={search_term_string}\"},\"query-input\":{\"@type\":\"PropertyValueSpecification\",\"valueRequired\":true,\"valueName\":\"search_term_string\"}}],\"inLanguage\":\"pt-BR\"},{\"@type\":\"Person\",\"@id\":\"https:\/\/cenedcursos.com.br\/meio-ambiente\/#\/schema\/person\/64377d24cdc16779a1eb6229894af388\",\"name\":\"Amarildo R. Ferrari\",\"image\":{\"@type\":\"ImageObject\",\"inLanguage\":\"pt-BR\",\"@id\":\"https:\/\/cenedcursos.com.br\/meio-ambiente\/#\/schema\/person\/image\/\",\"url\":\"https:\/\/secure.gravatar.com\/avatar\/6ea4248ca9f295c93f1b72f8398232f0fbbffe30349e6ec3839cfa5e09b0de3c?s=96&d=mm&r=g\",\"contentUrl\":\"https:\/\/secure.gravatar.com\/avatar\/6ea4248ca9f295c93f1b72f8398232f0fbbffe30349e6ec3839cfa5e09b0de3c?s=96&d=mm&r=g\",\"caption\":\"Amarildo R. Ferrari\"},\"sameAs\":[\"https:\/\/cenedcursos.com.br\/meio-ambiente\"],\"url\":\"https:\/\/cenedcursos.com.br\/meio-ambiente\/author\/admin\/\"}]}<\/script>\n<!-- \/ Yoast SEO plugin. -->","yoast_head_json":{"title":"Desenvolvimento Sustent\u00e1vel - CENED Cursos Ambientais","description":"O desenvolvimento sustent\u00e1vel do Pa\u00eds, permite estabelecer compara\u00e7\u00f5es inter-regionais no Brasil, bem como entre pa\u00edses, e indica as necessidades e...","robots":{"index":"index","follow":"follow","max-snippet":"max-snippet:-1","max-image-preview":"max-image-preview:large","max-video-preview":"max-video-preview:-1"},"canonical":"https:\/\/cenedcursos.com.br\/meio-ambiente\/desenvolvimento-sustentavel\/","og_locale":"pt_BR","og_type":"article","og_title":"Desenvolvimento Sustent\u00e1vel - CENED Cursos Ambientais","og_description":"O desenvolvimento sustent\u00e1vel do Pa\u00eds, permite estabelecer compara\u00e7\u00f5es inter-regionais no Brasil, bem como entre pa\u00edses, e indica as necessidades e...","og_url":"https:\/\/cenedcursos.com.br\/meio-ambiente\/desenvolvimento-sustentavel\/","og_site_name":"CENED Cursos Online","article_published_time":"2012-05-02T14:08:49+00:00","og_image":[{"url":"https:\/\/www.cenedcursos.com.br\/meio-ambiente\/wp-content\/uploads\/2012\/05\/pinwheel-1037541_640-300x200.jpg","type":"","width":"","height":""}],"author":"Amarildo R. Ferrari","twitter_card":"summary_large_image","twitter_misc":{"Escrito por":"Amarildo R. Ferrari","Est. tempo de leitura":"3 minutos"},"schema":{"@context":"https:\/\/schema.org","@graph":[{"@type":"WebPage","@id":"https:\/\/cenedcursos.com.br\/meio-ambiente\/desenvolvimento-sustentavel\/","url":"https:\/\/cenedcursos.com.br\/meio-ambiente\/desenvolvimento-sustentavel\/","name":"Desenvolvimento Sustent\u00e1vel - CENED Cursos Ambientais","isPartOf":{"@id":"https:\/\/cenedcursos.com.br\/meio-ambiente\/#website"},"primaryImageOfPage":{"@id":"https:\/\/cenedcursos.com.br\/meio-ambiente\/desenvolvimento-sustentavel\/#primaryimage"},"image":{"@id":"https:\/\/cenedcursos.com.br\/meio-ambiente\/desenvolvimento-sustentavel\/#primaryimage"},"thumbnailUrl":"https:\/\/www.cenedcursos.com.br\/meio-ambiente\/wp-content\/uploads\/2012\/05\/pinwheel-1037541_640-300x200.jpg","datePublished":"2012-05-02T14:08:49+00:00","author":{"@id":"https:\/\/cenedcursos.com.br\/meio-ambiente\/#\/schema\/person\/64377d24cdc16779a1eb6229894af388"},"description":"O desenvolvimento sustent\u00e1vel do Pa\u00eds, permite estabelecer compara\u00e7\u00f5es inter-regionais no Brasil, bem como entre pa\u00edses, e indica as necessidades e...","breadcrumb":{"@id":"https:\/\/cenedcursos.com.br\/meio-ambiente\/desenvolvimento-sustentavel\/#breadcrumb"},"inLanguage":"pt-BR","potentialAction":[{"@type":"ReadAction","target":["https:\/\/cenedcursos.com.br\/meio-ambiente\/desenvolvimento-sustentavel\/"]}]},{"@type":"ImageObject","inLanguage":"pt-BR","@id":"https:\/\/cenedcursos.com.br\/meio-ambiente\/desenvolvimento-sustentavel\/#primaryimage","url":"https:\/\/www.cenedcursos.com.br\/meio-ambiente\/wp-content\/uploads\/2012\/05\/pinwheel-1037541_640-300x200.jpg","contentUrl":"https:\/\/www.cenedcursos.com.br\/meio-ambiente\/wp-content\/uploads\/2012\/05\/pinwheel-1037541_640-300x200.jpg"},{"@type":"BreadcrumbList","@id":"https:\/\/cenedcursos.com.br\/meio-ambiente\/desenvolvimento-sustentavel\/#breadcrumb","itemListElement":[{"@type":"ListItem","position":1,"name":"In\u00edcio","item":"https:\/\/cenedcursos.com.br\/meio-ambiente\/"},{"@type":"ListItem","position":2,"name":"Desenvolvimento Sustent\u00e1vel"}]},{"@type":"WebSite","@id":"https:\/\/cenedcursos.com.br\/meio-ambiente\/#website","url":"https:\/\/cenedcursos.com.br\/meio-ambiente\/","name":"CENED Cursos Online","description":"Aqui voc\u00ea encontra artigos em diversas \u00e1reas do conhecimento: meio ambiente, educa\u00e7\u00e3o, marketing digital, neg\u00f3cios online e muito mais.","potentialAction":[{"@type":"SearchAction","target":{"@type":"EntryPoint","urlTemplate":"https:\/\/cenedcursos.com.br\/meio-ambiente\/?s={search_term_string}"},"query-input":{"@type":"PropertyValueSpecification","valueRequired":true,"valueName":"search_term_string"}}],"inLanguage":"pt-BR"},{"@type":"Person","@id":"https:\/\/cenedcursos.com.br\/meio-ambiente\/#\/schema\/person\/64377d24cdc16779a1eb6229894af388","name":"Amarildo R. Ferrari","image":{"@type":"ImageObject","inLanguage":"pt-BR","@id":"https:\/\/cenedcursos.com.br\/meio-ambiente\/#\/schema\/person\/image\/","url":"https:\/\/secure.gravatar.com\/avatar\/6ea4248ca9f295c93f1b72f8398232f0fbbffe30349e6ec3839cfa5e09b0de3c?s=96&d=mm&r=g","contentUrl":"https:\/\/secure.gravatar.com\/avatar\/6ea4248ca9f295c93f1b72f8398232f0fbbffe30349e6ec3839cfa5e09b0de3c?s=96&d=mm&r=g","caption":"Amarildo R. Ferrari"},"sameAs":["https:\/\/cenedcursos.com.br\/meio-ambiente"],"url":"https:\/\/cenedcursos.com.br\/meio-ambiente\/author\/admin\/"}]}},"jetpack_featured_media_url":"","jetpack_sharing_enabled":true,"_links":{"self":[{"href":"https:\/\/cenedcursos.com.br\/meio-ambiente\/wp-json\/wp\/v2\/posts\/906","targetHints":{"allow":["GET"]}}],"collection":[{"href":"https:\/\/cenedcursos.com.br\/meio-ambiente\/wp-json\/wp\/v2\/posts"}],"about":[{"href":"https:\/\/cenedcursos.com.br\/meio-ambiente\/wp-json\/wp\/v2\/types\/post"}],"author":[{"embeddable":true,"href":"https:\/\/cenedcursos.com.br\/meio-ambiente\/wp-json\/wp\/v2\/users\/1"}],"replies":[{"embeddable":true,"href":"https:\/\/cenedcursos.com.br\/meio-ambiente\/wp-json\/wp\/v2\/comments?post=906"}],"version-history":[{"count":0,"href":"https:\/\/cenedcursos.com.br\/meio-ambiente\/wp-json\/wp\/v2\/posts\/906\/revisions"}],"wp:attachment":[{"href":"https:\/\/cenedcursos.com.br\/meio-ambiente\/wp-json\/wp\/v2\/media?parent=906"}],"wp:term":[{"taxonomy":"category","embeddable":true,"href":"https:\/\/cenedcursos.com.br\/meio-ambiente\/wp-json\/wp\/v2\/categories?post=906"},{"taxonomy":"post_tag","embeddable":true,"href":"https:\/\/cenedcursos.com.br\/meio-ambiente\/wp-json\/wp\/v2\/tags?post=906"}],"curies":[{"name":"wp","href":"https:\/\/api.w.org\/{rel}","templated":true}]}}