{"id":9069,"date":"2017-05-11T11:22:40","date_gmt":"2017-05-11T14:22:40","guid":{"rendered":"https:\/\/www.cenedcursos.com.br\/meio-ambiente\/?p=9069"},"modified":"2017-05-11T11:22:40","modified_gmt":"2017-05-11T14:22:40","slug":"workshop-gestao-de-dados-de-monitoramento-controle-ambiental","status":"publish","type":"post","link":"https:\/\/cenedcursos.com.br\/meio-ambiente\/workshop-gestao-de-dados-de-monitoramento-controle-ambiental\/","title":{"rendered":"Workshop internacional sobre gest\u00e3o de dados de monitoramento para melhor controle ambiental em empreendimentos"},"content":{"rendered":"<p style=\"text-align: center;\"><em><strong>A Federa\u00e7\u00e3o das Ind\u00fastrias do Estado de S\u00e3o Paulo (Fiesp) promoveu, no dia 27 de abril na capital paulista, o \u201cWorkshop Internacional sobre gest\u00e3o de dados de monitoramento para melhor controle ambiental em empreendimentos\u201d<\/strong><\/em><\/p>\n<p style=\"text-align: justify;\">Foram debatidos a atual forma de coleta e o tratamento de dados ambientais, levando em conta as vis\u00f5es dos atores envolvidos: Ibama, Cetesb, Fiesp e consultorias nacionais. Tamb\u00e9m foram discutidas as melhores pr\u00e1ticas no setor, com a experi\u00eancia da Noruega, a fim de melhorar a efic\u00e1cia do processo e evitar gastos sup\u00e9rfluos.<\/p>\n<p style=\"text-align: justify;\">Jo\u00e3o Carlos Redondo \u2013 Diretor do Departamento de Meio Ambiente da Fiesp, abriu o evento com o tema \u201cA Vis\u00e3o do setor industrial\u201d.<\/p>\n<p style=\"text-align: justify;\">O Diretor da Fiesp explicou que o monitoramento de dados \u00e9 uma quest\u00e3o de estrat\u00e9gia de neg\u00f3cio. Possui v\u00e1rias partes interessadas como a comunidade, consumidor, acionistas, \u00f3rg\u00e3o ambientais e outros. Os dados afetam diretamente a tomada de decis\u00e3o nos neg\u00f3cios.<\/p>\n<p style=\"text-align: justify;\">\u201cHoje n\u00e3o se realiza mais neg\u00f3cio sem quest\u00e3o ambiental controlada em fun\u00e7\u00e3o de press\u00e3o do mercado e dos marcos legais. O tema passou a integrar a empresa\u201d, disse.<\/p>\n<p style=\"text-align: justify;\">Ele tamb\u00e9m enfatizou a mudan\u00e7a ocorrida, culturalmente, desde as primeiras discuss\u00f5es ambientais nos anos 70, at\u00e9 o recente Acordo de Paris, resultado da COP20, na Fran\u00e7a.<\/p>\n<p style=\"text-align: justify;\">Foi apresentado a pesquisa da Confedera\u00e7\u00e3o Nacional da Ind\u00fastria (CNI) com 67 diretores executivos ou CEOs.<\/p>\n<p style=\"text-align: justify;\"><img data-recalc-dims=\"1\" loading=\"lazy\" decoding=\"async\" class=\"size-full wp-image-14910 aligncenter\" src=\"https:\/\/i0.wp.com\/www.cenedcursos.com.br\/meio-ambiente\/wp-content\/uploads\/2017\/05\/1494259336_345_Workshop-internacional-sobre-gest%C3%A3o-de-dados-de-monitoramento-para-melhor-controle-ambiental-em-empreendimentos.jpg?resize=696%2C394&#038;ssl=1\" sizes=\"auto, (max-width: 843px) 100vw, 843px\" srcset=\"\/\/i0.wp.com\/tratamentodeagua.com.br\/wp-content\/uploads\/2017\/05\/controle-ambiental-em-empreendimentos-2.jpg 843w, \/\/i0.wp.com\/tratamentodeagua.com.br\/wp-content\/uploads\/2017\/05\/controle-ambiental-em-empreendimentos-2-300x170.jpg 300w, \/\/i0.wp.com\/tratamentodeagua.com.br\/wp-content\/uploads\/2017\/05\/controle-ambiental-em-empreendimentos-2-768x435.jpg 768w, \/\/i0.wp.com\/tratamentodeagua.com.br\/wp-content\/uploads\/2017\/05\/controle-ambiental-em-empreendimentos-2-340x192.jpg 340w\" alt=\"controle-ambiental-em-empreendimentos-2\" width=\"696\" height=\"394\" \/><\/p>\n<p style=\"text-align: justify;\">Jo\u00e3o Redondo destacou a complexidade de normas e leis no Brasil. Em levantamento da Fiesp 2017 (\u00c2mbitos Federal e Estadual) foram mais de 850 normas.<\/p>\n<h3 style=\"text-align: justify;\"><strong>Monitoramento de Obriga\u00e7\u00f5es e Diretrizes de Diplomas Legais<\/strong><\/h3>\n<ul style=\"text-align: justify;\">\n<li>Resolu\u00e7\u00f5es<\/li>\n<li>Decretos<\/li>\n<li>Leis<\/li>\n<li>Portarias<\/li>\n<li>Instru\u00e7\u00f5es Normativas<\/li>\n<li>Delibera\u00e7\u00f5es<\/li>\n<\/ul>\n<h3 style=\"text-align: justify;\"><strong>Principais temas:<\/strong><\/h3>\n<ul style=\"text-align: justify;\">\n<li>Licenciamento (Cont\u00e9m condicionantes a serem cumpridas e monitoradas)<\/li>\n<li>Biodiversidade<\/li>\n<li>Gerenciamento e Controle da Qualidade Ambiental<\/li>\n<li>Fiscaliza\u00e7\u00e3o, Infra\u00e7\u00f5es e Penalidades<\/li>\n<\/ul>\n<p style=\"text-align: justify;\">OBRIGA\u00c7\u00d5ES COM PAR\u00c2METROS A SEREM ATENDIDOS:<\/p>\n<p style=\"text-align: justify;\">Ex: Decreto 8.468\/76 \u2013 Condi\u00e7\u00f5es de Lan\u00e7amento de Efluentes<\/p>\n<p style=\"text-align: justify;\">OBRIGA\u00c7\u00d5ES COM PRAZOS A SEREM ATENDIDOS:<\/p>\n<p style=\"text-align: justify;\">Ex: Relat\u00f3rio anual de Atividades Potencialmente Poluidoras (Ibama)<\/p>\n<p style=\"text-align: justify;\">OBRIGA\u00c7\u00d5ES PROCEDIMENTAIS:<\/p>\n<p style=\"text-align: justify;\">Ex: DD Cetesb n\u00b038\/2007\/C\/E \u2013 Gerenciamento de \u00c1reas Contaminadas<\/p>\n<p style=\"text-align: justify;\">O especialista comentou que na Gest\u00e3o de Dados \u00e9 primordial o entendimento da obriga\u00e7\u00e3o legal e demanda de monitoramento. Tamb\u00e9m a defini\u00e7\u00e3o da forma de coleta e controle dos dados junto com a an\u00e1lise cr\u00edtica e tomada de a\u00e7\u00e3o. E o reporte, considerando necessidades das partes interessadas.<\/p>\n<p style=\"text-align: justify;\">Em sua considera\u00e7\u00e3o, o monitoramento conflita com resultados a curto prazo. Um programa de monitoramento precisa possuir como foco a efici\u00eancia e a redu\u00e7\u00e3o do risco. Tamb\u00e9m \u00e9 importante observar a cadeia de valor, os fornecedores e parceiros, que podem ter impacto na marca\/reputa\u00e7\u00e3o: \u201co que n\u00e3o se mede n\u00e3o se gerencia\u201d, afirmou. \u201cA falta de controle ambiental pode fechar um neg\u00f3cio, e os dados atingem diretamente a tomada de decis\u00e3o nos neg\u00f3cios. As empresas dialogam com o mercado\u201d, apontou.<\/p>\n<p style=\"text-align: justify;\">A apresenta\u00e7\u00e3o foi finalizada com a demonstra\u00e7\u00e3o do Monitore, a Plataforma Fiesp\/Ciesp para Gerenciamento de Obriga\u00e7\u00f5es Ambientais:<\/p>\n<ul style=\"text-align: justify;\">\n<li>Realiza alerta \u00e0s empresas, por email, quanto ao atendimento das principais demandas legais e seus respectivos prazos<\/li>\n<li>Contempla obriga\u00e7\u00f5es ambientais gerais nos \u00e2mbitos estadual e federal<\/li>\n<li>Usu\u00e1rio pode cadastrar outras demandas, ex: municipais, condicionantes de licen\u00e7a, procedimentos internos do empreendimento<\/li>\n<\/ul>\n<p style=\"text-align: justify;\">Acesse: <a href=\"http:\/\/www.fiesp.com.br\/monitore\" target=\"_blank\" rel=\"noopener noreferrer\">www.fiesp.com.br\/monitore<\/a><\/p>\n<p style=\"text-align: justify;\">O representante da Cetesb, engenheiro Thales Andres Carra, comentou sobre o projeto \u201cSala de Cen\u00e1rios\u201d. Trata-se de uma importante ferramenta tecnol\u00f3gica para aprimorar a an\u00e1lise dos licenciamentos ambientais. O trabalho visa fornecer recursos geotecnol\u00f3gicos aos t\u00e9cnicos e ao corpo gerencial da CETESB\/SMA, a uma infraestrutura de dados espaciais, referentes \u00e0s informa\u00e7\u00f5es constantes nos processos de licenciamentos de empreendimentos licenciados com avalia\u00e7\u00e3o de impacto ambiental. As informa\u00e7\u00f5es s\u00e3o digitalizadas, organizadas e georeferenciadas.<\/p>\n<p style=\"text-align: justify;\">O objetivo \u00e9 garantir o bom desempenho da atividade de licenciamento ambiental, propiciando uma an\u00e1lise ambiental mais aprofundada, al\u00e9m de uma tomada de decis\u00e3o mais \u00e1gil.<\/p>\n<p style=\"text-align: justify;\">O Engenheiro Fabio Callia, Coordenador do N\u00facleo de Licenciamento do Ibama\/SP discorreu sobre os problemas enfrentados e as necessidades do Instituto Brasileiro do Meio Ambiente. Ele destacou os principais problemas:<\/p>\n<ul style=\"text-align: justify;\">\n<li>N\u00e3o integra\u00e7\u00e3o dos diversos Bancos de Dados, podendo gerar falta ou duplicidade de informa\u00e7\u00f5es<\/li>\n<li>A\u00e7\u00f5es Fiscalizat\u00f3rias que chegam ao local ap\u00f3s o desmatamento j\u00e1 executado<\/li>\n<li>Dificuldade para o deslocamento de equipes aos locais<\/li>\n<li>A\u00e7\u00f5es Fiscalizat\u00f3rias que n\u00e3o atingem os verdadeiros respons\u00e1veis, apenas \u201claranjas\u201d que n\u00e3o tem capacidade financeira para arcar com multas realimentando o processo<\/li>\n<li>Conseguem deter temporariamente o avan\u00e7o do desmatamento, mas n\u00e3o de forma definitiva<\/li>\n<li>Acompanhamento de Autoriza\u00e7\u00f5es de Supress\u00e3o de Vegeta\u00e7\u00e3o (ASVs) de licenciamento \u00e9 inconstante<\/li>\n<\/ul>\n<p style=\"text-align: justify;\">\u201cN\u00e3o h\u00e1 monitoramento p\u00f3s-licen\u00e7a ambiental e se d\u00e1 prefer\u00eancia \u00e0 renova\u00e7\u00e3o de quem possui licenciamento em detrimento dos que realizam o pedido pela primeira vez, afirmou.<\/p>\n<p style=\"text-align: justify;\">Sobre o Licenciamento Ambiental Federal (LAF) \u00e9 necess\u00e1rio evitar:<\/p>\n<ul style=\"text-align: justify;\">\n<li>Indisponibilidade de indicadores de monitoramento esperados e alcan\u00e7ados<\/li>\n<li>Indisponibilidade de dados e informa\u00e7\u00f5es ambientais (n\u00e3o sistematizados)<\/li>\n<li>N\u00e3o compartilhamento e aproveitamento de dados, informa\u00e7\u00f5es e conhecimentos entre os processos de licenciamento de diferentes empreendimentos<\/li>\n<li>Aus\u00eancia de padr\u00f5es, crit\u00e9rios e refer\u00eancias para realizar an\u00e1lises t\u00e9cnicas<\/li>\n<\/ul>\n<p style=\"text-align: justify;\">Fabio Callia finalizou a apresenta\u00e7\u00e3o, destacando os objetivos no Licenciamento Ambiental Federal (LAF):<\/p>\n<ul style=\"text-align: justify;\">\n<li>Definir e normatizar padr\u00f5es e procedimentos para o monitoramento de dados<\/li>\n<li>Criar ferramentas que permitam compartilhar e desenvolver o conhecimento<\/li>\n<li>Definir, sistematizar e dar publicidade a indicadores para monitoramento de PBAs (Plano B\u00e1sico Ambiental)<\/li>\n<li>Desenvolver capacidade para realizar avalia\u00e7\u00e3o cont\u00ednua de impactos e indicadores para monitoramento de empreendimentos em licenciamento no IBAMA<\/li>\n<\/ul>\n<p style=\"text-align: justify;\">O c\u00f4nsul da Noruega Stein-Gunnar Bondevik, tamb\u00e9m diretor da <a href=\"https:\/\/innovationhouserio.wordpress.com\/innovation-norway\/\" target=\"_blank\" rel=\"noopener noreferrer\">Innovation Norway<\/a> salientou, que as empresas norueguesas empregam mais de 18.000 pessoas no Brasil com mais de 23 bilh\u00f5es de d\u00f3lares investidos, sendo um dos um dos maiores mercados de petr\u00f3leo e g\u00e1s offshore do mundo. Os noruegueses s\u00e3o especialistas em petr\u00f3leo e g\u00e1s assim como na aquicultura, bioeconomia, energia e naval.<\/p>\n<p style=\"text-align: justify;\">A Innovation Norway (Ag\u00eancia de Inova\u00e7\u00e3o da Noruega) fornece informa\u00e7\u00f5es de mercado e de estrutura de neg\u00f3cios para empresas norueguesas que querem ter sucesso no mercado brasileiro.<\/p>\n<p style=\"text-align: justify;\">A Noruega possui a ferramenta funcional, o Pollutant Release and Transfer Register (PRTR) \u2013 Registro de emiss\u00f5es e transfer\u00eancia de poluentes. O site do PRTR noruegu\u00eas, (<a href=\"http:\/\/www.norskeutslipp.no\/en\/Frontpage\/?SectorID=90\" target=\"_blank\" rel=\"noopener noreferrer\">www.norskeutslipp.no\/en\/Frontpage\/?SectorID=90)<\/a> fornece informa\u00e7\u00f5es sobre as descargas de ar e \u00e1gua, transfer\u00eancias de res\u00edduos, volumes de produ\u00e7\u00e3o e utiliza\u00e7\u00e3o de energia para a maioria das fontes de emiss\u00e3o. O site inclui fontes pontuais e emiss\u00f5es difusas.<\/p>\n<p style=\"text-align: justify;\">As estat\u00edsticas da Noruega e da Ag\u00eancia Ambiental Norueguesa calculam as emiss\u00f5es anuais nacionais totais de 19 componentes das emiss\u00f5es.<\/p>\n<p style=\"text-align: justify;\">O invent\u00e1rio inclui os valores das emiss\u00f5es dos relat\u00f3rios anuais das empresas \u00e0s autoridades. Nesse caso, s\u00e3o as emiss\u00f5es das maiores fontes pontuais que s\u00e3o usadas no invent\u00e1rio. Para as fontes de emiss\u00f5es que n\u00e3o est\u00e3o sujeitas a uma obriga\u00e7\u00e3o de comunica\u00e7\u00e3o, as emiss\u00f5es s\u00e3o calculadas com base em dados de atividade e fatores de emiss\u00e3o. A quantidade total de emiss\u00f5es transetoriais de outras componentes de emiss\u00e3o e de emiss\u00f5es para a \u00e1gua em geral n\u00e3o foi calculada dessa forma.<\/p>\n<p style=\"text-align: justify;\">Dessa forma, \u00e9 poss\u00edvel monitorar a situa\u00e7\u00e3o nas esta\u00e7\u00f5es de tratamento de esgotos, aterros sanit\u00e1rios, fam\u00edlias (aquecimento dom\u00e9stico), ind\u00fastria, agricultura, ind\u00fastria petrol\u00edfera off shore, produtos (artigos e produtos qu\u00edmicos) e transporte.<\/p>\n<p style=\"text-align: justify;\">\u201cPossu\u00edmos poucas pessoas em nosso pa\u00eds, necessitamos da automatiza\u00e7\u00e3o para n\u00e3o comprometer a competitividade. H\u00e1 um debate sobre o meio ambiente envolvendo toda a sociedade\u201d, finalizou.<\/p>\n<p style=\"text-align: justify;\">Mais informa\u00e7\u00f5es, acesse o link: <a href=\"http:\/\/www.environment.no\/\" target=\"_blank\" rel=\"noopener noreferrer\">www.environment.no\/<\/a> e <a href=\"http:\/\/vann-nett.no\/portal\/map\" target=\"_blank\" rel=\"noopener noreferrer\">vann-nett.no\/portal\/map<\/a><\/p>\n<p style=\"text-align: justify;\">Arne Hansen \u2013 Presidente da <a href=\"http:\/\/www.mapgraph.com\/#\/\" target=\"_blank\" rel=\"noopener noreferrer\">ENVITECH AS<\/a>, empresa norueguesa de tecnologia ambiental focada em solu\u00e7\u00f5es de TI para o setor ambiental, abordou sobre a gest\u00e3o de dados de monitoramento do ponto de vista do executor.<\/p>\n<p style=\"text-align: justify;\">O executivo comentou que a empresa realiza monitoramento ambiental e gerenciamento de informa\u00e7\u00e3o em:<\/p>\n<ul style=\"text-align: justify;\">\n<li>Aterros<\/li>\n<li>Tratamento de esgoto e efluentes<\/li>\n<li>Redes de \u00e1gua e sistemas de \u00e1gua pot\u00e1vel<\/li>\n<li>Bacias de drenagem<\/li>\n<li>Efluentes industriais<\/li>\n<li>Esta\u00e7\u00f5es de medi\u00e7\u00e3o<\/li>\n<\/ul>\n<p style=\"text-align: justify;\">A aquisi\u00e7\u00e3o de dados \u00e9 cont\u00ednua atrav\u00e9s de laborat\u00f3rios, di\u00e1rios de opera\u00e7\u00e3o e esta\u00e7\u00f5es de monitoramento. A entrada de dados em campo \u00e9 f\u00e1cil, utilizando dispositivos m\u00f3veis como tablets ou celulares para registros.Com apresenta\u00e7\u00e3o personalizada os c\u00e1lculos s\u00e3o cont\u00ednuos com base nos dados coletados. O impacto ambiental \u00e9 documentado em fun\u00e7\u00e3o das normas com marca\u00e7\u00e3o das esta\u00e7\u00f5es de monitoramento em mapa. O manuseio \u00e9 f\u00e1cil, de grandes s\u00e9ries de dados dando uma vis\u00e3o geral da situa\u00e7\u00e3o.<\/p>\n<p style=\"text-align: justify;\">Hansem apresentou como exemplo, no Monitoramento de Aterros:<\/p>\n<ul style=\"text-align: justify;\">\n<li>Volumes gerados de efluentes<\/li>\n<li>C\u00e1lculo do balan\u00e7o h\u00eddrico em tempo real<\/li>\n<li>Monitoramento do n\u00edvel d\u2019\u00e1gua<\/li>\n<li>Monitoramento de qualidade de \u00e1guas subterr\u00e2neas e superficiais<\/li>\n<li>Volume recebido e composi\u00e7\u00e3o gravim\u00e9trica dos res\u00edduos<\/li>\n<li>Produ\u00e7\u00e3o de g\u00e1s e de energia<\/li>\n<li>Interface com qualquer tipo de esta\u00e7\u00e3o de medi\u00e7\u00e3o<\/li>\n<\/ul>\n<p style=\"text-align: justify;\">Monitoramento de Esta\u00e7\u00f5es de Tratamento de Esgoto:<\/p>\n<ul style=\"text-align: justify;\">\n<li>Relat\u00f3rios semanais para otimizar a opera\u00e7\u00e3o di\u00e1ria e o desempenho<\/li>\n<li>Relat\u00f3rios para os \u00f3rg\u00e3os ambientais segundo as normas vigentes<\/li>\n<li>Entrada e sa\u00edda de dados de concentra\u00e7\u00f5es e fluxo do laborat\u00f3rio interno ou contratado<\/li>\n<li>Calcula e documenta a carga total lan\u00e7ada no corpo receptor<\/li>\n<li>Documenta o impacto ambiental comparando valores a montante e a jusante<\/li>\n<li>Coleta informa\u00e7\u00f5es e observa\u00e7\u00f5es registradas no di\u00e1rio de opera\u00e7\u00e3o<\/li>\n<\/ul>\n<p style=\"text-align: justify;\">Monitoramento de \u00c1gua Pot\u00e1vel:<\/p>\n<ul style=\"text-align: justify;\">\n<li>Conformidade com normas de potabilidade<\/li>\n<li>Divulga\u00e7\u00e3o da qualidade da \u00e1gua para os cidad\u00e3os<\/li>\n<li>Relat\u00f3rios para as autoridades nos formatos exigidos<\/li>\n<li>Registro das an\u00e1lises pr\u00f3prias em paralelo \u00e0s feitas por laborat\u00f3rios externos<\/li>\n<li>Plano de amostragem anual e registro do cumprimento do plano<\/li>\n<\/ul>\n<p style=\"text-align: justify;\">Arne Hansen encerrou a exposi\u00e7\u00e3o, comentando sobre o Projeto Envimon que \u00e9 o monitoramento cont\u00ednuo de metais em efluentes. Nele a medi\u00e7\u00e3o cont\u00ednua, oferece uma estimativa total mais precisa da descarga de metais, em compara\u00e7\u00e3o \u00e0 amostragem e an\u00e1lise laboratorial. A medi\u00e7\u00e3o em tempo real, permite o alerta e a\u00e7\u00e3o imediatos em caso de aumento repentino dos metais contaminantes no efluente.<\/p>\n<p style=\"text-align: justify;\">Cyro Bernardes Junior representando a <a href=\"http:\/\/ambconsult.com.br\/\" target=\"_blank\" rel=\"noopener noreferrer\">Ambconsult<\/a>, afirmou que o monitoramento ambiental tem por objetivo verificar se as hip\u00f3teses de n\u00e3o altera\u00e7\u00e3o da qualidade ambiental levantadas no estudo pr\u00e9vio acontecer\u00e3o na pr\u00e1tica. Demonstrou as Etapas do Monitoramento:<\/p>\n<h3 style=\"text-align: justify;\"><strong>PLANO DE AMOSTRAGEM:<\/strong><\/h3>\n<ul style=\"text-align: justify;\">\n<li>Define locais, m\u00e9todos e par\u00e2metros, frequ\u00eancia<\/li>\n<\/ul>\n<h3 style=\"text-align: justify;\"><strong>COLETA DE DADOS:<\/strong><\/h3>\n<h3 style=\"text-align: justify;\"><strong>ORGANIZA\u00c7\u00c3O DOS DADOS:<\/strong><\/h3>\n<ul style=\"text-align: justify;\">\n<li>Verifica\u00e7\u00e3o de qualidade e tabelas<\/li>\n<\/ul>\n<h3 style=\"text-align: justify;\"><strong>INTERPRETA\u00c7\u00c3O:<\/strong><\/h3>\n<ul style=\"text-align: justify;\">\n<li>Avalia\u00e7\u00e3o de tend\u00eancias e compara\u00e7\u00e3o com padr\u00f5es<\/li>\n<\/ul>\n<h3 style=\"text-align: justify;\"><strong>CONCLUS\u00d5ES:<\/strong><\/h3>\n<ul style=\"text-align: justify;\">\n<li>Est\u00e1 havendo impacto ou n\u00e3o<\/li>\n<\/ul>\n<p style=\"text-align: justify;\">O consultor exemplificou o estudo de caso de uma ind\u00fastria, com uma frequ\u00eancia de relat\u00f3rios semestral contendo 766 p\u00e1ginas, custando R$ 1.230.000,00\/Ano. Os resultados ocupam 44 p\u00e1ginas, na forma de tabelas n\u00e3o edit\u00e1veis, sem avalia\u00e7\u00e3o temporal. A ind\u00fastria estava sendo processada por um vizinho e foi necess\u00e1rio avaliar 10 anos de monitoramento de qualidade do ar, olhando relat\u00f3rio por relat\u00f3rio, para que se pudesse chegar \u00e0 conclus\u00e3o, de que a ind\u00fastria n\u00e3o estava contaminando a casa deste vizinho.<\/p>\n<p style=\"text-align: justify;\">Cyro Bernardes Junior exp\u00f4s, as seguintes conclus\u00f5es sobre o Monitoramento Ambiental:<\/p>\n<ul style=\"text-align: justify;\">\n<li>Na forma em que os dados s\u00e3o apresentados dificilmente o \u00f3rg\u00e3o ambiental ou mesmo a empresa analisa estes dados<\/li>\n<li>N\u00e3o se tem a m\u00ednima ideia do comportamento da contamina\u00e7\u00e3o ao longo do tempo<\/li>\n<li>Gasta-se muito e n\u00e3o se avalia se o dado faz algum sentido, ou seja, se o programa pode ser revisto<\/li>\n<li>Na forma estanque como os relat\u00f3rios s\u00e3o feitos \u00e9 dif\u00edcil e trabalhoso fazer uma avalia\u00e7\u00e3o da necessidade de todos esses par\u00e2metros<\/li>\n<li>Os relat\u00f3rios s\u00e3o feitos mais para cumprir uma exig\u00eancia de licen\u00e7a do que avaliar o meio ambiente<\/li>\n<li>Se gasta tempo e dinheiro em preencher papel<\/li>\n<li>As consequ\u00eancias de um monitoramento inadequado podem ser muito graves<\/li>\n<\/ul>\n<p style=\"text-align: justify;\">O consultor ambiental Walter Lazzarini (<a href=\"http:\/\/www.lazzarini.com.br\/\" target=\"_blank\" rel=\"noopener noreferrer\">Walter Lazzarini Consultoria Ambiental<\/a>) finalizou o evento apresentando alguns cases onde atuou. Ele afirmou que, quando se trata de monitoramento e coleta de dados, surgem dificuldades. Criticou a falta de previs\u00e3o de prazos na an\u00e1lise dos processos pelos \u00f3rg\u00e3os ambientais. Isso ocasiona, atraso nos investimentos, encarecimento das obras, atraso na entrega do empreendimento p\u00fablico ou privado e impacto negativo ao meio ambiente.<\/p>\n<p style=\"text-align: justify;\"><strong>Gheorge Patrick Iwaki<\/strong><\/p>\n<p><a href=\"https:\/\/www.tratamentodeagua.com.br\/controle-ambiental-em-empreendimentos\/\">Fonte: tratamentodeagua.com.br<\/a><\/p>\n","protected":false},"excerpt":{"rendered":"<p>A Federa\u00e7\u00e3o das Ind\u00fastrias do Estado de S\u00e3o Paulo (Fiesp) promoveu, no dia 27 de abril na capital paulista, o \u201cWorkshop Internacional sobre gest\u00e3o de dados de monitoramento para melhor controle ambiental em empreendimentos\u201d Foram debatidos a atual forma de coleta e o tratamento de dados ambientais, levando em conta as vis\u00f5es dos atores envolvidos: [&hellip;]<\/p>\n","protected":false},"author":1,"featured_media":0,"comment_status":"open","ping_status":"open","sticky":false,"template":"","format":"standard","meta":{"_jetpack_memberships_contains_paid_content":false,"footnotes":""},"categories":[491],"tags":[],"class_list":{"0":"post-9069","1":"post","2":"type-post","3":"status-publish","4":"format-standard","6":"category-educacao-ambiental-textos"},"yoast_head":"<!-- This site is optimized with the Yoast SEO plugin v25.1 - https:\/\/yoast.com\/wordpress\/plugins\/seo\/ -->\n<title>Workshop internacional sobre gest\u00e3o de dados de monitoramento para melhor controle ambiental em empreendimentos - CENED Cursos Online<\/title>\n<meta name=\"robots\" content=\"index, follow, max-snippet:-1, max-image-preview:large, max-video-preview:-1\" \/>\n<link rel=\"canonical\" href=\"https:\/\/cenedcursos.com.br\/meio-ambiente\/workshop-gestao-de-dados-de-monitoramento-controle-ambiental\/\" \/>\n<meta property=\"og:locale\" content=\"pt_BR\" \/>\n<meta property=\"og:type\" content=\"article\" \/>\n<meta property=\"og:title\" content=\"Workshop internacional sobre gest\u00e3o de dados de monitoramento para melhor controle ambiental em empreendimentos - CENED Cursos Online\" \/>\n<meta property=\"og:description\" content=\"A Federa\u00e7\u00e3o das Ind\u00fastrias do Estado de S\u00e3o Paulo (Fiesp) promoveu, no dia 27 de abril na capital paulista, o \u201cWorkshop Internacional sobre gest\u00e3o de dados de monitoramento para melhor controle ambiental em empreendimentos\u201d Foram debatidos a atual forma de coleta e o tratamento de dados ambientais, levando em conta as vis\u00f5es dos atores envolvidos: [&hellip;]\" \/>\n<meta property=\"og:url\" content=\"https:\/\/cenedcursos.com.br\/meio-ambiente\/workshop-gestao-de-dados-de-monitoramento-controle-ambiental\/\" \/>\n<meta property=\"og:site_name\" content=\"CENED Cursos Online\" \/>\n<meta property=\"article:published_time\" content=\"2017-05-11T14:22:40+00:00\" \/>\n<meta name=\"author\" content=\"Amarildo R. Ferrari\" \/>\n<meta name=\"twitter:card\" content=\"summary_large_image\" \/>\n<meta name=\"twitter:label1\" content=\"Escrito por\" \/>\n\t<meta name=\"twitter:data1\" content=\"Amarildo R. Ferrari\" \/>\n\t<meta name=\"twitter:label2\" content=\"Est. tempo de leitura\" \/>\n\t<meta name=\"twitter:data2\" content=\"11 minutos\" \/>\n<script type=\"application\/ld+json\" class=\"yoast-schema-graph\">{\"@context\":\"https:\/\/schema.org\",\"@graph\":[{\"@type\":\"WebPage\",\"@id\":\"https:\/\/cenedcursos.com.br\/meio-ambiente\/workshop-gestao-de-dados-de-monitoramento-controle-ambiental\/\",\"url\":\"https:\/\/cenedcursos.com.br\/meio-ambiente\/workshop-gestao-de-dados-de-monitoramento-controle-ambiental\/\",\"name\":\"Workshop internacional sobre gest\u00e3o de dados de monitoramento para melhor controle ambiental em empreendimentos - CENED Cursos Online\",\"isPartOf\":{\"@id\":\"https:\/\/cenedcursos.com.br\/meio-ambiente\/#website\"},\"datePublished\":\"2017-05-11T14:22:40+00:00\",\"author\":{\"@id\":\"https:\/\/cenedcursos.com.br\/meio-ambiente\/#\/schema\/person\/64377d24cdc16779a1eb6229894af388\"},\"breadcrumb\":{\"@id\":\"https:\/\/cenedcursos.com.br\/meio-ambiente\/workshop-gestao-de-dados-de-monitoramento-controle-ambiental\/#breadcrumb\"},\"inLanguage\":\"pt-BR\",\"potentialAction\":[{\"@type\":\"ReadAction\",\"target\":[\"https:\/\/cenedcursos.com.br\/meio-ambiente\/workshop-gestao-de-dados-de-monitoramento-controle-ambiental\/\"]}]},{\"@type\":\"BreadcrumbList\",\"@id\":\"https:\/\/cenedcursos.com.br\/meio-ambiente\/workshop-gestao-de-dados-de-monitoramento-controle-ambiental\/#breadcrumb\",\"itemListElement\":[{\"@type\":\"ListItem\",\"position\":1,\"name\":\"In\u00edcio\",\"item\":\"https:\/\/cenedcursos.com.br\/meio-ambiente\/\"},{\"@type\":\"ListItem\",\"position\":2,\"name\":\"Workshop internacional sobre gest\u00e3o de dados de monitoramento para melhor controle ambiental em empreendimentos\"}]},{\"@type\":\"WebSite\",\"@id\":\"https:\/\/cenedcursos.com.br\/meio-ambiente\/#website\",\"url\":\"https:\/\/cenedcursos.com.br\/meio-ambiente\/\",\"name\":\"CENED Cursos Online\",\"description\":\"Aqui voc\u00ea encontra artigos em diversas \u00e1reas do conhecimento: meio ambiente, educa\u00e7\u00e3o, marketing digital, neg\u00f3cios online e muito mais.\",\"potentialAction\":[{\"@type\":\"SearchAction\",\"target\":{\"@type\":\"EntryPoint\",\"urlTemplate\":\"https:\/\/cenedcursos.com.br\/meio-ambiente\/?s={search_term_string}\"},\"query-input\":{\"@type\":\"PropertyValueSpecification\",\"valueRequired\":true,\"valueName\":\"search_term_string\"}}],\"inLanguage\":\"pt-BR\"},{\"@type\":\"Person\",\"@id\":\"https:\/\/cenedcursos.com.br\/meio-ambiente\/#\/schema\/person\/64377d24cdc16779a1eb6229894af388\",\"name\":\"Amarildo R. Ferrari\",\"image\":{\"@type\":\"ImageObject\",\"inLanguage\":\"pt-BR\",\"@id\":\"https:\/\/cenedcursos.com.br\/meio-ambiente\/#\/schema\/person\/image\/\",\"url\":\"https:\/\/secure.gravatar.com\/avatar\/6ea4248ca9f295c93f1b72f8398232f0fbbffe30349e6ec3839cfa5e09b0de3c?s=96&d=mm&r=g\",\"contentUrl\":\"https:\/\/secure.gravatar.com\/avatar\/6ea4248ca9f295c93f1b72f8398232f0fbbffe30349e6ec3839cfa5e09b0de3c?s=96&d=mm&r=g\",\"caption\":\"Amarildo R. Ferrari\"},\"sameAs\":[\"https:\/\/cenedcursos.com.br\/meio-ambiente\"],\"url\":\"https:\/\/cenedcursos.com.br\/meio-ambiente\/author\/admin\/\"}]}<\/script>\n<!-- \/ Yoast SEO plugin. -->","yoast_head_json":{"title":"Workshop internacional sobre gest\u00e3o de dados de monitoramento para melhor controle ambiental em empreendimentos - CENED Cursos Online","robots":{"index":"index","follow":"follow","max-snippet":"max-snippet:-1","max-image-preview":"max-image-preview:large","max-video-preview":"max-video-preview:-1"},"canonical":"https:\/\/cenedcursos.com.br\/meio-ambiente\/workshop-gestao-de-dados-de-monitoramento-controle-ambiental\/","og_locale":"pt_BR","og_type":"article","og_title":"Workshop internacional sobre gest\u00e3o de dados de monitoramento para melhor controle ambiental em empreendimentos - CENED Cursos Online","og_description":"A Federa\u00e7\u00e3o das Ind\u00fastrias do Estado de S\u00e3o Paulo (Fiesp) promoveu, no dia 27 de abril na capital paulista, o \u201cWorkshop Internacional sobre gest\u00e3o de dados de monitoramento para melhor controle ambiental em empreendimentos\u201d Foram debatidos a atual forma de coleta e o tratamento de dados ambientais, levando em conta as vis\u00f5es dos atores envolvidos: [&hellip;]","og_url":"https:\/\/cenedcursos.com.br\/meio-ambiente\/workshop-gestao-de-dados-de-monitoramento-controle-ambiental\/","og_site_name":"CENED Cursos Online","article_published_time":"2017-05-11T14:22:40+00:00","author":"Amarildo R. Ferrari","twitter_card":"summary_large_image","twitter_misc":{"Escrito por":"Amarildo R. Ferrari","Est. tempo de leitura":"11 minutos"},"schema":{"@context":"https:\/\/schema.org","@graph":[{"@type":"WebPage","@id":"https:\/\/cenedcursos.com.br\/meio-ambiente\/workshop-gestao-de-dados-de-monitoramento-controle-ambiental\/","url":"https:\/\/cenedcursos.com.br\/meio-ambiente\/workshop-gestao-de-dados-de-monitoramento-controle-ambiental\/","name":"Workshop internacional sobre gest\u00e3o de dados de monitoramento para melhor controle ambiental em empreendimentos - CENED Cursos Online","isPartOf":{"@id":"https:\/\/cenedcursos.com.br\/meio-ambiente\/#website"},"datePublished":"2017-05-11T14:22:40+00:00","author":{"@id":"https:\/\/cenedcursos.com.br\/meio-ambiente\/#\/schema\/person\/64377d24cdc16779a1eb6229894af388"},"breadcrumb":{"@id":"https:\/\/cenedcursos.com.br\/meio-ambiente\/workshop-gestao-de-dados-de-monitoramento-controle-ambiental\/#breadcrumb"},"inLanguage":"pt-BR","potentialAction":[{"@type":"ReadAction","target":["https:\/\/cenedcursos.com.br\/meio-ambiente\/workshop-gestao-de-dados-de-monitoramento-controle-ambiental\/"]}]},{"@type":"BreadcrumbList","@id":"https:\/\/cenedcursos.com.br\/meio-ambiente\/workshop-gestao-de-dados-de-monitoramento-controle-ambiental\/#breadcrumb","itemListElement":[{"@type":"ListItem","position":1,"name":"In\u00edcio","item":"https:\/\/cenedcursos.com.br\/meio-ambiente\/"},{"@type":"ListItem","position":2,"name":"Workshop internacional sobre gest\u00e3o de dados de monitoramento para melhor controle ambiental em empreendimentos"}]},{"@type":"WebSite","@id":"https:\/\/cenedcursos.com.br\/meio-ambiente\/#website","url":"https:\/\/cenedcursos.com.br\/meio-ambiente\/","name":"CENED Cursos Online","description":"Aqui voc\u00ea encontra artigos em diversas \u00e1reas do conhecimento: meio ambiente, educa\u00e7\u00e3o, marketing digital, neg\u00f3cios online e muito mais.","potentialAction":[{"@type":"SearchAction","target":{"@type":"EntryPoint","urlTemplate":"https:\/\/cenedcursos.com.br\/meio-ambiente\/?s={search_term_string}"},"query-input":{"@type":"PropertyValueSpecification","valueRequired":true,"valueName":"search_term_string"}}],"inLanguage":"pt-BR"},{"@type":"Person","@id":"https:\/\/cenedcursos.com.br\/meio-ambiente\/#\/schema\/person\/64377d24cdc16779a1eb6229894af388","name":"Amarildo R. Ferrari","image":{"@type":"ImageObject","inLanguage":"pt-BR","@id":"https:\/\/cenedcursos.com.br\/meio-ambiente\/#\/schema\/person\/image\/","url":"https:\/\/secure.gravatar.com\/avatar\/6ea4248ca9f295c93f1b72f8398232f0fbbffe30349e6ec3839cfa5e09b0de3c?s=96&d=mm&r=g","contentUrl":"https:\/\/secure.gravatar.com\/avatar\/6ea4248ca9f295c93f1b72f8398232f0fbbffe30349e6ec3839cfa5e09b0de3c?s=96&d=mm&r=g","caption":"Amarildo R. Ferrari"},"sameAs":["https:\/\/cenedcursos.com.br\/meio-ambiente"],"url":"https:\/\/cenedcursos.com.br\/meio-ambiente\/author\/admin\/"}]}},"jetpack_featured_media_url":"","jetpack_sharing_enabled":true,"_links":{"self":[{"href":"https:\/\/cenedcursos.com.br\/meio-ambiente\/wp-json\/wp\/v2\/posts\/9069","targetHints":{"allow":["GET"]}}],"collection":[{"href":"https:\/\/cenedcursos.com.br\/meio-ambiente\/wp-json\/wp\/v2\/posts"}],"about":[{"href":"https:\/\/cenedcursos.com.br\/meio-ambiente\/wp-json\/wp\/v2\/types\/post"}],"author":[{"embeddable":true,"href":"https:\/\/cenedcursos.com.br\/meio-ambiente\/wp-json\/wp\/v2\/users\/1"}],"replies":[{"embeddable":true,"href":"https:\/\/cenedcursos.com.br\/meio-ambiente\/wp-json\/wp\/v2\/comments?post=9069"}],"version-history":[{"count":0,"href":"https:\/\/cenedcursos.com.br\/meio-ambiente\/wp-json\/wp\/v2\/posts\/9069\/revisions"}],"wp:attachment":[{"href":"https:\/\/cenedcursos.com.br\/meio-ambiente\/wp-json\/wp\/v2\/media?parent=9069"}],"wp:term":[{"taxonomy":"category","embeddable":true,"href":"https:\/\/cenedcursos.com.br\/meio-ambiente\/wp-json\/wp\/v2\/categories?post=9069"},{"taxonomy":"post_tag","embeddable":true,"href":"https:\/\/cenedcursos.com.br\/meio-ambiente\/wp-json\/wp\/v2\/tags?post=9069"}],"curies":[{"name":"wp","href":"https:\/\/api.w.org\/{rel}","templated":true}]}}