{"id":9200,"date":"2024-06-22T08:42:33","date_gmt":"2024-06-22T11:42:33","guid":{"rendered":"https:\/\/www.cenedcursos.com.br\/meio-ambiente\/?p=9200"},"modified":"2024-06-22T09:45:55","modified_gmt":"2024-06-22T12:45:55","slug":"brasil-vive-boom-da-energia-fotovoltaica","status":"publish","type":"post","link":"https:\/\/cenedcursos.com.br\/meio-ambiente\/brasil-vive-boom-da-energia-fotovoltaica\/","title":{"rendered":"Energia Fotovoltaica no Brasil: Um Guia Completo"},"content":{"rendered":"<p style=\"text-align: justify;\">A energia fotovoltaica tem ganhado destaque significativo no cen\u00e1rio energ\u00e9tico global e, no Brasil, n\u00e3o \u00e9 diferente. Com o aumento da conscientiza\u00e7\u00e3o sobre a import\u00e2ncia de fontes de energia renov\u00e1veis e a necessidade de reduzir as emiss\u00f5es de carbono, a energia solar fotovoltaica tem se tornado uma op\u00e7\u00e3o cada vez mais vi\u00e1vel e atrativa para consumidores residenciais, comerciais e industriais. Neste artigo, vamos explorar os principais aspectos da energia fotovoltaica no Brasil, seus benef\u00edcios, desafios e o futuro promissor dessa tecnologia no pa\u00eds.<\/p>\n<h2 style=\"text-align: justify;\">O que \u00e9 Energia Fotovoltaica?<\/h2>\n<p style=\"text-align: justify;\">A energia fotovoltaica \u00e9 gerada a partir da convers\u00e3o da luz solar em eletricidade atrav\u00e9s de c\u00e9lulas fotovoltaicas. Essas c\u00e9lulas s\u00e3o compostas por materiais semicondutores, como o sil\u00edcio, que, quando expostos \u00e0 <a href=\"https:\/\/cenedcursos.com.br\/meio-ambiente\/kit-de-energia-solar-fotovoltaica-para-bombeamento-irrigacao\/\">luz solar<\/a>, geram uma corrente el\u00e9trica. Essa tecnologia permite a produ\u00e7\u00e3o de energia limpa e renov\u00e1vel, reduzindo a depend\u00eancia de combust\u00edveis f\u00f3sseis e diminuindo a pegada de carbono.<\/p>\n<h2 style=\"text-align: justify;\">Panorama da Energia Fotovoltaica no Brasil<\/h2>\n<p style=\"text-align: justify;\">O Brasil possui um enorme potencial para a gera\u00e7\u00e3o de energia solar devido \u00e0 sua localiza\u00e7\u00e3o geogr\u00e1fica privilegiada e alta incid\u00eancia de radia\u00e7\u00e3o solar ao longo do ano. Desde a cria\u00e7\u00e3o do Programa de Incentivo \u00e0s Fontes Alternativas de Energia El\u00e9trica (PROINFA) em 2002 e, mais recentemente, com a Resolu\u00e7\u00e3o Normativa 482 da Ag\u00eancia Nacional de Energia El\u00e9trica (ANEEL) em 2012, que regulamenta a gera\u00e7\u00e3o distribu\u00edda, o setor fotovoltaico tem crescido exponencialmente.<\/p>\n<h3 style=\"text-align: justify;\">Crescimento e Capacidade Instalada<\/h3>\n<p style=\"text-align: justify;\">De acordo com dados da <a href=\"https:\/\/www.gov.br\/aneel\/pt-br\" target=\"_blank\" rel=\"noopener\">ANEEL<\/a>, a capacidade instalada de energia solar fotovoltaica no Brasil ultrapassou 18 GW em 2023, posicionando o pa\u00eds como um dos l\u00edderes mundiais em gera\u00e7\u00e3o de energia solar. Esse crescimento tem sido impulsionado por diversos fatores, incluindo a redu\u00e7\u00e3o dos custos dos equipamentos, incentivos governamentais e o aumento da conscientiza\u00e7\u00e3o sobre os benef\u00edcios ambientais e econ\u00f4micos da energia solar.<\/p>\n<p><img data-recalc-dims=\"1\" loading=\"lazy\" decoding=\"async\" data-attachment-id=\"13106\" data-permalink=\"https:\/\/cenedcursos.com.br\/meio-ambiente\/brasil-vive-boom-da-energia-fotovoltaica\/energia-fotovoltaica-2\/\" data-orig-file=\"https:\/\/i0.wp.com\/cenedcursos.com.br\/meio-ambiente\/wp-content\/uploads\/2017\/05\/energia-fotovoltaica.webp?fit=1200%2C800&amp;ssl=1\" data-orig-size=\"1200,800\" data-comments-opened=\"1\" data-image-meta=\"{&quot;aperture&quot;:&quot;0&quot;,&quot;credit&quot;:&quot;&quot;,&quot;camera&quot;:&quot;&quot;,&quot;caption&quot;:&quot;&quot;,&quot;created_timestamp&quot;:&quot;0&quot;,&quot;copyright&quot;:&quot;&quot;,&quot;focal_length&quot;:&quot;0&quot;,&quot;iso&quot;:&quot;0&quot;,&quot;shutter_speed&quot;:&quot;0&quot;,&quot;title&quot;:&quot;&quot;,&quot;orientation&quot;:&quot;0&quot;}\" data-image-title=\"energia fotovoltaica\" data-image-description=\"\" data-image-caption=\"\" data-medium-file=\"https:\/\/i0.wp.com\/cenedcursos.com.br\/meio-ambiente\/wp-content\/uploads\/2017\/05\/energia-fotovoltaica.webp?fit=300%2C200&amp;ssl=1\" data-large-file=\"https:\/\/i0.wp.com\/cenedcursos.com.br\/meio-ambiente\/wp-content\/uploads\/2017\/05\/energia-fotovoltaica.webp?fit=696%2C464&amp;ssl=1\" class=\"alignnone size-large wp-image-13106\" src=\"https:\/\/i0.wp.com\/cenedcursos.com.br\/meio-ambiente\/wp-content\/uploads\/2017\/05\/energia-fotovoltaica.webp?resize=696%2C464&#038;ssl=1\" alt=\"energia fotovoltaica\" width=\"696\" height=\"464\" srcset=\"https:\/\/i0.wp.com\/cenedcursos.com.br\/meio-ambiente\/wp-content\/uploads\/2017\/05\/energia-fotovoltaica.webp?resize=1024%2C683&amp;ssl=1 1024w, https:\/\/i0.wp.com\/cenedcursos.com.br\/meio-ambiente\/wp-content\/uploads\/2017\/05\/energia-fotovoltaica.webp?resize=300%2C200&amp;ssl=1 300w, https:\/\/i0.wp.com\/cenedcursos.com.br\/meio-ambiente\/wp-content\/uploads\/2017\/05\/energia-fotovoltaica.webp?resize=768%2C512&amp;ssl=1 768w, https:\/\/i0.wp.com\/cenedcursos.com.br\/meio-ambiente\/wp-content\/uploads\/2017\/05\/energia-fotovoltaica.webp?resize=696%2C464&amp;ssl=1 696w, https:\/\/i0.wp.com\/cenedcursos.com.br\/meio-ambiente\/wp-content\/uploads\/2017\/05\/energia-fotovoltaica.webp?resize=1068%2C712&amp;ssl=1 1068w, https:\/\/i0.wp.com\/cenedcursos.com.br\/meio-ambiente\/wp-content\/uploads\/2017\/05\/energia-fotovoltaica.webp?resize=630%2C420&amp;ssl=1 630w, https:\/\/i0.wp.com\/cenedcursos.com.br\/meio-ambiente\/wp-content\/uploads\/2017\/05\/energia-fotovoltaica.webp?w=1200&amp;ssl=1 1200w\" sizes=\"auto, (max-width: 696px) 100vw, 696px\" \/><\/p>\n<h3 style=\"text-align: justify;\">Benef\u00edcios da Energia Fotovoltaica<\/h3>\n<h4 style=\"text-align: justify;\">Sustentabilidade Ambiental<\/h4>\n<p style=\"text-align: justify;\">A energia fotovoltaica \u00e9 uma das fontes de energia mais limpas e sustent\u00e1veis dispon\u00edveis. A gera\u00e7\u00e3o de eletricidade a partir do sol n\u00e3o emite gases de efeito estufa nem poluentes, contribuindo para a redu\u00e7\u00e3o das emiss\u00f5es de CO2 e ajudando a combater as mudan\u00e7as clim\u00e1ticas.<\/p>\n<h4 style=\"text-align: justify;\">Economia de Custos<\/h4>\n<p style=\"text-align: justify;\">Uma das principais vantagens para os consumidores \u00e9 a economia na conta de luz. Sistemas fotovoltaicos permitem a gera\u00e7\u00e3o de energia pr\u00f3pria, reduzindo a depend\u00eancia da rede el\u00e9trica e, consequentemente, os custos com eletricidade. Al\u00e9m disso, com a possibilidade de cr\u00e9ditos energ\u00e9ticos, o excedente de energia gerada pode ser compensado em per\u00edodos de menor produ\u00e7\u00e3o, como dias nublados ou durante a noite.<\/p>\n<h4 style=\"text-align: justify;\">Incentivos e Financiamentos<\/h4>\n<p style=\"text-align: justify;\">O governo brasileiro oferece diversos incentivos e linhas de financiamento para estimular a ado\u00e7\u00e3o da energia solar fotovoltaica. Programas como o FINAME, do BNDES, e o Pr\u00f3-Sol, de bancos privados, facilitam o acesso ao cr\u00e9dito para a instala\u00e7\u00e3o de sistemas fotovoltaicos, tornando a tecnologia mais acess\u00edvel a diferentes segmentos da popula\u00e7\u00e3o.<\/p>\n<h2 style=\"text-align: justify;\">Desafios e Perspectivas<\/h2>\n<h3 style=\"text-align: justify;\">Desafios<\/h3>\n<p style=\"text-align: justify;\">Apesar dos avan\u00e7os, o setor fotovoltaico no Brasil ainda enfrenta alguns desafios. Entre eles, destacam-se:<\/p>\n<ul style=\"text-align: justify;\">\n<li><strong>Burocracia e Regula\u00e7\u00e3o:<\/strong> O processo de regulamenta\u00e7\u00e3o e conex\u00e3o de sistemas fotovoltaicos \u00e0 rede el\u00e9trica pode ser burocr\u00e1tico e demorado, desestimulando alguns consumidores.<\/li>\n<li><strong>Custos Iniciais:<\/strong> Embora os custos dos equipamentos tenham diminu\u00eddo, o investimento inicial para a instala\u00e7\u00e3o de sistemas fotovoltaicos ainda pode ser elevado para muitas fam\u00edlias e pequenas empresas.<\/li>\n<li><strong>Armazenamento de Energia:<\/strong> A tecnologia de armazenamento de energia, como baterias, ainda \u00e9 cara e pouco difundida, limitando a utiliza\u00e7\u00e3o da energia solar em per\u00edodos sem incid\u00eancia solar.<\/li>\n<\/ul>\n<h3 style=\"text-align: justify;\">Perspectivas Futuras<\/h3>\n<p style=\"text-align: justify;\">As perspectivas para a energia fotovoltaica no Brasil s\u00e3o extremamente positivas. O pa\u00eds possui um dos maiores potenciais solares do mundo, e a tend\u00eancia \u00e9 de que a capacidade instalada continue a crescer nos pr\u00f3ximos anos. Algumas tend\u00eancias e avan\u00e7os esperados incluem:<\/p>\n<ul style=\"text-align: justify;\">\n<li><strong>Inova\u00e7\u00f5es Tecnol\u00f3gicas:<\/strong> O desenvolvimento de novas tecnologias, como pain\u00e9is solares de maior efici\u00eancia e sistemas de armazenamento mais acess\u00edveis, deve impulsionar ainda mais o setor.<\/li>\n<li><strong>Integra\u00e7\u00e3o com Outras Fontes Renov\u00e1veis:<\/strong> A combina\u00e7\u00e3o da energia solar com outras fontes renov\u00e1veis, como a e\u00f3lica e a biomassa, pode aumentar a seguran\u00e7a e a estabilidade do sistema el\u00e9trico.<\/li>\n<li><strong>Crescimento da Gera\u00e7\u00e3o Distribu\u00edda:<\/strong> A gera\u00e7\u00e3o distribu\u00edda deve continuar a expandir, com mais consumidores optando por gerar sua pr\u00f3pria energia e contribuindo para a descentraliza\u00e7\u00e3o do sistema el\u00e9trico.<\/li>\n<\/ul>\n<p style=\"text-align: justify;\">A energia fotovoltaica representa uma oportunidade \u00fanica para o Brasil diversificar sua matriz energ\u00e9tica, promover o desenvolvimento sustent\u00e1vel e proporcionar economia para os consumidores. Com um potencial solar abundante e crescente ado\u00e7\u00e3o de tecnologias renov\u00e1veis, o Brasil est\u00e1 bem posicionado para se tornar um l\u00edder global em energia solar. Apesar dos desafios, os benef\u00edcios ambientais, econ\u00f4micos e sociais da energia fotovoltaica s\u00e3o ineg\u00e1veis, e o futuro dessa tecnologia no pa\u00eds \u00e9 promissor.<\/p>\n<p style=\"text-align: justify;\">Para quem busca investir em sustentabilidade e redu\u00e7\u00e3o de custos, a energia solar fotovoltaica \u00e9, sem d\u00favida, uma excelente escolha.<\/p>\n","protected":false},"excerpt":{"rendered":"<p>A energia fotovoltaica tem ganhado destaque significativo no cen\u00e1rio energ\u00e9tico global e, no Brasil, n\u00e3o \u00e9 diferente. Com o aumento da conscientiza\u00e7\u00e3o sobre a import\u00e2ncia de fontes de energia renov\u00e1veis e a necessidade de reduzir as emiss\u00f5es de carbono, a energia solar fotovoltaica tem se tornado uma op\u00e7\u00e3o cada vez mais vi\u00e1vel e atrativa para [&hellip;]<\/p>\n","protected":false},"author":1,"featured_media":13106,"comment_status":"open","ping_status":"open","sticky":false,"template":"","format":"standard","meta":{"_jetpack_memberships_contains_paid_content":false,"footnotes":""},"categories":[53],"tags":[406],"class_list":{"0":"post-9200","1":"post","2":"type-post","3":"status-publish","4":"format-standard","5":"has-post-thumbnail","7":"category-energias-alternativas","8":"tag-energia-fotovoltaica"},"yoast_head":"<!-- This site is optimized with the Yoast SEO plugin v25.1 - https:\/\/yoast.com\/wordpress\/plugins\/seo\/ -->\n<title>Energia Fotovoltaica no Brasil: Um Guia Completo<\/title>\n<meta name=\"description\" content=\"A energia fotovoltaica tem ganhado destaque significativo no cen\u00e1rio energ\u00e9tico global e, no Brasil, n\u00e3o \u00e9 diferente. Com o aumento da\" \/>\n<meta name=\"robots\" content=\"index, follow, max-snippet:-1, max-image-preview:large, max-video-preview:-1\" \/>\n<link rel=\"canonical\" href=\"https:\/\/cenedcursos.com.br\/meio-ambiente\/brasil-vive-boom-da-energia-fotovoltaica\/\" \/>\n<meta property=\"og:locale\" content=\"pt_BR\" \/>\n<meta property=\"og:type\" content=\"article\" \/>\n<meta property=\"og:title\" content=\"Energia Fotovoltaica no Brasil: Um Guia Completo\" \/>\n<meta property=\"og:description\" content=\"A energia fotovoltaica tem ganhado destaque significativo no cen\u00e1rio energ\u00e9tico global e, no Brasil, n\u00e3o \u00e9 diferente. Com o aumento da\" \/>\n<meta property=\"og:url\" content=\"https:\/\/cenedcursos.com.br\/meio-ambiente\/brasil-vive-boom-da-energia-fotovoltaica\/\" \/>\n<meta property=\"og:site_name\" content=\"CENED Cursos Online\" \/>\n<meta property=\"article:published_time\" content=\"2024-06-22T11:42:33+00:00\" \/>\n<meta property=\"article:modified_time\" content=\"2024-06-22T12:45:55+00:00\" \/>\n<meta property=\"og:image\" content=\"https:\/\/cenedcursos.com.br\/meio-ambiente\/wp-content\/uploads\/2017\/05\/energia-fotovoltaica.webp\" \/>\n\t<meta property=\"og:image:width\" content=\"1200\" \/>\n\t<meta property=\"og:image:height\" content=\"800\" \/>\n\t<meta property=\"og:image:type\" content=\"image\/webp\" \/>\n<meta name=\"author\" content=\"Amarildo R. Ferrari\" \/>\n<meta name=\"twitter:card\" content=\"summary_large_image\" \/>\n<meta name=\"twitter:label1\" content=\"Escrito por\" \/>\n\t<meta name=\"twitter:data1\" content=\"Amarildo R. Ferrari\" \/>\n\t<meta name=\"twitter:label2\" content=\"Est. tempo de leitura\" \/>\n\t<meta name=\"twitter:data2\" content=\"5 minutos\" \/>\n<script type=\"application\/ld+json\" class=\"yoast-schema-graph\">{\"@context\":\"https:\/\/schema.org\",\"@graph\":[{\"@type\":\"WebPage\",\"@id\":\"https:\/\/cenedcursos.com.br\/meio-ambiente\/brasil-vive-boom-da-energia-fotovoltaica\/\",\"url\":\"https:\/\/cenedcursos.com.br\/meio-ambiente\/brasil-vive-boom-da-energia-fotovoltaica\/\",\"name\":\"Energia Fotovoltaica no Brasil: Um Guia Completo\",\"isPartOf\":{\"@id\":\"https:\/\/cenedcursos.com.br\/meio-ambiente\/#website\"},\"primaryImageOfPage\":{\"@id\":\"https:\/\/cenedcursos.com.br\/meio-ambiente\/brasil-vive-boom-da-energia-fotovoltaica\/#primaryimage\"},\"image\":{\"@id\":\"https:\/\/cenedcursos.com.br\/meio-ambiente\/brasil-vive-boom-da-energia-fotovoltaica\/#primaryimage\"},\"thumbnailUrl\":\"https:\/\/i0.wp.com\/cenedcursos.com.br\/meio-ambiente\/wp-content\/uploads\/2017\/05\/energia-fotovoltaica.webp?fit=1200%2C800&ssl=1\",\"datePublished\":\"2024-06-22T11:42:33+00:00\",\"dateModified\":\"2024-06-22T12:45:55+00:00\",\"author\":{\"@id\":\"https:\/\/cenedcursos.com.br\/meio-ambiente\/#\/schema\/person\/64377d24cdc16779a1eb6229894af388\"},\"description\":\"A energia fotovoltaica tem ganhado destaque significativo no cen\u00e1rio energ\u00e9tico global e, no Brasil, n\u00e3o \u00e9 diferente. Com o aumento da\",\"breadcrumb\":{\"@id\":\"https:\/\/cenedcursos.com.br\/meio-ambiente\/brasil-vive-boom-da-energia-fotovoltaica\/#breadcrumb\"},\"inLanguage\":\"pt-BR\",\"potentialAction\":[{\"@type\":\"ReadAction\",\"target\":[\"https:\/\/cenedcursos.com.br\/meio-ambiente\/brasil-vive-boom-da-energia-fotovoltaica\/\"]}]},{\"@type\":\"ImageObject\",\"inLanguage\":\"pt-BR\",\"@id\":\"https:\/\/cenedcursos.com.br\/meio-ambiente\/brasil-vive-boom-da-energia-fotovoltaica\/#primaryimage\",\"url\":\"https:\/\/i0.wp.com\/cenedcursos.com.br\/meio-ambiente\/wp-content\/uploads\/2017\/05\/energia-fotovoltaica.webp?fit=1200%2C800&ssl=1\",\"contentUrl\":\"https:\/\/i0.wp.com\/cenedcursos.com.br\/meio-ambiente\/wp-content\/uploads\/2017\/05\/energia-fotovoltaica.webp?fit=1200%2C800&ssl=1\",\"width\":1200,\"height\":800,\"caption\":\"energia fotovoltaica\"},{\"@type\":\"BreadcrumbList\",\"@id\":\"https:\/\/cenedcursos.com.br\/meio-ambiente\/brasil-vive-boom-da-energia-fotovoltaica\/#breadcrumb\",\"itemListElement\":[{\"@type\":\"ListItem\",\"position\":1,\"name\":\"In\u00edcio\",\"item\":\"https:\/\/cenedcursos.com.br\/meio-ambiente\/\"},{\"@type\":\"ListItem\",\"position\":2,\"name\":\"Energia Fotovoltaica no Brasil: Um Guia Completo\"}]},{\"@type\":\"WebSite\",\"@id\":\"https:\/\/cenedcursos.com.br\/meio-ambiente\/#website\",\"url\":\"https:\/\/cenedcursos.com.br\/meio-ambiente\/\",\"name\":\"CENED Cursos Online\",\"description\":\"Aqui voc\u00ea encontra artigos em diversas \u00e1reas do conhecimento: meio ambiente, educa\u00e7\u00e3o, marketing digital, neg\u00f3cios online e muito mais.\",\"potentialAction\":[{\"@type\":\"SearchAction\",\"target\":{\"@type\":\"EntryPoint\",\"urlTemplate\":\"https:\/\/cenedcursos.com.br\/meio-ambiente\/?s={search_term_string}\"},\"query-input\":{\"@type\":\"PropertyValueSpecification\",\"valueRequired\":true,\"valueName\":\"search_term_string\"}}],\"inLanguage\":\"pt-BR\"},{\"@type\":\"Person\",\"@id\":\"https:\/\/cenedcursos.com.br\/meio-ambiente\/#\/schema\/person\/64377d24cdc16779a1eb6229894af388\",\"name\":\"Amarildo R. Ferrari\",\"image\":{\"@type\":\"ImageObject\",\"inLanguage\":\"pt-BR\",\"@id\":\"https:\/\/cenedcursos.com.br\/meio-ambiente\/#\/schema\/person\/image\/\",\"url\":\"https:\/\/secure.gravatar.com\/avatar\/6ea4248ca9f295c93f1b72f8398232f0fbbffe30349e6ec3839cfa5e09b0de3c?s=96&d=mm&r=g\",\"contentUrl\":\"https:\/\/secure.gravatar.com\/avatar\/6ea4248ca9f295c93f1b72f8398232f0fbbffe30349e6ec3839cfa5e09b0de3c?s=96&d=mm&r=g\",\"caption\":\"Amarildo R. Ferrari\"},\"sameAs\":[\"https:\/\/cenedcursos.com.br\/meio-ambiente\"],\"url\":\"https:\/\/cenedcursos.com.br\/meio-ambiente\/author\/admin\/\"}]}<\/script>\n<!-- \/ Yoast SEO plugin. -->","yoast_head_json":{"title":"Energia Fotovoltaica no Brasil: Um Guia Completo","description":"A energia fotovoltaica tem ganhado destaque significativo no cen\u00e1rio energ\u00e9tico global e, no Brasil, n\u00e3o \u00e9 diferente. Com o aumento da","robots":{"index":"index","follow":"follow","max-snippet":"max-snippet:-1","max-image-preview":"max-image-preview:large","max-video-preview":"max-video-preview:-1"},"canonical":"https:\/\/cenedcursos.com.br\/meio-ambiente\/brasil-vive-boom-da-energia-fotovoltaica\/","og_locale":"pt_BR","og_type":"article","og_title":"Energia Fotovoltaica no Brasil: Um Guia Completo","og_description":"A energia fotovoltaica tem ganhado destaque significativo no cen\u00e1rio energ\u00e9tico global e, no Brasil, n\u00e3o \u00e9 diferente. Com o aumento da","og_url":"https:\/\/cenedcursos.com.br\/meio-ambiente\/brasil-vive-boom-da-energia-fotovoltaica\/","og_site_name":"CENED Cursos Online","article_published_time":"2024-06-22T11:42:33+00:00","article_modified_time":"2024-06-22T12:45:55+00:00","og_image":[{"width":1200,"height":800,"url":"https:\/\/cenedcursos.com.br\/meio-ambiente\/wp-content\/uploads\/2017\/05\/energia-fotovoltaica.webp","type":"image\/webp"}],"author":"Amarildo R. Ferrari","twitter_card":"summary_large_image","twitter_misc":{"Escrito por":"Amarildo R. Ferrari","Est. tempo de leitura":"5 minutos"},"schema":{"@context":"https:\/\/schema.org","@graph":[{"@type":"WebPage","@id":"https:\/\/cenedcursos.com.br\/meio-ambiente\/brasil-vive-boom-da-energia-fotovoltaica\/","url":"https:\/\/cenedcursos.com.br\/meio-ambiente\/brasil-vive-boom-da-energia-fotovoltaica\/","name":"Energia Fotovoltaica no Brasil: Um Guia Completo","isPartOf":{"@id":"https:\/\/cenedcursos.com.br\/meio-ambiente\/#website"},"primaryImageOfPage":{"@id":"https:\/\/cenedcursos.com.br\/meio-ambiente\/brasil-vive-boom-da-energia-fotovoltaica\/#primaryimage"},"image":{"@id":"https:\/\/cenedcursos.com.br\/meio-ambiente\/brasil-vive-boom-da-energia-fotovoltaica\/#primaryimage"},"thumbnailUrl":"https:\/\/i0.wp.com\/cenedcursos.com.br\/meio-ambiente\/wp-content\/uploads\/2017\/05\/energia-fotovoltaica.webp?fit=1200%2C800&ssl=1","datePublished":"2024-06-22T11:42:33+00:00","dateModified":"2024-06-22T12:45:55+00:00","author":{"@id":"https:\/\/cenedcursos.com.br\/meio-ambiente\/#\/schema\/person\/64377d24cdc16779a1eb6229894af388"},"description":"A energia fotovoltaica tem ganhado destaque significativo no cen\u00e1rio energ\u00e9tico global e, no Brasil, n\u00e3o \u00e9 diferente. Com o aumento da","breadcrumb":{"@id":"https:\/\/cenedcursos.com.br\/meio-ambiente\/brasil-vive-boom-da-energia-fotovoltaica\/#breadcrumb"},"inLanguage":"pt-BR","potentialAction":[{"@type":"ReadAction","target":["https:\/\/cenedcursos.com.br\/meio-ambiente\/brasil-vive-boom-da-energia-fotovoltaica\/"]}]},{"@type":"ImageObject","inLanguage":"pt-BR","@id":"https:\/\/cenedcursos.com.br\/meio-ambiente\/brasil-vive-boom-da-energia-fotovoltaica\/#primaryimage","url":"https:\/\/i0.wp.com\/cenedcursos.com.br\/meio-ambiente\/wp-content\/uploads\/2017\/05\/energia-fotovoltaica.webp?fit=1200%2C800&ssl=1","contentUrl":"https:\/\/i0.wp.com\/cenedcursos.com.br\/meio-ambiente\/wp-content\/uploads\/2017\/05\/energia-fotovoltaica.webp?fit=1200%2C800&ssl=1","width":1200,"height":800,"caption":"energia fotovoltaica"},{"@type":"BreadcrumbList","@id":"https:\/\/cenedcursos.com.br\/meio-ambiente\/brasil-vive-boom-da-energia-fotovoltaica\/#breadcrumb","itemListElement":[{"@type":"ListItem","position":1,"name":"In\u00edcio","item":"https:\/\/cenedcursos.com.br\/meio-ambiente\/"},{"@type":"ListItem","position":2,"name":"Energia Fotovoltaica no Brasil: Um Guia Completo"}]},{"@type":"WebSite","@id":"https:\/\/cenedcursos.com.br\/meio-ambiente\/#website","url":"https:\/\/cenedcursos.com.br\/meio-ambiente\/","name":"CENED Cursos Online","description":"Aqui voc\u00ea encontra artigos em diversas \u00e1reas do conhecimento: meio ambiente, educa\u00e7\u00e3o, marketing digital, neg\u00f3cios online e muito mais.","potentialAction":[{"@type":"SearchAction","target":{"@type":"EntryPoint","urlTemplate":"https:\/\/cenedcursos.com.br\/meio-ambiente\/?s={search_term_string}"},"query-input":{"@type":"PropertyValueSpecification","valueRequired":true,"valueName":"search_term_string"}}],"inLanguage":"pt-BR"},{"@type":"Person","@id":"https:\/\/cenedcursos.com.br\/meio-ambiente\/#\/schema\/person\/64377d24cdc16779a1eb6229894af388","name":"Amarildo R. Ferrari","image":{"@type":"ImageObject","inLanguage":"pt-BR","@id":"https:\/\/cenedcursos.com.br\/meio-ambiente\/#\/schema\/person\/image\/","url":"https:\/\/secure.gravatar.com\/avatar\/6ea4248ca9f295c93f1b72f8398232f0fbbffe30349e6ec3839cfa5e09b0de3c?s=96&d=mm&r=g","contentUrl":"https:\/\/secure.gravatar.com\/avatar\/6ea4248ca9f295c93f1b72f8398232f0fbbffe30349e6ec3839cfa5e09b0de3c?s=96&d=mm&r=g","caption":"Amarildo R. Ferrari"},"sameAs":["https:\/\/cenedcursos.com.br\/meio-ambiente"],"url":"https:\/\/cenedcursos.com.br\/meio-ambiente\/author\/admin\/"}]}},"jetpack_featured_media_url":"https:\/\/i0.wp.com\/cenedcursos.com.br\/meio-ambiente\/wp-content\/uploads\/2017\/05\/energia-fotovoltaica.webp?fit=1200%2C800&ssl=1","jetpack_sharing_enabled":true,"_links":{"self":[{"href":"https:\/\/cenedcursos.com.br\/meio-ambiente\/wp-json\/wp\/v2\/posts\/9200","targetHints":{"allow":["GET"]}}],"collection":[{"href":"https:\/\/cenedcursos.com.br\/meio-ambiente\/wp-json\/wp\/v2\/posts"}],"about":[{"href":"https:\/\/cenedcursos.com.br\/meio-ambiente\/wp-json\/wp\/v2\/types\/post"}],"author":[{"embeddable":true,"href":"https:\/\/cenedcursos.com.br\/meio-ambiente\/wp-json\/wp\/v2\/users\/1"}],"replies":[{"embeddable":true,"href":"https:\/\/cenedcursos.com.br\/meio-ambiente\/wp-json\/wp\/v2\/comments?post=9200"}],"version-history":[{"count":0,"href":"https:\/\/cenedcursos.com.br\/meio-ambiente\/wp-json\/wp\/v2\/posts\/9200\/revisions"}],"wp:featuredmedia":[{"embeddable":true,"href":"https:\/\/cenedcursos.com.br\/meio-ambiente\/wp-json\/wp\/v2\/media\/13106"}],"wp:attachment":[{"href":"https:\/\/cenedcursos.com.br\/meio-ambiente\/wp-json\/wp\/v2\/media?parent=9200"}],"wp:term":[{"taxonomy":"category","embeddable":true,"href":"https:\/\/cenedcursos.com.br\/meio-ambiente\/wp-json\/wp\/v2\/categories?post=9200"},{"taxonomy":"post_tag","embeddable":true,"href":"https:\/\/cenedcursos.com.br\/meio-ambiente\/wp-json\/wp\/v2\/tags?post=9200"}],"curies":[{"name":"wp","href":"https:\/\/api.w.org\/{rel}","templated":true}]}}