{"id":9257,"date":"2017-05-21T21:38:04","date_gmt":"2017-05-22T00:38:04","guid":{"rendered":"https:\/\/www.cenedcursos.com.br\/meio-ambiente\/?p=9257"},"modified":"2017-05-21T21:38:04","modified_gmt":"2017-05-22T00:38:04","slug":"guia-aves-floresta-atlantica","status":"publish","type":"post","link":"https:\/\/cenedcursos.com.br\/meio-ambiente\/guia-aves-floresta-atlantica\/","title":{"rendered":"Guia: Aves da Floresta Atl\u00e2ntica Volume 2"},"content":{"rendered":"<div id=\"attachment_53419\" class=\"wp-caption aligncenter\" style=\"width: 1034px;\">\n<img data-recalc-dims=\"1\" loading=\"lazy\" decoding=\"async\" class=\"wp-image-53419 size-large\" src=\"https:\/\/i0.wp.com\/www.cenedcursos.com.br\/meio-ambiente\/wp-content\/uploads\/2017\/05\/Guia-Aves-da-Floresta-Atl%C3%A2ntica-Volume-2.jpg?resize=696%2C464&#038;ssl=1\" sizes=\"auto, (max-width: 1024px) 100vw, 1024px\" srcset=\"https:\/\/www.cenedcursos.com.br\/meio-ambiente\/wp-content\/uploads\/2017\/05\/Guia-Aves-da-Floresta-Atl\u00e2ntica-Volume-2.jpg 1024w, http:\/\/www.oeco.org.br\/wp-content\/uploads\/2017\/05\/18052017-avesmtatl-300x200.jpg 300w, http:\/\/www.oeco.org.br\/wp-content\/uploads\/2017\/05\/18052017-avesmtatl-600x400.jpg 600w, http:\/\/www.oeco.org.br\/wp-content\/uploads\/2017\/05\/18052017-avesmtatl-278x185.jpg 278w, http:\/\/www.oeco.org.br\/wp-content\/uploads\/2017\/05\/18052017-avesmtatl.jpg 1152w\" alt=\"Aves da Mata Atl\u00e2ntica\" width=\"696\" height=\"464\" \/><em>Aves da Floresta Atl\u00e2ntica<\/em>\n<\/div>\n<p style=\"text-align: justify;\">Um trabalho que envolve amor \u00e0 natureza, dedica\u00e7\u00e3o, e que j\u00e1 rendeu belos frutos, volta no s\u00e9timo ano consecutivo e com o segundo volume com dois p\u00f4steres. Esse \u00e9 o <a href=\"http:\/\/aveatlantica.blogspot.com.br\/\" target=\"_blank\" rel=\"noopener noreferrer\"><strong>Aves da Floresta Atl\u00e2ntica Volume 2<\/strong><\/a>, do casal Renato Rizzaro e Gabriela Giovanka, que desde 2010 percorrem os biomas brasileiros registrando bel\u00edssimas aves, resultando em p\u00f4steres ilustrados.<\/p>\n<p style=\"text-align: justify;\">Nesse segundo volume das Aves da Floresta Atl\u00e2ntica conter\u00e1 aves que n\u00e3o estavam presentes no primeiro, algumas delas amea\u00e7adas de extin\u00e7\u00e3o, como a Jacutinga, o Gavi\u00e3o-pega-macaco, o <a href=\"https:\/\/www.cenedcursos.com.br\/meio-ambiente\/proteger-o-papagaio-chaua\/\" target=\"_blank\" rel=\"noopener noreferrer\">Papagaio-char\u00e3o<\/a>, o Pav\u00f4, o Curi\u00f3, o Ti\u00ea-sangue e outras coloridas sa\u00edras. O material ainda apresenta dois p\u00f4steres com 174 aves, do total de 981 esp\u00e9cies registradas para este bioma.<\/p>\n<p style=\"text-align: justify;\">As expedi\u00e7\u00f5es de Renato Rizzaro e Gabriela Giovanka em cada bioma brasileiro j\u00e1 rendeu p\u00f4steres para cada um: <a href=\"http:\/\/aveatlantica.blogspot.com.br\/2012\/02\/poster-de-aves-da-floresta-atlantica.html\">Floresta Atl\u00e2ntica<\/a> (2011), <a href=\"http:\/\/avepantanal.blogspot.com.br\/http:\/avepantanal.blogspot.com.br\/\">Pantanal<\/a> (2012) <a href=\"http:\/\/aveamazonia.blogspot.com.br\/\">Amaz\u00f4nia<\/a> (2013), <a href=\"http:\/\/avepampa.blogspot.com.br\/\">Pampa<\/a> (2014), <a href=\"http:\/\/avecerrado.blogspot.com.br\/\">Cerrado<\/a> (2015) e <a href=\"http:\/\/avecaatinga.blogspot.com.br\/\">Caatinga<\/a> (2016), <a href=\"http:\/\/aveatlantica.blogspot.com.br\/\">Floresta Atl\u00e2ntica, volume 2<\/a> (2017). Com a publica\u00e7\u00e3o do p\u00f4ster de 2017, o projeto chega a um total de 561 aves ilustradas sem repeti\u00e7\u00e3o.<\/p>\n<p style=\"text-align: justify;\">Os p\u00f4steres podem ser adquiridos atrav\u00e9s do e-mail \u00a0<a href=\"mailto:rodadepassarinho@gmail.com\">rodadepassarinho@gmail.com.<\/a> O custo do volume dois das Aves da Floresta Atl\u00e2ntica \u00e9 de R$ 35,00, mais despesas de Correio que \u00e9 de R$ 12,00 para todo o Brasil. Os cartazes possuem dimens\u00f5es de 50 x 70cm, s\u00e3o impressos em papel couch\u00ea 250 gramas e t\u00eam aplica\u00e7\u00e3o de lamina\u00e7\u00e3o fosca para garantir sua durabilidade.<\/p>\n<p style=\"text-align: justify;\">A edi\u00e7\u00e3o de 2017 contou com a colabora\u00e7\u00e3o de Vitor Piacentini, que \u00e9 orientador do trabalho desde o primeiro p\u00f4ster at\u00e9 os roteiros pelos biomas brasileiros e \u00e9 respons\u00e1vel pela revis\u00e3o cient\u00edfica. Ciro Albano, Gustavo Magnano, Jo\u00e3o Quental, Luiz Ribenboim, S\u00e9rgio Berkenbrock, Silvia Linhares e Viviane De Luccia cederam fotos de seu acervo para ilustrar e completar a obra.<\/p>\n<p style=\"text-align: justify;\"><a href=\"http:\/\/www.oeco.org.br\/blogs\/salada-verde\/guia-aves-da-floresta-atlantica-volume-2\/\">Fonte<\/a>: <a href=\"http:\/\/www.oeco.org.br\/blogs\/salada-verde\/guia-aves-da-floresta-atlantica-volume-2\/\">www.oeco.org.br<\/a><\/p>\n","protected":false},"excerpt":{"rendered":"<p>Aves da Floresta Atl\u00e2ntica Um trabalho que envolve amor \u00e0 natureza, dedica\u00e7\u00e3o, e que j\u00e1 rendeu belos frutos, volta no s\u00e9timo ano consecutivo e com o segundo volume com dois p\u00f4steres. Esse \u00e9 o Aves da Floresta Atl\u00e2ntica Volume 2, do casal Renato Rizzaro e Gabriela Giovanka, que desde 2010 percorrem os biomas brasileiros registrando [&hellip;]<\/p>\n","protected":false},"author":1,"featured_media":0,"comment_status":"open","ping_status":"open","sticky":false,"template":"","format":"standard","meta":{"_jetpack_memberships_contains_paid_content":false,"footnotes":""},"categories":[491],"tags":[409],"class_list":{"0":"post-9257","1":"post","2":"type-post","3":"status-publish","4":"format-standard","6":"category-educacao-ambiental-textos","7":"tag-floresta-atlantica"},"yoast_head":"<!-- This site is optimized with the Yoast SEO plugin v25.1 - https:\/\/yoast.com\/wordpress\/plugins\/seo\/ -->\n<title>Guia: Aves da Floresta Atl\u00e2ntica Volume 2 - CENED - Meio Ambiente<\/title>\n<meta name=\"description\" content=\"O volume das Aves da Floresta Atl\u00e2ntica conter\u00e1 aves que n\u00e3o estavam presentes no primeiro, algumas delas amea\u00e7adas de extin\u00e7\u00e3o, como a Jacutinga\" \/>\n<meta name=\"robots\" content=\"index, follow, max-snippet:-1, max-image-preview:large, max-video-preview:-1\" \/>\n<link rel=\"canonical\" href=\"https:\/\/cenedcursos.com.br\/meio-ambiente\/guia-aves-floresta-atlantica\/\" \/>\n<meta property=\"og:locale\" content=\"pt_BR\" \/>\n<meta property=\"og:type\" content=\"article\" \/>\n<meta property=\"og:title\" content=\"Guia: Aves da Floresta Atl\u00e2ntica Volume 2 - CENED - Meio Ambiente\" \/>\n<meta property=\"og:description\" content=\"O volume das Aves da Floresta Atl\u00e2ntica conter\u00e1 aves que n\u00e3o estavam presentes no primeiro, algumas delas amea\u00e7adas de extin\u00e7\u00e3o, como a Jacutinga\" \/>\n<meta property=\"og:url\" content=\"https:\/\/cenedcursos.com.br\/meio-ambiente\/guia-aves-floresta-atlantica\/\" \/>\n<meta property=\"og:site_name\" content=\"CENED Cursos Online\" \/>\n<meta property=\"article:published_time\" content=\"2017-05-22T00:38:04+00:00\" \/>\n<meta name=\"author\" content=\"Amarildo R. Ferrari\" \/>\n<meta name=\"twitter:card\" content=\"summary_large_image\" \/>\n<meta name=\"twitter:label1\" content=\"Escrito por\" \/>\n\t<meta name=\"twitter:data1\" content=\"Amarildo R. Ferrari\" \/>\n\t<meta name=\"twitter:label2\" content=\"Est. tempo de leitura\" \/>\n\t<meta name=\"twitter:data2\" content=\"2 minutos\" \/>\n<script type=\"application\/ld+json\" class=\"yoast-schema-graph\">{\"@context\":\"https:\/\/schema.org\",\"@graph\":[{\"@type\":\"WebPage\",\"@id\":\"https:\/\/cenedcursos.com.br\/meio-ambiente\/guia-aves-floresta-atlantica\/\",\"url\":\"https:\/\/cenedcursos.com.br\/meio-ambiente\/guia-aves-floresta-atlantica\/\",\"name\":\"Guia: Aves da Floresta Atl\u00e2ntica Volume 2 - CENED - Meio Ambiente\",\"isPartOf\":{\"@id\":\"https:\/\/cenedcursos.com.br\/meio-ambiente\/#website\"},\"datePublished\":\"2017-05-22T00:38:04+00:00\",\"author\":{\"@id\":\"https:\/\/cenedcursos.com.br\/meio-ambiente\/#\/schema\/person\/64377d24cdc16779a1eb6229894af388\"},\"description\":\"O volume das Aves da Floresta Atl\u00e2ntica conter\u00e1 aves que n\u00e3o estavam presentes no primeiro, algumas delas amea\u00e7adas de extin\u00e7\u00e3o, como a Jacutinga\",\"breadcrumb\":{\"@id\":\"https:\/\/cenedcursos.com.br\/meio-ambiente\/guia-aves-floresta-atlantica\/#breadcrumb\"},\"inLanguage\":\"pt-BR\",\"potentialAction\":[{\"@type\":\"ReadAction\",\"target\":[\"https:\/\/cenedcursos.com.br\/meio-ambiente\/guia-aves-floresta-atlantica\/\"]}]},{\"@type\":\"BreadcrumbList\",\"@id\":\"https:\/\/cenedcursos.com.br\/meio-ambiente\/guia-aves-floresta-atlantica\/#breadcrumb\",\"itemListElement\":[{\"@type\":\"ListItem\",\"position\":1,\"name\":\"In\u00edcio\",\"item\":\"https:\/\/cenedcursos.com.br\/meio-ambiente\/\"},{\"@type\":\"ListItem\",\"position\":2,\"name\":\"Guia: Aves da Floresta Atl\u00e2ntica Volume 2\"}]},{\"@type\":\"WebSite\",\"@id\":\"https:\/\/cenedcursos.com.br\/meio-ambiente\/#website\",\"url\":\"https:\/\/cenedcursos.com.br\/meio-ambiente\/\",\"name\":\"CENED Cursos Online\",\"description\":\"Aqui voc\u00ea encontra artigos em diversas \u00e1reas do conhecimento: meio ambiente, educa\u00e7\u00e3o, marketing digital, neg\u00f3cios online e muito mais.\",\"potentialAction\":[{\"@type\":\"SearchAction\",\"target\":{\"@type\":\"EntryPoint\",\"urlTemplate\":\"https:\/\/cenedcursos.com.br\/meio-ambiente\/?s={search_term_string}\"},\"query-input\":{\"@type\":\"PropertyValueSpecification\",\"valueRequired\":true,\"valueName\":\"search_term_string\"}}],\"inLanguage\":\"pt-BR\"},{\"@type\":\"Person\",\"@id\":\"https:\/\/cenedcursos.com.br\/meio-ambiente\/#\/schema\/person\/64377d24cdc16779a1eb6229894af388\",\"name\":\"Amarildo R. Ferrari\",\"image\":{\"@type\":\"ImageObject\",\"inLanguage\":\"pt-BR\",\"@id\":\"https:\/\/cenedcursos.com.br\/meio-ambiente\/#\/schema\/person\/image\/\",\"url\":\"https:\/\/secure.gravatar.com\/avatar\/6ea4248ca9f295c93f1b72f8398232f0fbbffe30349e6ec3839cfa5e09b0de3c?s=96&d=mm&r=g\",\"contentUrl\":\"https:\/\/secure.gravatar.com\/avatar\/6ea4248ca9f295c93f1b72f8398232f0fbbffe30349e6ec3839cfa5e09b0de3c?s=96&d=mm&r=g\",\"caption\":\"Amarildo R. Ferrari\"},\"sameAs\":[\"https:\/\/cenedcursos.com.br\/meio-ambiente\"],\"url\":\"https:\/\/cenedcursos.com.br\/meio-ambiente\/author\/admin\/\"}]}<\/script>\n<!-- \/ Yoast SEO plugin. -->","yoast_head_json":{"title":"Guia: Aves da Floresta Atl\u00e2ntica Volume 2 - CENED - Meio Ambiente","description":"O volume das Aves da Floresta Atl\u00e2ntica conter\u00e1 aves que n\u00e3o estavam presentes no primeiro, algumas delas amea\u00e7adas de extin\u00e7\u00e3o, como a Jacutinga","robots":{"index":"index","follow":"follow","max-snippet":"max-snippet:-1","max-image-preview":"max-image-preview:large","max-video-preview":"max-video-preview:-1"},"canonical":"https:\/\/cenedcursos.com.br\/meio-ambiente\/guia-aves-floresta-atlantica\/","og_locale":"pt_BR","og_type":"article","og_title":"Guia: Aves da Floresta Atl\u00e2ntica Volume 2 - CENED - Meio Ambiente","og_description":"O volume das Aves da Floresta Atl\u00e2ntica conter\u00e1 aves que n\u00e3o estavam presentes no primeiro, algumas delas amea\u00e7adas de extin\u00e7\u00e3o, como a Jacutinga","og_url":"https:\/\/cenedcursos.com.br\/meio-ambiente\/guia-aves-floresta-atlantica\/","og_site_name":"CENED Cursos Online","article_published_time":"2017-05-22T00:38:04+00:00","author":"Amarildo R. Ferrari","twitter_card":"summary_large_image","twitter_misc":{"Escrito por":"Amarildo R. Ferrari","Est. tempo de leitura":"2 minutos"},"schema":{"@context":"https:\/\/schema.org","@graph":[{"@type":"WebPage","@id":"https:\/\/cenedcursos.com.br\/meio-ambiente\/guia-aves-floresta-atlantica\/","url":"https:\/\/cenedcursos.com.br\/meio-ambiente\/guia-aves-floresta-atlantica\/","name":"Guia: Aves da Floresta Atl\u00e2ntica Volume 2 - CENED - Meio Ambiente","isPartOf":{"@id":"https:\/\/cenedcursos.com.br\/meio-ambiente\/#website"},"datePublished":"2017-05-22T00:38:04+00:00","author":{"@id":"https:\/\/cenedcursos.com.br\/meio-ambiente\/#\/schema\/person\/64377d24cdc16779a1eb6229894af388"},"description":"O volume das Aves da Floresta Atl\u00e2ntica conter\u00e1 aves que n\u00e3o estavam presentes no primeiro, algumas delas amea\u00e7adas de extin\u00e7\u00e3o, como a Jacutinga","breadcrumb":{"@id":"https:\/\/cenedcursos.com.br\/meio-ambiente\/guia-aves-floresta-atlantica\/#breadcrumb"},"inLanguage":"pt-BR","potentialAction":[{"@type":"ReadAction","target":["https:\/\/cenedcursos.com.br\/meio-ambiente\/guia-aves-floresta-atlantica\/"]}]},{"@type":"BreadcrumbList","@id":"https:\/\/cenedcursos.com.br\/meio-ambiente\/guia-aves-floresta-atlantica\/#breadcrumb","itemListElement":[{"@type":"ListItem","position":1,"name":"In\u00edcio","item":"https:\/\/cenedcursos.com.br\/meio-ambiente\/"},{"@type":"ListItem","position":2,"name":"Guia: Aves da Floresta Atl\u00e2ntica Volume 2"}]},{"@type":"WebSite","@id":"https:\/\/cenedcursos.com.br\/meio-ambiente\/#website","url":"https:\/\/cenedcursos.com.br\/meio-ambiente\/","name":"CENED Cursos Online","description":"Aqui voc\u00ea encontra artigos em diversas \u00e1reas do conhecimento: meio ambiente, educa\u00e7\u00e3o, marketing digital, neg\u00f3cios online e muito mais.","potentialAction":[{"@type":"SearchAction","target":{"@type":"EntryPoint","urlTemplate":"https:\/\/cenedcursos.com.br\/meio-ambiente\/?s={search_term_string}"},"query-input":{"@type":"PropertyValueSpecification","valueRequired":true,"valueName":"search_term_string"}}],"inLanguage":"pt-BR"},{"@type":"Person","@id":"https:\/\/cenedcursos.com.br\/meio-ambiente\/#\/schema\/person\/64377d24cdc16779a1eb6229894af388","name":"Amarildo R. Ferrari","image":{"@type":"ImageObject","inLanguage":"pt-BR","@id":"https:\/\/cenedcursos.com.br\/meio-ambiente\/#\/schema\/person\/image\/","url":"https:\/\/secure.gravatar.com\/avatar\/6ea4248ca9f295c93f1b72f8398232f0fbbffe30349e6ec3839cfa5e09b0de3c?s=96&d=mm&r=g","contentUrl":"https:\/\/secure.gravatar.com\/avatar\/6ea4248ca9f295c93f1b72f8398232f0fbbffe30349e6ec3839cfa5e09b0de3c?s=96&d=mm&r=g","caption":"Amarildo R. Ferrari"},"sameAs":["https:\/\/cenedcursos.com.br\/meio-ambiente"],"url":"https:\/\/cenedcursos.com.br\/meio-ambiente\/author\/admin\/"}]}},"jetpack_featured_media_url":"","jetpack_sharing_enabled":true,"_links":{"self":[{"href":"https:\/\/cenedcursos.com.br\/meio-ambiente\/wp-json\/wp\/v2\/posts\/9257","targetHints":{"allow":["GET"]}}],"collection":[{"href":"https:\/\/cenedcursos.com.br\/meio-ambiente\/wp-json\/wp\/v2\/posts"}],"about":[{"href":"https:\/\/cenedcursos.com.br\/meio-ambiente\/wp-json\/wp\/v2\/types\/post"}],"author":[{"embeddable":true,"href":"https:\/\/cenedcursos.com.br\/meio-ambiente\/wp-json\/wp\/v2\/users\/1"}],"replies":[{"embeddable":true,"href":"https:\/\/cenedcursos.com.br\/meio-ambiente\/wp-json\/wp\/v2\/comments?post=9257"}],"version-history":[{"count":0,"href":"https:\/\/cenedcursos.com.br\/meio-ambiente\/wp-json\/wp\/v2\/posts\/9257\/revisions"}],"wp:attachment":[{"href":"https:\/\/cenedcursos.com.br\/meio-ambiente\/wp-json\/wp\/v2\/media?parent=9257"}],"wp:term":[{"taxonomy":"category","embeddable":true,"href":"https:\/\/cenedcursos.com.br\/meio-ambiente\/wp-json\/wp\/v2\/categories?post=9257"},{"taxonomy":"post_tag","embeddable":true,"href":"https:\/\/cenedcursos.com.br\/meio-ambiente\/wp-json\/wp\/v2\/tags?post=9257"}],"curies":[{"name":"wp","href":"https:\/\/api.w.org\/{rel}","templated":true}]}}