{"id":9260,"date":"2017-05-21T21:44:35","date_gmt":"2017-05-22T00:44:35","guid":{"rendered":"https:\/\/www.cenedcursos.com.br\/meio-ambiente\/?p=9260"},"modified":"2017-05-21T21:44:35","modified_gmt":"2017-05-22T00:44:35","slug":"governo-grileiros-mineradoras-contra-areas-protegidas","status":"publish","type":"post","link":"https:\/\/cenedcursos.com.br\/meio-ambiente\/governo-grileiros-mineradoras-contra-areas-protegidas\/","title":{"rendered":"Governo, grileiros e mineradoras juntos contra as \u00e1reas protegidas"},"content":{"rendered":"<div id=\"attachment_53405\" class=\"wp-caption aligncenter\" style=\"width: 1162px;\">\n<img data-recalc-dims=\"1\" loading=\"lazy\" decoding=\"async\" class=\"size-full wp-image-53405\" src=\"https:\/\/i0.wp.com\/www.cenedcursos.com.br\/meio-ambiente\/wp-content\/uploads\/2017\/05\/Governo-grileiros-e-mineradoras-juntos-contra-as-%C3%A1reas-protegidas.jpg?resize=696%2C464&#038;ssl=1\" sizes=\"auto, (max-width: 1152px) 100vw, 1152px\" srcset=\"https:\/\/www.cenedcursos.com.br\/meio-ambiente\/wp-content\/uploads\/2017\/05\/Governo-grileiros-e-mineradoras-juntos-contra-as-\u00e1reas-protegidas.jpg 1152w, http:\/\/www.oeco.org.br\/wp-content\/uploads\/2017\/05\/Plen\u00e1rio-1-300x200.jpg 300w, http:\/\/www.oeco.org.br\/wp-content\/uploads\/2017\/05\/Plen\u00e1rio-1-1024x683.jpg 1024w, http:\/\/www.oeco.org.br\/wp-content\/uploads\/2017\/05\/Plen\u00e1rio-1-600x400.jpg 600w, http:\/\/www.oeco.org.br\/wp-content\/uploads\/2017\/05\/Plen\u00e1rio-1-278x185.jpg 278w\" alt=\"Congresso analisa in\u00fameras propostas que flexibilizam a prote\u00e7\u00e3o de Unidades de Conserva\u00e7\u00e3o. Foto: Luis Macedo \/ C\u00e2mara dos Deputados\" width=\"696\" height=\"464\" \/><\/p>\n<p class=\"wp-caption-text\">Congresso analisa in\u00fameras propostas que flexibilizam a prote\u00e7\u00e3o de Unidades de Conserva\u00e7\u00e3o. Foto: Luis Macedo \/ C\u00e2mara dos Deputados<\/p>\n<\/div>\n<p style=\"text-align: justify;\">Manaus, AM &#8212; Um <a href=\"http:\/\/d3nehc6yl9qzo4.cloudfront.net\/downloads\/dossiebrasil_v9_2.pdf?utm_source=akna&amp;utm_medium=email&amp;utm_campaign=Pauta+20170517\">dossi\u00ea<\/a> divulgado pelo WWF-Brasil aponta que iniciativas do governo federal e do Congresso Nacional, que atendem a interesses de grileiros, mineradoras e produtores rurais que ocupam ilegalmente terras p\u00fablicas, amea\u00e7am quase 8 milh\u00f5es de hectares de \u00e1reas protegidas, nos estados do Amazonas, Par\u00e1 e Santa Catarina. A \u00e1rea equivale ao territ\u00f3rio de Portugal.<\/p>\n<p style=\"text-align: justify;\">A organiza\u00e7\u00e3o n\u00e3o governamental alerta que essas iniciativas contribuem para o aumento da derrubada da floresta e afetam tamb\u00e9m compromissos internacionais assumidos pelo Brasil. O pa\u00eds se comprometeu com as metas de Aichi, definidas pela Conven\u00e7\u00e3o da Diversidade Biol\u00f3gica das Na\u00e7\u00f5es Unidas, que prev\u00eaem at\u00e9 2020 a prote\u00e7\u00e3o legal de 10% das \u00e1reas marinhas e costeiras e 17% das \u00e1reas terrestres.<\/p>\n<p style=\"text-align: justify;\">Para o WWF-Brasil, a ofensiva compromete o Programa \u00c1reas Protegidas da Amaz\u00f4nia (ARPA), que j\u00e1 recebeu US$ 215 milh\u00f5es de doadores internacionais, funda\u00e7\u00f5es e ag\u00eancias de coopera\u00e7\u00e3o. O dossi\u00ea destaca o avan\u00e7o do desmatamento em unidades de conserva\u00e7\u00e3o na <a href=\"https:\/\/www.cenedcursos.com.br\/meio-ambiente\/fabrica-de-moveis-amazonia-preservar-floresta\/\" target=\"_blank\" rel=\"noopener noreferrer\">Amaz\u00f4nia<\/a>, que chegou a 230 mil hectares em 2015, segundo dados do Instituto do Homem e Meio Ambiente da Amaz\u00f4nia (Imazon), citados no dossi\u00ea.<\/p>\n<p style=\"text-align: justify;\"><strong>Amaz\u00f4nia<\/strong><\/p>\n<p style=\"text-align: justify;\">O entorno da BR-163, entre Cuiab\u00e1 (MT) e Santar\u00e9m (PA), foi considerada pelo Imazon como a regi\u00e3o mais sens\u00edveis ao desmatamento da Amaz\u00f4nia. A Floresta Nacional do Jamanxim, localizada nesta regi\u00e3o, j\u00e1 perdeu 9 mil hectares de floresta devido iniciativas do governo e do Congresso Nacional. Uma Medida Provis\u00f3ria publicada no ano passado, pelo presidente Michel Temer (PMDB) reduziria em 57% a \u00e1rea da Flona. Durante a tramita\u00e7\u00e3o nas Comiss\u00f5es do Congresso, a \u00e1rea afetada pela redu\u00e7\u00e3o foi ampliada para mais de 800 mil hectares.<\/p>\n<p style=\"text-align: justify;\">Na pr\u00f3pria justificativa da MP, o Minist\u00e9rio do Meio Ambiente chamava a aten\u00e7\u00e3o para a alta taxa de desmatamento ilegal na \u00e1rea, devido a conflitos fundi\u00e1rios remanescentes e ao garimpo ilegal. A Flona do Jamanxim fica na Bacia do Tapaj\u00f3s, \u00e1rea de interesse para mineradoras.<\/p>\n<div id=\"attachment_50846\" class=\"wp-caption alignright\" style=\"width: 410px; text-align: justify;\">\n<img data-recalc-dims=\"1\" loading=\"lazy\" decoding=\"async\" class=\"size-full wp-image-50846\" src=\"https:\/\/i0.wp.com\/www.cenedcursos.com.br\/meio-ambiente\/wp-content\/uploads\/2017\/05\/1495412798_861_Governo-grileiros-e-mineradoras-juntos-contra-as-%C3%A1reas-protegidas.jpg?resize=400%2C276&#038;ssl=1\" sizes=\"auto, (max-width: 400px) 100vw, 400px\" srcset=\"https:\/\/www.cenedcursos.com.br\/meio-ambiente\/wp-content\/uploads\/2017\/05\/1495412798_861_Governo-grileiros-e-mineradoras-juntos-contra-as-\u00e1reas-protegidas.jpg 400w, http:\/\/www.oeco.org.br\/wp-content\/uploads\/2016\/12\/parna_rio_novo-300x207.jpg 300w\" alt=\"A maior parte do territ\u00f3rio reduzido de Jamanxim (438 mil ha), foi incorporada ao Parque Nacional do Rio Novo (acima). Foto: ICMBio.\" width=\"400\" height=\"276\" \/><\/p>\n<p class=\"wp-caption-text\">A maior parte do territ\u00f3rio reduzido de Jamanxim (438 mil ha), foi incorporada ao Parque Nacional do Rio Novo (acima). Foto: ICMBio.<\/p>\n<\/div>\n<p style=\"text-align: justify;\">Uma nota t\u00e9cnica do Minist\u00e9rio de Minas e Energia, citada pela organiza\u00e7\u00e3o n\u00e3o governamental, aborda os interesses da empresa Brazauro Recursos Minerais, subsidi\u00e1ria da Eldorado Gold, sediada no Canad\u00e1, que teria investido US$ 76 milh\u00f5es no projeto Tocantinzinho, com previs\u00e3o de investimento total seria de US$ 1 bilh\u00e3o. O minist\u00e9rio retrata na nota dezenas de autoriza\u00e7\u00f5es de pesquisa e permiss\u00f5es de garimpo, que teriam de ser ressarcidos devido \u00e0s amplia\u00e7\u00f5es de limites da Unidades de Conserva\u00e7\u00e3o que anteriormente havia sido propostas pelo governo federal.<\/p>\n<p style=\"text-align: justify;\">A amplia\u00e7\u00e3o do Parque Nacional do Rio Novo, no Par\u00e1, uma medida compensat\u00f3ria pelas redu\u00e7\u00f5es propostas, foi barrada pelo Congresso.<\/p>\n<p style=\"text-align: justify;\"><strong>PL 3751<\/strong><\/p>\n<p style=\"text-align: justify;\">O Congresso discute tamb\u00e9m uma proposta que pode simplesmente fazer cerca de 10% de todo o territ\u00f3rio ocupado por unidades de conserva\u00e7\u00e3o federais no pa\u00eds. O Projeto de Lei (PL) 3751, proposto pelo deputado federal Toninho Pinheiro (PP-MG) em 2015, invalida a cria\u00e7\u00e3o de unidades de conserva\u00e7\u00e3o caso propriet\u00e1rios de terras afetados n\u00e3o sejam indenizados no prazo de 5 anos. Ela tamb\u00e9m impede a cria\u00e7\u00e3o de novas UCs sem indeniza\u00e7\u00e3o pr\u00e9via em dinheiro ao propriet\u00e1rios de terras.<\/p>\n<p style=\"text-align: justify;\">O Brasil conta com aproximadamente 78 milh\u00f5es de hectares de \u00e1reas protegidas por unidades de conserva\u00e7\u00e3o federais. Segundo dados do ICMBio, divulgados pelo WWF, existem 5,6 milh\u00f5es de hectares terras privadas n\u00e3o indenizadas em unidades de conserva\u00e7\u00e3o federais, mas esse n\u00famero pode chegar a 10 milh\u00f5es de hectares.<\/p>\n<p style=\"text-align: justify;\">A ofensiva contra as \u00e1reas protegidas inclui cinco unidades de conserva\u00e7\u00e3o criadas pela ex-presidente Dilma Rousseff no ano passado, no Amazonas. Em fevereiro, o ministro da Casa Civil, Eliseu Padilha, <a href=\"http:\/\/www.oeco.org.br\/noticias\/mineradoras-de-olho-nas-unidades-de-conservacao-no-sul-do-amazonas\/\" target=\"_blank\" rel=\"noopener noreferrer\">deu apoio a parlamentares do Amazonas que pretendem reduzir em cerca de 1 milh\u00e3o de hectares<\/a> a extens\u00e3o do conjunto de unidades de conserva\u00e7\u00e3o formado pela Reserva Biol\u00f3gica Manicor\u00e9, o Parque Nacional de Acari, a Floresta Nacional de Aripuan\u00e3, a Floresta Nacional de Urupadi e a \u00c1rea de Prote\u00e7\u00e3o Ambiental Campos de Manicor\u00e9.<\/p>\n<p style=\"text-align: justify;\"><strong>Estados<\/strong><\/p>\n<p style=\"text-align: justify;\">O Sul do pa\u00eds tamb\u00e9m \u00e9 alvo da ofensiva. O Parque Nacional de S\u00e3o Joaquim, em Santa Catarina, perdeu 20% da \u00e1rea, <a href=\"http:\/\/www.oeco.org.br\/noticias\/camara-aprova-mp-que-recortou-a-floresta-nacional-jamanxim\/\" target=\"_blank\" rel=\"noopener noreferrer\">durante a vota\u00e7\u00e3o da MP 756<\/a>. Segundo informa\u00e7\u00f5es do ICMBio, o Paran\u00e1 ocupa um remanescente de mata de arauc\u00e1ria, importante na recarga de aqu\u00edferos.<\/p>\n<p style=\"text-align: justify;\">Em n\u00edvel estadual, as \u00e1reas protegidas tamb\u00e9m sofrem uma ofensiva. Em abril, a Assembl\u00e9ia Legislativa do Mato Grosso aprovou, em primeira vota\u00e7\u00e3o, \u00a0a\u00a0extin\u00e7\u00e3o do Parque Estadual Serra Ricardo Franco, que abriga fazendas do ministro da Casa Civil, Eliseu Padilha, que teve bens bloqueados no final do ano passado devido a degrada\u00e7\u00e3o ambiental. O parque estadual \u00e9 uma \u00e1rea de prote\u00e7\u00e3o integral de mais de 158 mil hectares criada h\u00e1 20 anos. O pretexto dado pelos deputados foi o grande desmatamento na regi\u00e3o, que para eles n\u00e3o justificaria a manuten\u00e7\u00e3o da \u00e1rea protegida.<\/p>\n<p><a href=\"http:\/\/www.oeco.org.br\/noticias\/governo-grileiros-e-mineradoras-juntos-contra-as-areas-protegidas\/\">Fonte do Texto <\/a><\/p>\n","protected":false},"excerpt":{"rendered":"<p>Congresso analisa in\u00fameras propostas que flexibilizam a prote\u00e7\u00e3o de Unidades de Conserva\u00e7\u00e3o. Foto: Luis Macedo \/ C\u00e2mara dos Deputados Manaus, AM &#8212; Um dossi\u00ea divulgado pelo WWF-Brasil aponta que iniciativas do governo federal e do Congresso Nacional, que atendem a interesses de grileiros, mineradoras e produtores rurais que ocupam ilegalmente terras p\u00fablicas, amea\u00e7am quase 8 [&hellip;]<\/p>\n","protected":false},"author":1,"featured_media":0,"comment_status":"open","ping_status":"open","sticky":false,"template":"","format":"standard","meta":{"_jetpack_memberships_contains_paid_content":false,"footnotes":""},"categories":[493],"tags":[],"class_list":{"0":"post-9260","1":"post","2":"type-post","3":"status-publish","4":"format-standard","6":"category-florestas-textos"},"yoast_head":"<!-- This site is optimized with the Yoast SEO plugin v25.1 - https:\/\/yoast.com\/wordpress\/plugins\/seo\/ -->\n<title>Governo, grileiros e mineradoras juntos contra as \u00e1reas protegidas<\/title>\n<meta name=\"description\" content=\"A ofensiva contra as \u00e1reas protegidas inclui cinco unidades de conserva\u00e7\u00e3o criadas pela ex-presidente Dilma Rousseff no ano passado, no Amazonas. Em\" \/>\n<meta name=\"robots\" content=\"index, follow, max-snippet:-1, max-image-preview:large, max-video-preview:-1\" \/>\n<link rel=\"canonical\" href=\"https:\/\/cenedcursos.com.br\/meio-ambiente\/governo-grileiros-mineradoras-contra-areas-protegidas\/\" \/>\n<meta property=\"og:locale\" content=\"pt_BR\" \/>\n<meta property=\"og:type\" content=\"article\" \/>\n<meta property=\"og:title\" content=\"Governo, grileiros e mineradoras juntos contra as \u00e1reas protegidas\" \/>\n<meta property=\"og:description\" content=\"A ofensiva contra as \u00e1reas protegidas inclui cinco unidades de conserva\u00e7\u00e3o criadas pela ex-presidente Dilma Rousseff no ano passado, no Amazonas. Em\" \/>\n<meta property=\"og:url\" content=\"https:\/\/cenedcursos.com.br\/meio-ambiente\/governo-grileiros-mineradoras-contra-areas-protegidas\/\" \/>\n<meta property=\"og:site_name\" content=\"CENED Cursos Online\" \/>\n<meta property=\"article:published_time\" content=\"2017-05-22T00:44:35+00:00\" \/>\n<meta name=\"author\" content=\"Amarildo R. Ferrari\" \/>\n<meta name=\"twitter:card\" content=\"summary_large_image\" \/>\n<meta name=\"twitter:label1\" content=\"Escrito por\" \/>\n\t<meta name=\"twitter:data1\" content=\"Amarildo R. Ferrari\" \/>\n\t<meta name=\"twitter:label2\" content=\"Est. tempo de leitura\" \/>\n\t<meta name=\"twitter:data2\" content=\"4 minutos\" \/>\n<script type=\"application\/ld+json\" class=\"yoast-schema-graph\">{\"@context\":\"https:\/\/schema.org\",\"@graph\":[{\"@type\":\"WebPage\",\"@id\":\"https:\/\/cenedcursos.com.br\/meio-ambiente\/governo-grileiros-mineradoras-contra-areas-protegidas\/\",\"url\":\"https:\/\/cenedcursos.com.br\/meio-ambiente\/governo-grileiros-mineradoras-contra-areas-protegidas\/\",\"name\":\"Governo, grileiros e mineradoras juntos contra as \u00e1reas protegidas\",\"isPartOf\":{\"@id\":\"https:\/\/cenedcursos.com.br\/meio-ambiente\/#website\"},\"datePublished\":\"2017-05-22T00:44:35+00:00\",\"author\":{\"@id\":\"https:\/\/cenedcursos.com.br\/meio-ambiente\/#\/schema\/person\/64377d24cdc16779a1eb6229894af388\"},\"description\":\"A ofensiva contra as \u00e1reas protegidas inclui cinco unidades de conserva\u00e7\u00e3o criadas pela ex-presidente Dilma Rousseff no ano passado, no Amazonas. Em\",\"breadcrumb\":{\"@id\":\"https:\/\/cenedcursos.com.br\/meio-ambiente\/governo-grileiros-mineradoras-contra-areas-protegidas\/#breadcrumb\"},\"inLanguage\":\"pt-BR\",\"potentialAction\":[{\"@type\":\"ReadAction\",\"target\":[\"https:\/\/cenedcursos.com.br\/meio-ambiente\/governo-grileiros-mineradoras-contra-areas-protegidas\/\"]}]},{\"@type\":\"BreadcrumbList\",\"@id\":\"https:\/\/cenedcursos.com.br\/meio-ambiente\/governo-grileiros-mineradoras-contra-areas-protegidas\/#breadcrumb\",\"itemListElement\":[{\"@type\":\"ListItem\",\"position\":1,\"name\":\"In\u00edcio\",\"item\":\"https:\/\/cenedcursos.com.br\/meio-ambiente\/\"},{\"@type\":\"ListItem\",\"position\":2,\"name\":\"Governo, grileiros e mineradoras juntos contra as \u00e1reas protegidas\"}]},{\"@type\":\"WebSite\",\"@id\":\"https:\/\/cenedcursos.com.br\/meio-ambiente\/#website\",\"url\":\"https:\/\/cenedcursos.com.br\/meio-ambiente\/\",\"name\":\"CENED Cursos Online\",\"description\":\"Aqui voc\u00ea encontra artigos em diversas \u00e1reas do conhecimento: meio ambiente, educa\u00e7\u00e3o, marketing digital, neg\u00f3cios online e muito mais.\",\"potentialAction\":[{\"@type\":\"SearchAction\",\"target\":{\"@type\":\"EntryPoint\",\"urlTemplate\":\"https:\/\/cenedcursos.com.br\/meio-ambiente\/?s={search_term_string}\"},\"query-input\":{\"@type\":\"PropertyValueSpecification\",\"valueRequired\":true,\"valueName\":\"search_term_string\"}}],\"inLanguage\":\"pt-BR\"},{\"@type\":\"Person\",\"@id\":\"https:\/\/cenedcursos.com.br\/meio-ambiente\/#\/schema\/person\/64377d24cdc16779a1eb6229894af388\",\"name\":\"Amarildo R. Ferrari\",\"image\":{\"@type\":\"ImageObject\",\"inLanguage\":\"pt-BR\",\"@id\":\"https:\/\/cenedcursos.com.br\/meio-ambiente\/#\/schema\/person\/image\/\",\"url\":\"https:\/\/secure.gravatar.com\/avatar\/6ea4248ca9f295c93f1b72f8398232f0fbbffe30349e6ec3839cfa5e09b0de3c?s=96&d=mm&r=g\",\"contentUrl\":\"https:\/\/secure.gravatar.com\/avatar\/6ea4248ca9f295c93f1b72f8398232f0fbbffe30349e6ec3839cfa5e09b0de3c?s=96&d=mm&r=g\",\"caption\":\"Amarildo R. Ferrari\"},\"sameAs\":[\"https:\/\/cenedcursos.com.br\/meio-ambiente\"],\"url\":\"https:\/\/cenedcursos.com.br\/meio-ambiente\/author\/admin\/\"}]}<\/script>\n<!-- \/ Yoast SEO plugin. -->","yoast_head_json":{"title":"Governo, grileiros e mineradoras juntos contra as \u00e1reas protegidas","description":"A ofensiva contra as \u00e1reas protegidas inclui cinco unidades de conserva\u00e7\u00e3o criadas pela ex-presidente Dilma Rousseff no ano passado, no Amazonas. Em","robots":{"index":"index","follow":"follow","max-snippet":"max-snippet:-1","max-image-preview":"max-image-preview:large","max-video-preview":"max-video-preview:-1"},"canonical":"https:\/\/cenedcursos.com.br\/meio-ambiente\/governo-grileiros-mineradoras-contra-areas-protegidas\/","og_locale":"pt_BR","og_type":"article","og_title":"Governo, grileiros e mineradoras juntos contra as \u00e1reas protegidas","og_description":"A ofensiva contra as \u00e1reas protegidas inclui cinco unidades de conserva\u00e7\u00e3o criadas pela ex-presidente Dilma Rousseff no ano passado, no Amazonas. Em","og_url":"https:\/\/cenedcursos.com.br\/meio-ambiente\/governo-grileiros-mineradoras-contra-areas-protegidas\/","og_site_name":"CENED Cursos Online","article_published_time":"2017-05-22T00:44:35+00:00","author":"Amarildo R. Ferrari","twitter_card":"summary_large_image","twitter_misc":{"Escrito por":"Amarildo R. Ferrari","Est. tempo de leitura":"4 minutos"},"schema":{"@context":"https:\/\/schema.org","@graph":[{"@type":"WebPage","@id":"https:\/\/cenedcursos.com.br\/meio-ambiente\/governo-grileiros-mineradoras-contra-areas-protegidas\/","url":"https:\/\/cenedcursos.com.br\/meio-ambiente\/governo-grileiros-mineradoras-contra-areas-protegidas\/","name":"Governo, grileiros e mineradoras juntos contra as \u00e1reas protegidas","isPartOf":{"@id":"https:\/\/cenedcursos.com.br\/meio-ambiente\/#website"},"datePublished":"2017-05-22T00:44:35+00:00","author":{"@id":"https:\/\/cenedcursos.com.br\/meio-ambiente\/#\/schema\/person\/64377d24cdc16779a1eb6229894af388"},"description":"A ofensiva contra as \u00e1reas protegidas inclui cinco unidades de conserva\u00e7\u00e3o criadas pela ex-presidente Dilma Rousseff no ano passado, no Amazonas. Em","breadcrumb":{"@id":"https:\/\/cenedcursos.com.br\/meio-ambiente\/governo-grileiros-mineradoras-contra-areas-protegidas\/#breadcrumb"},"inLanguage":"pt-BR","potentialAction":[{"@type":"ReadAction","target":["https:\/\/cenedcursos.com.br\/meio-ambiente\/governo-grileiros-mineradoras-contra-areas-protegidas\/"]}]},{"@type":"BreadcrumbList","@id":"https:\/\/cenedcursos.com.br\/meio-ambiente\/governo-grileiros-mineradoras-contra-areas-protegidas\/#breadcrumb","itemListElement":[{"@type":"ListItem","position":1,"name":"In\u00edcio","item":"https:\/\/cenedcursos.com.br\/meio-ambiente\/"},{"@type":"ListItem","position":2,"name":"Governo, grileiros e mineradoras juntos contra as \u00e1reas protegidas"}]},{"@type":"WebSite","@id":"https:\/\/cenedcursos.com.br\/meio-ambiente\/#website","url":"https:\/\/cenedcursos.com.br\/meio-ambiente\/","name":"CENED Cursos Online","description":"Aqui voc\u00ea encontra artigos em diversas \u00e1reas do conhecimento: meio ambiente, educa\u00e7\u00e3o, marketing digital, neg\u00f3cios online e muito mais.","potentialAction":[{"@type":"SearchAction","target":{"@type":"EntryPoint","urlTemplate":"https:\/\/cenedcursos.com.br\/meio-ambiente\/?s={search_term_string}"},"query-input":{"@type":"PropertyValueSpecification","valueRequired":true,"valueName":"search_term_string"}}],"inLanguage":"pt-BR"},{"@type":"Person","@id":"https:\/\/cenedcursos.com.br\/meio-ambiente\/#\/schema\/person\/64377d24cdc16779a1eb6229894af388","name":"Amarildo R. Ferrari","image":{"@type":"ImageObject","inLanguage":"pt-BR","@id":"https:\/\/cenedcursos.com.br\/meio-ambiente\/#\/schema\/person\/image\/","url":"https:\/\/secure.gravatar.com\/avatar\/6ea4248ca9f295c93f1b72f8398232f0fbbffe30349e6ec3839cfa5e09b0de3c?s=96&d=mm&r=g","contentUrl":"https:\/\/secure.gravatar.com\/avatar\/6ea4248ca9f295c93f1b72f8398232f0fbbffe30349e6ec3839cfa5e09b0de3c?s=96&d=mm&r=g","caption":"Amarildo R. Ferrari"},"sameAs":["https:\/\/cenedcursos.com.br\/meio-ambiente"],"url":"https:\/\/cenedcursos.com.br\/meio-ambiente\/author\/admin\/"}]}},"jetpack_featured_media_url":"","jetpack_sharing_enabled":true,"_links":{"self":[{"href":"https:\/\/cenedcursos.com.br\/meio-ambiente\/wp-json\/wp\/v2\/posts\/9260","targetHints":{"allow":["GET"]}}],"collection":[{"href":"https:\/\/cenedcursos.com.br\/meio-ambiente\/wp-json\/wp\/v2\/posts"}],"about":[{"href":"https:\/\/cenedcursos.com.br\/meio-ambiente\/wp-json\/wp\/v2\/types\/post"}],"author":[{"embeddable":true,"href":"https:\/\/cenedcursos.com.br\/meio-ambiente\/wp-json\/wp\/v2\/users\/1"}],"replies":[{"embeddable":true,"href":"https:\/\/cenedcursos.com.br\/meio-ambiente\/wp-json\/wp\/v2\/comments?post=9260"}],"version-history":[{"count":0,"href":"https:\/\/cenedcursos.com.br\/meio-ambiente\/wp-json\/wp\/v2\/posts\/9260\/revisions"}],"wp:attachment":[{"href":"https:\/\/cenedcursos.com.br\/meio-ambiente\/wp-json\/wp\/v2\/media?parent=9260"}],"wp:term":[{"taxonomy":"category","embeddable":true,"href":"https:\/\/cenedcursos.com.br\/meio-ambiente\/wp-json\/wp\/v2\/categories?post=9260"},{"taxonomy":"post_tag","embeddable":true,"href":"https:\/\/cenedcursos.com.br\/meio-ambiente\/wp-json\/wp\/v2\/tags?post=9260"}],"curies":[{"name":"wp","href":"https:\/\/api.w.org\/{rel}","templated":true}]}}