{"id":93,"date":"2006-08-11T13:16:01","date_gmt":"2006-08-11T13:16:01","guid":{"rendered":"http:\/\/www.cenedcursos.com.br\/?p=93"},"modified":"2006-08-11T13:16:01","modified_gmt":"2006-08-11T13:16:01","slug":"precisamos-mudanca-agora","status":"publish","type":"post","link":"https:\/\/cenedcursos.com.br\/meio-ambiente\/precisamos-mudanca-agora\/","title":{"rendered":"Precisamos mudar:agora!"},"content":{"rendered":"<p style=\"padding-left: 60px;\"><span style=\"font-size: 10pt; font-family: Arial; color: black\"><span> <\/span><em>\u201cN\u00e3o h\u00e1 nada mais dif\u00edcil, como introduzir uma nova<\/em><\/span><br \/><span style=\"font-size: 10pt; font-family: Arial; color: black\"><em><span> <\/span>ordem de coisas.\u201d (Maquiavel em 1502)<\/em><\/span><\/p>\n<p style=\"text-align: justify\"><span style=\"font-size: 10pt; font-family: Arial; color: black\">Poucos humanos reconhecem a amea\u00e7a de uma iminente extin\u00e7\u00e3o da esp\u00e9cie. Poucos de n\u00f3s t\u00eam consci\u00eancia e conhecimento de que a \u00e1gua \u00e9 um bem FINITO. O comportamento de nossa esp\u00e9cie, principalmente nos \u00faltimos 50 anos, vem acabando com a possibilidade de vida nesse planeta. \u00c9 preciso uma nova ordem de coisas. \u00c9 preciso, em car\u00e1ter urgent\u00edssimo, uma nova \u00e9tica, que chamo de uma <strong>\u00c9TICA AMBIENTAL<\/strong>.<br \/> Mas de que maneira, cada um de n\u00f3s, pode ajudar? Como, no dia a dia, quando estamos preocupados em ganhar o p\u00e3o, poderemos ter atitudes chamadas de ecologicamente corretas?<br \/> N\u00e3o \u00e9 muito dif\u00edcil termos um comportamento que provoque uma mudan\u00e7a importante nesse quadro de fim-de-mundo.<br \/> \u00c9 a partir de pequenas altera\u00e7\u00f5es em nossos h\u00e1bitos, que conseguiremos grandes benef\u00edcios para n\u00f3s mesmos e para todas as formas de vida do planeta.<br \/> Eis alguns exemplos, que com um pouco de boa vontade, podem trazer enormes benef\u00edcios para o meio ambiente:<br \/> &#8211; Reflita sobre os seus atos de consumo, buscando que seu comportamento e atitudes de consumo contribuam para a constru\u00e7\u00e3o de um mundo melhor. O consumismo desenfreado \u00e9 um dos maiores fatores da degrada\u00e7\u00e3o ambiental.<br \/> &#8211; Consumir apenas o necess\u00e1rio e evitar a gera\u00e7\u00e3o de lixo \u00e9 o mais importante. Recusar sacolas e sacos pl\u00e1sticos, evitar embalagens desnecess\u00e1rias e uso de produtos descart\u00e1veis \u00e9 um bom come\u00e7o. Imagine o que acontece com os famosos sacos pl\u00e1sticos de supermercados, que s\u00e3o encontrados aos montes nas ruas e estradas, jogados por humanos sem informa\u00e7\u00e3o? <br \/> &#8211; Aumentar a vida \u00fatil dos produtos e materiais tamb\u00e9m evita a gera\u00e7\u00e3o de lixo. Escolher produtos com maior durabilidade e evitar o desperd\u00edcio de recursos, por exemplo, usando os dois lados do papel, vale a pena. N\u00e3o compre nada que venha com isopor.<br \/> &#8211; N\u00e3o misturar os materiais recicl\u00e1veis (pap\u00e9is limpos, vidros, pl\u00e1sticos, metais) com o lixo comum e encaminh\u00e1-los para reciclagem \u00e9 fundamental. Ap\u00f3ie programas de coleta seletiva e cooperativas de catadores.<br \/> &#8211; O lixo org\u00e2nico (restos de comida, cascas de frutas, cascas de legumes, etc.) n\u00e3o deve ser jogado para o lixeiro levar para o aterro sanit\u00e1rio. Voc\u00ea deve arrumar uma maneira de enterr\u00e1-lo. No seu quintal, no seu jardim, no seu vaso, no quintal do terreno do vizinho. Isso vai evitar a produ\u00e7\u00e3o do chorume nos aterros sanit\u00e1rios que \u00e9 um veneno de alt\u00edssima capacidade de contamina\u00e7\u00e3o dos solos e dos len\u00e7\u00f3is fre\u00e1ticos.<br \/> &#8211; Evite os desinfetantes coloridos colocados nas bordas dos vasos sanit\u00e1rios, porque s\u00e3o muito poluentes.<br \/> -Ao lavar o carro com mangueira, se gasta, em m\u00e9dia, 500 litros de \u00e1gua. Se voc\u00ea usar baldes, gastar\u00e1 um d\u00e9cimo disso.<br \/> -Recuse servi\u00e7o de lanchonetes com excesso de produtos descart\u00e1veis, como guardanapos, copos, canudos, colherzinha de pl\u00e1stico, pacotes de ketchup e maionese, etc.<br \/> &#8211; Use papel higi\u00eanico n\u00e3o branqueado com cloro. O branqueamento produz dioxinas que, uma vez em rios, matam peixes. E o papel higi\u00eanico n\u00e3o branqueado pode ser enterrado junto com o lixo org\u00e2nico.<br \/> -o \u00f3leo que foi usado nas suas frituras (o melhor seria n\u00e3o comer alimentos fritos!) n\u00e3o devem ser jogados na pia e nem no lixo. Ele deve ser enterrado com o lixo org\u00e2nico, que voc\u00ea conseguir\u00e1 um excelente adubo. Se voc\u00ea s\u00f3 tem quintal de cimento, arrebente uma parte e fa\u00e7a seu canteiro: em pouco tempo voc\u00ea colher\u00e1 seu pr\u00f3prio alimento e sem uso de agrot\u00f3xico.<br \/> -o tratamento de seu esgoto \u00e9 fundamental, pois o esgoto n\u00e3o tratado \u00e9 um dos maiores poluentes dos solos e \u00e1guas. Sumidouros, fossas e filtros de cimento n\u00e3o tratam coisa alguma, pois os gases formados nesses compartimentos corroem o cimento, provocando rachaduras e vazando para o meio ambiente.<br \/> Um dia, quer os humanos queiram ou n\u00e3o, todos ser\u00e3o obrigados a repensar seus h\u00e1bitos,  caso contr\u00e1rio, o planeta ficar\u00e1 inabit\u00e1vel.<\/span><\/p>\n<p class=\"MsoNormal\" style=\"text-align: justify\"><em><span style=\"font-size: 10pt; font-family: Arial\">(Esse tema, e tantos outros, relacionados com o meio ambiente, ou o que resta dele, fazem parte da pergunta: O Mundo pertence aos Humanos OU Os Humanos pertencem ao Mundo?<br \/> Saiba a resposta correta, lendo o livro de Daniel Quinn, Ismael, Um Romance da Condi\u00e7\u00e3o Humana. Voc\u00ea pode ganhar o livro, escrevendo para <a href=\"mailto:wpereira1951@uol.com.br\">wpereira1951@uol.com.br<\/a>, que mandarei gratuitamente para seu e-mail. Esteja pronto para se surpreender!). <\/span><\/em><span style=\"font-size: 10pt; font-family: Arial; color: black\"> <\/span><\/p>\n<p class=\"MsoNormal\" style=\"text-align: right;\"><strong><em><span style=\"font-size: 10pt; font-family: Arial; color: black\">Autor: Walter Antonio Pereira<\/span><\/em><\/strong><\/p>\n<p class=\"MsoNormal\" style=\"text-align: justify\"><span style=\"font-size: 10pt; font-family: Arial; color: black\"><a rel=\"nofollow noopener noreferrer\" href=\"http:\/\/www.floraisecia.com.br\/\" target=\"_blank\"><span style=\"text-decoration: none; color: black\">www.floraisecia.com.br<\/span><\/a><\/span><\/p>\n<p class=\"MsoNormal\" style=\"text-align: justify\"><span style=\"font-size: 10pt; font-family: Arial; color: black\"><a rel=\"nofollow noopener noreferrer\" href=\"http:\/\/www.saneeco.com.br\/\" target=\"_blank\"><span style=\"text-decoration: none; color: black\">www.saneeco.com.br<\/span><\/a><\/span><\/p>\n<p class=\"MsoNormal\" style=\"text-align: justify\"><span style=\"font-size: 10pt; font-family: Arial; color: black\"><a rel=\"nofollow noopener noreferrer\" href=\"http:\/\/www.servipostos.com.br\/\" target=\"_blank\"><span style=\"text-decoration: none; color: black\">www.servipostos.com.br<\/span><\/a><\/span><\/p>\n","protected":false},"excerpt":{"rendered":"<p>\u201cN\u00e3o h\u00e1 nada mais dif\u00edcil, como introduzir uma nova ordem de coisas.\u201d (Maquiavel em 1502) Poucos humanos reconhecem a amea\u00e7a de uma iminente extin\u00e7\u00e3o da esp\u00e9cie. Poucos de n\u00f3s t\u00eam consci\u00eancia e conhecimento de que a \u00e1gua \u00e9 um bem FINITO. O comportamento de nossa esp\u00e9cie, principalmente nos \u00faltimos 50 anos, vem acabando com a [&hellip;]<\/p>\n","protected":false},"author":1,"featured_media":0,"comment_status":"open","ping_status":"open","sticky":false,"template":"","format":"standard","meta":{"_jetpack_memberships_contains_paid_content":false,"footnotes":""},"categories":[492],"tags":[633,634,779,877,52,1068,1069],"class_list":{"0":"post-93","1":"post","2":"type-post","3":"status-publish","4":"format-standard","6":"category-etica-meio-ambiente","7":"tag-consumismo","8":"tag-consumo","9":"tag-etica-ambiental","10":"tag-lixo","11":"tag-meio-ambiente","12":"tag-sacolas","13":"tag-sacos-plasticos"},"yoast_head":"<!-- This site is optimized with the Yoast SEO plugin v25.1 - https:\/\/yoast.com\/wordpress\/plugins\/seo\/ -->\n<title>Precisamos mudar:agora! - CENED Cursos Online<\/title>\n<meta name=\"robots\" content=\"index, follow, max-snippet:-1, max-image-preview:large, max-video-preview:-1\" \/>\n<link rel=\"canonical\" href=\"https:\/\/cenedcursos.com.br\/meio-ambiente\/precisamos-mudanca-agora\/\" \/>\n<meta property=\"og:locale\" content=\"pt_BR\" \/>\n<meta property=\"og:type\" content=\"article\" \/>\n<meta property=\"og:title\" content=\"Precisamos mudar:agora! - CENED Cursos Online\" \/>\n<meta property=\"og:description\" content=\"\u201cN\u00e3o h\u00e1 nada mais dif\u00edcil, como introduzir uma nova ordem de coisas.\u201d (Maquiavel em 1502) Poucos humanos reconhecem a amea\u00e7a de uma iminente extin\u00e7\u00e3o da esp\u00e9cie. Poucos de n\u00f3s t\u00eam consci\u00eancia e conhecimento de que a \u00e1gua \u00e9 um bem FINITO. O comportamento de nossa esp\u00e9cie, principalmente nos \u00faltimos 50 anos, vem acabando com a [&hellip;]\" \/>\n<meta property=\"og:url\" content=\"https:\/\/cenedcursos.com.br\/meio-ambiente\/precisamos-mudanca-agora\/\" \/>\n<meta property=\"og:site_name\" content=\"CENED Cursos Online\" \/>\n<meta property=\"article:published_time\" content=\"2006-08-11T13:16:01+00:00\" \/>\n<meta name=\"author\" content=\"Amarildo R. Ferrari\" \/>\n<meta name=\"twitter:card\" content=\"summary_large_image\" \/>\n<meta name=\"twitter:label1\" content=\"Escrito por\" \/>\n\t<meta name=\"twitter:data1\" content=\"Amarildo R. Ferrari\" \/>\n\t<meta name=\"twitter:label2\" content=\"Est. tempo de leitura\" \/>\n\t<meta name=\"twitter:data2\" content=\"4 minutos\" \/>\n<script type=\"application\/ld+json\" class=\"yoast-schema-graph\">{\"@context\":\"https:\/\/schema.org\",\"@graph\":[{\"@type\":\"WebPage\",\"@id\":\"https:\/\/cenedcursos.com.br\/meio-ambiente\/precisamos-mudanca-agora\/\",\"url\":\"https:\/\/cenedcursos.com.br\/meio-ambiente\/precisamos-mudanca-agora\/\",\"name\":\"Precisamos mudar:agora! - CENED Cursos Online\",\"isPartOf\":{\"@id\":\"https:\/\/cenedcursos.com.br\/meio-ambiente\/#website\"},\"datePublished\":\"2006-08-11T13:16:01+00:00\",\"author\":{\"@id\":\"https:\/\/cenedcursos.com.br\/meio-ambiente\/#\/schema\/person\/64377d24cdc16779a1eb6229894af388\"},\"breadcrumb\":{\"@id\":\"https:\/\/cenedcursos.com.br\/meio-ambiente\/precisamos-mudanca-agora\/#breadcrumb\"},\"inLanguage\":\"pt-BR\",\"potentialAction\":[{\"@type\":\"ReadAction\",\"target\":[\"https:\/\/cenedcursos.com.br\/meio-ambiente\/precisamos-mudanca-agora\/\"]}]},{\"@type\":\"BreadcrumbList\",\"@id\":\"https:\/\/cenedcursos.com.br\/meio-ambiente\/precisamos-mudanca-agora\/#breadcrumb\",\"itemListElement\":[{\"@type\":\"ListItem\",\"position\":1,\"name\":\"In\u00edcio\",\"item\":\"https:\/\/cenedcursos.com.br\/meio-ambiente\/\"},{\"@type\":\"ListItem\",\"position\":2,\"name\":\"Precisamos mudar:agora!\"}]},{\"@type\":\"WebSite\",\"@id\":\"https:\/\/cenedcursos.com.br\/meio-ambiente\/#website\",\"url\":\"https:\/\/cenedcursos.com.br\/meio-ambiente\/\",\"name\":\"CENED Cursos Online\",\"description\":\"Aqui voc\u00ea encontra artigos em diversas \u00e1reas do conhecimento: meio ambiente, educa\u00e7\u00e3o, marketing digital, neg\u00f3cios online e muito mais.\",\"potentialAction\":[{\"@type\":\"SearchAction\",\"target\":{\"@type\":\"EntryPoint\",\"urlTemplate\":\"https:\/\/cenedcursos.com.br\/meio-ambiente\/?s={search_term_string}\"},\"query-input\":{\"@type\":\"PropertyValueSpecification\",\"valueRequired\":true,\"valueName\":\"search_term_string\"}}],\"inLanguage\":\"pt-BR\"},{\"@type\":\"Person\",\"@id\":\"https:\/\/cenedcursos.com.br\/meio-ambiente\/#\/schema\/person\/64377d24cdc16779a1eb6229894af388\",\"name\":\"Amarildo R. Ferrari\",\"image\":{\"@type\":\"ImageObject\",\"inLanguage\":\"pt-BR\",\"@id\":\"https:\/\/cenedcursos.com.br\/meio-ambiente\/#\/schema\/person\/image\/\",\"url\":\"https:\/\/secure.gravatar.com\/avatar\/6ea4248ca9f295c93f1b72f8398232f0fbbffe30349e6ec3839cfa5e09b0de3c?s=96&d=mm&r=g\",\"contentUrl\":\"https:\/\/secure.gravatar.com\/avatar\/6ea4248ca9f295c93f1b72f8398232f0fbbffe30349e6ec3839cfa5e09b0de3c?s=96&d=mm&r=g\",\"caption\":\"Amarildo R. Ferrari\"},\"sameAs\":[\"https:\/\/cenedcursos.com.br\/meio-ambiente\"],\"url\":\"https:\/\/cenedcursos.com.br\/meio-ambiente\/author\/admin\/\"}]}<\/script>\n<!-- \/ Yoast SEO plugin. -->","yoast_head_json":{"title":"Precisamos mudar:agora! - CENED Cursos Online","robots":{"index":"index","follow":"follow","max-snippet":"max-snippet:-1","max-image-preview":"max-image-preview:large","max-video-preview":"max-video-preview:-1"},"canonical":"https:\/\/cenedcursos.com.br\/meio-ambiente\/precisamos-mudanca-agora\/","og_locale":"pt_BR","og_type":"article","og_title":"Precisamos mudar:agora! - CENED Cursos Online","og_description":"\u201cN\u00e3o h\u00e1 nada mais dif\u00edcil, como introduzir uma nova ordem de coisas.\u201d (Maquiavel em 1502) Poucos humanos reconhecem a amea\u00e7a de uma iminente extin\u00e7\u00e3o da esp\u00e9cie. Poucos de n\u00f3s t\u00eam consci\u00eancia e conhecimento de que a \u00e1gua \u00e9 um bem FINITO. O comportamento de nossa esp\u00e9cie, principalmente nos \u00faltimos 50 anos, vem acabando com a [&hellip;]","og_url":"https:\/\/cenedcursos.com.br\/meio-ambiente\/precisamos-mudanca-agora\/","og_site_name":"CENED Cursos Online","article_published_time":"2006-08-11T13:16:01+00:00","author":"Amarildo R. Ferrari","twitter_card":"summary_large_image","twitter_misc":{"Escrito por":"Amarildo R. Ferrari","Est. tempo de leitura":"4 minutos"},"schema":{"@context":"https:\/\/schema.org","@graph":[{"@type":"WebPage","@id":"https:\/\/cenedcursos.com.br\/meio-ambiente\/precisamos-mudanca-agora\/","url":"https:\/\/cenedcursos.com.br\/meio-ambiente\/precisamos-mudanca-agora\/","name":"Precisamos mudar:agora! - CENED Cursos Online","isPartOf":{"@id":"https:\/\/cenedcursos.com.br\/meio-ambiente\/#website"},"datePublished":"2006-08-11T13:16:01+00:00","author":{"@id":"https:\/\/cenedcursos.com.br\/meio-ambiente\/#\/schema\/person\/64377d24cdc16779a1eb6229894af388"},"breadcrumb":{"@id":"https:\/\/cenedcursos.com.br\/meio-ambiente\/precisamos-mudanca-agora\/#breadcrumb"},"inLanguage":"pt-BR","potentialAction":[{"@type":"ReadAction","target":["https:\/\/cenedcursos.com.br\/meio-ambiente\/precisamos-mudanca-agora\/"]}]},{"@type":"BreadcrumbList","@id":"https:\/\/cenedcursos.com.br\/meio-ambiente\/precisamos-mudanca-agora\/#breadcrumb","itemListElement":[{"@type":"ListItem","position":1,"name":"In\u00edcio","item":"https:\/\/cenedcursos.com.br\/meio-ambiente\/"},{"@type":"ListItem","position":2,"name":"Precisamos mudar:agora!"}]},{"@type":"WebSite","@id":"https:\/\/cenedcursos.com.br\/meio-ambiente\/#website","url":"https:\/\/cenedcursos.com.br\/meio-ambiente\/","name":"CENED Cursos Online","description":"Aqui voc\u00ea encontra artigos em diversas \u00e1reas do conhecimento: meio ambiente, educa\u00e7\u00e3o, marketing digital, neg\u00f3cios online e muito mais.","potentialAction":[{"@type":"SearchAction","target":{"@type":"EntryPoint","urlTemplate":"https:\/\/cenedcursos.com.br\/meio-ambiente\/?s={search_term_string}"},"query-input":{"@type":"PropertyValueSpecification","valueRequired":true,"valueName":"search_term_string"}}],"inLanguage":"pt-BR"},{"@type":"Person","@id":"https:\/\/cenedcursos.com.br\/meio-ambiente\/#\/schema\/person\/64377d24cdc16779a1eb6229894af388","name":"Amarildo R. Ferrari","image":{"@type":"ImageObject","inLanguage":"pt-BR","@id":"https:\/\/cenedcursos.com.br\/meio-ambiente\/#\/schema\/person\/image\/","url":"https:\/\/secure.gravatar.com\/avatar\/6ea4248ca9f295c93f1b72f8398232f0fbbffe30349e6ec3839cfa5e09b0de3c?s=96&d=mm&r=g","contentUrl":"https:\/\/secure.gravatar.com\/avatar\/6ea4248ca9f295c93f1b72f8398232f0fbbffe30349e6ec3839cfa5e09b0de3c?s=96&d=mm&r=g","caption":"Amarildo R. Ferrari"},"sameAs":["https:\/\/cenedcursos.com.br\/meio-ambiente"],"url":"https:\/\/cenedcursos.com.br\/meio-ambiente\/author\/admin\/"}]}},"jetpack_featured_media_url":"","jetpack_sharing_enabled":true,"_links":{"self":[{"href":"https:\/\/cenedcursos.com.br\/meio-ambiente\/wp-json\/wp\/v2\/posts\/93","targetHints":{"allow":["GET"]}}],"collection":[{"href":"https:\/\/cenedcursos.com.br\/meio-ambiente\/wp-json\/wp\/v2\/posts"}],"about":[{"href":"https:\/\/cenedcursos.com.br\/meio-ambiente\/wp-json\/wp\/v2\/types\/post"}],"author":[{"embeddable":true,"href":"https:\/\/cenedcursos.com.br\/meio-ambiente\/wp-json\/wp\/v2\/users\/1"}],"replies":[{"embeddable":true,"href":"https:\/\/cenedcursos.com.br\/meio-ambiente\/wp-json\/wp\/v2\/comments?post=93"}],"version-history":[{"count":0,"href":"https:\/\/cenedcursos.com.br\/meio-ambiente\/wp-json\/wp\/v2\/posts\/93\/revisions"}],"wp:attachment":[{"href":"https:\/\/cenedcursos.com.br\/meio-ambiente\/wp-json\/wp\/v2\/media?parent=93"}],"wp:term":[{"taxonomy":"category","embeddable":true,"href":"https:\/\/cenedcursos.com.br\/meio-ambiente\/wp-json\/wp\/v2\/categories?post=93"},{"taxonomy":"post_tag","embeddable":true,"href":"https:\/\/cenedcursos.com.br\/meio-ambiente\/wp-json\/wp\/v2\/tags?post=93"}],"curies":[{"name":"wp","href":"https:\/\/api.w.org\/{rel}","templated":true}]}}