{"id":9515,"date":"2017-06-12T14:21:55","date_gmt":"2017-06-12T17:21:55","guid":{"rendered":"https:\/\/www.cenedcursos.com.br\/meio-ambiente\/?p=9515"},"modified":"2017-06-12T14:21:55","modified_gmt":"2017-06-12T17:21:55","slug":"maior-jardim-vertical-mundo-bogota","status":"publish","type":"post","link":"https:\/\/cenedcursos.com.br\/meio-ambiente\/maior-jardim-vertical-mundo-bogota\/","title":{"rendered":"O maior Jardim Vertical do Mundo est\u00e1 em Bogot\u00e1"},"content":{"rendered":"<p style=\"text-align: justify;\"><span id=\"ezoic-pub-ad-placeholder-172\" class=\"ezoic-adpicker-ad\" data-ezadpicker=\"172\" data-ez-position-type=\"under_page_title\"><\/span><a href=\"https:\/\/i0.wp.com\/www.cenedcursos.com.br\/meio-ambiente\/wp-content\/uploads\/2017\/06\/jardim-vertical.jpg?ssl=1\"><img data-recalc-dims=\"1\" loading=\"lazy\" decoding=\"async\" class=\"alignnone size-full wp-image-9516\" src=\"https:\/\/i0.wp.com\/www.cenedcursos.com.br\/meio-ambiente\/wp-content\/uploads\/2017\/06\/jardim-vertical.jpg?resize=696%2C416&#038;ssl=1\" alt=\"jardim vertical\" width=\"696\" height=\"416\" \/><\/a>Este \u00e9 o Edif\u00edcio Santalaia, um pr\u00e9dio todo coberto de plantas que fica em Bogot\u00e1, na Col\u00f4mbia e \u00e9 considerado o maior jardim vertical do mundo.<\/p>\n<p style=\"text-align: justify;\"><span id=\"ezoic-pub-ad-placeholder-165\" class=\"ezoic-adpicker-ad\" data-ezadpicker=\"165\" data-ez-position-type=\"under_first_paragraph\"><\/span>O edif\u00edcio possui mais de 3.000 metros quadrados verdes cobrindo os 11 andares (9 acima do solo e 2 subterr\u00e2neos). \u00c9 composto por 115 mil plantas de 10 esp\u00e9cies e 5 fam\u00edlias diferentes.<\/p>\n<h2><span id=\"ezoic-pub-ad-placeholder-178\" class=\"ezoic-adpicker-ad\" data-ezadpicker=\"178\" data-ez-position-type=\"under_first_paragraph\"><\/span><a href=\"https:\/\/i0.wp.com\/www.cenedcursos.com.br\/meio-ambiente\/wp-content\/uploads\/2017\/06\/jardim-vertical-2.jpg?ssl=1\"><img data-recalc-dims=\"1\" loading=\"lazy\" decoding=\"async\" class=\"alignnone wp-image-9518 size-full\" src=\"https:\/\/i0.wp.com\/www.cenedcursos.com.br\/meio-ambiente\/wp-content\/uploads\/2017\/06\/jardim-vertical-2.jpg?resize=696%2C463&#038;ssl=1\" alt=\"jardim vertical 2\" width=\"696\" height=\"463\" \/><\/a><\/h2>\n<h2>Diversidade do Jardim Vertical<\/h2>\n<p style=\"text-align: justify;\">O resultado \u00e9 uma colabora\u00e7\u00e3o entre os designers espanh\u00f3is da Paisajismo Urbano e a companhia colombiana Groncol.<\/p>\n<p style=\"text-align: justify;\">O deslumbrante jardim vertical urbano foi conclu\u00eddo em dezembro de 2015, ap\u00f3s oito meses de planejamento e mais oito meses de trabalho \u00e1rduo. Conhecido como \u201co cora\u00e7\u00e3o verde de Bogot\u00e1\u201d, atua como um \u00edcone de sustentabilidade, bem como um lembrete do papel importante que as plantas desempenham em nossas vidas di\u00e1rias.<\/p>\n<p style=\"text-align: justify;\">Ign\u00e1cio Solano, chefe do Paisagismo Urbano, e sua equipe escolheram as plantas que comp\u00f5em o pr\u00e9dio durante uma expedi\u00e7\u00e3o \u00e0 Floresta Choc\u00f3, na Col\u00f4mbia. V\u00e1rios fatores foram considerados, incluindo a forma como essas plantas interagem, e uma cobertura monocrom\u00e1tica de todo o edif\u00edcio.<\/p>\n<p style=\"text-align: justify;\">\u201cA sele\u00e7\u00e3o de esp\u00e9cies \u00e9 fundamental neste tipo de jardim, j\u00e1 que a biodiversidade em um ecossistema vertical permite a intera\u00e7\u00e3o entre as esp\u00e9cies que o formam, tanto plantas quanto microrganismos\u201d, disse Solano. \u201cA grande \u00e1rea envolvida foi uma dificuldade adicional em compara\u00e7\u00e3o com outros jardins verticais, uma vez que abarcou o uso de um maior n\u00famero de plantas\u201d.<\/p>\n<h2>Sistema de irriga\u00e7\u00e3o complicado<\/h2>\n<p style=\"text-align: justify;\"><span id=\"ezoic-pub-ad-placeholder-166\" class=\"ezoic-adpicker-ad\" data-ezadpicker=\"166\" data-ez-position-type=\"mid_content\"><\/span>Talvez o maior desafio enfrentado por Solano e seus colaboradores foi o sistema de irriga\u00e7\u00e3o necess\u00e1rio para manter todas as plantas vivas no cora\u00e7\u00e3o da cidade.<\/p>\n<p style=\"text-align: justify;\">A grande <a href=\"https:\/\/www.cenedcursos.com.br\/meio-ambiente\/biodiversidade-planeta\/\">diversidade de esp\u00e9cies<\/a> escolhidas criou uma necessidade de ajustar os par\u00e2metros qu\u00edmicos e os nutrientes da \u00e1gua.<\/p>\n<p style=\"text-align: justify;\">O pessoal da Paisagismo Urbano acabou usando um sistema patenteado composto de mais de 40 setores de irriga\u00e7\u00e3o que s\u00e3o automaticamente regulados de acordo com a umidade e a radia\u00e7\u00e3o solar.<\/p>\n<p style=\"text-align: justify;\">O sistema tamb\u00e9m \u00e9 projetado para reciclar toda a \u00e1gua fluindo atrav\u00e9s das paredes vivas do Edificio Santalaia, bem como a \u00e1gua residual gerada por seus habitantes humanos.<span id=\"ezoic-pub-ad-placeholder-168\" class=\"ezoic-adpicker-ad\" data-ezadpicker=\"168\" data-ez-position-type=\"longer_content\"><\/span><\/p>\n<h2>O meio ambiente agradece<span id=\"ezoic-pub-ad-placeholder-167\" class=\"ezoic-adpicker-ad\" data-ezadpicker=\"167\" data-ez-position-type=\"long_content\"><\/span><\/h2>\n<p style=\"text-align: justify;\">O maior jardim vertical do mundo n\u00e3o serve apenas a um prop\u00f3sito est\u00e9tico ou como um \u00edcone. Tamb\u00e9m \u00e9 muito \u00fatil.<\/p>\n<p style=\"text-align: justify;\">As 115.000 plantas que vivem nas paredes do Santalaia s\u00e3o capazes de produzir oxig\u00eanio necess\u00e1rio para mais de 3.100 pessoas por ano. Processam cerca de 775 quilos de metais pesados, filtrando mais de 2.000 toneladas de gases nocivos e capturando mais de 400 quilos de poeira.<\/p>\n<p style=\"text-align: justify;\">Segundo o site da Paisajismo Urbano, a cobertura do pr\u00e9dio compensa a pegada de carbono de 700 pessoas, assegurando a limpeza do ar para as emiss\u00f5es nocivas de 745 carros.<\/p>\n<p style=\"text-align: justify;\">A vegeta\u00e7\u00e3o exuberante tamb\u00e9m serve como isolamento natural para o edif\u00edcio, abaixando a temperatura dentro dele durante os meses de ver\u00e3o, o que por sua vez diminui o uso de ar condicionado.<\/p>\n<p><a href=\"https:\/\/i0.wp.com\/www.cenedcursos.com.br\/meio-ambiente\/wp-content\/uploads\/2017\/06\/jardim-vertical-6.jpg?ssl=1\"><img data-recalc-dims=\"1\" loading=\"lazy\" decoding=\"async\" class=\"alignnone wp-image-9517 size-full\" src=\"https:\/\/i0.wp.com\/www.cenedcursos.com.br\/meio-ambiente\/wp-content\/uploads\/2017\/06\/jardim-vertical-6.jpg?resize=696%2C463&#038;ssl=1\" alt=\"jardim vertical 6\" width=\"696\" height=\"463\" \/><\/a><br \/>\nFonte:\u00a0<a href=\"http:\/\/hypescience.com\/este-predio-magnifico-e-o-maior-jardim-vertical-mundo\/\" target=\"_blank\" rel=\"noopener noreferrer\">hypescience.com<\/a><\/p>\n","protected":false},"excerpt":{"rendered":"<p>Este \u00e9 o Edif\u00edcio Santalaia, um pr\u00e9dio todo coberto de plantas que fica em Bogot\u00e1, na Col\u00f4mbia e \u00e9 considerado o maior jardim vertical do mundo. O edif\u00edcio possui mais de 3.000 metros quadrados verdes cobrindo os 11 andares (9 acima do solo e 2 subterr\u00e2neos). \u00c9 composto por 115 mil plantas de 10 esp\u00e9cies [&hellip;]<\/p>\n","protected":false},"author":1,"featured_media":0,"comment_status":"open","ping_status":"open","sticky":false,"template":"","format":"standard","meta":{"_jetpack_memberships_contains_paid_content":false,"footnotes":""},"categories":[499],"tags":[422],"class_list":{"0":"post-9515","1":"post","2":"type-post","3":"status-publish","4":"format-standard","6":"category-sustentabilidade-textos","7":"tag-jardim-vertical"},"yoast_head":"<!-- This site is optimized with the Yoast SEO plugin v25.1 - https:\/\/yoast.com\/wordpress\/plugins\/seo\/ -->\n<title>O maior Jardim Vertical do Mundo est\u00e1 em Bogot\u00e1 - CENED Cursos<\/title>\n<meta name=\"description\" content=\"O maior jardim vertical fica em Bogot\u00e1, na Col\u00f4mbia e \u00e9 um edif\u00edcio que possui mais de 3.000 metros quadrados verdes cobrindo os 11 andares, 9 acima do solo\" \/>\n<meta name=\"robots\" content=\"index, follow, max-snippet:-1, max-image-preview:large, max-video-preview:-1\" \/>\n<link rel=\"canonical\" href=\"https:\/\/cenedcursos.com.br\/meio-ambiente\/maior-jardim-vertical-mundo-bogota\/\" \/>\n<meta property=\"og:locale\" content=\"pt_BR\" \/>\n<meta property=\"og:type\" content=\"article\" \/>\n<meta property=\"og:title\" content=\"O maior Jardim Vertical do Mundo est\u00e1 em Bogot\u00e1 - CENED Cursos\" \/>\n<meta property=\"og:description\" content=\"O maior jardim vertical fica em Bogot\u00e1, na Col\u00f4mbia e \u00e9 um edif\u00edcio que possui mais de 3.000 metros quadrados verdes cobrindo os 11 andares, 9 acima do solo\" \/>\n<meta property=\"og:url\" content=\"https:\/\/cenedcursos.com.br\/meio-ambiente\/maior-jardim-vertical-mundo-bogota\/\" \/>\n<meta property=\"og:site_name\" content=\"CENED Cursos Online\" \/>\n<meta property=\"article:published_time\" content=\"2017-06-12T17:21:55+00:00\" \/>\n<meta property=\"og:image\" content=\"https:\/\/www.cenedcursos.com.br\/meio-ambiente\/wp-content\/uploads\/2017\/06\/jardim-vertical.jpg\" \/>\n<meta name=\"author\" content=\"Amarildo R. Ferrari\" \/>\n<meta name=\"twitter:card\" content=\"summary_large_image\" \/>\n<meta name=\"twitter:label1\" content=\"Escrito por\" \/>\n\t<meta name=\"twitter:data1\" content=\"Amarildo R. Ferrari\" \/>\n\t<meta name=\"twitter:label2\" content=\"Est. tempo de leitura\" \/>\n\t<meta name=\"twitter:data2\" content=\"3 minutos\" \/>\n<script type=\"application\/ld+json\" class=\"yoast-schema-graph\">{\"@context\":\"https:\/\/schema.org\",\"@graph\":[{\"@type\":\"WebPage\",\"@id\":\"https:\/\/cenedcursos.com.br\/meio-ambiente\/maior-jardim-vertical-mundo-bogota\/\",\"url\":\"https:\/\/cenedcursos.com.br\/meio-ambiente\/maior-jardim-vertical-mundo-bogota\/\",\"name\":\"O maior Jardim Vertical do Mundo est\u00e1 em Bogot\u00e1 - CENED Cursos\",\"isPartOf\":{\"@id\":\"https:\/\/cenedcursos.com.br\/meio-ambiente\/#website\"},\"primaryImageOfPage\":{\"@id\":\"https:\/\/cenedcursos.com.br\/meio-ambiente\/maior-jardim-vertical-mundo-bogota\/#primaryimage\"},\"image\":{\"@id\":\"https:\/\/cenedcursos.com.br\/meio-ambiente\/maior-jardim-vertical-mundo-bogota\/#primaryimage\"},\"thumbnailUrl\":\"https:\/\/www.cenedcursos.com.br\/meio-ambiente\/wp-content\/uploads\/2017\/06\/jardim-vertical.jpg\",\"datePublished\":\"2017-06-12T17:21:55+00:00\",\"author\":{\"@id\":\"https:\/\/cenedcursos.com.br\/meio-ambiente\/#\/schema\/person\/64377d24cdc16779a1eb6229894af388\"},\"description\":\"O maior jardim vertical fica em Bogot\u00e1, na Col\u00f4mbia e \u00e9 um edif\u00edcio que possui mais de 3.000 metros quadrados verdes cobrindo os 11 andares, 9 acima do solo\",\"breadcrumb\":{\"@id\":\"https:\/\/cenedcursos.com.br\/meio-ambiente\/maior-jardim-vertical-mundo-bogota\/#breadcrumb\"},\"inLanguage\":\"pt-BR\",\"potentialAction\":[{\"@type\":\"ReadAction\",\"target\":[\"https:\/\/cenedcursos.com.br\/meio-ambiente\/maior-jardim-vertical-mundo-bogota\/\"]}]},{\"@type\":\"ImageObject\",\"inLanguage\":\"pt-BR\",\"@id\":\"https:\/\/cenedcursos.com.br\/meio-ambiente\/maior-jardim-vertical-mundo-bogota\/#primaryimage\",\"url\":\"https:\/\/www.cenedcursos.com.br\/meio-ambiente\/wp-content\/uploads\/2017\/06\/jardim-vertical.jpg\",\"contentUrl\":\"https:\/\/www.cenedcursos.com.br\/meio-ambiente\/wp-content\/uploads\/2017\/06\/jardim-vertical.jpg\"},{\"@type\":\"BreadcrumbList\",\"@id\":\"https:\/\/cenedcursos.com.br\/meio-ambiente\/maior-jardim-vertical-mundo-bogota\/#breadcrumb\",\"itemListElement\":[{\"@type\":\"ListItem\",\"position\":1,\"name\":\"In\u00edcio\",\"item\":\"https:\/\/cenedcursos.com.br\/meio-ambiente\/\"},{\"@type\":\"ListItem\",\"position\":2,\"name\":\"O maior Jardim Vertical do Mundo est\u00e1 em Bogot\u00e1\"}]},{\"@type\":\"WebSite\",\"@id\":\"https:\/\/cenedcursos.com.br\/meio-ambiente\/#website\",\"url\":\"https:\/\/cenedcursos.com.br\/meio-ambiente\/\",\"name\":\"CENED Cursos Online\",\"description\":\"Aqui voc\u00ea encontra artigos em diversas \u00e1reas do conhecimento: meio ambiente, educa\u00e7\u00e3o, marketing digital, neg\u00f3cios online e muito mais.\",\"potentialAction\":[{\"@type\":\"SearchAction\",\"target\":{\"@type\":\"EntryPoint\",\"urlTemplate\":\"https:\/\/cenedcursos.com.br\/meio-ambiente\/?s={search_term_string}\"},\"query-input\":{\"@type\":\"PropertyValueSpecification\",\"valueRequired\":true,\"valueName\":\"search_term_string\"}}],\"inLanguage\":\"pt-BR\"},{\"@type\":\"Person\",\"@id\":\"https:\/\/cenedcursos.com.br\/meio-ambiente\/#\/schema\/person\/64377d24cdc16779a1eb6229894af388\",\"name\":\"Amarildo R. Ferrari\",\"image\":{\"@type\":\"ImageObject\",\"inLanguage\":\"pt-BR\",\"@id\":\"https:\/\/cenedcursos.com.br\/meio-ambiente\/#\/schema\/person\/image\/\",\"url\":\"https:\/\/secure.gravatar.com\/avatar\/6ea4248ca9f295c93f1b72f8398232f0fbbffe30349e6ec3839cfa5e09b0de3c?s=96&d=mm&r=g\",\"contentUrl\":\"https:\/\/secure.gravatar.com\/avatar\/6ea4248ca9f295c93f1b72f8398232f0fbbffe30349e6ec3839cfa5e09b0de3c?s=96&d=mm&r=g\",\"caption\":\"Amarildo R. Ferrari\"},\"sameAs\":[\"https:\/\/cenedcursos.com.br\/meio-ambiente\"],\"url\":\"https:\/\/cenedcursos.com.br\/meio-ambiente\/author\/admin\/\"}]}<\/script>\n<!-- \/ Yoast SEO plugin. -->","yoast_head_json":{"title":"O maior Jardim Vertical do Mundo est\u00e1 em Bogot\u00e1 - CENED Cursos","description":"O maior jardim vertical fica em Bogot\u00e1, na Col\u00f4mbia e \u00e9 um edif\u00edcio que possui mais de 3.000 metros quadrados verdes cobrindo os 11 andares, 9 acima do solo","robots":{"index":"index","follow":"follow","max-snippet":"max-snippet:-1","max-image-preview":"max-image-preview:large","max-video-preview":"max-video-preview:-1"},"canonical":"https:\/\/cenedcursos.com.br\/meio-ambiente\/maior-jardim-vertical-mundo-bogota\/","og_locale":"pt_BR","og_type":"article","og_title":"O maior Jardim Vertical do Mundo est\u00e1 em Bogot\u00e1 - CENED Cursos","og_description":"O maior jardim vertical fica em Bogot\u00e1, na Col\u00f4mbia e \u00e9 um edif\u00edcio que possui mais de 3.000 metros quadrados verdes cobrindo os 11 andares, 9 acima do solo","og_url":"https:\/\/cenedcursos.com.br\/meio-ambiente\/maior-jardim-vertical-mundo-bogota\/","og_site_name":"CENED Cursos Online","article_published_time":"2017-06-12T17:21:55+00:00","og_image":[{"url":"https:\/\/www.cenedcursos.com.br\/meio-ambiente\/wp-content\/uploads\/2017\/06\/jardim-vertical.jpg","type":"","width":"","height":""}],"author":"Amarildo R. Ferrari","twitter_card":"summary_large_image","twitter_misc":{"Escrito por":"Amarildo R. Ferrari","Est. tempo de leitura":"3 minutos"},"schema":{"@context":"https:\/\/schema.org","@graph":[{"@type":"WebPage","@id":"https:\/\/cenedcursos.com.br\/meio-ambiente\/maior-jardim-vertical-mundo-bogota\/","url":"https:\/\/cenedcursos.com.br\/meio-ambiente\/maior-jardim-vertical-mundo-bogota\/","name":"O maior Jardim Vertical do Mundo est\u00e1 em Bogot\u00e1 - CENED Cursos","isPartOf":{"@id":"https:\/\/cenedcursos.com.br\/meio-ambiente\/#website"},"primaryImageOfPage":{"@id":"https:\/\/cenedcursos.com.br\/meio-ambiente\/maior-jardim-vertical-mundo-bogota\/#primaryimage"},"image":{"@id":"https:\/\/cenedcursos.com.br\/meio-ambiente\/maior-jardim-vertical-mundo-bogota\/#primaryimage"},"thumbnailUrl":"https:\/\/www.cenedcursos.com.br\/meio-ambiente\/wp-content\/uploads\/2017\/06\/jardim-vertical.jpg","datePublished":"2017-06-12T17:21:55+00:00","author":{"@id":"https:\/\/cenedcursos.com.br\/meio-ambiente\/#\/schema\/person\/64377d24cdc16779a1eb6229894af388"},"description":"O maior jardim vertical fica em Bogot\u00e1, na Col\u00f4mbia e \u00e9 um edif\u00edcio que possui mais de 3.000 metros quadrados verdes cobrindo os 11 andares, 9 acima do solo","breadcrumb":{"@id":"https:\/\/cenedcursos.com.br\/meio-ambiente\/maior-jardim-vertical-mundo-bogota\/#breadcrumb"},"inLanguage":"pt-BR","potentialAction":[{"@type":"ReadAction","target":["https:\/\/cenedcursos.com.br\/meio-ambiente\/maior-jardim-vertical-mundo-bogota\/"]}]},{"@type":"ImageObject","inLanguage":"pt-BR","@id":"https:\/\/cenedcursos.com.br\/meio-ambiente\/maior-jardim-vertical-mundo-bogota\/#primaryimage","url":"https:\/\/www.cenedcursos.com.br\/meio-ambiente\/wp-content\/uploads\/2017\/06\/jardim-vertical.jpg","contentUrl":"https:\/\/www.cenedcursos.com.br\/meio-ambiente\/wp-content\/uploads\/2017\/06\/jardim-vertical.jpg"},{"@type":"BreadcrumbList","@id":"https:\/\/cenedcursos.com.br\/meio-ambiente\/maior-jardim-vertical-mundo-bogota\/#breadcrumb","itemListElement":[{"@type":"ListItem","position":1,"name":"In\u00edcio","item":"https:\/\/cenedcursos.com.br\/meio-ambiente\/"},{"@type":"ListItem","position":2,"name":"O maior Jardim Vertical do Mundo est\u00e1 em Bogot\u00e1"}]},{"@type":"WebSite","@id":"https:\/\/cenedcursos.com.br\/meio-ambiente\/#website","url":"https:\/\/cenedcursos.com.br\/meio-ambiente\/","name":"CENED Cursos Online","description":"Aqui voc\u00ea encontra artigos em diversas \u00e1reas do conhecimento: meio ambiente, educa\u00e7\u00e3o, marketing digital, neg\u00f3cios online e muito mais.","potentialAction":[{"@type":"SearchAction","target":{"@type":"EntryPoint","urlTemplate":"https:\/\/cenedcursos.com.br\/meio-ambiente\/?s={search_term_string}"},"query-input":{"@type":"PropertyValueSpecification","valueRequired":true,"valueName":"search_term_string"}}],"inLanguage":"pt-BR"},{"@type":"Person","@id":"https:\/\/cenedcursos.com.br\/meio-ambiente\/#\/schema\/person\/64377d24cdc16779a1eb6229894af388","name":"Amarildo R. Ferrari","image":{"@type":"ImageObject","inLanguage":"pt-BR","@id":"https:\/\/cenedcursos.com.br\/meio-ambiente\/#\/schema\/person\/image\/","url":"https:\/\/secure.gravatar.com\/avatar\/6ea4248ca9f295c93f1b72f8398232f0fbbffe30349e6ec3839cfa5e09b0de3c?s=96&d=mm&r=g","contentUrl":"https:\/\/secure.gravatar.com\/avatar\/6ea4248ca9f295c93f1b72f8398232f0fbbffe30349e6ec3839cfa5e09b0de3c?s=96&d=mm&r=g","caption":"Amarildo R. Ferrari"},"sameAs":["https:\/\/cenedcursos.com.br\/meio-ambiente"],"url":"https:\/\/cenedcursos.com.br\/meio-ambiente\/author\/admin\/"}]}},"jetpack_featured_media_url":"","jetpack_sharing_enabled":true,"_links":{"self":[{"href":"https:\/\/cenedcursos.com.br\/meio-ambiente\/wp-json\/wp\/v2\/posts\/9515","targetHints":{"allow":["GET"]}}],"collection":[{"href":"https:\/\/cenedcursos.com.br\/meio-ambiente\/wp-json\/wp\/v2\/posts"}],"about":[{"href":"https:\/\/cenedcursos.com.br\/meio-ambiente\/wp-json\/wp\/v2\/types\/post"}],"author":[{"embeddable":true,"href":"https:\/\/cenedcursos.com.br\/meio-ambiente\/wp-json\/wp\/v2\/users\/1"}],"replies":[{"embeddable":true,"href":"https:\/\/cenedcursos.com.br\/meio-ambiente\/wp-json\/wp\/v2\/comments?post=9515"}],"version-history":[{"count":0,"href":"https:\/\/cenedcursos.com.br\/meio-ambiente\/wp-json\/wp\/v2\/posts\/9515\/revisions"}],"wp:attachment":[{"href":"https:\/\/cenedcursos.com.br\/meio-ambiente\/wp-json\/wp\/v2\/media?parent=9515"}],"wp:term":[{"taxonomy":"category","embeddable":true,"href":"https:\/\/cenedcursos.com.br\/meio-ambiente\/wp-json\/wp\/v2\/categories?post=9515"},{"taxonomy":"post_tag","embeddable":true,"href":"https:\/\/cenedcursos.com.br\/meio-ambiente\/wp-json\/wp\/v2\/tags?post=9515"}],"curies":[{"name":"wp","href":"https:\/\/api.w.org\/{rel}","templated":true}]}}