{"id":9645,"date":"2017-06-23T10:23:31","date_gmt":"2017-06-23T13:23:31","guid":{"rendered":"https:\/\/www.cenedcursos.com.br\/meio-ambiente\/?p=9645"},"modified":"2017-06-23T10:23:31","modified_gmt":"2017-06-23T13:23:31","slug":"justica-condena-licencas-ambientais","status":"publish","type":"post","link":"https:\/\/cenedcursos.com.br\/meio-ambiente\/justica-condena-licencas-ambientais\/","title":{"rendered":"Justi\u00e7a condena acusados de compra e venda de licen\u00e7as ambientais"},"content":{"rendered":"<div>\n<div style=\"text-align: right;\"><\/div>\n<div id=\"attachment_54185\" class=\"wp-caption aligncenter\" style=\"width: 1162px;\">\n<img data-recalc-dims=\"1\" loading=\"lazy\" decoding=\"async\" class=\"size-full wp-image-54185\" src=\"https:\/\/i0.wp.com\/www.cenedcursos.com.br\/meio-ambiente\/wp-content\/uploads\/2017\/06\/Justi%C3%A7a-condena-acusados-de-compra-e-venda-de-licen%C3%A7as-ambientais.jpg?resize=696%2C464&#038;ssl=1\" sizes=\"auto, (max-width: 1152px) 100vw, 1152px\" srcset=\"https:\/\/www.cenedcursos.com.br\/meio-ambiente\/wp-content\/uploads\/2017\/06\/Justi\u00e7a-condena-acusados-de-compra-e-venda-de-licen\u00e7as-ambientais.jpg 1152w, http:\/\/www.oeco.org.br\/wp-content\/uploads\/2017\/06\/foto-Rosanetur-Flickr-300x200.jpg 300w, http:\/\/www.oeco.org.br\/wp-content\/uploads\/2017\/06\/foto-Rosanetur-Flickr-1024x683.jpg 1024w, http:\/\/www.oeco.org.br\/wp-content\/uploads\/2017\/06\/foto-Rosanetur-Flickr-600x400.jpg 600w, http:\/\/www.oeco.org.br\/wp-content\/uploads\/2017\/06\/foto-Rosanetur-Flickr-278x185.jpg 278w\" alt=\"Justi\u00e7a condena 16 pessoas envolvidas em esquema liberar constru\u00e7\u00e3o de empreendimentos em \u00e1rea de preserva\u00e7\u00e3o permanente, em Jurer\u00ea Internacional. Foto: Rosanetur\/Flickr.\" width=\"696\" height=\"464\" \/><\/p>\n<p class=\"wp-caption-text\" style=\"text-align: justify;\">Justi\u00e7a condena 16 pessoas envolvidas em esquema para liberar constru\u00e7\u00e3o de empreendimentos em \u00e1rea de preserva\u00e7\u00e3o permanente, em Jurer\u00ea Internacional. Foto: Rosanetur\/Flickr.<\/p>\n<\/div>\n<p style=\"text-align: justify;\">Na quarta-feira (21), <a href=\"http:\/\/www2.trf4.jus.br\/trf4\/controlador.php?acao=consulta_processual_resultado_pesquisa&amp;selForma=NU&amp;txtValor=50362738120144047200&amp;chkMostrarBaixados=&amp;todasfases=&amp;todosvalores=&amp;todaspartes=&amp;txtDataFase=&amp;selOrigem=SC&amp;sistema=&amp;hdnRefId=&amp;txtPalavraGerada=&amp;txtChave=\">o juiz Marcelo Kr\u00e1s Borges, da 6\u00aa Vara Federal Ambiental de Florian\u00f3polis, condenou 16 pessoas por corrup\u00e7\u00e3o<\/a> num esquema que envolvia libera\u00e7\u00e3o de licen\u00e7as ambientais em <a href=\"http:\/\/www.oeco.org.br\/dicionario-ambiental\/27468-o-que-e-uma-area-de-preservacao-permanente\/\">\u00e1rea de preserva\u00e7\u00e3o permanente<\/a> em troca de propinas. O crime envolvia empres\u00e1rios e servidores p\u00fablicos.<\/p>\n<p style=\"text-align: justify;\">A opera\u00e7\u00e3o da Pol\u00edcia Federal chamada <a href=\"https:\/\/pt.wikipedia.org\/wiki\/Opera%C3%A7%C3%A3o_Moeda_Verde\">Moeda Verde<\/a> revelou, em 2007, o esquema liderado pelo empres\u00e1rio P\u00e9ricles de Freitas Druck, da empresa Habitasul, que mantinha contatos com servidores de \u00f3rg\u00e3os como a Funda\u00e7\u00e3o do Meio Ambiente (Floram) e Secretaria de Urbanismo e Servi\u00e7os P\u00fablicos (Susp). As autoriza\u00e7\u00f5es ilegais para a constru\u00e7\u00e3o de empreendimentos em Jurer\u00ea Internacional, bairro de classe m\u00e9dia alta de Florian\u00f3polis, eram concedidas pelos servidores que, assim, obtinham di\u00e1rias em hot\u00e9is da Habitasul e subornos.<\/p>\n<p style=\"text-align: justify;\">O desfecho dessa hist\u00f3ria, pelo menos na primeira inst\u00e2ncia, terminou nesta quarta-feira (21). P\u00e9ricles foi condenado a pena de 28 anos em regime fechado, multa e presta\u00e7\u00e3o de servi\u00e7os comunit\u00e1rios. Al\u00e9m da condena\u00e7\u00e3o dos 16 envolvidos no crime, o juiz determinou ainda a demoli\u00e7\u00e3o dos beach clubs.<\/p>\n<p style=\"text-align: justify;\">&#8220;A den\u00fancia descreve uma quadrilha altamente organizada com o objetivo de comprar as licen\u00e7as ambientais, de maneira que os empreendimentos comerciais pudessem ser localizados em \u00e1rea de preserva\u00e7\u00e3o permanente, sem que houvesse qualquer inc\u00f4modo por parte da fiscaliza\u00e7\u00e3o municipal e estadual&#8221;, afirmou o juiz.<\/p>\n<p style=\"text-align: justify;\">O advogado Ant\u00f4nio Tovo Loureiro, que defende r\u00e9us ligados \u00e0 Habitasul, afirmou que ir\u00e1 recorrer da decis\u00e3o.<\/p>\n<\/div>\n<p><a href=\"http:\/\/www.oeco.org.br\/blogs\/salada-verde\/justica-condena-acusados-de-compra-e-venda-de-licencas-ambientais\/\">Fonte do Texto:.oeco.org.br <\/a><\/p>\n","protected":false},"excerpt":{"rendered":"<p>Justi\u00e7a condena 16 pessoas envolvidas em esquema para liberar constru\u00e7\u00e3o de empreendimentos em \u00e1rea de preserva\u00e7\u00e3o permanente, em Jurer\u00ea Internacional. Foto: Rosanetur\/Flickr. Na quarta-feira (21), o juiz Marcelo Kr\u00e1s Borges, da 6\u00aa Vara Federal Ambiental de Florian\u00f3polis, condenou 16 pessoas por corrup\u00e7\u00e3o num esquema que envolvia libera\u00e7\u00e3o de licen\u00e7as ambientais em \u00e1rea de preserva\u00e7\u00e3o permanente [&hellip;]<\/p>\n","protected":false},"author":1,"featured_media":9648,"comment_status":"open","ping_status":"open","sticky":false,"template":"","format":"standard","meta":{"_jetpack_memberships_contains_paid_content":false,"footnotes":""},"categories":[496],"tags":[],"class_list":{"0":"post-9645","1":"post","2":"type-post","3":"status-publish","4":"format-standard","5":"has-post-thumbnail","7":"category-legislacao-ambiental-textos"},"yoast_head":"<!-- This site is optimized with the Yoast SEO plugin v25.1 - https:\/\/yoast.com\/wordpress\/plugins\/seo\/ -->\n<title>Justi\u00e7a condena acusados de compra e venda de licen\u00e7as ambientais - CENED Cursos Online<\/title>\n<meta name=\"robots\" content=\"index, follow, max-snippet:-1, max-image-preview:large, max-video-preview:-1\" \/>\n<link rel=\"canonical\" href=\"https:\/\/cenedcursos.com.br\/meio-ambiente\/justica-condena-licencas-ambientais\/\" \/>\n<meta property=\"og:locale\" content=\"pt_BR\" \/>\n<meta property=\"og:type\" content=\"article\" \/>\n<meta property=\"og:title\" content=\"Justi\u00e7a condena acusados de compra e venda de licen\u00e7as ambientais - CENED Cursos Online\" \/>\n<meta property=\"og:description\" content=\"Justi\u00e7a condena 16 pessoas envolvidas em esquema para liberar constru\u00e7\u00e3o de empreendimentos em \u00e1rea de preserva\u00e7\u00e3o permanente, em Jurer\u00ea Internacional. Foto: Rosanetur\/Flickr. Na quarta-feira (21), o juiz Marcelo Kr\u00e1s Borges, da 6\u00aa Vara Federal Ambiental de Florian\u00f3polis, condenou 16 pessoas por corrup\u00e7\u00e3o num esquema que envolvia libera\u00e7\u00e3o de licen\u00e7as ambientais em \u00e1rea de preserva\u00e7\u00e3o permanente [&hellip;]\" \/>\n<meta property=\"og:url\" content=\"https:\/\/cenedcursos.com.br\/meio-ambiente\/justica-condena-licencas-ambientais\/\" \/>\n<meta property=\"og:site_name\" content=\"CENED Cursos Online\" \/>\n<meta property=\"article:published_time\" content=\"2017-06-23T13:23:31+00:00\" \/>\n<meta property=\"og:image\" content=\"https:\/\/cenedcursos.com.br\/meio-ambiente\/wp-content\/uploads\/2017\/06\/compra-e-venda-de-licencas-ambientais.jpg\" \/>\n\t<meta property=\"og:image:width\" content=\"1068\" \/>\n\t<meta property=\"og:image:height\" content=\"712\" \/>\n\t<meta property=\"og:image:type\" content=\"image\/jpeg\" \/>\n<meta name=\"author\" content=\"Amarildo R. Ferrari\" \/>\n<meta name=\"twitter:card\" content=\"summary_large_image\" \/>\n<meta name=\"twitter:label1\" content=\"Escrito por\" \/>\n\t<meta name=\"twitter:data1\" content=\"Amarildo R. Ferrari\" \/>\n\t<meta name=\"twitter:label2\" content=\"Est. tempo de leitura\" \/>\n\t<meta name=\"twitter:data2\" content=\"1 minuto\" \/>\n<script type=\"application\/ld+json\" class=\"yoast-schema-graph\">{\"@context\":\"https:\/\/schema.org\",\"@graph\":[{\"@type\":\"WebPage\",\"@id\":\"https:\/\/cenedcursos.com.br\/meio-ambiente\/justica-condena-licencas-ambientais\/\",\"url\":\"https:\/\/cenedcursos.com.br\/meio-ambiente\/justica-condena-licencas-ambientais\/\",\"name\":\"Justi\u00e7a condena acusados de compra e venda de licen\u00e7as ambientais - CENED Cursos Online\",\"isPartOf\":{\"@id\":\"https:\/\/cenedcursos.com.br\/meio-ambiente\/#website\"},\"primaryImageOfPage\":{\"@id\":\"https:\/\/cenedcursos.com.br\/meio-ambiente\/justica-condena-licencas-ambientais\/#primaryimage\"},\"image\":{\"@id\":\"https:\/\/cenedcursos.com.br\/meio-ambiente\/justica-condena-licencas-ambientais\/#primaryimage\"},\"thumbnailUrl\":\"https:\/\/i0.wp.com\/cenedcursos.com.br\/meio-ambiente\/wp-content\/uploads\/2017\/06\/compra-e-venda-de-licencas-ambientais.jpg?fit=1068%2C712&ssl=1\",\"datePublished\":\"2017-06-23T13:23:31+00:00\",\"author\":{\"@id\":\"https:\/\/cenedcursos.com.br\/meio-ambiente\/#\/schema\/person\/64377d24cdc16779a1eb6229894af388\"},\"breadcrumb\":{\"@id\":\"https:\/\/cenedcursos.com.br\/meio-ambiente\/justica-condena-licencas-ambientais\/#breadcrumb\"},\"inLanguage\":\"pt-BR\",\"potentialAction\":[{\"@type\":\"ReadAction\",\"target\":[\"https:\/\/cenedcursos.com.br\/meio-ambiente\/justica-condena-licencas-ambientais\/\"]}]},{\"@type\":\"ImageObject\",\"inLanguage\":\"pt-BR\",\"@id\":\"https:\/\/cenedcursos.com.br\/meio-ambiente\/justica-condena-licencas-ambientais\/#primaryimage\",\"url\":\"https:\/\/i0.wp.com\/cenedcursos.com.br\/meio-ambiente\/wp-content\/uploads\/2017\/06\/compra-e-venda-de-licencas-ambientais.jpg?fit=1068%2C712&ssl=1\",\"contentUrl\":\"https:\/\/i0.wp.com\/cenedcursos.com.br\/meio-ambiente\/wp-content\/uploads\/2017\/06\/compra-e-venda-de-licencas-ambientais.jpg?fit=1068%2C712&ssl=1\",\"width\":1068,\"height\":712,\"caption\":\"compra-e-venda-de-licen\u00e7as-ambientais\"},{\"@type\":\"BreadcrumbList\",\"@id\":\"https:\/\/cenedcursos.com.br\/meio-ambiente\/justica-condena-licencas-ambientais\/#breadcrumb\",\"itemListElement\":[{\"@type\":\"ListItem\",\"position\":1,\"name\":\"In\u00edcio\",\"item\":\"https:\/\/cenedcursos.com.br\/meio-ambiente\/\"},{\"@type\":\"ListItem\",\"position\":2,\"name\":\"Justi\u00e7a condena acusados de compra e venda de licen\u00e7as ambientais\"}]},{\"@type\":\"WebSite\",\"@id\":\"https:\/\/cenedcursos.com.br\/meio-ambiente\/#website\",\"url\":\"https:\/\/cenedcursos.com.br\/meio-ambiente\/\",\"name\":\"CENED Cursos Online\",\"description\":\"Aqui voc\u00ea encontra artigos em diversas \u00e1reas do conhecimento: meio ambiente, educa\u00e7\u00e3o, marketing digital, neg\u00f3cios online e muito mais.\",\"potentialAction\":[{\"@type\":\"SearchAction\",\"target\":{\"@type\":\"EntryPoint\",\"urlTemplate\":\"https:\/\/cenedcursos.com.br\/meio-ambiente\/?s={search_term_string}\"},\"query-input\":{\"@type\":\"PropertyValueSpecification\",\"valueRequired\":true,\"valueName\":\"search_term_string\"}}],\"inLanguage\":\"pt-BR\"},{\"@type\":\"Person\",\"@id\":\"https:\/\/cenedcursos.com.br\/meio-ambiente\/#\/schema\/person\/64377d24cdc16779a1eb6229894af388\",\"name\":\"Amarildo R. Ferrari\",\"image\":{\"@type\":\"ImageObject\",\"inLanguage\":\"pt-BR\",\"@id\":\"https:\/\/cenedcursos.com.br\/meio-ambiente\/#\/schema\/person\/image\/\",\"url\":\"https:\/\/secure.gravatar.com\/avatar\/6ea4248ca9f295c93f1b72f8398232f0fbbffe30349e6ec3839cfa5e09b0de3c?s=96&d=mm&r=g\",\"contentUrl\":\"https:\/\/secure.gravatar.com\/avatar\/6ea4248ca9f295c93f1b72f8398232f0fbbffe30349e6ec3839cfa5e09b0de3c?s=96&d=mm&r=g\",\"caption\":\"Amarildo R. Ferrari\"},\"sameAs\":[\"https:\/\/cenedcursos.com.br\/meio-ambiente\"],\"url\":\"https:\/\/cenedcursos.com.br\/meio-ambiente\/author\/admin\/\"}]}<\/script>\n<!-- \/ Yoast SEO plugin. -->","yoast_head_json":{"title":"Justi\u00e7a condena acusados de compra e venda de licen\u00e7as ambientais - CENED Cursos Online","robots":{"index":"index","follow":"follow","max-snippet":"max-snippet:-1","max-image-preview":"max-image-preview:large","max-video-preview":"max-video-preview:-1"},"canonical":"https:\/\/cenedcursos.com.br\/meio-ambiente\/justica-condena-licencas-ambientais\/","og_locale":"pt_BR","og_type":"article","og_title":"Justi\u00e7a condena acusados de compra e venda de licen\u00e7as ambientais - CENED Cursos Online","og_description":"Justi\u00e7a condena 16 pessoas envolvidas em esquema para liberar constru\u00e7\u00e3o de empreendimentos em \u00e1rea de preserva\u00e7\u00e3o permanente, em Jurer\u00ea Internacional. Foto: Rosanetur\/Flickr. Na quarta-feira (21), o juiz Marcelo Kr\u00e1s Borges, da 6\u00aa Vara Federal Ambiental de Florian\u00f3polis, condenou 16 pessoas por corrup\u00e7\u00e3o num esquema que envolvia libera\u00e7\u00e3o de licen\u00e7as ambientais em \u00e1rea de preserva\u00e7\u00e3o permanente [&hellip;]","og_url":"https:\/\/cenedcursos.com.br\/meio-ambiente\/justica-condena-licencas-ambientais\/","og_site_name":"CENED Cursos Online","article_published_time":"2017-06-23T13:23:31+00:00","og_image":[{"width":1068,"height":712,"url":"https:\/\/cenedcursos.com.br\/meio-ambiente\/wp-content\/uploads\/2017\/06\/compra-e-venda-de-licencas-ambientais.jpg","type":"image\/jpeg"}],"author":"Amarildo R. Ferrari","twitter_card":"summary_large_image","twitter_misc":{"Escrito por":"Amarildo R. Ferrari","Est. tempo de leitura":"1 minuto"},"schema":{"@context":"https:\/\/schema.org","@graph":[{"@type":"WebPage","@id":"https:\/\/cenedcursos.com.br\/meio-ambiente\/justica-condena-licencas-ambientais\/","url":"https:\/\/cenedcursos.com.br\/meio-ambiente\/justica-condena-licencas-ambientais\/","name":"Justi\u00e7a condena acusados de compra e venda de licen\u00e7as ambientais - CENED Cursos Online","isPartOf":{"@id":"https:\/\/cenedcursos.com.br\/meio-ambiente\/#website"},"primaryImageOfPage":{"@id":"https:\/\/cenedcursos.com.br\/meio-ambiente\/justica-condena-licencas-ambientais\/#primaryimage"},"image":{"@id":"https:\/\/cenedcursos.com.br\/meio-ambiente\/justica-condena-licencas-ambientais\/#primaryimage"},"thumbnailUrl":"https:\/\/i0.wp.com\/cenedcursos.com.br\/meio-ambiente\/wp-content\/uploads\/2017\/06\/compra-e-venda-de-licencas-ambientais.jpg?fit=1068%2C712&ssl=1","datePublished":"2017-06-23T13:23:31+00:00","author":{"@id":"https:\/\/cenedcursos.com.br\/meio-ambiente\/#\/schema\/person\/64377d24cdc16779a1eb6229894af388"},"breadcrumb":{"@id":"https:\/\/cenedcursos.com.br\/meio-ambiente\/justica-condena-licencas-ambientais\/#breadcrumb"},"inLanguage":"pt-BR","potentialAction":[{"@type":"ReadAction","target":["https:\/\/cenedcursos.com.br\/meio-ambiente\/justica-condena-licencas-ambientais\/"]}]},{"@type":"ImageObject","inLanguage":"pt-BR","@id":"https:\/\/cenedcursos.com.br\/meio-ambiente\/justica-condena-licencas-ambientais\/#primaryimage","url":"https:\/\/i0.wp.com\/cenedcursos.com.br\/meio-ambiente\/wp-content\/uploads\/2017\/06\/compra-e-venda-de-licencas-ambientais.jpg?fit=1068%2C712&ssl=1","contentUrl":"https:\/\/i0.wp.com\/cenedcursos.com.br\/meio-ambiente\/wp-content\/uploads\/2017\/06\/compra-e-venda-de-licencas-ambientais.jpg?fit=1068%2C712&ssl=1","width":1068,"height":712,"caption":"compra-e-venda-de-licen\u00e7as-ambientais"},{"@type":"BreadcrumbList","@id":"https:\/\/cenedcursos.com.br\/meio-ambiente\/justica-condena-licencas-ambientais\/#breadcrumb","itemListElement":[{"@type":"ListItem","position":1,"name":"In\u00edcio","item":"https:\/\/cenedcursos.com.br\/meio-ambiente\/"},{"@type":"ListItem","position":2,"name":"Justi\u00e7a condena acusados de compra e venda de licen\u00e7as ambientais"}]},{"@type":"WebSite","@id":"https:\/\/cenedcursos.com.br\/meio-ambiente\/#website","url":"https:\/\/cenedcursos.com.br\/meio-ambiente\/","name":"CENED Cursos Online","description":"Aqui voc\u00ea encontra artigos em diversas \u00e1reas do conhecimento: meio ambiente, educa\u00e7\u00e3o, marketing digital, neg\u00f3cios online e muito mais.","potentialAction":[{"@type":"SearchAction","target":{"@type":"EntryPoint","urlTemplate":"https:\/\/cenedcursos.com.br\/meio-ambiente\/?s={search_term_string}"},"query-input":{"@type":"PropertyValueSpecification","valueRequired":true,"valueName":"search_term_string"}}],"inLanguage":"pt-BR"},{"@type":"Person","@id":"https:\/\/cenedcursos.com.br\/meio-ambiente\/#\/schema\/person\/64377d24cdc16779a1eb6229894af388","name":"Amarildo R. Ferrari","image":{"@type":"ImageObject","inLanguage":"pt-BR","@id":"https:\/\/cenedcursos.com.br\/meio-ambiente\/#\/schema\/person\/image\/","url":"https:\/\/secure.gravatar.com\/avatar\/6ea4248ca9f295c93f1b72f8398232f0fbbffe30349e6ec3839cfa5e09b0de3c?s=96&d=mm&r=g","contentUrl":"https:\/\/secure.gravatar.com\/avatar\/6ea4248ca9f295c93f1b72f8398232f0fbbffe30349e6ec3839cfa5e09b0de3c?s=96&d=mm&r=g","caption":"Amarildo R. Ferrari"},"sameAs":["https:\/\/cenedcursos.com.br\/meio-ambiente"],"url":"https:\/\/cenedcursos.com.br\/meio-ambiente\/author\/admin\/"}]}},"jetpack_featured_media_url":"https:\/\/i0.wp.com\/cenedcursos.com.br\/meio-ambiente\/wp-content\/uploads\/2017\/06\/compra-e-venda-de-licencas-ambientais.jpg?fit=1068%2C712&ssl=1","jetpack_sharing_enabled":true,"_links":{"self":[{"href":"https:\/\/cenedcursos.com.br\/meio-ambiente\/wp-json\/wp\/v2\/posts\/9645","targetHints":{"allow":["GET"]}}],"collection":[{"href":"https:\/\/cenedcursos.com.br\/meio-ambiente\/wp-json\/wp\/v2\/posts"}],"about":[{"href":"https:\/\/cenedcursos.com.br\/meio-ambiente\/wp-json\/wp\/v2\/types\/post"}],"author":[{"embeddable":true,"href":"https:\/\/cenedcursos.com.br\/meio-ambiente\/wp-json\/wp\/v2\/users\/1"}],"replies":[{"embeddable":true,"href":"https:\/\/cenedcursos.com.br\/meio-ambiente\/wp-json\/wp\/v2\/comments?post=9645"}],"version-history":[{"count":0,"href":"https:\/\/cenedcursos.com.br\/meio-ambiente\/wp-json\/wp\/v2\/posts\/9645\/revisions"}],"wp:featuredmedia":[{"embeddable":true,"href":"https:\/\/cenedcursos.com.br\/meio-ambiente\/wp-json\/wp\/v2\/media\/9648"}],"wp:attachment":[{"href":"https:\/\/cenedcursos.com.br\/meio-ambiente\/wp-json\/wp\/v2\/media?parent=9645"}],"wp:term":[{"taxonomy":"category","embeddable":true,"href":"https:\/\/cenedcursos.com.br\/meio-ambiente\/wp-json\/wp\/v2\/categories?post=9645"},{"taxonomy":"post_tag","embeddable":true,"href":"https:\/\/cenedcursos.com.br\/meio-ambiente\/wp-json\/wp\/v2\/tags?post=9645"}],"curies":[{"name":"wp","href":"https:\/\/api.w.org\/{rel}","templated":true}]}}