{"id":9854,"date":"2017-07-19T10:55:51","date_gmt":"2017-07-19T13:55:51","guid":{"rendered":"https:\/\/www.cenedcursos.com.br\/meio-ambiente\/?p=9854"},"modified":"2017-07-19T10:55:51","modified_gmt":"2017-07-19T13:55:51","slug":"menino-cultiva-horta-ajudar-criancas-com-fome","status":"publish","type":"post","link":"https:\/\/cenedcursos.com.br\/meio-ambiente\/menino-cultiva-horta-ajudar-criancas-com-fome\/","title":{"rendered":"Desde os 6 anos, menino cultiva horta no quintal para ajudar crian\u00e7as com fome"},"content":{"rendered":"<div class=\"post-thumbnail\"><img data-recalc-dims=\"1\" loading=\"lazy\" decoding=\"async\" class=\"attachment-boombox_image768 size-boombox_image768 wp-post-image\" src=\"https:\/\/i0.wp.com\/www.cenedcursos.com.br\/meio-ambiente\/wp-content\/uploads\/2017\/07\/Desde-os-6-anos-menino-cultiva-horta-no-quintal-para-ajudar-crian%C3%A7as-com-fome.png?resize=696%2C365&#038;ssl=1\" sizes=\"auto, (max-width: 768px) 100vw, 768px\" srcset=\"https:\/\/www.cenedcursos.com.br\/meio-ambiente\/wp-content\/uploads\/2017\/07\/Desde-os-6-anos-menino-cultiva-horta-no-quintal-para-ajudar-crian\u00e7as-com-fome.png 768w, http:\/\/razoesparaacreditar.com\/wp-content\/uploads\/2015\/07\/Untitled-design-1-300x158.png 300w, http:\/\/razoesparaacreditar.com\/wp-content\/uploads\/2015\/07\/Untitled-design-1-1024x538.png 1024w, http:\/\/razoesparaacreditar.com\/wp-content\/uploads\/2015\/07\/Untitled-design-1-545x286.png 545w, http:\/\/razoesparaacreditar.com\/wp-content\/uploads\/2015\/07\/Untitled-design-1.png 1200w\" alt=\"horta no quintal\" width=\"696\" height=\"365\" \/><\/div>\n<p style=\"text-align: justify;\">Desde os\u00a0seis anos,<strong>\u00a0Oliver Cillis<\/strong>\u00a0cultiva uma horta no quintal da sua casa para ajudar crian\u00e7as carentes desde 2011.<\/p>\n<div class=\"entry-content\">\n<p style=\"text-align: justify;\">Ap\u00f3s uma viagem de f\u00e9rias com a sua fam\u00edlia, em que Oliver viu\u00a0um grupo de crian\u00e7as revirando uma lixeira, ele ficou\u00a0inconformado demais para n\u00e3o fazer nada.<\/p>\n<p style=\"text-align: justify;\">Foi quando teve essa simples, mas grandiosa ideia.\u00a0\u201cPor que n\u00e3o vendemos\u00a0os\u00a0alimentos que produzimos em casa para ajudar essas crian\u00e7as?\u201d, indagou aos pais\u00a0e assim criou\u00a0o <a href=\"http:\/\/www.oliversgardenproject.com\" target=\"_blank\" rel=\"noopener noreferrer\">Oliver\u2019s Garden Project<\/a>.<\/p>\n<p style=\"text-align: justify;\">H\u00e1 6 anos, todos os alimentos produzidos\u00a0nesse lar amoroso em\u00a0Halmiton, no Canad\u00e1,\u00a0s\u00e3o\u00a0vendidos e toda a verba arrecadada \u00e9 destinada a institui\u00e7\u00f5es que ajudam crian\u00e7as necessitadas.<\/p>\n<p style=\"text-align: justify;\">Confira mais desse projeto lindo:<\/p>\n<p><iframe loading=\"lazy\" src=\"https:\/\/www.youtube.com\/embed\/aozUlExGONU?rel=0\" width=\"700\" height=\"394\" frameborder=\"0\" allowfullscreen=\"allowfullscreen\"><\/iframe><br \/>\n<!-- WP QUADS Content Ad Plugin v. 1.5.5 --><br \/>\n<em>Fonte: <a href=\"http:\/\/www.thegreenestpost.com\/menino-de-6-anos-cultiva-horta-no-quintal-para-ajudar-criancas-com-fome\/\" target=\"_blank\" rel=\"noopener noreferrer\">The Greenest Post<\/a>\u00a0\u2013 Fotos: Divulga\u00e7\u00e3o<\/em><br \/>\n<a href=\"http:\/\/bit.ly\/2nYHo6M\"><img data-recalc-dims=\"1\" loading=\"lazy\" decoding=\"async\" class=\"alignnone size-full wp-image-74923\" src=\"https:\/\/i0.wp.com\/www.cenedcursos.com.br\/meio-ambiente\/wp-content\/uploads\/2017\/07\/1499952483_346_Usando-8-mil-garrafas-PET-alunos-constroem-arquibancada-em-escola-p%C3%BAblica-do-Tocantins.png?resize=696%2C137&#038;ssl=1\" sizes=\"auto, (max-width: 760px) 100vw, 760px\" srcset=\"https:\/\/www.cenedcursos.com.br\/meio-ambiente\/wp-content\/uploads\/2017\/07\/1499952483_346_Usando-8-mil-garrafas-PET-alunos-constroem-arquibancada-em-escola-p\u00fablica-do-Tocantins.png 760w, http:\/\/razoesparaacreditar.com\/wp-content\/uploads\/2017\/04\/banner_reserva-300x59.png 300w, http:\/\/razoesparaacreditar.com\/wp-content\/uploads\/2017\/04\/banner_reserva-545x108.png 545w\" alt=\"barra reserva\" width=\"696\" height=\"137\" \/><\/a>\n<\/div>\n<p><a href=\"http:\/\/razoesparaacreditar.com\/sustentabilidade\/menino-horta-no-quintal-criancas\/\">Fonte: razoesparaacreditar.com<\/a><\/p>\n","protected":false},"excerpt":{"rendered":"<p>Desde os\u00a0seis anos,\u00a0Oliver Cillis\u00a0cultiva uma horta no quintal da sua casa para ajudar crian\u00e7as carentes desde 2011. Ap\u00f3s uma viagem de f\u00e9rias com a sua fam\u00edlia, em que Oliver viu\u00a0um grupo de crian\u00e7as revirando uma lixeira, ele ficou\u00a0inconformado demais para n\u00e3o fazer nada. Foi quando teve essa simples, mas grandiosa ideia.\u00a0\u201cPor que n\u00e3o vendemos\u00a0os\u00a0alimentos que [&hellip;]<\/p>\n","protected":false},"author":1,"featured_media":9855,"comment_status":"open","ping_status":"open","sticky":false,"template":"","format":"standard","meta":{"_jetpack_memberships_contains_paid_content":false,"footnotes":""},"categories":[491],"tags":[],"class_list":{"0":"post-9854","1":"post","2":"type-post","3":"status-publish","4":"format-standard","5":"has-post-thumbnail","7":"category-educacao-ambiental-textos"},"yoast_head":"<!-- This site is optimized with the Yoast SEO plugin v25.1 - https:\/\/yoast.com\/wordpress\/plugins\/seo\/ -->\n<title>Desde os 6 anos, menino cultiva horta no quintal para ajudar crian\u00e7as com fome - CENED Cursos Online<\/title>\n<meta name=\"robots\" content=\"index, follow, max-snippet:-1, max-image-preview:large, max-video-preview:-1\" \/>\n<link rel=\"canonical\" href=\"https:\/\/cenedcursos.com.br\/meio-ambiente\/menino-cultiva-horta-ajudar-criancas-com-fome\/\" \/>\n<meta property=\"og:locale\" content=\"pt_BR\" \/>\n<meta property=\"og:type\" content=\"article\" \/>\n<meta property=\"og:title\" content=\"Desde os 6 anos, menino cultiva horta no quintal para ajudar crian\u00e7as com fome - CENED Cursos Online\" \/>\n<meta property=\"og:description\" content=\"Desde os\u00a0seis anos,\u00a0Oliver Cillis\u00a0cultiva uma horta no quintal da sua casa para ajudar crian\u00e7as carentes desde 2011. Ap\u00f3s uma viagem de f\u00e9rias com a sua fam\u00edlia, em que Oliver viu\u00a0um grupo de crian\u00e7as revirando uma lixeira, ele ficou\u00a0inconformado demais para n\u00e3o fazer nada. Foi quando teve essa simples, mas grandiosa ideia.\u00a0\u201cPor que n\u00e3o vendemos\u00a0os\u00a0alimentos que [&hellip;]\" \/>\n<meta property=\"og:url\" content=\"https:\/\/cenedcursos.com.br\/meio-ambiente\/menino-cultiva-horta-ajudar-criancas-com-fome\/\" \/>\n<meta property=\"og:site_name\" content=\"CENED Cursos Online\" \/>\n<meta property=\"article:published_time\" content=\"2017-07-19T13:55:51+00:00\" \/>\n<meta property=\"og:image\" content=\"https:\/\/cenedcursos.com.br\/meio-ambiente\/wp-content\/uploads\/2017\/07\/Desde-os-6-anos-menino-cultiva-horta-no-quintal-para-ajudar-criancas-com-fome.png\" \/>\n\t<meta property=\"og:image:width\" content=\"768\" \/>\n\t<meta property=\"og:image:height\" content=\"403\" \/>\n\t<meta property=\"og:image:type\" content=\"image\/png\" \/>\n<meta name=\"author\" content=\"Amarildo R. Ferrari\" \/>\n<meta name=\"twitter:card\" content=\"summary_large_image\" \/>\n<meta name=\"twitter:label1\" content=\"Escrito por\" \/>\n\t<meta name=\"twitter:data1\" content=\"Amarildo R. Ferrari\" \/>\n\t<meta name=\"twitter:label2\" content=\"Est. tempo de leitura\" \/>\n\t<meta name=\"twitter:data2\" content=\"1 minuto\" \/>\n<script type=\"application\/ld+json\" class=\"yoast-schema-graph\">{\"@context\":\"https:\/\/schema.org\",\"@graph\":[{\"@type\":\"WebPage\",\"@id\":\"https:\/\/cenedcursos.com.br\/meio-ambiente\/menino-cultiva-horta-ajudar-criancas-com-fome\/\",\"url\":\"https:\/\/cenedcursos.com.br\/meio-ambiente\/menino-cultiva-horta-ajudar-criancas-com-fome\/\",\"name\":\"Desde os 6 anos, menino cultiva horta no quintal para ajudar crian\u00e7as com fome - CENED Cursos Online\",\"isPartOf\":{\"@id\":\"https:\/\/cenedcursos.com.br\/meio-ambiente\/#website\"},\"primaryImageOfPage\":{\"@id\":\"https:\/\/cenedcursos.com.br\/meio-ambiente\/menino-cultiva-horta-ajudar-criancas-com-fome\/#primaryimage\"},\"image\":{\"@id\":\"https:\/\/cenedcursos.com.br\/meio-ambiente\/menino-cultiva-horta-ajudar-criancas-com-fome\/#primaryimage\"},\"thumbnailUrl\":\"https:\/\/i0.wp.com\/cenedcursos.com.br\/meio-ambiente\/wp-content\/uploads\/2017\/07\/Desde-os-6-anos-menino-cultiva-horta-no-quintal-para-ajudar-criancas-com-fome.png?fit=768%2C403&ssl=1\",\"datePublished\":\"2017-07-19T13:55:51+00:00\",\"author\":{\"@id\":\"https:\/\/cenedcursos.com.br\/meio-ambiente\/#\/schema\/person\/64377d24cdc16779a1eb6229894af388\"},\"breadcrumb\":{\"@id\":\"https:\/\/cenedcursos.com.br\/meio-ambiente\/menino-cultiva-horta-ajudar-criancas-com-fome\/#breadcrumb\"},\"inLanguage\":\"pt-BR\",\"potentialAction\":[{\"@type\":\"ReadAction\",\"target\":[\"https:\/\/cenedcursos.com.br\/meio-ambiente\/menino-cultiva-horta-ajudar-criancas-com-fome\/\"]}]},{\"@type\":\"ImageObject\",\"inLanguage\":\"pt-BR\",\"@id\":\"https:\/\/cenedcursos.com.br\/meio-ambiente\/menino-cultiva-horta-ajudar-criancas-com-fome\/#primaryimage\",\"url\":\"https:\/\/i0.wp.com\/cenedcursos.com.br\/meio-ambiente\/wp-content\/uploads\/2017\/07\/Desde-os-6-anos-menino-cultiva-horta-no-quintal-para-ajudar-criancas-com-fome.png?fit=768%2C403&ssl=1\",\"contentUrl\":\"https:\/\/i0.wp.com\/cenedcursos.com.br\/meio-ambiente\/wp-content\/uploads\/2017\/07\/Desde-os-6-anos-menino-cultiva-horta-no-quintal-para-ajudar-criancas-com-fome.png?fit=768%2C403&ssl=1\",\"width\":768,\"height\":403},{\"@type\":\"BreadcrumbList\",\"@id\":\"https:\/\/cenedcursos.com.br\/meio-ambiente\/menino-cultiva-horta-ajudar-criancas-com-fome\/#breadcrumb\",\"itemListElement\":[{\"@type\":\"ListItem\",\"position\":1,\"name\":\"In\u00edcio\",\"item\":\"https:\/\/cenedcursos.com.br\/meio-ambiente\/\"},{\"@type\":\"ListItem\",\"position\":2,\"name\":\"Desde os 6 anos, menino cultiva horta no quintal para ajudar crian\u00e7as com fome\"}]},{\"@type\":\"WebSite\",\"@id\":\"https:\/\/cenedcursos.com.br\/meio-ambiente\/#website\",\"url\":\"https:\/\/cenedcursos.com.br\/meio-ambiente\/\",\"name\":\"CENED Cursos Online\",\"description\":\"Aqui voc\u00ea encontra artigos em diversas \u00e1reas do conhecimento: meio ambiente, educa\u00e7\u00e3o, marketing digital, neg\u00f3cios online e muito mais.\",\"potentialAction\":[{\"@type\":\"SearchAction\",\"target\":{\"@type\":\"EntryPoint\",\"urlTemplate\":\"https:\/\/cenedcursos.com.br\/meio-ambiente\/?s={search_term_string}\"},\"query-input\":{\"@type\":\"PropertyValueSpecification\",\"valueRequired\":true,\"valueName\":\"search_term_string\"}}],\"inLanguage\":\"pt-BR\"},{\"@type\":\"Person\",\"@id\":\"https:\/\/cenedcursos.com.br\/meio-ambiente\/#\/schema\/person\/64377d24cdc16779a1eb6229894af388\",\"name\":\"Amarildo R. Ferrari\",\"image\":{\"@type\":\"ImageObject\",\"inLanguage\":\"pt-BR\",\"@id\":\"https:\/\/cenedcursos.com.br\/meio-ambiente\/#\/schema\/person\/image\/\",\"url\":\"https:\/\/secure.gravatar.com\/avatar\/6ea4248ca9f295c93f1b72f8398232f0fbbffe30349e6ec3839cfa5e09b0de3c?s=96&d=mm&r=g\",\"contentUrl\":\"https:\/\/secure.gravatar.com\/avatar\/6ea4248ca9f295c93f1b72f8398232f0fbbffe30349e6ec3839cfa5e09b0de3c?s=96&d=mm&r=g\",\"caption\":\"Amarildo R. Ferrari\"},\"sameAs\":[\"https:\/\/cenedcursos.com.br\/meio-ambiente\"],\"url\":\"https:\/\/cenedcursos.com.br\/meio-ambiente\/author\/admin\/\"}]}<\/script>\n<!-- \/ Yoast SEO plugin. -->","yoast_head_json":{"title":"Desde os 6 anos, menino cultiva horta no quintal para ajudar crian\u00e7as com fome - CENED Cursos Online","robots":{"index":"index","follow":"follow","max-snippet":"max-snippet:-1","max-image-preview":"max-image-preview:large","max-video-preview":"max-video-preview:-1"},"canonical":"https:\/\/cenedcursos.com.br\/meio-ambiente\/menino-cultiva-horta-ajudar-criancas-com-fome\/","og_locale":"pt_BR","og_type":"article","og_title":"Desde os 6 anos, menino cultiva horta no quintal para ajudar crian\u00e7as com fome - CENED Cursos Online","og_description":"Desde os\u00a0seis anos,\u00a0Oliver Cillis\u00a0cultiva uma horta no quintal da sua casa para ajudar crian\u00e7as carentes desde 2011. Ap\u00f3s uma viagem de f\u00e9rias com a sua fam\u00edlia, em que Oliver viu\u00a0um grupo de crian\u00e7as revirando uma lixeira, ele ficou\u00a0inconformado demais para n\u00e3o fazer nada. Foi quando teve essa simples, mas grandiosa ideia.\u00a0\u201cPor que n\u00e3o vendemos\u00a0os\u00a0alimentos que [&hellip;]","og_url":"https:\/\/cenedcursos.com.br\/meio-ambiente\/menino-cultiva-horta-ajudar-criancas-com-fome\/","og_site_name":"CENED Cursos Online","article_published_time":"2017-07-19T13:55:51+00:00","og_image":[{"width":768,"height":403,"url":"https:\/\/cenedcursos.com.br\/meio-ambiente\/wp-content\/uploads\/2017\/07\/Desde-os-6-anos-menino-cultiva-horta-no-quintal-para-ajudar-criancas-com-fome.png","type":"image\/png"}],"author":"Amarildo R. Ferrari","twitter_card":"summary_large_image","twitter_misc":{"Escrito por":"Amarildo R. Ferrari","Est. tempo de leitura":"1 minuto"},"schema":{"@context":"https:\/\/schema.org","@graph":[{"@type":"WebPage","@id":"https:\/\/cenedcursos.com.br\/meio-ambiente\/menino-cultiva-horta-ajudar-criancas-com-fome\/","url":"https:\/\/cenedcursos.com.br\/meio-ambiente\/menino-cultiva-horta-ajudar-criancas-com-fome\/","name":"Desde os 6 anos, menino cultiva horta no quintal para ajudar crian\u00e7as com fome - CENED Cursos Online","isPartOf":{"@id":"https:\/\/cenedcursos.com.br\/meio-ambiente\/#website"},"primaryImageOfPage":{"@id":"https:\/\/cenedcursos.com.br\/meio-ambiente\/menino-cultiva-horta-ajudar-criancas-com-fome\/#primaryimage"},"image":{"@id":"https:\/\/cenedcursos.com.br\/meio-ambiente\/menino-cultiva-horta-ajudar-criancas-com-fome\/#primaryimage"},"thumbnailUrl":"https:\/\/i0.wp.com\/cenedcursos.com.br\/meio-ambiente\/wp-content\/uploads\/2017\/07\/Desde-os-6-anos-menino-cultiva-horta-no-quintal-para-ajudar-criancas-com-fome.png?fit=768%2C403&ssl=1","datePublished":"2017-07-19T13:55:51+00:00","author":{"@id":"https:\/\/cenedcursos.com.br\/meio-ambiente\/#\/schema\/person\/64377d24cdc16779a1eb6229894af388"},"breadcrumb":{"@id":"https:\/\/cenedcursos.com.br\/meio-ambiente\/menino-cultiva-horta-ajudar-criancas-com-fome\/#breadcrumb"},"inLanguage":"pt-BR","potentialAction":[{"@type":"ReadAction","target":["https:\/\/cenedcursos.com.br\/meio-ambiente\/menino-cultiva-horta-ajudar-criancas-com-fome\/"]}]},{"@type":"ImageObject","inLanguage":"pt-BR","@id":"https:\/\/cenedcursos.com.br\/meio-ambiente\/menino-cultiva-horta-ajudar-criancas-com-fome\/#primaryimage","url":"https:\/\/i0.wp.com\/cenedcursos.com.br\/meio-ambiente\/wp-content\/uploads\/2017\/07\/Desde-os-6-anos-menino-cultiva-horta-no-quintal-para-ajudar-criancas-com-fome.png?fit=768%2C403&ssl=1","contentUrl":"https:\/\/i0.wp.com\/cenedcursos.com.br\/meio-ambiente\/wp-content\/uploads\/2017\/07\/Desde-os-6-anos-menino-cultiva-horta-no-quintal-para-ajudar-criancas-com-fome.png?fit=768%2C403&ssl=1","width":768,"height":403},{"@type":"BreadcrumbList","@id":"https:\/\/cenedcursos.com.br\/meio-ambiente\/menino-cultiva-horta-ajudar-criancas-com-fome\/#breadcrumb","itemListElement":[{"@type":"ListItem","position":1,"name":"In\u00edcio","item":"https:\/\/cenedcursos.com.br\/meio-ambiente\/"},{"@type":"ListItem","position":2,"name":"Desde os 6 anos, menino cultiva horta no quintal para ajudar crian\u00e7as com fome"}]},{"@type":"WebSite","@id":"https:\/\/cenedcursos.com.br\/meio-ambiente\/#website","url":"https:\/\/cenedcursos.com.br\/meio-ambiente\/","name":"CENED Cursos Online","description":"Aqui voc\u00ea encontra artigos em diversas \u00e1reas do conhecimento: meio ambiente, educa\u00e7\u00e3o, marketing digital, neg\u00f3cios online e muito mais.","potentialAction":[{"@type":"SearchAction","target":{"@type":"EntryPoint","urlTemplate":"https:\/\/cenedcursos.com.br\/meio-ambiente\/?s={search_term_string}"},"query-input":{"@type":"PropertyValueSpecification","valueRequired":true,"valueName":"search_term_string"}}],"inLanguage":"pt-BR"},{"@type":"Person","@id":"https:\/\/cenedcursos.com.br\/meio-ambiente\/#\/schema\/person\/64377d24cdc16779a1eb6229894af388","name":"Amarildo R. Ferrari","image":{"@type":"ImageObject","inLanguage":"pt-BR","@id":"https:\/\/cenedcursos.com.br\/meio-ambiente\/#\/schema\/person\/image\/","url":"https:\/\/secure.gravatar.com\/avatar\/6ea4248ca9f295c93f1b72f8398232f0fbbffe30349e6ec3839cfa5e09b0de3c?s=96&d=mm&r=g","contentUrl":"https:\/\/secure.gravatar.com\/avatar\/6ea4248ca9f295c93f1b72f8398232f0fbbffe30349e6ec3839cfa5e09b0de3c?s=96&d=mm&r=g","caption":"Amarildo R. Ferrari"},"sameAs":["https:\/\/cenedcursos.com.br\/meio-ambiente"],"url":"https:\/\/cenedcursos.com.br\/meio-ambiente\/author\/admin\/"}]}},"jetpack_featured_media_url":"https:\/\/i0.wp.com\/cenedcursos.com.br\/meio-ambiente\/wp-content\/uploads\/2017\/07\/Desde-os-6-anos-menino-cultiva-horta-no-quintal-para-ajudar-criancas-com-fome.png?fit=768%2C403&ssl=1","jetpack_sharing_enabled":true,"_links":{"self":[{"href":"https:\/\/cenedcursos.com.br\/meio-ambiente\/wp-json\/wp\/v2\/posts\/9854","targetHints":{"allow":["GET"]}}],"collection":[{"href":"https:\/\/cenedcursos.com.br\/meio-ambiente\/wp-json\/wp\/v2\/posts"}],"about":[{"href":"https:\/\/cenedcursos.com.br\/meio-ambiente\/wp-json\/wp\/v2\/types\/post"}],"author":[{"embeddable":true,"href":"https:\/\/cenedcursos.com.br\/meio-ambiente\/wp-json\/wp\/v2\/users\/1"}],"replies":[{"embeddable":true,"href":"https:\/\/cenedcursos.com.br\/meio-ambiente\/wp-json\/wp\/v2\/comments?post=9854"}],"version-history":[{"count":0,"href":"https:\/\/cenedcursos.com.br\/meio-ambiente\/wp-json\/wp\/v2\/posts\/9854\/revisions"}],"wp:featuredmedia":[{"embeddable":true,"href":"https:\/\/cenedcursos.com.br\/meio-ambiente\/wp-json\/wp\/v2\/media\/9855"}],"wp:attachment":[{"href":"https:\/\/cenedcursos.com.br\/meio-ambiente\/wp-json\/wp\/v2\/media?parent=9854"}],"wp:term":[{"taxonomy":"category","embeddable":true,"href":"https:\/\/cenedcursos.com.br\/meio-ambiente\/wp-json\/wp\/v2\/categories?post=9854"},{"taxonomy":"post_tag","embeddable":true,"href":"https:\/\/cenedcursos.com.br\/meio-ambiente\/wp-json\/wp\/v2\/tags?post=9854"}],"curies":[{"name":"wp","href":"https:\/\/api.w.org\/{rel}","templated":true}]}}